{"id":20405,"date":"2023-06-26T16:07:17","date_gmt":"2023-06-26T14:07:17","guid":{"rendered":"https:\/\/www.interflora.fr\/blog\/?p=20405"},"modified":"2023-06-26T16:07:17","modified_gmt":"2023-06-26T14:07:17","slug":"pachira","status":"publish","type":"post","link":"https:\/\/www.interflora.fr\/blog\/pachira\/","title":{"rendered":"Tout savoir sur le pachira et son entretien"},"content":{"rendered":"\n<p>Le <strong>pachira<\/strong> est une <strong>plante verte<\/strong> que l\u2019on conna\u00eet \u00e9galement sous le joli nom <strong>ch\u00e2taignier de Guyane<\/strong>. Sous nos latitudes, le <strong>pachira aquatica <\/strong>est une plante d\u2019int\u00e9rieur dont le feuillage est tout aussi atypique et esth\u00e9tique que le tronc. Ses larges feuilles poss\u00e8dent un design particuli\u00e8rement d\u00e9coratif et le tronc est le plus souvent tress\u00e9. Ce <strong>petit arbuste<\/strong> n\u2019est pas sans rappeler la silhouette d\u2019un bonsa\u00ef, \u00e0 la diff\u00e9rence qu\u2019il est beaucoup moins exigeant en mati\u00e8re de soins&nbsp;!&nbsp;<\/p>\n\n\n<div class=\"lp-produits-grid\"><div class=\"lp-produit\"><div class=\"lp-thumbnail-wrapper\"><img loading=\"lazy\" decoding=\"async\" width=\"300\" height=\"300\" src=\"https:\/\/www.interflora.fr\/blog\/wp-content\/uploads\/2026\/01\/1BIU-800Wx800H-0-1-300x300.jpg\" class=\"attachment-medium size-medium wp-post-image\" alt=\"\" srcset=\"https:\/\/www.interflora.fr\/blog\/wp-content\/uploads\/2026\/01\/1BIU-800Wx800H-0-1-300x300.jpg 300w, https:\/\/www.interflora.fr\/blog\/wp-content\/uploads\/2026\/01\/1BIU-800Wx800H-0-1-150x150.jpg 150w, https:\/\/www.interflora.fr\/blog\/wp-content\/uploads\/2026\/01\/1BIU-800Wx800H-0-1-768x768.jpg 768w, https:\/\/www.interflora.fr\/blog\/wp-content\/uploads\/2026\/01\/1BIU-800Wx800H-0-1.jpg 800w\" sizes=\"auto, (max-width: 300px) 100vw, 300px\" \/><img decoding=\"async\" class=\"lp-badge\" src=\"https:\/\/www.interflora.fr\/blog\/wp-content\/uploads\/2025\/06\/logo-circle.png\" alt=\"Livraison rapide Interflora\"><\/div><span>Bisous et sa bulle d&rsquo;eau<\/span><p>41.95 \u20ac<\/p><span class=\"obf-link lp-cta\" role=\"link\" tabindex=\"0\" data-b64=\"aHR0cHM6Ly93d3cuaW50ZXJmbG9yYS5mci9wL3NhaW50LXZhbGVudGluLWplLXQtYWltZS1idWxsZS1lYXUvMS9GUj91dG1fbWVkaXVtPW9yZ2FuaWMmdXRtX3NvdXJjZT1ibG9nX3Byb2R1Y3RzJnV0bV9jYW1wYWlnbj0xQklV\" data-target=\"_blank\"><svg xmlns=\"http:\/\/www.w3.org\/2000\/svg\" width=\"16\" height=\"16\" fill=\"currentColor\" class=\"bi bi-bag\" viewBox=\"0 0 16 16\"><path d=\"M8 1a2 2 0 0 1 2 2v1h2.5A1.5 1.5 0 0 1 14 5.5v8A1.5 1.5 0 0 1 12.5 15h-9A1.5 1.5 0 0 1 2 13.5v-8A1.5 1.5 0 0 1 3.5 3H6V2a2 2 0 0 1 2-1zm1 3V3a1 1 0 0 0-2 0v1h2z\"\/><\/svg>Voir le produit<\/span><p class=\"rapido\">Fleurs fra\u00eeches<\/p><\/div><div class=\"lp-produit\"><div class=\"lp-thumbnail-wrapper\"><img loading=\"lazy\" decoding=\"async\" width=\"300\" height=\"300\" src=\"https:\/\/www.interflora.fr\/blog\/wp-content\/uploads\/2025\/09\/1PEPLCMA-800Wx800H-0-1-25-300x300.jpg\" class=\"attachment-medium size-medium wp-post-image\" alt=\"\" srcset=\"https:\/\/www.interflora.fr\/blog\/wp-content\/uploads\/2025\/09\/1PEPLCMA-800Wx800H-0-1-25-300x300.jpg 300w, https:\/\/www.interflora.fr\/blog\/wp-content\/uploads\/2025\/09\/1PEPLCMA-800Wx800H-0-1-25-150x150.jpg 150w, https:\/\/www.interflora.fr\/blog\/wp-content\/uploads\/2025\/09\/1PEPLCMA-800Wx800H-0-1-25-768x768.jpg 768w, https:\/\/www.interflora.fr\/blog\/wp-content\/uploads\/2025\/09\/1PEPLCMA-800Wx800H-0-1-25.jpg 800w\" sizes=\"auto, (max-width: 300px) 100vw, 300px\" \/><img decoding=\"async\" class=\"lp-badge\" src=\"https:\/\/www.interflora.fr\/blog\/wp-content\/uploads\/2025\/06\/logo-circle.png\" alt=\"Livraison rapide Interflora\"><\/div><span>Coffret cadeau<\/span><p>57.95 \u20ac<\/p><span class=\"obf-link lp-cta\" role=\"link\" tabindex=\"0\" data-b64=\"aHR0cHM6Ly93d3cuaW50ZXJmbG9yYS5mci9wL3BldGl0LXBsYWlzaXItY2FydGUtbWVzc2FnZS1jaG9jb2xhdC8xL0ZSP3V0bV9tZWRpdW09b3JnYW5pYyZ1dG1fc291cmNlPWJsb2dfcHJvZHVjdHMmdXRtX2NhbXBhaWduPTFQRVBMQ01B\" data-target=\"_blank\"><svg xmlns=\"http:\/\/www.w3.org\/2000\/svg\" width=\"16\" height=\"16\" fill=\"currentColor\" class=\"bi bi-bag\" viewBox=\"0 0 16 16\"><path d=\"M8 1a2 2 0 0 1 2 2v1h2.5A1.5 1.5 0 0 1 14 5.5v8A1.5 1.5 0 0 1 12.5 15h-9A1.5 1.5 0 0 1 2 13.5v-8A1.5 1.5 0 0 1 3.5 3H6V2a2 2 0 0 1 2-1zm1 3V3a1 1 0 0 0-2 0v1h2z\"\/><\/svg>Voir le produit<\/span><p class=\"rapido\">Livraison rapide<\/p><\/div><div class=\"lp-produit\"><div class=\"lp-thumbnail-wrapper\"><img loading=\"lazy\" decoding=\"async\" width=\"300\" height=\"300\" src=\"https:\/\/www.interflora.fr\/blog\/wp-content\/uploads\/2025\/05\/B2BDP-800Wx800H-0-1-300x300.jpg\" class=\"attachment-medium size-medium wp-post-image\" alt=\"\" srcset=\"https:\/\/www.interflora.fr\/blog\/wp-content\/uploads\/2025\/05\/B2BDP-800Wx800H-0-1-300x300.jpg 300w, https:\/\/www.interflora.fr\/blog\/wp-content\/uploads\/2025\/05\/B2BDP-800Wx800H-0-1-150x150.jpg 150w, https:\/\/www.interflora.fr\/blog\/wp-content\/uploads\/2025\/05\/B2BDP-800Wx800H-0-1-768x768.jpg 768w, https:\/\/www.interflora.fr\/blog\/wp-content\/uploads\/2025\/05\/B2BDP-800Wx800H-0-1.jpg 800w\" sizes=\"auto, (max-width: 300px) 100vw, 300px\" \/><img decoding=\"async\" class=\"lp-badge\" src=\"https:\/\/www.interflora.fr\/blog\/wp-content\/uploads\/2025\/06\/logo-circle.png\" alt=\"Livraison rapide Interflora\"><\/div><span>Brass\u00e9e de pivoines vari\u00e9es<\/span><p>39.95 \u20ac<\/p><span class=\"obf-link lp-cta\" role=\"link\" tabindex=\"0\" data-b64=\"aHR0cHM6Ly93d3cuaW50ZXJmbG9yYS5mci9wL2JyYXNzZWUtcGl2b2luZXMvMS9GUj91dG1fbWVkaXVtPW9yZ2FuaWMmdXRtX3NvdXJjZT1ibG9nX3Byb2R1Y3RzJnV0bV9jYW1wYWlnbj1CMkJEUA==\" data-target=\"_blank\"><svg xmlns=\"http:\/\/www.w3.org\/2000\/svg\" width=\"16\" height=\"16\" fill=\"currentColor\" class=\"bi bi-bag\" viewBox=\"0 0 16 16\"><path d=\"M8 1a2 2 0 0 1 2 2v1h2.5A1.5 1.5 0 0 1 14 5.5v8A1.5 1.5 0 0 1 12.5 15h-9A1.5 1.5 0 0 1 2 13.5v-8A1.5 1.5 0 0 1 3.5 3H6V2a2 2 0 0 1 2-1zm1 3V3a1 1 0 0 0-2 0v1h2z\"\/><\/svg>Voir le produit<\/span><p class=\"rapido\">Livraison rapide<\/p><\/div><div class=\"lp-produit\"><div class=\"lp-thumbnail-wrapper\"><img loading=\"lazy\" decoding=\"async\" width=\"300\" height=\"300\" src=\"https:\/\/www.interflora.fr\/blog\/wp-content\/uploads\/2026\/04\/3RER-800Wx800H-0-1-300x300.jpg\" class=\"attachment-medium size-medium wp-post-image\" alt=\"\" srcset=\"https:\/\/www.interflora.fr\/blog\/wp-content\/uploads\/2026\/04\/3RER-800Wx800H-0-1-300x300.jpg 300w, https:\/\/www.interflora.fr\/blog\/wp-content\/uploads\/2026\/04\/3RER-800Wx800H-0-1-150x150.jpg 150w, https:\/\/www.interflora.fr\/blog\/wp-content\/uploads\/2026\/04\/3RER-800Wx800H-0-1-768x768.jpg 768w, https:\/\/www.interflora.fr\/blog\/wp-content\/uploads\/2026\/04\/3RER-800Wx800H-0-1.jpg 800w\" sizes=\"auto, (max-width: 300px) 100vw, 300px\" \/><img decoding=\"async\" class=\"lp-badge\" src=\"https:\/\/www.interflora.fr\/blog\/wp-content\/uploads\/2025\/06\/logo-circle.png\" alt=\"Livraison rapide Interflora\"><\/div><span>Composition rose \u00e9ternelle rouge<\/span><p>36.95 \u20ac<\/p><span class=\"obf-link lp-cta\" role=\"link\" tabindex=\"0\" data-b64=\"aHR0cHM6Ly93d3cuaW50ZXJmbG9yYS5mci9wL2NvbXBvc2l0aW9uLXJvc2UtZXRlcm5lbGxlLXJvdWdlLzAvRlI\/dXRtX21lZGl1bT1vcmdhbmljJnV0bV9zb3VyY2U9YmxvZ19wcm9kdWN0cyZ1dG1fY2FtcGFpZ249M1JFUg==\" data-target=\"_blank\"><svg xmlns=\"http:\/\/www.w3.org\/2000\/svg\" width=\"16\" height=\"16\" fill=\"currentColor\" class=\"bi bi-bag\" viewBox=\"0 0 16 16\"><path d=\"M8 1a2 2 0 0 1 2 2v1h2.5A1.5 1.5 0 0 1 14 5.5v8A1.5 1.5 0 0 1 12.5 15h-9A1.5 1.5 0 0 1 2 13.5v-8A1.5 1.5 0 0 1 3.5 3H6V2a2 2 0 0 1 2-1zm1 3V3a1 1 0 0 0-2 0v1h2z\"\/><\/svg>Voir le produit<\/span><p class=\"rapido\">Livraison rapide<\/p><\/div><\/div>\n\n\n\n<h2 class=\"wp-block-heading\">Le pachira&nbsp;: l\u2019arbuste d\u2019int\u00e9rieur graphique et a\u00e9rien<\/h2>\n\n\n\n<p>Le <a href=\"https:\/\/www.interflora.fr\/c\/plantes\/pachira\">pachira<\/a> est un <strong>arbuste de petite taille<\/strong> qui se pr\u00eate bien \u00e0 la <strong>culture en pot<\/strong>. En jardinerie et chez le fleuriste, vous trouverez le plus souvent des <strong>pachiras <\/strong>tress\u00e9s au niveau du tronc. Le <a href=\"https:\/\/www.interflora.fr\/blog\/tresser-un-pachira\/\">tressage du pachira<\/a> se r\u00e9alise assez t\u00f4t dans le d\u00e9veloppement de la <strong>plante<\/strong>. Les sujets qui ne sont pas tress\u00e9s sont donc des <strong>arbustes tr\u00e8s jeunes<\/strong>.&nbsp;<\/p>\n\n\n\n<p>En se d\u00e9veloppant, cette <strong>magnifique plante verte tropicale<\/strong> se pare d\u2019une belle couronne de feuilles poussant au bout de longues et fines tiges. La <strong>plante<\/strong> prend des allures a\u00e9riennes ornant un tronc particuli\u00e8rement robuste.&nbsp;<\/p>\n\n\n\n<p>La <strong>vari\u00e9t\u00e9 pachira aquatica<\/strong> est de loin celle qui est la plus cultiv\u00e9e en France. Elle est tr\u00e8s \u00e9l\u00e9gante et s\u2019av\u00e8re plut\u00f4t <strong>facile d\u2019entretien<\/strong>.&nbsp;<\/p>\n\n\n\n<figure class=\"wp-block-image aligncenter size-large is-resized\"><img loading=\"lazy\" decoding=\"async\" src=\"https:\/\/www.interflora.fr\/blog\/wp-content\/uploads\/pachira-2-819x1024.jpg\" alt=\"\" class=\"wp-image-34896\" width=\"409\" height=\"511\"\/><\/figure>\n\n\n\n<h2 class=\"wp-block-heading\">Comment r\u00e9ussir l\u2019entretien d\u2019un pachira&nbsp;?&nbsp;&nbsp;<\/h2>\n\n\n\n<p>Cette <a href=\"https:\/\/www.interflora.fr\/c\/plantes\/plante-verte\">belle plante verte<\/a> n\u2019a pas son pareil pour ajouter du graphisme et une touche de nature \u00e0 votre d\u00e9coration d\u2019int\u00e9rieur. Et surtout, elle est<strong> facile d\u2019entretien<\/strong>, m\u00eame pour les personnes qui n\u2019ont pas la main verte avec toutes les <strong>plantes&nbsp;<\/strong>! Voici les secrets d\u2019<strong>entretien du pachira aquatica<\/strong>.&nbsp;<\/p>\n\n\n\n<h3 class=\"wp-block-heading\">L\u2019exposition&nbsp;: un facteur cl\u00e9 pour la sant\u00e9 et la croissance du pachira<\/h3>\n\n\n\n<p>Le <strong>pachira aquatica<\/strong> appr\u00e9cie les pi\u00e8ces tr\u00e8s lumineuses sans pour autant \u00eatre expos\u00e9 aux rayons directs du soleil. Au niveau des temp\u00e9ratures, il reste confortable entre 5 et 22&nbsp;\u00b0C ce qui signifie qu\u2019il peut aussi bien vivre dans une maison que dans une v\u00e9randa.&nbsp;<\/p>\n\n\n\n<h3 class=\"wp-block-heading\">L\u2019importance de l\u2019arrosage pour le pachira&nbsp;<\/h3>\n\n\n\n<p>La <strong>vari\u00e9t\u00e9 pachira aquatica<\/strong> que nous cultivons dans nos int\u00e9rieurs a besoin d\u2019humidit\u00e9 pour bien s\u2019\u00e9panouir. L\u2019<strong>arrosage du pachira<\/strong> doit donc \u00eatre plus soutenu pendant la p\u00e9riode chaude de l\u2019ann\u00e9e.&nbsp;<\/p>\n\n\n\n<p>Cependant, sachez que les troncs du<strong> pachira <\/strong>ont la particularit\u00e9 d\u2019emmagasiner de l\u2019eau. Cette caract\u00e9ristique rend la <strong>plante<\/strong> plus r\u00e9sistante en cas d\u2019oublis occasionnels d\u2019arrosage.&nbsp;<\/p>\n\n\n\n<p>Pendant la saison chaude, gardez le terreau toujours l\u00e9g\u00e8rement humide, mais sans exc\u00e8s d\u2019eau. Pensez \u00e0 vider, au besoin, la coupelle sous votre pot de fleurs pour \u00e9viter l\u2019eau stagnante. Et donnez-lui de l\u2019<strong>engrais pour plantes vertes<\/strong> 1&nbsp;fois toutes les 2&nbsp;semaines pendant toute la saison du printemps et de l\u2019\u00e9t\u00e9.<\/p>\n\n\n\n<p>Pendant la saison froide, laissez toujours la terre s\u2019ass\u00e9cher sur 1 cm de profondeur entre chaque arrosage.<\/p>\n\n\n\n<figure class=\"wp-block-image aligncenter size-large is-resized\"><img loading=\"lazy\" decoding=\"async\" src=\"https:\/\/www.interflora.fr\/blog\/wp-content\/uploads\/pachira-3-860x1024.jpg\" alt=\"\" class=\"wp-image-34897\" width=\"427\" height=\"508\"\/><\/figure>\n\n\n\n<h3 class=\"wp-block-heading\">Le meilleur moment pour r\u00e9aliser le rempotage du pachira<\/h3>\n\n\n\n<p>Comme pour de nombreuses <strong>plantes vertes d\u2019int\u00e9rieur<\/strong>, le <a href=\"https:\/\/www.interflora.fr\/blog\/rempotage-pachira\/\">rempotage du pachira<\/a> se r\u00e9alise tous les 2-3 ans. Et c\u2019est le printemps qui est la p\u00e9riode id\u00e9ale pour <strong>rempoter votre pachira aquatica<\/strong>.&nbsp;<\/p>\n\n\n\n<p>Lors du <strong>rempotage de votre pachira<\/strong>, veillez \u00e0 ne pas choisir un pot de fleurs trop grand. Un pot de quelques centim\u00e8tres de diam\u00e8tre suppl\u00e9mentaires suffit. Pr\u00e9f\u00e9rez un terreau bien drainant afin d\u2019\u00e9viter que les racines ne pourrissent. Un terreau pour <strong>plantes vertes d\u2019int\u00e9rieur<\/strong> m\u00e9lang\u00e9 avec 1\/4 de sable est id\u00e9al pour le drainage.&nbsp;<\/p>\n\n\n\n<p>\u00c0 d\u00e9faut d\u2019avoir du sable, vous pouvez \u00e9galement mettre une couche de billes d\u2019argiles dans le fond de votre pot de fleurs.&nbsp;<\/p>\n\n\n\n<h3 class=\"wp-block-heading\">Le meilleur moment pour r\u00e9aliser le bouturage du pachira<\/h3>\n\n\n\n<p>Le meilleur moment pour <a href=\"https:\/\/www.interflora.fr\/blog\/bouturage-pachira\/\">bouturer un pachira<\/a> est la fin de l\u2019\u00e9t\u00e9. Le moyen le plus rapide est de r\u00e9aliser une <strong>bouture de pachira aquatica<\/strong> dans l\u2019eau. Mais vous pouvez \u00e9galement faire des boutures dans le terreau.&nbsp;<\/p>\n\n\n\n<p>Dans les deux cas, vous aurez besoin de pr\u00e9lever vos <strong>boutures de pachira<\/strong> avec un couteau bien aiguis\u00e9 et de s\u00e9lectionner les tiges de l\u2019ann\u00e9e.&nbsp;<\/p>\n\n\n<div class=\"lp-produits-grid\"><div class=\"lp-produit\"><div class=\"lp-thumbnail-wrapper\"><img loading=\"lazy\" decoding=\"async\" width=\"300\" height=\"300\" src=\"https:\/\/www.interflora.fr\/blog\/wp-content\/uploads\/2026\/04\/3RER-800Wx800H-0-1-300x300.jpg\" class=\"attachment-medium size-medium wp-post-image\" alt=\"\" srcset=\"https:\/\/www.interflora.fr\/blog\/wp-content\/uploads\/2026\/04\/3RER-800Wx800H-0-1-300x300.jpg 300w, https:\/\/www.interflora.fr\/blog\/wp-content\/uploads\/2026\/04\/3RER-800Wx800H-0-1-150x150.jpg 150w, https:\/\/www.interflora.fr\/blog\/wp-content\/uploads\/2026\/04\/3RER-800Wx800H-0-1-768x768.jpg 768w, https:\/\/www.interflora.fr\/blog\/wp-content\/uploads\/2026\/04\/3RER-800Wx800H-0-1.jpg 800w\" sizes=\"auto, (max-width: 300px) 100vw, 300px\" \/><img decoding=\"async\" class=\"lp-badge\" src=\"https:\/\/www.interflora.fr\/blog\/wp-content\/uploads\/2025\/06\/logo-circle.png\" alt=\"Livraison rapide Interflora\"><\/div><span>Composition rose \u00e9ternelle rouge<\/span><p>36.95 \u20ac<\/p><span class=\"obf-link lp-cta\" role=\"link\" tabindex=\"0\" data-b64=\"aHR0cHM6Ly93d3cuaW50ZXJmbG9yYS5mci9wL2NvbXBvc2l0aW9uLXJvc2UtZXRlcm5lbGxlLXJvdWdlLzAvRlI\/dXRtX21lZGl1bT1vcmdhbmljJnV0bV9zb3VyY2U9YmxvZ19wcm9kdWN0cyZ1dG1fY2FtcGFpZ249M1JFUg==\" data-target=\"_blank\"><svg xmlns=\"http:\/\/www.w3.org\/2000\/svg\" width=\"16\" height=\"16\" fill=\"currentColor\" class=\"bi bi-bag\" viewBox=\"0 0 16 16\"><path d=\"M8 1a2 2 0 0 1 2 2v1h2.5A1.5 1.5 0 0 1 14 5.5v8A1.5 1.5 0 0 1 12.5 15h-9A1.5 1.5 0 0 1 2 13.5v-8A1.5 1.5 0 0 1 3.5 3H6V2a2 2 0 0 1 2-1zm1 3V3a1 1 0 0 0-2 0v1h2z\"\/><\/svg>Voir le produit<\/span><p class=\"rapido\">Top produit<\/p><\/div><div class=\"lp-produit\"><div class=\"lp-thumbnail-wrapper\"><img loading=\"lazy\" decoding=\"async\" width=\"300\" height=\"300\" src=\"https:\/\/www.interflora.fr\/blog\/wp-content\/uploads\/2026\/01\/1BIU-800Wx800H-0-1-300x300.jpg\" class=\"attachment-medium size-medium wp-post-image\" alt=\"\" srcset=\"https:\/\/www.interflora.fr\/blog\/wp-content\/uploads\/2026\/01\/1BIU-800Wx800H-0-1-300x300.jpg 300w, https:\/\/www.interflora.fr\/blog\/wp-content\/uploads\/2026\/01\/1BIU-800Wx800H-0-1-150x150.jpg 150w, https:\/\/www.interflora.fr\/blog\/wp-content\/uploads\/2026\/01\/1BIU-800Wx800H-0-1-768x768.jpg 768w, https:\/\/www.interflora.fr\/blog\/wp-content\/uploads\/2026\/01\/1BIU-800Wx800H-0-1.jpg 800w\" sizes=\"auto, (max-width: 300px) 100vw, 300px\" \/><img decoding=\"async\" class=\"lp-badge\" src=\"https:\/\/www.interflora.fr\/blog\/wp-content\/uploads\/2025\/06\/logo-circle.png\" alt=\"Livraison rapide Interflora\"><\/div><span>Bisous et sa bulle d&rsquo;eau<\/span><p>41.95 \u20ac<\/p><span class=\"obf-link lp-cta\" role=\"link\" tabindex=\"0\" data-b64=\"aHR0cHM6Ly93d3cuaW50ZXJmbG9yYS5mci9wL3NhaW50LXZhbGVudGluLWplLXQtYWltZS1idWxsZS1lYXUvMS9GUj91dG1fbWVkaXVtPW9yZ2FuaWMmdXRtX3NvdXJjZT1ibG9nX3Byb2R1Y3RzJnV0bV9jYW1wYWlnbj0xQklV\" data-target=\"_blank\"><svg xmlns=\"http:\/\/www.w3.org\/2000\/svg\" width=\"16\" height=\"16\" fill=\"currentColor\" class=\"bi bi-bag\" viewBox=\"0 0 16 16\"><path d=\"M8 1a2 2 0 0 1 2 2v1h2.5A1.5 1.5 0 0 1 14 5.5v8A1.5 1.5 0 0 1 12.5 15h-9A1.5 1.5 0 0 1 2 13.5v-8A1.5 1.5 0 0 1 3.5 3H6V2a2 2 0 0 1 2-1zm1 3V3a1 1 0 0 0-2 0v1h2z\"\/><\/svg>Voir le produit<\/span><p class=\"rapido\">Top produit<\/p><\/div><div class=\"lp-produit\"><div class=\"lp-thumbnail-wrapper\"><img loading=\"lazy\" decoding=\"async\" width=\"300\" height=\"300\" src=\"https:\/\/www.interflora.fr\/blog\/wp-content\/uploads\/2025\/05\/W2BOROMO-800Wx800H-0-1-300x300.jpg\" class=\"attachment-medium size-medium wp-post-image\" alt=\"\" srcset=\"https:\/\/www.interflora.fr\/blog\/wp-content\/uploads\/2025\/05\/W2BOROMO-800Wx800H-0-1-300x300.jpg 300w, https:\/\/www.interflora.fr\/blog\/wp-content\/uploads\/2025\/05\/W2BOROMO-800Wx800H-0-1-150x150.jpg 150w, https:\/\/www.interflora.fr\/blog\/wp-content\/uploads\/2025\/05\/W2BOROMO-800Wx800H-0-1-768x768.jpg 768w, https:\/\/www.interflora.fr\/blog\/wp-content\/uploads\/2025\/05\/W2BOROMO-800Wx800H-0-1.jpg 800w\" sizes=\"auto, (max-width: 300px) 100vw, 300px\" \/><img decoding=\"async\" class=\"lp-badge\" src=\"https:\/\/www.interflora.fr\/blog\/wp-content\/uploads\/2025\/06\/logo-circle.png\" alt=\"Livraison rapide Interflora\"><\/div><span>Bois de rose et son vase offert<\/span><p>42.95 \u20ac<\/p><span class=\"obf-link lp-cta\" role=\"link\" tabindex=\"0\" data-b64=\"aHR0cHM6Ly93d3cuaW50ZXJmbG9yYS5mci9wL2JvaXMtZGUtcm9zZS1ldC1zb24tdmFzZS1vZmZlcnQvMS9GUj91dG1fbWVkaXVtPW9yZ2FuaWMmdXRtX3NvdXJjZT1ibG9nX3Byb2R1Y3RzJnV0bV9jYW1wYWlnbj1XMkJPUk9NTw==\" data-target=\"_blank\"><svg xmlns=\"http:\/\/www.w3.org\/2000\/svg\" width=\"16\" height=\"16\" fill=\"currentColor\" class=\"bi bi-bag\" viewBox=\"0 0 16 16\"><path d=\"M8 1a2 2 0 0 1 2 2v1h2.5A1.5 1.5 0 0 1 14 5.5v8A1.5 1.5 0 0 1 12.5 15h-9A1.5 1.5 0 0 1 2 13.5v-8A1.5 1.5 0 0 1 3.5 3H6V2a2 2 0 0 1 2-1zm1 3V3a1 1 0 0 0-2 0v1h2z\"\/><\/svg>Voir le produit<\/span><p class=\"rapido\">Top produit<\/p><\/div><div class=\"lp-produit\"><div class=\"lp-thumbnail-wrapper\"><img loading=\"lazy\" decoding=\"async\" width=\"300\" height=\"300\" src=\"https:\/\/www.interflora.fr\/blog\/wp-content\/uploads\/2025\/05\/1AFO-800Wx800H-0-1-25-300x300.jpg\" class=\"attachment-medium size-medium wp-post-image\" alt=\"\" srcset=\"https:\/\/www.interflora.fr\/blog\/wp-content\/uploads\/2025\/05\/1AFO-800Wx800H-0-1-25-300x300.jpg 300w, https:\/\/www.interflora.fr\/blog\/wp-content\/uploads\/2025\/05\/1AFO-800Wx800H-0-1-25-150x150.jpg 150w, https:\/\/www.interflora.fr\/blog\/wp-content\/uploads\/2025\/05\/1AFO-800Wx800H-0-1-25-768x768.jpg 768w, https:\/\/www.interflora.fr\/blog\/wp-content\/uploads\/2025\/05\/1AFO-800Wx800H-0-1-25.jpg 800w\" sizes=\"auto, (max-width: 300px) 100vw, 300px\" \/><img decoding=\"async\" class=\"lp-badge\" src=\"https:\/\/www.interflora.fr\/blog\/wp-content\/uploads\/2025\/06\/logo-circle.png\" alt=\"Livraison rapide Interflora\"><\/div><span>Grandes roses sur-mesure<\/span><p>59.95 \u20ac<\/p><span class=\"obf-link lp-cta\" role=\"link\" tabindex=\"0\" data-b64=\"aHR0cHM6Ly93d3cuaW50ZXJmbG9yYS5mci9wL3Jvc2VzLWEtbGEtZm9saWUvNi9GUj91dG1fbWVkaXVtPW9yZ2FuaWMmdXRtX3NvdXJjZT1ibG9nX3Byb2R1Y3RzJnV0bV9jYW1wYWlnbj0xQUZP\" data-target=\"_blank\"><svg xmlns=\"http:\/\/www.w3.org\/2000\/svg\" width=\"16\" height=\"16\" fill=\"currentColor\" class=\"bi bi-bag\" viewBox=\"0 0 16 16\"><path d=\"M8 1a2 2 0 0 1 2 2v1h2.5A1.5 1.5 0 0 1 14 5.5v8A1.5 1.5 0 0 1 12.5 15h-9A1.5 1.5 0 0 1 2 13.5v-8A1.5 1.5 0 0 1 3.5 3H6V2a2 2 0 0 1 2-1zm1 3V3a1 1 0 0 0-2 0v1h2z\"\/><\/svg>Voir le produit<\/span><p class=\"rapido\">Livraison rapide<\/p><\/div><\/div>\n\n\n\n<h2 class=\"wp-block-heading\">Identifier et traiter les maladies courantes du pachira&nbsp;<\/h2>\n\n\n\n<p>Un <strong>pachira malade<\/strong> est souvent le reflet d\u2019un probl\u00e8me d\u2019arrosage. En effet, les <strong>pachiras<\/strong> sont des <strong>plantes vertes<\/strong> plut\u00f4t r\u00e9sistantes aux maladies et aux parasites. Alors, si vous observez des changements de couleur au niveau du feuillage de votre <strong>pachira aquatica<\/strong>, il est probablement temps de modifier vos habitudes d\u2019arrosage.&nbsp;<\/p>\n\n\n\n<h3 class=\"wp-block-heading\">Que faire avec un pachira qui a des feuilles jaunes&nbsp;?&nbsp;&nbsp;<\/h3>\n\n\n\n<p>Si votre <strong>pachira a des feuilles jaunes<\/strong>, les arrosages devraient \u00eatre moins fr\u00e9quents. Ou alors, la terre de culture devrait \u00eatre m\u00e9lang\u00e9e avec du sable afin d\u2019\u00eatre plus drainante.&nbsp;<\/p>\n\n\n\n<h3 class=\"wp-block-heading\">Que faire avec un pachira qui a des feuilles marron&nbsp;?<\/h3>\n\n\n\n<p>Si votre <strong>pachira a des feuilles marron<\/strong>, les arrosages devraient \u00eatre plus fr\u00e9quents, car votre plante est probablement d\u00e9shydrat\u00e9e.&nbsp;<\/p>\n\n\n\n<h3 class=\"wp-block-heading\">Que faire avec un pachira qui a les feuilles qui tombent vers le bas&nbsp;?<\/h3>\n\n\n\n<p>Si les <strong>feuilles de votre pachira tombent vers le bas<\/strong>, cela est d\u00fb \u00e0 un manque d\u2019arrosage et \u00e0 un environnement trop sec. Pour y rem\u00e9dier, placez la <strong>plante<\/strong> \u00e0 l\u2019\u00e9cart des radiateurs et des autres sources de chaleur. Choisissez-lui un nouvel endroit bien lumineux, mais \u00e0 l\u2019\u00e9cart des rayons direct du soleil.&nbsp;<\/p>\n\n\n\n<p>R\u00e9alisez ensuite des arrosages fr\u00e9quents, mais pas trop abondants pendant les prochains jours. Et vaporisez le feuillage quotidiennement avec de l\u2019eau non calcaire le temps que le feuillage de votre <strong>pachira aquatica<\/strong> retrouve toute sa vitalit\u00e9.&nbsp;<\/p>\n\n\n\n<p>Si vous avez une salle de bain lumineuse, vous pouvez le placer dans cette pi\u00e8ce pour quelque temps, l\u2019humidit\u00e9 ambiante lui fera du bien.&nbsp;&nbsp;<\/p>\n\n\n\n<figure class=\"wp-block-image aligncenter size-large is-resized\"><img loading=\"lazy\" decoding=\"async\" src=\"https:\/\/www.interflora.fr\/blog\/wp-content\/uploads\/pachira-5-2-819x1024.jpg\" alt=\"\" class=\"wp-image-34903\" width=\"414\" height=\"518\"\/><\/figure>\n\n\n\n<h3 class=\"wp-block-heading\">Que faire avec un pachira qui perd ses feuilles&nbsp;?&nbsp;<\/h3>\n\n\n\n<p>En vieillissant, votre <strong>pachira<\/strong> perd naturellement ses anciennes feuilles. Cela se produit lorsqu\u2019il concentre son \u00e9nergie sur la croissance de nouvelles pousses. Il est donc normal que ces feuilles se dess\u00e8chent et tombent, alors pas d&rsquo;inqui\u00e9tude !&nbsp;<\/p>\n\n\n\n<p>Toutefois, si votre <strong>plante<\/strong> perd la majorit\u00e9 de son feuillage, il faut v\u00e9rifier son exposition et son arrosage&nbsp;:&nbsp;<\/p>\n\n\n\n<ul class=\"wp-block-list\">\n<li>Dans un premier temps, \u00e9loignez-la des sources de chaleur et du rayonnement direct du soleil.<\/li>\n\n\n\n<li>Dans un second temps, arrosez-la avec de l\u2019eau non calcaire et vaporisez le feuillage tous les jours.&nbsp;<\/li>\n<\/ul>\n\n\n\n<p>En dernier recours, vous pouvez essayer de donner un peu d\u2019<strong>engrais liquide pour plante verte<\/strong> \u00e0 votre <strong>pachira aquatica<\/strong>. Si cela l\u2019aide, alors c\u2019est qu\u2019il est temps de <strong>rempoter votre plante<\/strong> afin qu\u2019elle b\u00e9n\u00e9ficie d\u2019une terre riche en \u00e9l\u00e9ments nutritifs.&nbsp;<\/p>\n\n\n\n<h3 class=\"wp-block-heading\">Que faire avec un pachira malade \u00e0 cause de parasites&nbsp;?&nbsp;<\/h3>\n\n\n\n<p>Si votre <strong>pachira est malade<\/strong> \u00e0 cause d\u2019une invasion de cochenilles ou des mouches blanches, commencez par doucher votre plante afin d\u2019\u00e9liminer un maximum de parasites. Ensuite, vaporisez chaque jour un insecticide naturel jusqu\u2019\u00e0 leur disparition compl\u00e8te.&nbsp;<\/p>\n\n\n\n<figure class=\"wp-block-image aligncenter size-large is-resized\"><img loading=\"lazy\" decoding=\"async\" src=\"https:\/\/www.interflora.fr\/blog\/wp-content\/uploads\/pachira-4-683x1024.jpg\" alt=\"\" class=\"wp-image-34898\" width=\"395\" height=\"593\"\/><\/figure>\n\n\n\n<h2 class=\"wp-block-heading\">La toxicit\u00e9 potentielle du pachira pour les animaux domestiques<\/h2>\n\n\n\n<p>Le <strong>pachira aquatica<\/strong> est g\u00e9n\u00e9ralement consid\u00e9r\u00e9 comme non toxique pour les chats et les chiens. Ses feuilles et ses fleurs ne sont pas r\u00e9put\u00e9es causer d\u2019intoxication grave chez les animaux en cas d\u2019ingestion.&nbsp;<\/p>\n\n\n\n<p>Sachez qu\u2019\u00e0 une \u00e9poque, les <strong>graines et les feuilles du pachira<\/strong> \u00e9taient largement consomm\u00e9es par les peuples d\u2019Amazonie. Depuis lors, la pr\u00e9sence d\u2019un \u00e9l\u00e9ment impropre \u00e0 la consommation dans les graines a \u00e9t\u00e9 r\u00e9v\u00e9l\u00e9e. Il s\u2019agit du CPFA qui est toxique lorsqu\u2019il est consomm\u00e9 en trop grande quantit\u00e9.&nbsp;&nbsp;<\/p>\n\n\n\n<p>Toutefois, il serait peu probable que des animaux de compagnie r\u00e9ussissent \u00e0 consommer une grande quantit\u00e9 de <strong>graines de pachira<\/strong>. Mais il est tout de m\u00eame important de surveiller attentivement les interactions de vos animaux de compagnie avec les <a href=\"https:\/\/www.interflora.fr\/c\/plantes\/plante-interieur\">plantes d&rsquo;int\u00e9rieur<\/a>.<\/p>\n\n\n\n<p>En effet, certains animaux domestiques peuvent avoir des r\u00e9actions \u00e0 certaines <strong>plantes<\/strong>, m\u00eame si elles sont g\u00e9n\u00e9ralement consid\u00e9r\u00e9es comme sans danger.<\/p>\n\n\n\n<h2 class=\"wp-block-heading\">L\u2019histoire et la signification du pachira<\/h2>\n\n\n\n<p>Le <strong>pachira est une plante verte<\/strong> originaire des r\u00e9gions tropicales d\u2019Am\u00e9rique centrale et du Sud. Il a ensuite gagn\u00e9 une grande popularit\u00e9 au Japon, puis dans tout le reste de l\u2019est de l\u2019Asie.&nbsp;<\/p>\n\n\n\n<p>Le nom \u00ab&nbsp;<strong>pachira<\/strong>&nbsp;\u00bb proviendrait d\u2019une ancienne langue indienne de Guyane et ferait r\u00e9f\u00e9rence \u00e0 une noix d\u2019eau douce. Dans son milieu naturel, le <strong>pachira<\/strong> pr\u00e9f\u00e8re les endroits humides et il peut mesurer jusqu\u2019\u00e0 18&nbsp;m de hauteur.&nbsp;<\/p>\n\n\n\n<p>Dans la symbolique chinoise, le <strong>pachira<\/strong> porterait bonheur. Ses feuilles \u00e0 5 folioles sont semblables aux 5 doigts de la main et elles auraient la capacit\u00e9 de capturer le bonheur et la fortune. Et comme le chiffre 5 en Chine est le symbole des 5 \u00e9l\u00e9ments, tresser 5 troncs de <strong>pachira<\/strong> d\u00e9cuplerait l\u2019effet magique !&nbsp;<\/p>\n\n\n\n<p>Une autre l\u00e9gende raconte que le nom d\u2019\u00ab&nbsp;<strong>arbre de la fortune<\/strong>&nbsp;\u00bb ferait en r\u00e9alit\u00e9 r\u00e9f\u00e9rence aux paysans asiatiques qui auraient fait fortune en multipliant des <strong>pachiras<\/strong>.<\/p>\n\n\n<div class=\"lp-produits-grid\"><div class=\"lp-produit\"><div class=\"lp-thumbnail-wrapper\"><img loading=\"lazy\" decoding=\"async\" width=\"300\" height=\"300\" src=\"https:\/\/www.interflora.fr\/blog\/wp-content\/uploads\/2025\/05\/1SEN-800Wx800H-0-1-25-300x300.jpg\" class=\"attachment-medium size-medium wp-post-image\" alt=\"\" srcset=\"https:\/\/www.interflora.fr\/blog\/wp-content\/uploads\/2025\/05\/1SEN-800Wx800H-0-1-25-300x300.jpg 300w, https:\/\/www.interflora.fr\/blog\/wp-content\/uploads\/2025\/05\/1SEN-800Wx800H-0-1-25-150x150.jpg 150w, https:\/\/www.interflora.fr\/blog\/wp-content\/uploads\/2025\/05\/1SEN-800Wx800H-0-1-25-768x768.jpg 768w, https:\/\/www.interflora.fr\/blog\/wp-content\/uploads\/2025\/05\/1SEN-800Wx800H-0-1-25.jpg 800w\" sizes=\"auto, (max-width: 300px) 100vw, 300px\" \/><img decoding=\"async\" class=\"lp-badge\" src=\"https:\/\/www.interflora.fr\/blog\/wp-content\/uploads\/2025\/06\/logo-circle.png\" alt=\"Livraison rapide Interflora\"><\/div><span>Joyeux anniversaire<\/span><p>42.95 \u20ac<\/p><span class=\"obf-link lp-cta\" role=\"link\" tabindex=\"0\" data-b64=\"aHR0cHM6Ly93d3cuaW50ZXJmbG9yYS5mci9wL3Jvc2VzLXNlbnRpbWVudC8xL0ZSP3V0bV9tZWRpdW09b3JnYW5pYyZ1dG1fc291cmNlPWJsb2dfcHJvZHVjdHMmdXRtX2NhbXBhaWduPTFTRU4=\" data-target=\"_blank\"><svg xmlns=\"http:\/\/www.w3.org\/2000\/svg\" width=\"16\" height=\"16\" fill=\"currentColor\" class=\"bi bi-bag\" viewBox=\"0 0 16 16\"><path d=\"M8 1a2 2 0 0 1 2 2v1h2.5A1.5 1.5 0 0 1 14 5.5v8A1.5 1.5 0 0 1 12.5 15h-9A1.5 1.5 0 0 1 2 13.5v-8A1.5 1.5 0 0 1 3.5 3H6V2a2 2 0 0 1 2-1zm1 3V3a1 1 0 0 0-2 0v1h2z\"\/><\/svg>Voir le produit<\/span><p class=\"rapido\">Fleurs fra\u00eeches<\/p><\/div><div class=\"lp-produit\"><div class=\"lp-thumbnail-wrapper\"><img loading=\"lazy\" decoding=\"async\" width=\"300\" height=\"300\" src=\"https:\/\/www.interflora.fr\/blog\/wp-content\/uploads\/2025\/12\/2BDT-800Wx800H-0-1-300x300.jpg\" class=\"attachment-medium size-medium wp-post-image\" alt=\"\" srcset=\"https:\/\/www.interflora.fr\/blog\/wp-content\/uploads\/2025\/12\/2BDT-800Wx800H-0-1-300x300.jpg 300w, https:\/\/www.interflora.fr\/blog\/wp-content\/uploads\/2025\/12\/2BDT-800Wx800H-0-1-150x150.jpg 150w, https:\/\/www.interflora.fr\/blog\/wp-content\/uploads\/2025\/12\/2BDT-800Wx800H-0-1-768x768.jpg 768w, https:\/\/www.interflora.fr\/blog\/wp-content\/uploads\/2025\/12\/2BDT-800Wx800H-0-1.jpg 800w\" sizes=\"auto, (max-width: 300px) 100vw, 300px\" \/><img decoding=\"async\" class=\"lp-badge\" src=\"https:\/\/www.interflora.fr\/blog\/wp-content\/uploads\/2025\/06\/logo-circle.png\" alt=\"Livraison rapide Interflora\"><\/div><span>Brass\u00e9e de tulipes multicolores<\/span><p>31.95 \u20ac<\/p><span class=\"obf-link lp-cta\" role=\"link\" tabindex=\"0\" data-b64=\"aHR0cHM6Ly93d3cuaW50ZXJmbG9yYS5mci9wL2JvdXF1ZXQtdHVsaXBlcy8xL0ZSP3V0bV9tZWRpdW09b3JnYW5pYyZ1dG1fc291cmNlPWJsb2dfcHJvZHVjdHMmdXRtX2NhbXBhaWduPTJCRFQ=\" data-target=\"_blank\"><svg xmlns=\"http:\/\/www.w3.org\/2000\/svg\" width=\"16\" height=\"16\" fill=\"currentColor\" class=\"bi bi-bag\" viewBox=\"0 0 16 16\"><path d=\"M8 1a2 2 0 0 1 2 2v1h2.5A1.5 1.5 0 0 1 14 5.5v8A1.5 1.5 0 0 1 12.5 15h-9A1.5 1.5 0 0 1 2 13.5v-8A1.5 1.5 0 0 1 3.5 3H6V2a2 2 0 0 1 2-1zm1 3V3a1 1 0 0 0-2 0v1h2z\"\/><\/svg>Voir le produit<\/span><p class=\"rapido\">Top produit<\/p><\/div><div class=\"lp-produit\"><div class=\"lp-thumbnail-wrapper\"><img loading=\"lazy\" decoding=\"async\" width=\"300\" height=\"300\" src=\"https:\/\/www.interflora.fr\/blog\/wp-content\/uploads\/2026\/01\/1BIU-800Wx800H-0-1-300x300.jpg\" class=\"attachment-medium size-medium wp-post-image\" alt=\"\" srcset=\"https:\/\/www.interflora.fr\/blog\/wp-content\/uploads\/2026\/01\/1BIU-800Wx800H-0-1-300x300.jpg 300w, https:\/\/www.interflora.fr\/blog\/wp-content\/uploads\/2026\/01\/1BIU-800Wx800H-0-1-150x150.jpg 150w, https:\/\/www.interflora.fr\/blog\/wp-content\/uploads\/2026\/01\/1BIU-800Wx800H-0-1-768x768.jpg 768w, https:\/\/www.interflora.fr\/blog\/wp-content\/uploads\/2026\/01\/1BIU-800Wx800H-0-1.jpg 800w\" sizes=\"auto, (max-width: 300px) 100vw, 300px\" \/><img decoding=\"async\" class=\"lp-badge\" src=\"https:\/\/www.interflora.fr\/blog\/wp-content\/uploads\/2025\/06\/logo-circle.png\" alt=\"Livraison rapide Interflora\"><\/div><span>Bisous et sa bulle d&rsquo;eau<\/span><p>41.95 \u20ac<\/p><span class=\"obf-link lp-cta\" role=\"link\" tabindex=\"0\" data-b64=\"aHR0cHM6Ly93d3cuaW50ZXJmbG9yYS5mci9wL3NhaW50LXZhbGVudGluLWplLXQtYWltZS1idWxsZS1lYXUvMS9GUj91dG1fbWVkaXVtPW9yZ2FuaWMmdXRtX3NvdXJjZT1ibG9nX3Byb2R1Y3RzJnV0bV9jYW1wYWlnbj0xQklV\" data-target=\"_blank\"><svg xmlns=\"http:\/\/www.w3.org\/2000\/svg\" width=\"16\" height=\"16\" fill=\"currentColor\" class=\"bi bi-bag\" viewBox=\"0 0 16 16\"><path d=\"M8 1a2 2 0 0 1 2 2v1h2.5A1.5 1.5 0 0 1 14 5.5v8A1.5 1.5 0 0 1 12.5 15h-9A1.5 1.5 0 0 1 2 13.5v-8A1.5 1.5 0 0 1 3.5 3H6V2a2 2 0 0 1 2-1zm1 3V3a1 1 0 0 0-2 0v1h2z\"\/><\/svg>Voir le produit<\/span><p class=\"rapido\">Livraison rapide<\/p><\/div><div class=\"lp-produit\"><div class=\"lp-thumbnail-wrapper\"><img loading=\"lazy\" decoding=\"async\" width=\"300\" height=\"300\" src=\"https:\/\/www.interflora.fr\/blog\/wp-content\/uploads\/2025\/05\/B2BDP-800Wx800H-0-1-300x300.jpg\" class=\"attachment-medium size-medium wp-post-image\" alt=\"\" srcset=\"https:\/\/www.interflora.fr\/blog\/wp-content\/uploads\/2025\/05\/B2BDP-800Wx800H-0-1-300x300.jpg 300w, https:\/\/www.interflora.fr\/blog\/wp-content\/uploads\/2025\/05\/B2BDP-800Wx800H-0-1-150x150.jpg 150w, https:\/\/www.interflora.fr\/blog\/wp-content\/uploads\/2025\/05\/B2BDP-800Wx800H-0-1-768x768.jpg 768w, https:\/\/www.interflora.fr\/blog\/wp-content\/uploads\/2025\/05\/B2BDP-800Wx800H-0-1.jpg 800w\" sizes=\"auto, (max-width: 300px) 100vw, 300px\" \/><img decoding=\"async\" class=\"lp-badge\" src=\"https:\/\/www.interflora.fr\/blog\/wp-content\/uploads\/2025\/06\/logo-circle.png\" alt=\"Livraison rapide Interflora\"><\/div><span>Brass\u00e9e de pivoines vari\u00e9es<\/span><p>39.95 \u20ac<\/p><span class=\"obf-link lp-cta\" role=\"link\" tabindex=\"0\" data-b64=\"aHR0cHM6Ly93d3cuaW50ZXJmbG9yYS5mci9wL2JyYXNzZWUtcGl2b2luZXMvMS9GUj91dG1fbWVkaXVtPW9yZ2FuaWMmdXRtX3NvdXJjZT1ibG9nX3Byb2R1Y3RzJnV0bV9jYW1wYWlnbj1CMkJEUA==\" data-target=\"_blank\"><svg xmlns=\"http:\/\/www.w3.org\/2000\/svg\" width=\"16\" height=\"16\" fill=\"currentColor\" class=\"bi bi-bag\" viewBox=\"0 0 16 16\"><path d=\"M8 1a2 2 0 0 1 2 2v1h2.5A1.5 1.5 0 0 1 14 5.5v8A1.5 1.5 0 0 1 12.5 15h-9A1.5 1.5 0 0 1 2 13.5v-8A1.5 1.5 0 0 1 3.5 3H6V2a2 2 0 0 1 2-1zm1 3V3a1 1 0 0 0-2 0v1h2z\"\/><\/svg>Voir le produit<\/span><p class=\"rapido\">Top produit<\/p><\/div><\/div>\n","protected":false},"excerpt":{"rendered":"<p>Le pachira est une plante qui se fait aussi appeler le ch\u00e2taignier de Guyane. Sous nos latitudes, le pachira est une plante d\u2019int\u00e9rieur dont le feuillage est tout aussi atypique que le tronc.<\/p>\n","protected":false},"author":1,"featured_media":34895,"comment_status":"open","ping_status":"closed","sticky":false,"template":"","format":"standard","meta":{"_uag_custom_page_level_css":"","site-sidebar-layout":"default","site-content-layout":"","ast-site-content-layout":"default","site-content-style":"default","site-sidebar-style":"default","ast-global-header-display":"","ast-banner-title-visibility":"","ast-main-header-display":"","ast-hfb-above-header-display":"","ast-hfb-below-header-display":"","ast-hfb-mobile-header-display":"","site-post-title":"","ast-breadcrumbs-content":"","ast-featured-img":"","footer-sml-layout":"","ast-disable-related-posts":"","theme-transparent-header-meta":"","adv-header-id-meta":"","stick-header-meta":"","header-above-stick-meta":"","header-main-stick-meta":"","header-below-stick-meta":"","astra-migrate-meta-layouts":"default","ast-page-background-enabled":"default","ast-page-background-meta":{"desktop":{"background-color":"var(--ast-global-color-5)","background-image":"","background-repeat":"repeat","background-position":"center center","background-size":"auto","background-attachment":"scroll","background-type":"","background-media":"","overlay-type":"","overlay-color":"","overlay-opacity":"","overlay-gradient":""},"tablet":{"background-color":"","background-image":"","background-repeat":"repeat","background-position":"center center","background-size":"auto","background-attachment":"scroll","background-type":"","background-media":"","overlay-type":"","overlay-color":"","overlay-opacity":"","overlay-gradient":""},"mobile":{"background-color":"","background-image":"","background-repeat":"repeat","background-position":"center center","background-size":"auto","background-attachment":"scroll","background-type":"","background-media":"","overlay-type":"","overlay-color":"","overlay-opacity":"","overlay-gradient":""}},"ast-content-background-meta":{"desktop":{"background-color":"var(--ast-global-color-4)","background-image":"","background-repeat":"repeat","background-position":"center center","background-size":"auto","background-attachment":"scroll","background-type":"","background-media":"","overlay-type":"","overlay-color":"","overlay-opacity":"","overlay-gradient":""},"tablet":{"background-color":"var(--ast-global-color-4)","background-image":"","background-repeat":"repeat","background-position":"center center","background-size":"auto","background-attachment":"scroll","background-type":"","background-media":"","overlay-type":"","overlay-color":"","overlay-opacity":"","overlay-gradient":""},"mobile":{"background-color":"var(--ast-global-color-4)","background-image":"","background-repeat":"repeat","background-position":"center center","background-size":"auto","background-attachment":"scroll","background-type":"","background-media":"","overlay-type":"","overlay-color":"","overlay-opacity":"","overlay-gradient":""}},"footnotes":""},"categories":[226],"tags":[297],"class_list":["post-20405","post","type-post","status-publish","format-standard","has-post-thumbnail","hentry","category-plantes-interieur","tag-pachira"],"uagb_featured_image_src":{"full":false,"thumbnail":false,"medium":false,"medium_large":false,"large":false,"1536x1536":false,"2048x2048":false},"uagb_author_info":{"display_name":"admin","author_link":"https:\/\/www.interflora.fr\/blog\/author\/admin\/"},"uagb_comment_info":4,"uagb_excerpt":"Le pachira est une plante qui se fait aussi appeler le ch\u00e2taignier de Guyane. Sous nos latitudes, le pachira est une plante d\u2019int\u00e9rieur dont le feuillage est tout aussi atypique que le tronc.","yoast_meta":{"title":"Pachira : entretien, maladies, arrosage, toxicit\u00e9 | Interflora","description":"D\u00e9couvrez tout ce qu'il y a \u00e0 savoir sur le pachira et son entretien. Cultiv\u00e9 comme arbuste d'int\u00e9rieur, le pachira aquatica est celui que l'on retrouve le plus."},"_links":{"self":[{"href":"https:\/\/www.interflora.fr\/blog\/wp-json\/wp\/v2\/posts\/20405","targetHints":{"allow":["GET"]}}],"collection":[{"href":"https:\/\/www.interflora.fr\/blog\/wp-json\/wp\/v2\/posts"}],"about":[{"href":"https:\/\/www.interflora.fr\/blog\/wp-json\/wp\/v2\/types\/post"}],"author":[{"embeddable":true,"href":"https:\/\/www.interflora.fr\/blog\/wp-json\/wp\/v2\/users\/1"}],"replies":[{"embeddable":true,"href":"https:\/\/www.interflora.fr\/blog\/wp-json\/wp\/v2\/comments?post=20405"}],"version-history":[{"count":0,"href":"https:\/\/www.interflora.fr\/blog\/wp-json\/wp\/v2\/posts\/20405\/revisions"}],"wp:featuredmedia":[{"embeddable":true,"href":"https:\/\/www.interflora.fr\/blog\/wp-json\/"}],"wp:attachment":[{"href":"https:\/\/www.interflora.fr\/blog\/wp-json\/wp\/v2\/media?parent=20405"}],"wp:term":[{"taxonomy":"category","embeddable":true,"href":"https:\/\/www.interflora.fr\/blog\/wp-json\/wp\/v2\/categories?post=20405"},{"taxonomy":"post_tag","embeddable":true,"href":"https:\/\/www.interflora.fr\/blog\/wp-json\/wp\/v2\/tags?post=20405"}],"curies":[{"name":"wp","href":"https:\/\/api.w.org\/{rel}","templated":true}]}}