{"id":20197,"date":"2022-06-08T12:52:32","date_gmt":"2022-06-08T10:52:32","guid":{"rendered":"https:\/\/www.interflora.fr\/blog\/?p=20197"},"modified":"2022-06-08T12:52:32","modified_gmt":"2022-06-08T10:52:32","slug":"signification-orchidee","status":"publish","type":"post","link":"https:\/\/www.interflora.fr\/blog\/signification-orchidee\/","title":{"rendered":"La signification de l\u2019orchid\u00e9e"},"content":{"rendered":"\n<p class=\"has-drop-cap\"><strong>L\u2019<a href=\"https:\/\/www.interflora.fr\/c\/plantes\/orchidees\" target=\"_blank\" rel=\"noreferrer noopener\">orchid\u00e9e<\/a> est une star des jardins comme des int\u00e9rieurs ! Aux quatre coins du globe, c\u2019est une plante appr\u00e9ci\u00e9e pour sa forme esth\u00e9tique, et pour sa signification. En effet, la signification de l\u2019orchid\u00e9e a toujours passionn\u00e9 les hommes, qui la cultivent depuis des mill\u00e9naires. Dans la Gr\u00e8ce antique comme dans la Chine myst\u00e9rieuse, chez les Azt\u00e8ques comme en Europe, elle fascine par la gr\u00e2ce et la sensualit\u00e9 qu\u2019elle exprime. Zoom sur la signification de l\u2019orchid\u00e9e.&nbsp;<\/strong><\/p>\n\n\n<div class=\"lp-produits-grid\"><div class=\"lp-produit\"><div class=\"lp-thumbnail-wrapper\"><img loading=\"lazy\" decoding=\"async\" width=\"300\" height=\"300\" src=\"https:\/\/www.interflora.fr\/blog\/wp-content\/uploads\/2025\/05\/2TUFR-800Wx800H-0-1-25-300x300.jpg\" class=\"attachment-medium size-medium wp-post-image\" alt=\"\" srcset=\"https:\/\/www.interflora.fr\/blog\/wp-content\/uploads\/2025\/05\/2TUFR-800Wx800H-0-1-25-300x300.jpg 300w, https:\/\/www.interflora.fr\/blog\/wp-content\/uploads\/2025\/05\/2TUFR-800Wx800H-0-1-25-150x150.jpg 150w, https:\/\/www.interflora.fr\/blog\/wp-content\/uploads\/2025\/05\/2TUFR-800Wx800H-0-1-25-768x768.jpg 768w, https:\/\/www.interflora.fr\/blog\/wp-content\/uploads\/2025\/05\/2TUFR-800Wx800H-0-1-25.jpg 800w\" sizes=\"auto, (max-width: 300px) 100vw, 300px\" \/><img decoding=\"async\" class=\"lp-badge\" src=\"https:\/\/www.interflora.fr\/blog\/wp-content\/uploads\/2025\/06\/logo-circle.png\" alt=\"Livraison rapide Interflora\"><\/div><span>Tutti frutti<\/span><p>44.95 \u20ac<\/p><span class=\"obf-link lp-cta\" role=\"link\" tabindex=\"0\" data-b64=\"aHR0cHM6Ly93d3cuaW50ZXJmbG9yYS5mci9wL2JvdXF1ZXQtZmxldXJzLXR1dHRpLWZydXR0aS8xL0ZSP3V0bV9tZWRpdW09b3JnYW5pYyZ1dG1fc291cmNlPWJsb2dfcHJvZHVjdHMmdXRtX2NhbXBhaWduPTJUVUZS\" data-target=\"_blank\"><svg xmlns=\"http:\/\/www.w3.org\/2000\/svg\" width=\"16\" height=\"16\" fill=\"currentColor\" class=\"bi bi-bag\" viewBox=\"0 0 16 16\"><path d=\"M8 1a2 2 0 0 1 2 2v1h2.5A1.5 1.5 0 0 1 14 5.5v8A1.5 1.5 0 0 1 12.5 15h-9A1.5 1.5 0 0 1 2 13.5v-8A1.5 1.5 0 0 1 3.5 3H6V2a2 2 0 0 1 2-1zm1 3V3a1 1 0 0 0-2 0v1h2z\"\/><\/svg>Voir le produit<\/span><p class=\"rapido\">Top produit<\/p><\/div><div class=\"lp-produit\"><div class=\"lp-thumbnail-wrapper\"><img loading=\"lazy\" decoding=\"async\" width=\"300\" height=\"300\" src=\"https:\/\/www.interflora.fr\/blog\/wp-content\/uploads\/2025\/05\/1AFO-800Wx800H-0-1-25-300x300.jpg\" class=\"attachment-medium size-medium wp-post-image\" alt=\"\" srcset=\"https:\/\/www.interflora.fr\/blog\/wp-content\/uploads\/2025\/05\/1AFO-800Wx800H-0-1-25-300x300.jpg 300w, https:\/\/www.interflora.fr\/blog\/wp-content\/uploads\/2025\/05\/1AFO-800Wx800H-0-1-25-150x150.jpg 150w, https:\/\/www.interflora.fr\/blog\/wp-content\/uploads\/2025\/05\/1AFO-800Wx800H-0-1-25-768x768.jpg 768w, https:\/\/www.interflora.fr\/blog\/wp-content\/uploads\/2025\/05\/1AFO-800Wx800H-0-1-25.jpg 800w\" sizes=\"auto, (max-width: 300px) 100vw, 300px\" \/><img decoding=\"async\" class=\"lp-badge\" src=\"https:\/\/www.interflora.fr\/blog\/wp-content\/uploads\/2025\/06\/logo-circle.png\" alt=\"Livraison rapide Interflora\"><\/div><span>Grandes roses sur-mesure<\/span><p>59.95 \u20ac<\/p><span class=\"obf-link lp-cta\" role=\"link\" tabindex=\"0\" data-b64=\"aHR0cHM6Ly93d3cuaW50ZXJmbG9yYS5mci9wL3Jvc2VzLWEtbGEtZm9saWUvNi9GUj91dG1fbWVkaXVtPW9yZ2FuaWMmdXRtX3NvdXJjZT1ibG9nX3Byb2R1Y3RzJnV0bV9jYW1wYWlnbj0xQUZP\" data-target=\"_blank\"><svg xmlns=\"http:\/\/www.w3.org\/2000\/svg\" width=\"16\" height=\"16\" fill=\"currentColor\" class=\"bi bi-bag\" viewBox=\"0 0 16 16\"><path d=\"M8 1a2 2 0 0 1 2 2v1h2.5A1.5 1.5 0 0 1 14 5.5v8A1.5 1.5 0 0 1 12.5 15h-9A1.5 1.5 0 0 1 2 13.5v-8A1.5 1.5 0 0 1 3.5 3H6V2a2 2 0 0 1 2-1zm1 3V3a1 1 0 0 0-2 0v1h2z\"\/><\/svg>Voir le produit<\/span><p class=\"rapido\">Top produit<\/p><\/div><div class=\"lp-produit\"><div class=\"lp-thumbnail-wrapper\"><img loading=\"lazy\" decoding=\"async\" width=\"300\" height=\"300\" src=\"https:\/\/www.interflora.fr\/blog\/wp-content\/uploads\/2025\/05\/2RB-800Wx800H-0-1-25-300x300.jpg\" class=\"attachment-medium size-medium wp-post-image\" alt=\"\" srcset=\"https:\/\/www.interflora.fr\/blog\/wp-content\/uploads\/2025\/05\/2RB-800Wx800H-0-1-25-300x300.jpg 300w, https:\/\/www.interflora.fr\/blog\/wp-content\/uploads\/2025\/05\/2RB-800Wx800H-0-1-25-150x150.jpg 150w, https:\/\/www.interflora.fr\/blog\/wp-content\/uploads\/2025\/05\/2RB-800Wx800H-0-1-25-768x768.jpg 768w, https:\/\/www.interflora.fr\/blog\/wp-content\/uploads\/2025\/05\/2RB-800Wx800H-0-1-25.jpg 800w\" sizes=\"auto, (max-width: 300px) 100vw, 300px\" \/><img decoding=\"async\" class=\"lp-badge\" src=\"https:\/\/www.interflora.fr\/blog\/wp-content\/uploads\/2025\/06\/logo-circle.png\" alt=\"Livraison rapide Interflora\"><\/div><span>Rosa Bella<\/span><p>49.95 \u20ac<\/p><span class=\"obf-link lp-cta\" role=\"link\" tabindex=\"0\" data-b64=\"aHR0cHM6Ly93d3cuaW50ZXJmbG9yYS5mci9wL3Jvc2EtYmVsbGEvMS9GUj91dG1fbWVkaXVtPW9yZ2FuaWMmdXRtX3NvdXJjZT1ibG9nX3Byb2R1Y3RzJnV0bV9jYW1wYWlnbj0yUkI=\" data-target=\"_blank\"><svg xmlns=\"http:\/\/www.w3.org\/2000\/svg\" width=\"16\" height=\"16\" fill=\"currentColor\" class=\"bi bi-bag\" viewBox=\"0 0 16 16\"><path d=\"M8 1a2 2 0 0 1 2 2v1h2.5A1.5 1.5 0 0 1 14 5.5v8A1.5 1.5 0 0 1 12.5 15h-9A1.5 1.5 0 0 1 2 13.5v-8A1.5 1.5 0 0 1 3.5 3H6V2a2 2 0 0 1 2-1zm1 3V3a1 1 0 0 0-2 0v1h2z\"\/><\/svg>Voir le produit<\/span><p class=\"rapido\">Livraison rapide<\/p><\/div><div class=\"lp-produit\"><div class=\"lp-thumbnail-wrapper\"><img loading=\"lazy\" decoding=\"async\" width=\"300\" height=\"300\" src=\"https:\/\/www.interflora.fr\/blog\/wp-content\/uploads\/2025\/05\/W2BOROMO-800Wx800H-0-1-300x300.jpg\" class=\"attachment-medium size-medium wp-post-image\" alt=\"\" srcset=\"https:\/\/www.interflora.fr\/blog\/wp-content\/uploads\/2025\/05\/W2BOROMO-800Wx800H-0-1-300x300.jpg 300w, https:\/\/www.interflora.fr\/blog\/wp-content\/uploads\/2025\/05\/W2BOROMO-800Wx800H-0-1-150x150.jpg 150w, https:\/\/www.interflora.fr\/blog\/wp-content\/uploads\/2025\/05\/W2BOROMO-800Wx800H-0-1-768x768.jpg 768w, https:\/\/www.interflora.fr\/blog\/wp-content\/uploads\/2025\/05\/W2BOROMO-800Wx800H-0-1.jpg 800w\" sizes=\"auto, (max-width: 300px) 100vw, 300px\" \/><img decoding=\"async\" class=\"lp-badge\" src=\"https:\/\/www.interflora.fr\/blog\/wp-content\/uploads\/2025\/06\/logo-circle.png\" alt=\"Livraison rapide Interflora\"><\/div><span>Bois de rose et son vase offert<\/span><p>42.95 \u20ac<\/p><span class=\"obf-link lp-cta\" role=\"link\" tabindex=\"0\" data-b64=\"aHR0cHM6Ly93d3cuaW50ZXJmbG9yYS5mci9wL2JvaXMtZGUtcm9zZS1ldC1zb24tdmFzZS1vZmZlcnQvMS9GUj91dG1fbWVkaXVtPW9yZ2FuaWMmdXRtX3NvdXJjZT1ibG9nX3Byb2R1Y3RzJnV0bV9jYW1wYWlnbj1XMkJPUk9NTw==\" data-target=\"_blank\"><svg xmlns=\"http:\/\/www.w3.org\/2000\/svg\" width=\"16\" height=\"16\" fill=\"currentColor\" class=\"bi bi-bag\" viewBox=\"0 0 16 16\"><path d=\"M8 1a2 2 0 0 1 2 2v1h2.5A1.5 1.5 0 0 1 14 5.5v8A1.5 1.5 0 0 1 12.5 15h-9A1.5 1.5 0 0 1 2 13.5v-8A1.5 1.5 0 0 1 3.5 3H6V2a2 2 0 0 1 2-1zm1 3V3a1 1 0 0 0-2 0v1h2z\"\/><\/svg>Voir le produit<\/span><p class=\"rapido\">Fleurs fra\u00eeches<\/p><\/div><\/div>\n\n\n\n<div style=\"height:18px\" aria-hidden=\"true\" class=\"wp-block-spacer\"><\/div>\n\n\n\n<h2 class=\"wp-block-heading\">La signification de l\u2019orchid\u00e9e<\/h2>\n\n\n\n<p>Les <a href=\"https:\/\/www.interflora.fr\/blog\/culture-orchidee\/\">orchid\u00e9es<\/a> sont non seulement des plantes sublimes mais leurs fleurs portent aussi, souvent, un<strong> symbole puissant en lien avec le romantisme et le d\u00e9sir<\/strong>. Dans une composition de fleurs ou offertes en pot, les orchid\u00e9es sont un cadeau qui ne laisse personne indiff\u00e9rent.\u00a0\u00a0<\/p>\n\n\n\n<p><strong>Quelle est pr\u00e9cis\u00e9ment la signification des orchid\u00e9es ?&nbsp;<\/strong><\/p>\n\n\n\n<h3 class=\"wp-block-heading\">Signification spirituelle de l\u2019orchid\u00e9e<\/h3>\n\n\n\n<p>Les orchid\u00e9es sont des plantes associ\u00e9es, dans toutes les cultures, \u00e0 l<strong>a sensualit\u00e9, au d\u00e9sir, mais aussi \u00e0 la fertilit\u00e9, la f\u00e9condit\u00e9, la maternit\u00e9 et m\u00eame la virilit\u00e9<\/strong>. En Chine, les orchid\u00e9es sont cultiv\u00e9es depuis trois mill\u00e9naires et r\u00e9put\u00e9es pour leurs vertus m\u00e9dicinales. En Gr\u00e8ce, dans l\u2019Antiquit\u00e9, le mot \u201corchis\u201d signifiait testicule, ce qui \u00e9voque bien s\u00fbr la procr\u00e9ation. Chez les Azt\u00e8ques, on offrait des orchid\u00e9es aux jeunes couples pour placer leur union sous de bons augures. Les fleurs arrondies et g\u00e9n\u00e9reuses des orchid\u00e9es sont un symbole d\u2019abondance, et ces plantes sont souvent offertes pour la f\u00eate des m\u00e8res et la f\u00eate des grands-m\u00e8res.&nbsp;<\/p>\n\n\n\n<h3 class=\"wp-block-heading\">L\u2019orchid\u00e9e blanche : signification<\/h3>\n\n\n\n<div class=\"wp-block-media-text alignwide is-stacked-on-mobile\" style=\"grid-template-columns:15% auto\"><figure class=\"wp-block-media-text__media\"><img decoding=\"async\" src=\"https:\/\/www.interflora.fr\/blog\/wp-content\/uploads\/2022\/06\/orchidee-blanche-1-600x493.jpg\" alt=\"\" class=\"wp-image-20215 size-full\"\/><\/figure><div class=\"wp-block-media-text__content\">\n<p>Cette fleur \u00e9voque un <strong>amour pur, innocent, virginal<\/strong>. C\u2019est une couleur symbole de <strong>sentiments nobles et respectueux<\/strong>. Le blanc convient parfaitement pour une fleur offerte \u00e0 un a\u00een\u00e9, par exemple. On la choisira notamment comme cadeau pour une F\u00eate des m\u00e8res ou l\u2019anniversaire d\u2019une grand-m\u00e8re ou d\u2019un grand-p\u00e8re.<\/p>\n<\/div><\/div>\n\n\n\n<p><\/p>\n\n\n\n<h3 class=\"wp-block-heading\">L\u2019orchid\u00e9e bleue: signification<\/h3>\n\n\n\n<div class=\"wp-block-media-text alignwide is-stacked-on-mobile\" style=\"grid-template-columns:15% auto\"><figure class=\"wp-block-media-text__media\"><img decoding=\"async\" src=\"https:\/\/www.interflora.fr\/blog\/wp-content\/uploads\/2022\/06\/orchidee-bleue-600x398.jpg\" alt=\"\" class=\"wp-image-20202 size-full\"\/><\/figure><div class=\"wp-block-media-text__content\">\n<p>C\u2019est la fleur symbole de <strong>l\u2019amour esp\u00e9r\u00e9<\/strong>\u2026et peut-\u00eatre de <strong>l\u2019amour impossible<\/strong>. En effet, les orchid\u00e9es de couleur bleue expriment une attente, une envie, un espoir qui sera peut-\u00eatre difficile \u00e0 r\u00e9aliser. On la choisira pour d\u00e9clarer sa flamme sans trop s\u2019avancer.<\/p>\n<\/div><\/div>\n\n\n\n<p><\/p>\n\n\n\n<h3 class=\"wp-block-heading\">L\u2019orchid\u00e9e jaune: signification<\/h3>\n\n\n\n<div class=\"wp-block-media-text alignwide is-stacked-on-mobile\" style=\"grid-template-columns:15% auto\"><figure class=\"wp-block-media-text__media\"><img decoding=\"async\" src=\"https:\/\/www.interflora.fr\/blog\/wp-content\/uploads\/2022\/06\/orchidee-jaune-1-600x400.jpg\" alt=\"\" class=\"wp-image-20217 size-full\"\/><\/figure><div class=\"wp-block-media-text__content\">\n<p>Voil\u00e0 une fleur qui ne manque pas d\u2019\u00e9nergie : les orchid\u00e9es jaunes v\u00e9hiculent un message de <strong>positivit\u00e9, d\u2019intensit\u00e9, de bonne humeur<\/strong>. Ces fleurs sont le symbole du <strong>pep\u2019s, de l\u2019humour, de la joie <\/strong>qui fait durer une relation d\u2019amour. C\u2019est aussi un superbe pr\u00e9sent pour un ami.&nbsp;<\/p>\n<\/div><\/div>\n\n\n\n<p><\/p>\n\n\n<div class=\"lp-produits-grid\"><div class=\"lp-produit\"><div class=\"lp-thumbnail-wrapper\"><img loading=\"lazy\" decoding=\"async\" width=\"300\" height=\"300\" src=\"https:\/\/www.interflora.fr\/blog\/wp-content\/uploads\/2026\/04\/3RER-800Wx800H-0-1-300x300.jpg\" class=\"attachment-medium size-medium wp-post-image\" alt=\"\" srcset=\"https:\/\/www.interflora.fr\/blog\/wp-content\/uploads\/2026\/04\/3RER-800Wx800H-0-1-300x300.jpg 300w, https:\/\/www.interflora.fr\/blog\/wp-content\/uploads\/2026\/04\/3RER-800Wx800H-0-1-150x150.jpg 150w, https:\/\/www.interflora.fr\/blog\/wp-content\/uploads\/2026\/04\/3RER-800Wx800H-0-1-768x768.jpg 768w, https:\/\/www.interflora.fr\/blog\/wp-content\/uploads\/2026\/04\/3RER-800Wx800H-0-1.jpg 800w\" sizes=\"auto, (max-width: 300px) 100vw, 300px\" \/><img decoding=\"async\" class=\"lp-badge\" src=\"https:\/\/www.interflora.fr\/blog\/wp-content\/uploads\/2025\/06\/logo-circle.png\" alt=\"Livraison rapide Interflora\"><\/div><span>Composition rose \u00e9ternelle rouge<\/span><p>36.95 \u20ac<\/p><span class=\"obf-link lp-cta\" role=\"link\" tabindex=\"0\" data-b64=\"aHR0cHM6Ly93d3cuaW50ZXJmbG9yYS5mci9wL2NvbXBvc2l0aW9uLXJvc2UtZXRlcm5lbGxlLXJvdWdlLzAvRlI\/dXRtX21lZGl1bT1vcmdhbmljJnV0bV9zb3VyY2U9YmxvZ19wcm9kdWN0cyZ1dG1fY2FtcGFpZ249M1JFUg==\" data-target=\"_blank\"><svg xmlns=\"http:\/\/www.w3.org\/2000\/svg\" width=\"16\" height=\"16\" fill=\"currentColor\" class=\"bi bi-bag\" viewBox=\"0 0 16 16\"><path d=\"M8 1a2 2 0 0 1 2 2v1h2.5A1.5 1.5 0 0 1 14 5.5v8A1.5 1.5 0 0 1 12.5 15h-9A1.5 1.5 0 0 1 2 13.5v-8A1.5 1.5 0 0 1 3.5 3H6V2a2 2 0 0 1 2-1zm1 3V3a1 1 0 0 0-2 0v1h2z\"\/><\/svg>Voir le produit<\/span><p class=\"rapido\">Top produit<\/p><\/div><div class=\"lp-produit\"><div class=\"lp-thumbnail-wrapper\"><img loading=\"lazy\" decoding=\"async\" width=\"300\" height=\"300\" src=\"https:\/\/www.interflora.fr\/blog\/wp-content\/uploads\/2025\/05\/1AFO-800Wx800H-0-1-25-300x300.jpg\" class=\"attachment-medium size-medium wp-post-image\" alt=\"\" srcset=\"https:\/\/www.interflora.fr\/blog\/wp-content\/uploads\/2025\/05\/1AFO-800Wx800H-0-1-25-300x300.jpg 300w, https:\/\/www.interflora.fr\/blog\/wp-content\/uploads\/2025\/05\/1AFO-800Wx800H-0-1-25-150x150.jpg 150w, https:\/\/www.interflora.fr\/blog\/wp-content\/uploads\/2025\/05\/1AFO-800Wx800H-0-1-25-768x768.jpg 768w, https:\/\/www.interflora.fr\/blog\/wp-content\/uploads\/2025\/05\/1AFO-800Wx800H-0-1-25.jpg 800w\" sizes=\"auto, (max-width: 300px) 100vw, 300px\" \/><img decoding=\"async\" class=\"lp-badge\" src=\"https:\/\/www.interflora.fr\/blog\/wp-content\/uploads\/2025\/06\/logo-circle.png\" alt=\"Livraison rapide Interflora\"><\/div><span>Grandes roses sur-mesure<\/span><p>59.95 \u20ac<\/p><span class=\"obf-link lp-cta\" role=\"link\" tabindex=\"0\" data-b64=\"aHR0cHM6Ly93d3cuaW50ZXJmbG9yYS5mci9wL3Jvc2VzLWEtbGEtZm9saWUvNi9GUj91dG1fbWVkaXVtPW9yZ2FuaWMmdXRtX3NvdXJjZT1ibG9nX3Byb2R1Y3RzJnV0bV9jYW1wYWlnbj0xQUZP\" data-target=\"_blank\"><svg xmlns=\"http:\/\/www.w3.org\/2000\/svg\" width=\"16\" height=\"16\" fill=\"currentColor\" class=\"bi bi-bag\" viewBox=\"0 0 16 16\"><path d=\"M8 1a2 2 0 0 1 2 2v1h2.5A1.5 1.5 0 0 1 14 5.5v8A1.5 1.5 0 0 1 12.5 15h-9A1.5 1.5 0 0 1 2 13.5v-8A1.5 1.5 0 0 1 3.5 3H6V2a2 2 0 0 1 2-1zm1 3V3a1 1 0 0 0-2 0v1h2z\"\/><\/svg>Voir le produit<\/span><p class=\"rapido\">Livraison rapide<\/p><\/div><div class=\"lp-produit\"><div class=\"lp-thumbnail-wrapper\"><img loading=\"lazy\" decoding=\"async\" width=\"300\" height=\"300\" src=\"https:\/\/www.interflora.fr\/blog\/wp-content\/uploads\/2025\/09\/2DP-800Wx800H-0-1-25-300x300.jpg\" class=\"attachment-medium size-medium wp-post-image\" alt=\"\" srcset=\"https:\/\/www.interflora.fr\/blog\/wp-content\/uploads\/2025\/09\/2DP-800Wx800H-0-1-25-300x300.jpg 300w, https:\/\/www.interflora.fr\/blog\/wp-content\/uploads\/2025\/09\/2DP-800Wx800H-0-1-25-150x150.jpg 150w, https:\/\/www.interflora.fr\/blog\/wp-content\/uploads\/2025\/09\/2DP-800Wx800H-0-1-25-768x768.jpg 768w, https:\/\/www.interflora.fr\/blog\/wp-content\/uploads\/2025\/09\/2DP-800Wx800H-0-1-25.jpg 800w\" sizes=\"auto, (max-width: 300px) 100vw, 300px\" \/><img decoding=\"async\" class=\"lp-badge\" src=\"https:\/\/www.interflora.fr\/blog\/wp-content\/uploads\/2025\/06\/logo-circle.png\" alt=\"Livraison rapide Interflora\"><\/div><span>Douceur poudr\u00e9e<\/span><p>31.95 \u20ac<\/p><span class=\"obf-link lp-cta\" role=\"link\" tabindex=\"0\" data-b64=\"aHR0cHM6Ly93d3cuaW50ZXJmbG9yYS5mci9wL2RvdWNldXItcG91ZHJlZS8xL0ZSP3V0bV9tZWRpdW09b3JnYW5pYyZ1dG1fc291cmNlPWJsb2dfcHJvZHVjdHMmdXRtX2NhbXBhaWduPTJEUA==\" data-target=\"_blank\"><svg xmlns=\"http:\/\/www.w3.org\/2000\/svg\" width=\"16\" height=\"16\" fill=\"currentColor\" class=\"bi bi-bag\" viewBox=\"0 0 16 16\"><path d=\"M8 1a2 2 0 0 1 2 2v1h2.5A1.5 1.5 0 0 1 14 5.5v8A1.5 1.5 0 0 1 12.5 15h-9A1.5 1.5 0 0 1 2 13.5v-8A1.5 1.5 0 0 1 3.5 3H6V2a2 2 0 0 1 2-1zm1 3V3a1 1 0 0 0-2 0v1h2z\"\/><\/svg>Voir le produit<\/span><p class=\"rapido\">Livraison rapide<\/p><\/div><div class=\"lp-produit\"><div class=\"lp-thumbnail-wrapper\"><img loading=\"lazy\" decoding=\"async\" width=\"300\" height=\"300\" src=\"https:\/\/www.interflora.fr\/blog\/wp-content\/uploads\/2025\/09\/2DR-800Wx800H-0-1-25-300x300.jpg\" class=\"attachment-medium size-medium wp-post-image\" alt=\"\" srcset=\"https:\/\/www.interflora.fr\/blog\/wp-content\/uploads\/2025\/09\/2DR-800Wx800H-0-1-25-300x300.jpg 300w, https:\/\/www.interflora.fr\/blog\/wp-content\/uploads\/2025\/09\/2DR-800Wx800H-0-1-25-150x150.jpg 150w, https:\/\/www.interflora.fr\/blog\/wp-content\/uploads\/2025\/09\/2DR-800Wx800H-0-1-25-768x768.jpg 768w, https:\/\/www.interflora.fr\/blog\/wp-content\/uploads\/2025\/09\/2DR-800Wx800H-0-1-25.jpg 800w\" sizes=\"auto, (max-width: 300px) 100vw, 300px\" \/><img decoding=\"async\" class=\"lp-badge\" src=\"https:\/\/www.interflora.fr\/blog\/wp-content\/uploads\/2025\/06\/logo-circle.png\" alt=\"Livraison rapide Interflora\"><\/div><span>Douce r\u00eaverie<\/span><p>39.95 \u20ac<\/p><span class=\"obf-link lp-cta\" role=\"link\" tabindex=\"0\" data-b64=\"aHR0cHM6Ly93d3cuaW50ZXJmbG9yYS5mci9wL2RvdWNlLXJldmVyaWUvMS9GUj91dG1fbWVkaXVtPW9yZ2FuaWMmdXRtX3NvdXJjZT1ibG9nX3Byb2R1Y3RzJnV0bV9jYW1wYWlnbj0yRFI=\" data-target=\"_blank\"><svg xmlns=\"http:\/\/www.w3.org\/2000\/svg\" width=\"16\" height=\"16\" fill=\"currentColor\" class=\"bi bi-bag\" viewBox=\"0 0 16 16\"><path d=\"M8 1a2 2 0 0 1 2 2v1h2.5A1.5 1.5 0 0 1 14 5.5v8A1.5 1.5 0 0 1 12.5 15h-9A1.5 1.5 0 0 1 2 13.5v-8A1.5 1.5 0 0 1 3.5 3H6V2a2 2 0 0 1 2-1zm1 3V3a1 1 0 0 0-2 0v1h2z\"\/><\/svg>Voir le produit<\/span><p class=\"rapido\">Fleurs fra\u00eeches<\/p><\/div><\/div>\n\n\n\n<div style=\"height:18px\" aria-hidden=\"true\" class=\"wp-block-spacer\"><\/div>\n\n\n\n<h3 class=\"wp-block-heading\">L\u2019orchid\u00e9e violette: signification<\/h3>\n\n\n\n<div class=\"wp-block-media-text alignwide is-stacked-on-mobile\" style=\"grid-template-columns:15% auto\"><figure class=\"wp-block-media-text__media\"><img decoding=\"async\" src=\"https:\/\/www.interflora.fr\/blog\/wp-content\/uploads\/2022\/06\/orchidee-violette.jpg\" alt=\"\" class=\"wp-image-20218 size-full\"\/><\/figure><div class=\"wp-block-media-text__content\">\n<p>Les orchid\u00e9es violettes sont empreintes d\u2019un symbole de <strong>retenue, de mod\u00e9ration, de calme et de pond\u00e9ration<\/strong>. L\u2019amour et le d\u00e9sir que leurs fleurs symbolisent sont pleins de justesse et sans exc\u00e8s. Ces plantes aux teintes apaisantes et aux formes gracieuses sont une magnifique fa\u00e7on de dire : <strong>nos sentiments r\u00e9sistent \u00e0 tout<\/strong>, m\u00eame au temps qui passe. Voil\u00e0 donc un cadeau id\u00e9al pour un anniversaire de rencontre ou de mariage.&nbsp;<\/p>\n<\/div><\/div>\n\n\n\n<p><\/p>\n\n\n\n<h3 class=\"wp-block-heading\">L\u2019orchid\u00e9e rouge: signification<\/h3>\n\n\n\n<div class=\"wp-block-media-text alignwide is-stacked-on-mobile\" style=\"grid-template-columns:15% auto\"><figure class=\"wp-block-media-text__media\"><img decoding=\"async\" src=\"https:\/\/www.interflora.fr\/blog\/wp-content\/uploads\/2022\/06\/orchidee-rouge.jpg\" alt=\"\" class=\"wp-image-20219 size-full\"\/><\/figure><div class=\"wp-block-media-text__content\">\n<p>L\u2019orchid\u00e9e rouge appartient, comme sa cousine la rose rouge, \u00e0 ces fleurs qui sont synonyme de <strong>passion enflamm\u00e9e.<\/strong> C\u2019est une fleur associ\u00e9e \u00e0 la fusion des corps et \u00e0 une sensualit\u00e9 extr\u00eame. Un pr\u00e9sent parfait pour la Saint Valentin et\/ou pour une d\u00e9claration pleine de passion.<\/p>\n<\/div><\/div>\n\n\n\n<p><\/p>\n\n\n\n<h3 class=\"wp-block-heading\">L\u2019orchid\u00e9e noire: signification<\/h3>\n\n\n\n<div class=\"wp-block-media-text alignwide is-stacked-on-mobile\" style=\"grid-template-columns:15% auto\"><figure class=\"wp-block-media-text__media\"><img decoding=\"async\" src=\"https:\/\/www.interflora.fr\/blog\/wp-content\/uploads\/2022\/06\/orchidee-noire.jpg\" alt=\"\" class=\"wp-image-20220 size-full\"\/><\/figure><div class=\"wp-block-media-text__content\">\n<p>Cette plante n\u2019existe pas vraiment en noir mais plut\u00f4t dans une couleur tr\u00e8s fonc\u00e9e s\u2019en approchant. Plusieurs <a href=\"https:\/\/www.interflora.fr\/guide-orchidees\" target=\"_blank\" rel=\"noreferrer noopener\">vari\u00e9t\u00e9s<\/a> de cette plante existent en noir. Le signifiant de cette couleur noire \u00e9voque <strong>la magie et le surnaturel<\/strong>. Plus \u00e9tonnant: cette plante noire peut vouloir dire \u201cje veux te contr\u00f4ler\u201d.&nbsp;<\/p>\n<\/div><\/div>\n\n\n\n<p><\/p>\n\n\n\n<h2 class=\"wp-block-heading\">Que signifie offrir une orchid\u00e9e<\/h2>\n\n\n\n<p><a href=\"https:\/\/www.interflora.fr\/blog\/livraison-orchidee\/\" target=\"_blank\" rel=\"noreferrer noopener\">Offrir une orchid\u00e9e<\/a> est un geste \u00e0 la symbolique tout \u00e0 fait unique. En offrant une orchid\u00e9e, on exprime envers la personne qui la re\u00e7oit des sentiments d\u2019une puissance singuli\u00e8re. Selon la couleur choisie, on peut exprimer toute une palette d\u2019\u00e9motions. Depuis la d\u00e9claration la plus tendre jusqu\u2019\u00e0 la proposition la plus os\u00e9e,<strong> les orchid\u00e9es poss\u00e8dent un nuancier amoureux \u00e0 nul autre pareil<\/strong>. N\u00e9anmoins, le sens le plus marqu\u00e9 de ce v\u00e9g\u00e9tal reste la <strong>gr\u00e2ce sensuelle<\/strong>, la <strong>f\u00e9minit\u00e9, la l\u00e9g\u00e8ret\u00e9 et la f\u00e9condit\u00e9<\/strong>. Bien entretenue, c\u2019est une plante qui durera dans le temps : ceci ajoute de la profondeur et de la long\u00e9vit\u00e9 \u00e0 l\u2019amour qu\u2019on souhaite exprimer en offrant cet incroyable v\u00e9g\u00e9tal.&nbsp;<\/p>\n\n\n<div class=\"lp-produits-grid\"><div class=\"lp-produit\"><div class=\"lp-thumbnail-wrapper\"><img loading=\"lazy\" decoding=\"async\" width=\"300\" height=\"300\" src=\"https:\/\/www.interflora.fr\/blog\/wp-content\/uploads\/2026\/01\/1BIU-800Wx800H-0-1-300x300.jpg\" class=\"attachment-medium size-medium wp-post-image\" alt=\"\" srcset=\"https:\/\/www.interflora.fr\/blog\/wp-content\/uploads\/2026\/01\/1BIU-800Wx800H-0-1-300x300.jpg 300w, https:\/\/www.interflora.fr\/blog\/wp-content\/uploads\/2026\/01\/1BIU-800Wx800H-0-1-150x150.jpg 150w, https:\/\/www.interflora.fr\/blog\/wp-content\/uploads\/2026\/01\/1BIU-800Wx800H-0-1-768x768.jpg 768w, https:\/\/www.interflora.fr\/blog\/wp-content\/uploads\/2026\/01\/1BIU-800Wx800H-0-1.jpg 800w\" sizes=\"auto, (max-width: 300px) 100vw, 300px\" \/><img decoding=\"async\" class=\"lp-badge\" src=\"https:\/\/www.interflora.fr\/blog\/wp-content\/uploads\/2025\/06\/logo-circle.png\" alt=\"Livraison rapide Interflora\"><\/div><span>Bisous et sa bulle d&rsquo;eau<\/span><p>41.95 \u20ac<\/p><span class=\"obf-link lp-cta\" role=\"link\" tabindex=\"0\" data-b64=\"aHR0cHM6Ly93d3cuaW50ZXJmbG9yYS5mci9wL3NhaW50LXZhbGVudGluLWplLXQtYWltZS1idWxsZS1lYXUvMS9GUj91dG1fbWVkaXVtPW9yZ2FuaWMmdXRtX3NvdXJjZT1ibG9nX3Byb2R1Y3RzJnV0bV9jYW1wYWlnbj0xQklV\" data-target=\"_blank\"><svg xmlns=\"http:\/\/www.w3.org\/2000\/svg\" width=\"16\" height=\"16\" fill=\"currentColor\" class=\"bi bi-bag\" viewBox=\"0 0 16 16\"><path d=\"M8 1a2 2 0 0 1 2 2v1h2.5A1.5 1.5 0 0 1 14 5.5v8A1.5 1.5 0 0 1 12.5 15h-9A1.5 1.5 0 0 1 2 13.5v-8A1.5 1.5 0 0 1 3.5 3H6V2a2 2 0 0 1 2-1zm1 3V3a1 1 0 0 0-2 0v1h2z\"\/><\/svg>Voir le produit<\/span><p class=\"rapido\">Fleurs fra\u00eeches<\/p><\/div><div class=\"lp-produit\"><div class=\"lp-thumbnail-wrapper\"><img loading=\"lazy\" decoding=\"async\" width=\"300\" height=\"300\" src=\"https:\/\/www.interflora.fr\/blog\/wp-content\/uploads\/2025\/05\/B2BDP-800Wx800H-0-1-300x300.jpg\" class=\"attachment-medium size-medium wp-post-image\" alt=\"\" srcset=\"https:\/\/www.interflora.fr\/blog\/wp-content\/uploads\/2025\/05\/B2BDP-800Wx800H-0-1-300x300.jpg 300w, https:\/\/www.interflora.fr\/blog\/wp-content\/uploads\/2025\/05\/B2BDP-800Wx800H-0-1-150x150.jpg 150w, https:\/\/www.interflora.fr\/blog\/wp-content\/uploads\/2025\/05\/B2BDP-800Wx800H-0-1-768x768.jpg 768w, https:\/\/www.interflora.fr\/blog\/wp-content\/uploads\/2025\/05\/B2BDP-800Wx800H-0-1.jpg 800w\" sizes=\"auto, (max-width: 300px) 100vw, 300px\" \/><img decoding=\"async\" class=\"lp-badge\" src=\"https:\/\/www.interflora.fr\/blog\/wp-content\/uploads\/2025\/06\/logo-circle.png\" alt=\"Livraison rapide Interflora\"><\/div><span>Brass\u00e9e de pivoines vari\u00e9es<\/span><p>39.95 \u20ac<\/p><span class=\"obf-link lp-cta\" role=\"link\" tabindex=\"0\" data-b64=\"aHR0cHM6Ly93d3cuaW50ZXJmbG9yYS5mci9wL2JyYXNzZWUtcGl2b2luZXMvMS9GUj91dG1fbWVkaXVtPW9yZ2FuaWMmdXRtX3NvdXJjZT1ibG9nX3Byb2R1Y3RzJnV0bV9jYW1wYWlnbj1CMkJEUA==\" data-target=\"_blank\"><svg xmlns=\"http:\/\/www.w3.org\/2000\/svg\" width=\"16\" height=\"16\" fill=\"currentColor\" class=\"bi bi-bag\" viewBox=\"0 0 16 16\"><path d=\"M8 1a2 2 0 0 1 2 2v1h2.5A1.5 1.5 0 0 1 14 5.5v8A1.5 1.5 0 0 1 12.5 15h-9A1.5 1.5 0 0 1 2 13.5v-8A1.5 1.5 0 0 1 3.5 3H6V2a2 2 0 0 1 2-1zm1 3V3a1 1 0 0 0-2 0v1h2z\"\/><\/svg>Voir le produit<\/span><p class=\"rapido\">Top produit<\/p><\/div><div class=\"lp-produit\"><div class=\"lp-thumbnail-wrapper\"><img loading=\"lazy\" decoding=\"async\" width=\"300\" height=\"300\" src=\"https:\/\/www.interflora.fr\/blog\/wp-content\/uploads\/2025\/05\/2TUFR-800Wx800H-0-1-25-300x300.jpg\" class=\"attachment-medium size-medium wp-post-image\" alt=\"\" srcset=\"https:\/\/www.interflora.fr\/blog\/wp-content\/uploads\/2025\/05\/2TUFR-800Wx800H-0-1-25-300x300.jpg 300w, https:\/\/www.interflora.fr\/blog\/wp-content\/uploads\/2025\/05\/2TUFR-800Wx800H-0-1-25-150x150.jpg 150w, https:\/\/www.interflora.fr\/blog\/wp-content\/uploads\/2025\/05\/2TUFR-800Wx800H-0-1-25-768x768.jpg 768w, https:\/\/www.interflora.fr\/blog\/wp-content\/uploads\/2025\/05\/2TUFR-800Wx800H-0-1-25.jpg 800w\" sizes=\"auto, (max-width: 300px) 100vw, 300px\" \/><img decoding=\"async\" class=\"lp-badge\" src=\"https:\/\/www.interflora.fr\/blog\/wp-content\/uploads\/2025\/06\/logo-circle.png\" alt=\"Livraison rapide Interflora\"><\/div><span>Tutti frutti<\/span><p>44.95 \u20ac<\/p><span class=\"obf-link lp-cta\" role=\"link\" tabindex=\"0\" data-b64=\"aHR0cHM6Ly93d3cuaW50ZXJmbG9yYS5mci9wL2JvdXF1ZXQtZmxldXJzLXR1dHRpLWZydXR0aS8xL0ZSP3V0bV9tZWRpdW09b3JnYW5pYyZ1dG1fc291cmNlPWJsb2dfcHJvZHVjdHMmdXRtX2NhbXBhaWduPTJUVUZS\" data-target=\"_blank\"><svg xmlns=\"http:\/\/www.w3.org\/2000\/svg\" width=\"16\" height=\"16\" fill=\"currentColor\" class=\"bi bi-bag\" viewBox=\"0 0 16 16\"><path d=\"M8 1a2 2 0 0 1 2 2v1h2.5A1.5 1.5 0 0 1 14 5.5v8A1.5 1.5 0 0 1 12.5 15h-9A1.5 1.5 0 0 1 2 13.5v-8A1.5 1.5 0 0 1 3.5 3H6V2a2 2 0 0 1 2-1zm1 3V3a1 1 0 0 0-2 0v1h2z\"\/><\/svg>Voir le produit<\/span><p class=\"rapido\">Livraison rapide<\/p><\/div><div class=\"lp-produit\"><div class=\"lp-thumbnail-wrapper\"><img loading=\"lazy\" decoding=\"async\" width=\"300\" height=\"300\" src=\"https:\/\/www.interflora.fr\/blog\/wp-content\/uploads\/2025\/05\/2RB-800Wx800H-0-1-25-300x300.jpg\" class=\"attachment-medium size-medium wp-post-image\" alt=\"\" srcset=\"https:\/\/www.interflora.fr\/blog\/wp-content\/uploads\/2025\/05\/2RB-800Wx800H-0-1-25-300x300.jpg 300w, https:\/\/www.interflora.fr\/blog\/wp-content\/uploads\/2025\/05\/2RB-800Wx800H-0-1-25-150x150.jpg 150w, https:\/\/www.interflora.fr\/blog\/wp-content\/uploads\/2025\/05\/2RB-800Wx800H-0-1-25-768x768.jpg 768w, https:\/\/www.interflora.fr\/blog\/wp-content\/uploads\/2025\/05\/2RB-800Wx800H-0-1-25.jpg 800w\" sizes=\"auto, (max-width: 300px) 100vw, 300px\" \/><img decoding=\"async\" class=\"lp-badge\" src=\"https:\/\/www.interflora.fr\/blog\/wp-content\/uploads\/2025\/06\/logo-circle.png\" alt=\"Livraison rapide Interflora\"><\/div><span>Rosa Bella<\/span><p>49.95 \u20ac<\/p><span class=\"obf-link lp-cta\" role=\"link\" tabindex=\"0\" data-b64=\"aHR0cHM6Ly93d3cuaW50ZXJmbG9yYS5mci9wL3Jvc2EtYmVsbGEvMS9GUj91dG1fbWVkaXVtPW9yZ2FuaWMmdXRtX3NvdXJjZT1ibG9nX3Byb2R1Y3RzJnV0bV9jYW1wYWlnbj0yUkI=\" data-target=\"_blank\"><svg xmlns=\"http:\/\/www.w3.org\/2000\/svg\" width=\"16\" height=\"16\" fill=\"currentColor\" class=\"bi bi-bag\" viewBox=\"0 0 16 16\"><path d=\"M8 1a2 2 0 0 1 2 2v1h2.5A1.5 1.5 0 0 1 14 5.5v8A1.5 1.5 0 0 1 12.5 15h-9A1.5 1.5 0 0 1 2 13.5v-8A1.5 1.5 0 0 1 3.5 3H6V2a2 2 0 0 1 2-1zm1 3V3a1 1 0 0 0-2 0v1h2z\"\/><\/svg>Voir le produit<\/span><p class=\"rapido\">Fleurs fra\u00eeches<\/p><\/div><\/div>\n\n\n\n<div style=\"height:18px\" aria-hidden=\"true\" class=\"wp-block-spacer\"><\/div>\n\n\n\n<div class=\"wp-block-buttons is-layout-flex wp-block-buttons-is-layout-flex\">\n<div class=\"wp-block-button has-custom-font-size is-style-fill has-small-font-size\"><a class=\"wp-block-button__link has-black-color has-light-green-cyan-background-color has-text-color has-background wp-element-button\" href=\"https:\/\/www.interflora.fr\/blog\/bouquet-orchidees\/\" target=\"_blank\" rel=\"noreferrer noopener\"><strong>Lire aussi :<\/strong> Comment faire et choisir un bouquet d\u2019orchid\u00e9es<\/a><\/div>\n<\/div>\n\n\n\n<h2 class=\"wp-block-heading\">La signification du tatouage orchid\u00e9e<\/h2>\n\n\n\n<p>Le <strong>tatouage orchid\u00e9e<\/strong> est indiscutablement l\u2019un des tatouages les plus tendance de ces derni\u00e8res ann\u00e9es. C\u2019est un tatouage floral qui permet \u00e0 chaque cr\u00e9ateur, ou porteur de tatouage, de laisser libre cours \u00e0 son inventivit\u00e9, \u00e0 sa po\u00e9sie et \u00e0 son art. Cependant la <strong>signification du tatouage orchid\u00e9e<\/strong> n\u2019est pas anodine ! Et pour cause, un tatouage de cette fleur tr\u00e8s particuli\u00e8re sera<strong> interpr\u00e9t\u00e9 comme un signe de d\u00e9sir, de sensualit\u00e9 et d\u2019h\u00e9donisme.<\/strong> Ainsi, si la rose \u00e9voque la passion rouge \u00e9carlate, une orchid\u00e9e tatou\u00e9e sera davantage synonyme de plaisir sensuel.&nbsp;<\/p>\n\n\n\n<p>Et vous, quelle orchid\u00e9e souhaiteriez-vous offrir, et \u00e0 qui ?&nbsp;<\/p>\n","protected":false},"excerpt":{"rendered":"<p>L\u2019orchid\u00e9e est une star des jardins comme des int\u00e9rieurs ! Aux quatre coins du globe, c\u2019est une plante appr\u00e9ci\u00e9e pour sa forme esth\u00e9tique, et pour sa signification. En effet, la signification de l\u2019orchid\u00e9e a toujours passionn\u00e9 les hommes, qui la cultivent depuis des mill\u00e9naires.<\/p>\n","protected":false},"author":1,"featured_media":20200,"comment_status":"open","ping_status":"closed","sticky":false,"template":"","format":"standard","meta":{"_uag_custom_page_level_css":"","site-sidebar-layout":"default","site-content-layout":"","ast-site-content-layout":"default","site-content-style":"default","site-sidebar-style":"default","ast-global-header-display":"","ast-banner-title-visibility":"","ast-main-header-display":"","ast-hfb-above-header-display":"","ast-hfb-below-header-display":"","ast-hfb-mobile-header-display":"","site-post-title":"","ast-breadcrumbs-content":"","ast-featured-img":"","footer-sml-layout":"","ast-disable-related-posts":"","theme-transparent-header-meta":"","adv-header-id-meta":"","stick-header-meta":"","header-above-stick-meta":"","header-main-stick-meta":"","header-below-stick-meta":"","astra-migrate-meta-layouts":"set","ast-page-background-enabled":"default","ast-page-background-meta":{"desktop":{"background-color":"var(--ast-global-color-5)","background-image":"","background-repeat":"repeat","background-position":"center center","background-size":"auto","background-attachment":"scroll","background-type":"","background-media":"","overlay-type":"","overlay-color":"","overlay-opacity":"","overlay-gradient":""},"tablet":{"background-color":"","background-image":"","background-repeat":"repeat","background-position":"center center","background-size":"auto","background-attachment":"scroll","background-type":"","background-media":"","overlay-type":"","overlay-color":"","overlay-opacity":"","overlay-gradient":""},"mobile":{"background-color":"","background-image":"","background-repeat":"repeat","background-position":"center center","background-size":"auto","background-attachment":"scroll","background-type":"","background-media":"","overlay-type":"","overlay-color":"","overlay-opacity":"","overlay-gradient":""}},"ast-content-background-meta":{"desktop":{"background-color":"var(--ast-global-color-4)","background-image":"","background-repeat":"repeat","background-position":"center center","background-size":"auto","background-attachment":"scroll","background-type":"","background-media":"","overlay-type":"","overlay-color":"","overlay-opacity":"","overlay-gradient":""},"tablet":{"background-color":"var(--ast-global-color-4)","background-image":"","background-repeat":"repeat","background-position":"center center","background-size":"auto","background-attachment":"scroll","background-type":"","background-media":"","overlay-type":"","overlay-color":"","overlay-opacity":"","overlay-gradient":""},"mobile":{"background-color":"var(--ast-global-color-4)","background-image":"","background-repeat":"repeat","background-position":"center center","background-size":"auto","background-attachment":"scroll","background-type":"","background-media":"","overlay-type":"","overlay-color":"","overlay-opacity":"","overlay-gradient":""}},"footnotes":""},"categories":[172],"tags":[171],"class_list":["post-20197","post","type-post","status-publish","format-standard","has-post-thumbnail","hentry","category-orchidees","tag-orchidee"],"uagb_featured_image_src":{"full":false,"thumbnail":false,"medium":false,"medium_large":false,"large":false,"1536x1536":false,"2048x2048":false},"uagb_author_info":{"display_name":"admin","author_link":"https:\/\/www.interflora.fr\/blog\/author\/admin\/"},"uagb_comment_info":0,"uagb_excerpt":"L\u2019orchid\u00e9e est une star des jardins comme des int\u00e9rieurs ! Aux quatre coins du globe, c\u2019est une plante appr\u00e9ci\u00e9e pour sa forme esth\u00e9tique, et pour sa signification. En effet, la signification de l\u2019orchid\u00e9e a toujours passionn\u00e9 les hommes, qui la cultivent depuis des mill\u00e9naires.","yoast_meta":{"title":"Orchid\u00e9e signification - Interflora","description":"Signification spirituelle de l'orchid\u00e9e, signification sur un tatouage, ou signification de l'orchid\u00e9e par couleur, d\u00e9couvrez tout de la signification de l'orchid\u00e9e."},"_links":{"self":[{"href":"https:\/\/www.interflora.fr\/blog\/wp-json\/wp\/v2\/posts\/20197","targetHints":{"allow":["GET"]}}],"collection":[{"href":"https:\/\/www.interflora.fr\/blog\/wp-json\/wp\/v2\/posts"}],"about":[{"href":"https:\/\/www.interflora.fr\/blog\/wp-json\/wp\/v2\/types\/post"}],"author":[{"embeddable":true,"href":"https:\/\/www.interflora.fr\/blog\/wp-json\/wp\/v2\/users\/1"}],"replies":[{"embeddable":true,"href":"https:\/\/www.interflora.fr\/blog\/wp-json\/wp\/v2\/comments?post=20197"}],"version-history":[{"count":0,"href":"https:\/\/www.interflora.fr\/blog\/wp-json\/wp\/v2\/posts\/20197\/revisions"}],"wp:featuredmedia":[{"embeddable":true,"href":"https:\/\/www.interflora.fr\/blog\/wp-json\/"}],"wp:attachment":[{"href":"https:\/\/www.interflora.fr\/blog\/wp-json\/wp\/v2\/media?parent=20197"}],"wp:term":[{"taxonomy":"category","embeddable":true,"href":"https:\/\/www.interflora.fr\/blog\/wp-json\/wp\/v2\/categories?post=20197"},{"taxonomy":"post_tag","embeddable":true,"href":"https:\/\/www.interflora.fr\/blog\/wp-json\/wp\/v2\/tags?post=20197"}],"curies":[{"name":"wp","href":"https:\/\/api.w.org\/{rel}","templated":true}]}}