{"id":19308,"date":"2019-07-15T14:15:59","date_gmt":"2019-07-15T12:15:59","guid":{"rendered":"https:\/\/www.guide-deuil.com\/?p=748"},"modified":"2026-02-25T14:48:58","modified_gmt":"2026-02-25T13:48:58","slug":"deuil-perinatal-sujet-tabou-traumatisant","status":"publish","type":"post","link":"https:\/\/www.interflora.fr\/blog\/deuil-perinatal-sujet-tabou-traumatisant\/","title":{"rendered":"Deuil p\u00e9rinatal : un sujet tabou pour un v\u00e9ritable traumatisme"},"content":{"rendered":"\n<p class=\"has-drop-cap\"><strong>Est-il au monde une douleur plus cruelle, plus aigu\u00eb, que celle de la <a href=\"\/blog\/perdre-un-enfant-surmonter-le-deuil\/\">perte d\u2019un enfant<\/a> ? Nous ne sommes ni philosophiquement ni biologiquement pr\u00e9par\u00e9s \u00e0 survivre \u00e0 notre descendance. Lorsque cette trag\u00e9die survient, les parents sont alors confront\u00e9s \u00e0 l\u2019\u00e9trange solitude des chagrins trop immenses pour \u00eatre dits. Le deuil p\u00e9rinatal enferme donc souvent dans un silence, cr\u00e9ant ainsi une sorte de tabou autour d\u2019un traumatisme insurmontable. <\/strong><\/p>\n\n\n<div class=\"lp-produits-grid\"><div class=\"lp-produit\"><div class=\"lp-thumbnail-wrapper\"><img loading=\"lazy\" decoding=\"async\" width=\"300\" height=\"300\" src=\"https:\/\/www.interflora.fr\/blog\/wp-content\/uploads\/2025\/05\/6RE-800Wx800H-0-1-11-300x300.jpg\" class=\"attachment-medium size-medium wp-post-image\" alt=\"\" srcset=\"https:\/\/www.interflora.fr\/blog\/wp-content\/uploads\/2025\/05\/6RE-800Wx800H-0-1-11-300x300.jpg 300w, https:\/\/www.interflora.fr\/blog\/wp-content\/uploads\/2025\/05\/6RE-800Wx800H-0-1-11-150x150.jpg 150w, https:\/\/www.interflora.fr\/blog\/wp-content\/uploads\/2025\/05\/6RE-800Wx800H-0-1-11-768x768.jpg 768w, https:\/\/www.interflora.fr\/blog\/wp-content\/uploads\/2025\/05\/6RE-800Wx800H-0-1-11.jpg 800w\" sizes=\"auto, (max-width: 300px) 100vw, 300px\" \/><img decoding=\"async\" class=\"lp-badge\" src=\"https:\/\/www.interflora.fr\/blog\/wp-content\/uploads\/2025\/06\/logo-circle.png\" alt=\"Livraison rapide Interflora\"><\/div><span>R\u00e9confort \u00e9ternel<\/span><p>69.95 \u20ac<\/p><span class=\"obf-link lp-cta\" role=\"link\" tabindex=\"0\" data-b64=\"aHR0cHM6Ly93d3cuaW50ZXJmbG9yYS5mci9wL2RldWlsLWNvdXNzaW4tcmVjb25mb3J0LWV0ZXJuZWwvMS9GUj91dG1fbWVkaXVtPW9yZ2FuaWMmdXRtX3NvdXJjZT1ibG9nX3Byb2R1Y3RzJnV0bV9jYW1wYWlnbj02UkU=\" data-target=\"_blank\"><svg xmlns=\"http:\/\/www.w3.org\/2000\/svg\" width=\"16\" height=\"16\" fill=\"currentColor\" class=\"bi bi-bag\" viewBox=\"0 0 16 16\"><path d=\"M8 1a2 2 0 0 1 2 2v1h2.5A1.5 1.5 0 0 1 14 5.5v8A1.5 1.5 0 0 1 12.5 15h-9A1.5 1.5 0 0 1 2 13.5v-8A1.5 1.5 0 0 1 3.5 3H6V2a2 2 0 0 1 2-1zm1 3V3a1 1 0 0 0-2 0v1h2z\"\/><\/svg>Voir le produit<\/span><p class=\"rapido\">Fleurs fra\u00eeches<\/p><\/div><div class=\"lp-produit\"><div class=\"lp-thumbnail-wrapper\"><img loading=\"lazy\" decoding=\"async\" width=\"300\" height=\"300\" src=\"https:\/\/www.interflora.fr\/blog\/wp-content\/uploads\/2025\/05\/6DCO-800Wx800H-0-1-13-300x300.jpg\" class=\"attachment-medium size-medium wp-post-image\" alt=\"\" srcset=\"https:\/\/www.interflora.fr\/blog\/wp-content\/uploads\/2025\/05\/6DCO-800Wx800H-0-1-13-300x300.jpg 300w, https:\/\/www.interflora.fr\/blog\/wp-content\/uploads\/2025\/05\/6DCO-800Wx800H-0-1-13-150x150.jpg 150w, https:\/\/www.interflora.fr\/blog\/wp-content\/uploads\/2025\/05\/6DCO-800Wx800H-0-1-13-768x768.jpg 768w, https:\/\/www.interflora.fr\/blog\/wp-content\/uploads\/2025\/05\/6DCO-800Wx800H-0-1-13.jpg 800w\" sizes=\"auto, (max-width: 300px) 100vw, 300px\" \/><img decoding=\"async\" class=\"lp-badge\" src=\"https:\/\/www.interflora.fr\/blog\/wp-content\/uploads\/2025\/06\/logo-circle.png\" alt=\"Livraison rapide Interflora\"><\/div><span>Douce compassion<\/span><p>42.95 \u20ac<\/p><span class=\"obf-link lp-cta\" role=\"link\" tabindex=\"0\" data-b64=\"aHR0cHM6Ly93d3cuaW50ZXJmbG9yYS5mci9wL2RldWlsLWNvdXBlLXBsYW50ZXMtZG91Y2UtY29tcGFzc2lvbi8xL0ZSP3V0bV9tZWRpdW09b3JnYW5pYyZ1dG1fc291cmNlPWJsb2dfcHJvZHVjdHMmdXRtX2NhbXBhaWduPTZEQ08=\" data-target=\"_blank\"><svg xmlns=\"http:\/\/www.w3.org\/2000\/svg\" width=\"16\" height=\"16\" fill=\"currentColor\" class=\"bi bi-bag\" viewBox=\"0 0 16 16\"><path d=\"M8 1a2 2 0 0 1 2 2v1h2.5A1.5 1.5 0 0 1 14 5.5v8A1.5 1.5 0 0 1 12.5 15h-9A1.5 1.5 0 0 1 2 13.5v-8A1.5 1.5 0 0 1 3.5 3H6V2a2 2 0 0 1 2-1zm1 3V3a1 1 0 0 0-2 0v1h2z\"\/><\/svg>Voir le produit<\/span><p class=\"rapido\">Fleurs fra\u00eeches<\/p><\/div><div class=\"lp-produit\"><div class=\"lp-thumbnail-wrapper\"><img loading=\"lazy\" decoding=\"async\" width=\"300\" height=\"300\" src=\"https:\/\/www.interflora.fr\/blog\/wp-content\/uploads\/2025\/05\/6VAW-800Wx800H-0-1-10-300x300.jpg\" class=\"attachment-medium size-medium wp-post-image\" alt=\"\" srcset=\"https:\/\/www.interflora.fr\/blog\/wp-content\/uploads\/2025\/05\/6VAW-800Wx800H-0-1-10-300x300.jpg 300w, https:\/\/www.interflora.fr\/blog\/wp-content\/uploads\/2025\/05\/6VAW-800Wx800H-0-1-10-150x150.jpg 150w, https:\/\/www.interflora.fr\/blog\/wp-content\/uploads\/2025\/05\/6VAW-800Wx800H-0-1-10-768x768.jpg 768w, https:\/\/www.interflora.fr\/blog\/wp-content\/uploads\/2025\/05\/6VAW-800Wx800H-0-1-10.jpg 800w\" sizes=\"auto, (max-width: 300px) 100vw, 300px\" \/><img decoding=\"async\" class=\"lp-badge\" src=\"https:\/\/www.interflora.fr\/blog\/wp-content\/uploads\/2025\/06\/logo-circle.png\" alt=\"Livraison rapide Interflora\"><\/div><span>Voyage astral blanc<\/span><p>139 \u20ac<\/p><span class=\"obf-link lp-cta\" role=\"link\" tabindex=\"0\" data-b64=\"aHR0cHM6Ly93d3cuaW50ZXJmbG9yYS5mci9wL2RldWlsLWNvdXBlLXBsYW50ZXMtdm95YWdlLWFzdHJhbC1ibGFuYy8xL0ZSP3V0bV9tZWRpdW09b3JnYW5pYyZ1dG1fc291cmNlPWJsb2dfcHJvZHVjdHMmdXRtX2NhbXBhaWduPTZWQVc=\" data-target=\"_blank\"><svg xmlns=\"http:\/\/www.w3.org\/2000\/svg\" width=\"16\" height=\"16\" fill=\"currentColor\" class=\"bi bi-bag\" viewBox=\"0 0 16 16\"><path d=\"M8 1a2 2 0 0 1 2 2v1h2.5A1.5 1.5 0 0 1 14 5.5v8A1.5 1.5 0 0 1 12.5 15h-9A1.5 1.5 0 0 1 2 13.5v-8A1.5 1.5 0 0 1 3.5 3H6V2a2 2 0 0 1 2-1zm1 3V3a1 1 0 0 0-2 0v1h2z\"\/><\/svg>Voir le produit<\/span><p class=\"rapido\">Top produit<\/p><\/div><div class=\"lp-produit\"><div class=\"lp-thumbnail-wrapper\"><img loading=\"lazy\" decoding=\"async\" width=\"300\" height=\"300\" src=\"https:\/\/www.interflora.fr\/blog\/wp-content\/uploads\/2025\/05\/6EE-800Wx800H-0-1-12-300x300.jpg\" class=\"attachment-medium size-medium wp-post-image\" alt=\"\" srcset=\"https:\/\/www.interflora.fr\/blog\/wp-content\/uploads\/2025\/05\/6EE-800Wx800H-0-1-12-300x300.jpg 300w, https:\/\/www.interflora.fr\/blog\/wp-content\/uploads\/2025\/05\/6EE-800Wx800H-0-1-12-150x150.jpg 150w, https:\/\/www.interflora.fr\/blog\/wp-content\/uploads\/2025\/05\/6EE-800Wx800H-0-1-12-768x768.jpg 768w, https:\/\/www.interflora.fr\/blog\/wp-content\/uploads\/2025\/05\/6EE-800Wx800H-0-1-12.jpg 800w\" sizes=\"auto, (max-width: 300px) 100vw, 300px\" \/><img decoding=\"async\" class=\"lp-badge\" src=\"https:\/\/www.interflora.fr\/blog\/wp-content\/uploads\/2025\/06\/logo-circle.png\" alt=\"Livraison rapide Interflora\"><\/div><span>Eclosion d&rsquo;espoir<\/span><p>55.95 \u20ac<\/p><span class=\"obf-link lp-cta\" role=\"link\" tabindex=\"0\" data-b64=\"aHR0cHM6Ly93d3cuaW50ZXJmbG9yYS5mci9wL2RldWlsLWJvdXF1ZXQtZWNsb3Npb24tZXNwb2lyLzEvRlI\/dXRtX21lZGl1bT1vcmdhbmljJnV0bV9zb3VyY2U9YmxvZ19wcm9kdWN0cyZ1dG1fY2FtcGFpZ249NkVF\" data-target=\"_blank\"><svg xmlns=\"http:\/\/www.w3.org\/2000\/svg\" width=\"16\" height=\"16\" fill=\"currentColor\" class=\"bi bi-bag\" viewBox=\"0 0 16 16\"><path d=\"M8 1a2 2 0 0 1 2 2v1h2.5A1.5 1.5 0 0 1 14 5.5v8A1.5 1.5 0 0 1 12.5 15h-9A1.5 1.5 0 0 1 2 13.5v-8A1.5 1.5 0 0 1 3.5 3H6V2a2 2 0 0 1 2-1zm1 3V3a1 1 0 0 0-2 0v1h2z\"\/><\/svg>Voir le produit<\/span><p class=\"rapido\">Top produit<\/p><\/div><\/div>\n\n\n\n<div style=\"height:18px\" aria-hidden=\"true\" class=\"wp-block-spacer\"><\/div>\n\n\n\n<h2 class=\"wp-block-heading\"><strong>Comprendre\nque chaque cas est unique<\/strong><\/h2>\n\n\n\n<p>Les <strong>r\u00e9actions parfois maladroites<\/strong> ou embarrass\u00e9es des proches contribuent souvent \u00e0 aggraver ce tabou: l\u2019injonction \u00e0 \u201cavoir rapidement un autre enfant\u201d ou au contraire \u00e0 \u201cne pas oublier\u201d peut accro\u00eetre le d\u00e9sarroi dans lequel se trouve la maman brutalement priv\u00e9e du b\u00e9b\u00e9 que le couple attendait avec impatience. \u201cFaire le deuil de son enfant\u201d peut aussi \u00eatre <strong>v\u00e9cu comme une pression<\/strong> de la part d\u2019un entourage, et de toute la soci\u00e9t\u00e9, pour lesquels le d\u00e9c\u00e8s d\u2019un tout-petit est encore une chose \u00e0 oublier rapidement et dont il ne faudrait pas parler. En r\u00e9alit\u00e9, c\u2019est peut-\u00eatre l\u00e0 le plus important : si rien ne console de cette perte irr\u00e9m\u00e9diable, <strong>il est n\u00e9cessaire de trouver les mots<\/strong>, et les moyens adapt\u00e9s \u00e0 chacune, pour surmonter ce trauma.&nbsp; <\/p>\n\n\n\n<h3 class=\"wp-block-heading\"><strong>Le cas du deuil p\u00e9rinatal<\/strong><\/h3>\n\n\n\n<p>Pendant longtemps, ce qu\u2019on a appel\u00e9 \u201cla conspiration du silence\u201d faisait presque obligation \u00e0 la jeune maman d\u00e9munie de passer \u00e0 autre chose, d\u2019envisager rapidement un b\u00e9b\u00e9 \u201cde remplacement\u201d, et de <strong>ne pas s\u2019enfermer dans une p\u00e9riode noire<\/strong> de la vie du couple. Les p\u00e8res \u00e9taient eux aussi relativement priv\u00e9s du droit d\u2019exprimer leur douleur, m\u00eame lorsque cette souffrance \u00e9tait tr\u00e8s intense. A l\u2019inverse, aujourd\u2019hui, il est largement admis que <strong>la m\u00e8re priv\u00e9e de son enfant doit pouvoir parler<\/strong> mais cette p\u00e9riode de deuil risque, dans certains cas, de la brusquer \u00e9galement. <\/p>\n\n\n\n<p>L\u2019important est donc de comprendre que <strong>chaque cas est absolument unique<\/strong>. Certaines m\u00e8res ont besoin d\u2019une p\u00e9riode de silence qui leur permet de d\u00e9nouer en douceur le lien tr\u00e8s fort qui les unissait \u00e0 cet enfant juste n\u00e9 ou en devenir mais qu\u2019elles aimaient d\u00e9j\u00e0. D\u2019autres ont au contraire besoin de mettre des mots sur le drame qu\u2019elles vivent, que ce soit aupr\u00e8s d\u2019un proche, de la personne qui partage leur vie, ou encore d\u2019un professionnel de l\u2019\u00e9coute ou de sant\u00e9. Ces derniers sont d\u2019ailleurs mieux form\u00e9s depuis plusieurs ann\u00e9es pour accompagner leurs patientes et recueillir leur parole accentuer la situation grave qu\u2019elles traversent. <\/p>\n\n\n\n<p>Il est, entre autres, possible de voir son b\u00e9b\u00e9, de lui donner un nom et de l\u2019inscrire \u00e0 l\u2019\u00e9tat-civil comme la personne \u00e0 part enti\u00e8re qu\u2019il aurait d\u00fb \u00eatre. Ces moments rel\u00e8vent du libre choix du couple et de la m\u00e8re. Selon les personnes, cette derni\u00e8re rencontre avec son enfant, qui peut recevoir aussi de v\u00e9ritables fun\u00e9railles, permet de mieux appr\u00e9hender ce qui est en train de se passer. C\u2019est une occasion de lui exprimer une derni\u00e8re fois de l\u2019amour, ou tout simplement de<strong> rendre r\u00e9el un d\u00e9c\u00e8s<\/strong> qui, apr\u00e8s des mois de grossesse voire un accouchement, peut sembler du domaine du cauchemar emp\u00eachant les \u00e9tapes du deuil. L\u00e0 encore, l\u2019essentiel est d\u2019<strong>\u00e9viter toute pression psychologique<\/strong> suppl\u00e9mentaire et de laisser la m\u00e8re et l\u2019autre parent libres d\u2019exprimer leurs volont\u00e9s. <\/p>\n\n\n\n<p><strong>Lire aussi : <\/strong><\/p>\n\n\n\n<ul class=\"wp-block-list\">\n<li><a href=\"\/blog\/du-deuil-normal-au-deuil-pathologique-symptomes-causes-et-traitements\/\">Du deuil normal au deuil pathologique : sympt\u00f4mes, causes et traitements<\/a><\/li>\n<\/ul>\n\n\n\n<h2 class=\"wp-block-heading\">Un imp\u00e9ratif : ne pas s\u2019isoler <\/h2>\n\n\n\n<p>Pour autant, s\u2019il est crucial que chaque\nparent puisse vivre ce moment douloureux selon sa sensibilit\u00e9, son histoire et\nsa culture, il est \u00e9galement indispensable de ne pas s\u2019isoler pour ne pas\nplonger dans une spirale d\u00e9pressive ou morbide. <\/p>\n\n\n\n<h3 class=\"wp-block-heading\">Parler et s&rsquo;exprimer librement<\/h3>\n\n\n\n<p><strong>La parole doit pouvoir circuler<\/strong> en s\u00e9curit\u00e9 dans le cercle familial, c\u2019est m\u00eame un \u00e9l\u00e9ment-clef du processus de deuil. Retrouver un <strong>espace de dialogue<\/strong> avec sa compagne ou son compagnon est tr\u00e8s important pour pouvoir \u00e9changer sur une trag\u00e9die v\u00e9cue \u00e0 deux, prendre des d\u00e9cisions importantes comme l\u2019inhumation par exemple, ou encore <strong>se projeter dans un avenir commun<\/strong> sans ce b\u00e9b\u00e9. Discuter avec ses autres enfants permet aussi de v\u00e9rifier comment ils vivent la situation, comment ils la comprennent, et de s\u2019apporter mutuellement un soutien pr\u00e9cieux dans ce moment de peine pour toute la famille. Cela permet aussi de donner une place dans la fratrie \u00e0 cet enfant trop t\u00f4t disparu, tout en n\u2019amoindrissant pas celle de chacune et chacun des autres membres, pleinement associ\u00e9s \u00e0 la vie de la famille. <\/p>\n\n\n\n<h3 class=\"wp-block-heading\">Se faire aider par des professionnels<\/h3>\n\n\n\n<p>Il est parfois trop difficile de prendre la parole dans le cercle familial. Dans ces cas-l\u00e0, il ne faut pas h\u00e9siter \u00e0 en sortir pour <strong>solliciter l\u2019oreille attentive de professionnels<\/strong>. Il peut s\u2019agir par exemple des <strong>personnels de pompes fun\u00e8bres<\/strong>, qui peuvent assister les parents endeuill\u00e9s dans l\u2019organisation d\u2019une c\u00e9r\u00e9monie de derniers adieux permettant d\u2019att\u00e9nuer leur peine. Ou encore pour un monument fun\u00e9raire qui les apaisera lorsqu\u2019ils visiteront leur enfant dans les futures ann\u00e9es. Il peut aussi s\u2019agir de <strong>psychiatres et psychologues<\/strong>, ou de personnels m\u00e9dicaux sp\u00e9cialement form\u00e9s, en particulier dans le cas des interventions m\u00e9dicales de grossesse lorsque les parents font face \u00e0 une grave difficult\u00e9 m\u00e9dicale. Certaines maternit\u00e9s ont aussi ouvert des groupes de soutien et de parole. Il est \u00e9galement possible d\u2019avoir recours \u00e0 des <strong>aidants issus d\u2019associations d\u2019\u00e9coute<\/strong> comme \u201c<a href=\"https:\/\/www.apprivoiserlabsence.com\/\">Apprivoiser l\u2019absence<\/a>\u201d.<\/p>\n\n\n\n<p>Beaucoup de sentiments doivent \u00eatre exprim\u00e9s \u00e0 l\u2019occasion du deuil d\u2019un enfant : la tristesse infinie bien s\u00fbr, mais aussi la col\u00e8re, le sentiment de vide, d\u2019\u00e9chec voire de culpabilit\u00e9&#8230;<strong>Le deuil p\u00e9rinatal<\/strong> est une v\u00e9ritable \u00e9preuve physique mais aussi psychologique. Il est donc absolument recommand\u00e9 de trouver le <strong>cadre de confiance<\/strong> dans lequel dire ces sentiments sur lesquels il n\u2019est pas toujours facile de mettre des mots.<\/p>\n\n\n<div class=\"lp-produits-grid\"><div class=\"lp-produit\"><div class=\"lp-thumbnail-wrapper\"><img loading=\"lazy\" decoding=\"async\" width=\"300\" height=\"300\" src=\"https:\/\/www.interflora.fr\/blog\/wp-content\/uploads\/2025\/05\/6AE-800Wx800H-0-1-13-300x300.jpg\" class=\"attachment-medium size-medium wp-post-image\" alt=\"\" srcset=\"https:\/\/www.interflora.fr\/blog\/wp-content\/uploads\/2025\/05\/6AE-800Wx800H-0-1-13-300x300.jpg 300w, https:\/\/www.interflora.fr\/blog\/wp-content\/uploads\/2025\/05\/6AE-800Wx800H-0-1-13-150x150.jpg 150w, https:\/\/www.interflora.fr\/blog\/wp-content\/uploads\/2025\/05\/6AE-800Wx800H-0-1-13-768x768.jpg 768w, https:\/\/www.interflora.fr\/blog\/wp-content\/uploads\/2025\/05\/6AE-800Wx800H-0-1-13.jpg 800w\" sizes=\"auto, (max-width: 300px) 100vw, 300px\" \/><img decoding=\"async\" class=\"lp-badge\" src=\"https:\/\/www.interflora.fr\/blog\/wp-content\/uploads\/2025\/06\/logo-circle.png\" alt=\"Livraison rapide Interflora\"><\/div><span>Amiti\u00e9 \u00e9ternelle<\/span><p>49.95 \u20ac<\/p><span class=\"obf-link lp-cta\" role=\"link\" tabindex=\"0\" data-b64=\"aHR0cHM6Ly93d3cuaW50ZXJmbG9yYS5mci9wL2RldWlsLWNvdXBlLXBsYW50ZXMtYW1pdGllLWV0ZXJuZWxsZS8xL0ZSP3V0bV9tZWRpdW09b3JnYW5pYyZ1dG1fc291cmNlPWJsb2dfcHJvZHVjdHMmdXRtX2NhbXBhaWduPTZBRQ==\" data-target=\"_blank\"><svg xmlns=\"http:\/\/www.w3.org\/2000\/svg\" width=\"16\" height=\"16\" fill=\"currentColor\" class=\"bi bi-bag\" viewBox=\"0 0 16 16\"><path d=\"M8 1a2 2 0 0 1 2 2v1h2.5A1.5 1.5 0 0 1 14 5.5v8A1.5 1.5 0 0 1 12.5 15h-9A1.5 1.5 0 0 1 2 13.5v-8A1.5 1.5 0 0 1 3.5 3H6V2a2 2 0 0 1 2-1zm1 3V3a1 1 0 0 0-2 0v1h2z\"\/><\/svg>Voir le produit<\/span><p class=\"rapido\">Top produit<\/p><\/div><div class=\"lp-produit\"><div class=\"lp-thumbnail-wrapper\"><img loading=\"lazy\" decoding=\"async\" width=\"300\" height=\"300\" src=\"https:\/\/www.interflora.fr\/blog\/wp-content\/uploads\/2025\/05\/6EE-800Wx800H-0-1-12-300x300.jpg\" class=\"attachment-medium size-medium wp-post-image\" alt=\"\" srcset=\"https:\/\/www.interflora.fr\/blog\/wp-content\/uploads\/2025\/05\/6EE-800Wx800H-0-1-12-300x300.jpg 300w, https:\/\/www.interflora.fr\/blog\/wp-content\/uploads\/2025\/05\/6EE-800Wx800H-0-1-12-150x150.jpg 150w, https:\/\/www.interflora.fr\/blog\/wp-content\/uploads\/2025\/05\/6EE-800Wx800H-0-1-12-768x768.jpg 768w, https:\/\/www.interflora.fr\/blog\/wp-content\/uploads\/2025\/05\/6EE-800Wx800H-0-1-12.jpg 800w\" sizes=\"auto, (max-width: 300px) 100vw, 300px\" \/><img decoding=\"async\" class=\"lp-badge\" src=\"https:\/\/www.interflora.fr\/blog\/wp-content\/uploads\/2025\/06\/logo-circle.png\" alt=\"Livraison rapide Interflora\"><\/div><span>Eclosion d&rsquo;espoir<\/span><p>55.95 \u20ac<\/p><span class=\"obf-link lp-cta\" role=\"link\" tabindex=\"0\" data-b64=\"aHR0cHM6Ly93d3cuaW50ZXJmbG9yYS5mci9wL2RldWlsLWJvdXF1ZXQtZWNsb3Npb24tZXNwb2lyLzEvRlI\/dXRtX21lZGl1bT1vcmdhbmljJnV0bV9zb3VyY2U9YmxvZ19wcm9kdWN0cyZ1dG1fY2FtcGFpZ249NkVF\" data-target=\"_blank\"><svg xmlns=\"http:\/\/www.w3.org\/2000\/svg\" width=\"16\" height=\"16\" fill=\"currentColor\" class=\"bi bi-bag\" viewBox=\"0 0 16 16\"><path d=\"M8 1a2 2 0 0 1 2 2v1h2.5A1.5 1.5 0 0 1 14 5.5v8A1.5 1.5 0 0 1 12.5 15h-9A1.5 1.5 0 0 1 2 13.5v-8A1.5 1.5 0 0 1 3.5 3H6V2a2 2 0 0 1 2-1zm1 3V3a1 1 0 0 0-2 0v1h2z\"\/><\/svg>Voir le produit<\/span><p class=\"rapido\">Fleurs fra\u00eeches<\/p><\/div><div class=\"lp-produit\"><div class=\"lp-thumbnail-wrapper\"><img loading=\"lazy\" decoding=\"async\" width=\"300\" height=\"300\" src=\"https:\/\/www.interflora.fr\/blog\/wp-content\/uploads\/2025\/05\/6RE-800Wx800H-0-1-11-300x300.jpg\" class=\"attachment-medium size-medium wp-post-image\" alt=\"\" srcset=\"https:\/\/www.interflora.fr\/blog\/wp-content\/uploads\/2025\/05\/6RE-800Wx800H-0-1-11-300x300.jpg 300w, https:\/\/www.interflora.fr\/blog\/wp-content\/uploads\/2025\/05\/6RE-800Wx800H-0-1-11-150x150.jpg 150w, https:\/\/www.interflora.fr\/blog\/wp-content\/uploads\/2025\/05\/6RE-800Wx800H-0-1-11-768x768.jpg 768w, https:\/\/www.interflora.fr\/blog\/wp-content\/uploads\/2025\/05\/6RE-800Wx800H-0-1-11.jpg 800w\" sizes=\"auto, (max-width: 300px) 100vw, 300px\" \/><img decoding=\"async\" class=\"lp-badge\" src=\"https:\/\/www.interflora.fr\/blog\/wp-content\/uploads\/2025\/06\/logo-circle.png\" alt=\"Livraison rapide Interflora\"><\/div><span>R\u00e9confort \u00e9ternel<\/span><p>69.95 \u20ac<\/p><span class=\"obf-link lp-cta\" role=\"link\" tabindex=\"0\" data-b64=\"aHR0cHM6Ly93d3cuaW50ZXJmbG9yYS5mci9wL2RldWlsLWNvdXNzaW4tcmVjb25mb3J0LWV0ZXJuZWwvMS9GUj91dG1fbWVkaXVtPW9yZ2FuaWMmdXRtX3NvdXJjZT1ibG9nX3Byb2R1Y3RzJnV0bV9jYW1wYWlnbj02UkU=\" data-target=\"_blank\"><svg xmlns=\"http:\/\/www.w3.org\/2000\/svg\" width=\"16\" height=\"16\" fill=\"currentColor\" class=\"bi bi-bag\" viewBox=\"0 0 16 16\"><path d=\"M8 1a2 2 0 0 1 2 2v1h2.5A1.5 1.5 0 0 1 14 5.5v8A1.5 1.5 0 0 1 12.5 15h-9A1.5 1.5 0 0 1 2 13.5v-8A1.5 1.5 0 0 1 3.5 3H6V2a2 2 0 0 1 2-1zm1 3V3a1 1 0 0 0-2 0v1h2z\"\/><\/svg>Voir le produit<\/span><p class=\"rapido\">Top produit<\/p><\/div><div class=\"lp-produit\"><div class=\"lp-thumbnail-wrapper\"><img loading=\"lazy\" decoding=\"async\" width=\"300\" height=\"300\" src=\"https:\/\/www.interflora.fr\/blog\/wp-content\/uploads\/2025\/05\/6EGU-800Wx800H-0-1-5-300x300.jpg\" class=\"attachment-medium size-medium wp-post-image\" alt=\"\" srcset=\"https:\/\/www.interflora.fr\/blog\/wp-content\/uploads\/2025\/05\/6EGU-800Wx800H-0-1-5-300x300.jpg 300w, https:\/\/www.interflora.fr\/blog\/wp-content\/uploads\/2025\/05\/6EGU-800Wx800H-0-1-5-150x150.jpg 150w, https:\/\/www.interflora.fr\/blog\/wp-content\/uploads\/2025\/05\/6EGU-800Wx800H-0-1-5-768x768.jpg 768w, https:\/\/www.interflora.fr\/blog\/wp-content\/uploads\/2025\/05\/6EGU-800Wx800H-0-1-5.jpg 800w\" sizes=\"auto, (max-width: 300px) 100vw, 300px\" \/><img decoding=\"async\" class=\"lp-badge\" src=\"https:\/\/www.interflora.fr\/blog\/wp-content\/uploads\/2025\/06\/logo-circle.png\" alt=\"Livraison rapide Interflora\"><\/div><span>Eternelle gratitude et sa bulle d&rsquo;eau<\/span><p>56.95 \u20ac<\/p><span class=\"obf-link lp-cta\" role=\"link\" tabindex=\"0\" data-b64=\"aHR0cHM6Ly93d3cuaW50ZXJmbG9yYS5mci9wL2RldWlsLWJvdXF1ZXQtZXRlcm5lbGxlLWdyYXRpdHVkZS1idWxsZS1lYXUvMS9GUj91dG1fbWVkaXVtPW9yZ2FuaWMmdXRtX3NvdXJjZT1ibG9nX3Byb2R1Y3RzJnV0bV9jYW1wYWlnbj02RUdV\" data-target=\"_blank\"><svg xmlns=\"http:\/\/www.w3.org\/2000\/svg\" width=\"16\" height=\"16\" fill=\"currentColor\" class=\"bi bi-bag\" viewBox=\"0 0 16 16\"><path d=\"M8 1a2 2 0 0 1 2 2v1h2.5A1.5 1.5 0 0 1 14 5.5v8A1.5 1.5 0 0 1 12.5 15h-9A1.5 1.5 0 0 1 2 13.5v-8A1.5 1.5 0 0 1 3.5 3H6V2a2 2 0 0 1 2-1zm1 3V3a1 1 0 0 0-2 0v1h2z\"\/><\/svg>Voir le produit<\/span><p class=\"rapido\">Fleurs fra\u00eeches<\/p><\/div><\/div>\n\n\n\n<p><strong>Lire aussi : <\/strong><\/p>\n\n\n\n<ul class=\"wp-block-list\">\n<li><a href=\"\/blog\/conges-deces\/\">Cong\u00e9s en cas de d\u00e9c\u00e8s : quels sont vos droits ?<\/a><\/li>\n<\/ul>\n","protected":false},"excerpt":{"rendered":"<p>Est-il au monde une douleur plus cruelle, plus aigu\u00eb, que celle de la perte d\u2019un enfant ? Nous ne sommes ni philosophiquement ni biologiquement pr\u00e9par\u00e9s \u00e0 survivre \u00e0 notre descendance. Lorsque cette trag\u00e9die survient, les parents sont alors confront\u00e9s \u00e0 l\u2019\u00e9trange solitude des chagrins trop immenses pour \u00eatre dits. Le deuil p\u00e9rinatal enferme donc souvent dans un silence, cr\u00e9ant ainsi une sorte de tabou autour d\u2019un traumatisme insurmontable. <\/p>\n","protected":false},"author":1,"featured_media":19608,"comment_status":"open","ping_status":"open","sticky":false,"template":"","format":"standard","meta":{"_uag_custom_page_level_css":"","site-sidebar-layout":"default","site-content-layout":"","ast-site-content-layout":"default","site-content-style":"default","site-sidebar-style":"default","ast-global-header-display":"","ast-banner-title-visibility":"","ast-main-header-display":"","ast-hfb-above-header-display":"","ast-hfb-below-header-display":"","ast-hfb-mobile-header-display":"","site-post-title":"","ast-breadcrumbs-content":"","ast-featured-img":"","footer-sml-layout":"","ast-disable-related-posts":"","theme-transparent-header-meta":"","adv-header-id-meta":"","stick-header-meta":"","header-above-stick-meta":"","header-main-stick-meta":"","header-below-stick-meta":"","astra-migrate-meta-layouts":"default","ast-page-background-enabled":"default","ast-page-background-meta":{"desktop":{"background-color":"var(--ast-global-color-5)","background-image":"","background-repeat":"repeat","background-position":"center center","background-size":"auto","background-attachment":"scroll","background-type":"","background-media":"","overlay-type":"","overlay-color":"","overlay-opacity":"","overlay-gradient":""},"tablet":{"background-color":"","background-image":"","background-repeat":"repeat","background-position":"center center","background-size":"auto","background-attachment":"scroll","background-type":"","background-media":"","overlay-type":"","overlay-color":"","overlay-opacity":"","overlay-gradient":""},"mobile":{"background-color":"","background-image":"","background-repeat":"repeat","background-position":"center center","background-size":"auto","background-attachment":"scroll","background-type":"","background-media":"","overlay-type":"","overlay-color":"","overlay-opacity":"","overlay-gradient":""}},"ast-content-background-meta":{"desktop":{"background-color":"var(--ast-global-color-4)","background-image":"","background-repeat":"repeat","background-position":"center center","background-size":"auto","background-attachment":"scroll","background-type":"","background-media":"","overlay-type":"","overlay-color":"","overlay-opacity":"","overlay-gradient":""},"tablet":{"background-color":"var(--ast-global-color-4)","background-image":"","background-repeat":"repeat","background-position":"center center","background-size":"auto","background-attachment":"scroll","background-type":"","background-media":"","overlay-type":"","overlay-color":"","overlay-opacity":"","overlay-gradient":""},"mobile":{"background-color":"var(--ast-global-color-4)","background-image":"","background-repeat":"repeat","background-position":"center center","background-size":"auto","background-attachment":"scroll","background-type":"","background-media":"","overlay-type":"","overlay-color":"","overlay-opacity":"","overlay-gradient":""}},"footnotes":""},"categories":[263],"tags":[264],"class_list":["post-19308","post","type-post","status-publish","format-standard","has-post-thumbnail","hentry","category-deuil","tag-deuil"],"uagb_featured_image_src":{"full":false,"thumbnail":false,"medium":false,"medium_large":false,"large":false,"1536x1536":false,"2048x2048":false},"uagb_author_info":{"display_name":"admin","author_link":"https:\/\/www.interflora.fr\/blog\/author\/admin\/"},"uagb_comment_info":5,"uagb_excerpt":"Est-il au monde une douleur plus cruelle, plus aigu\u00eb, que celle de la perte d\u2019un enfant ? Nous ne sommes ni philosophiquement ni biologiquement pr\u00e9par\u00e9s \u00e0 survivre \u00e0 notre descendance. Lorsque cette trag\u00e9die survient, les parents sont alors confront\u00e9s \u00e0 l\u2019\u00e9trange solitude des chagrins trop immenses pour \u00eatre dits. Le deuil p\u00e9rinatal enferme donc souvent\u2026","yoast_meta":{"title":"Deuil p\u00e9rinatal: sujet tabou et traumatisme insurmontable %%sep%% %%sitename%%","description":"Le deuil p\u00e9rinatal enferme souvent dans un silence, o\u00f9 les pressions psychologiques familiales sont omnipr\u00e9sentes. Parler et se faire aider est essentiel."},"_links":{"self":[{"href":"https:\/\/www.interflora.fr\/blog\/wp-json\/wp\/v2\/posts\/19308","targetHints":{"allow":["GET"]}}],"collection":[{"href":"https:\/\/www.interflora.fr\/blog\/wp-json\/wp\/v2\/posts"}],"about":[{"href":"https:\/\/www.interflora.fr\/blog\/wp-json\/wp\/v2\/types\/post"}],"author":[{"embeddable":true,"href":"https:\/\/www.interflora.fr\/blog\/wp-json\/wp\/v2\/users\/1"}],"replies":[{"embeddable":true,"href":"https:\/\/www.interflora.fr\/blog\/wp-json\/wp\/v2\/comments?post=19308"}],"version-history":[{"count":1,"href":"https:\/\/www.interflora.fr\/blog\/wp-json\/wp\/v2\/posts\/19308\/revisions"}],"predecessor-version":[{"id":58120,"href":"https:\/\/www.interflora.fr\/blog\/wp-json\/wp\/v2\/posts\/19308\/revisions\/58120"}],"wp:featuredmedia":[{"embeddable":true,"href":"https:\/\/www.interflora.fr\/blog\/wp-json\/"}],"wp:attachment":[{"href":"https:\/\/www.interflora.fr\/blog\/wp-json\/wp\/v2\/media?parent=19308"}],"wp:term":[{"taxonomy":"category","embeddable":true,"href":"https:\/\/www.interflora.fr\/blog\/wp-json\/wp\/v2\/categories?post=19308"},{"taxonomy":"post_tag","embeddable":true,"href":"https:\/\/www.interflora.fr\/blog\/wp-json\/wp\/v2\/tags?post=19308"}],"curies":[{"name":"wp","href":"https:\/\/api.w.org\/{rel}","templated":true}]}}