{"id":19306,"date":"2019-07-01T16:57:46","date_gmt":"2019-07-01T14:57:46","guid":{"rendered":"https:\/\/www.guide-deuil.com\/?p=667"},"modified":"2025-06-23T11:15:30","modified_gmt":"2025-06-23T09:15:30","slug":"transformer-un-compte-facebook-en-compte-de-commemoration","status":"publish","type":"post","link":"https:\/\/www.interflora.fr\/blog\/transformer-un-compte-facebook-en-compte-de-commemoration\/","title":{"rendered":"Transformer un compte Facebook en compte de comm\u00e9moration"},"content":{"rendered":"\n<p class=\"has-drop-cap\"><strong>De notre naissance au jour de notre disparition, les r\u00e9seaux sociaux nous accompagnent et sont devenus une chronique presque quotidienne de notre vie. Tous les moments importants pour la famille, les enfants, les amis et coll\u00e8gues, y sont stock\u00e9s sous forme de photographies, de selfies, de vid\u00e9os, ou de messages post\u00e9s sur un mur. C\u2019est encore plus vrai pour le r\u00e9seau Facebook, de loin le pr\u00e9f\u00e9r\u00e9 des Fran\u00e7aises et des Fran\u00e7ais qui sont plus de 35 millions \u00e0 l\u2019utiliser activement chaque mois. Lors d\u2019une disparition et du deuil qui la suit, conserver cette trace num\u00e9rique essentielle est une pr\u00e9occupation l\u00e9gitime des proches. Cependant, parmi les formalit\u00e9s nombreuses qu\u2019entra\u00eene in\u00e9luctablement la perte d\u2019un \u00eatre aim\u00e9, la transformation des comptes de r\u00e9seaux sociaux peut para\u00eetre complexe. On peut aussi tout simplement oublier de g\u00e9rer cet aspect pourtant majeur de la m\u00e9moire du d\u00e9funt qu\u2019on souhaite honorer. Voici quelques conseils pratiques pour transformer sans difficult\u00e9 un compte Facebook en compte de comm\u00e9moration. <\/strong><\/p>\n\n\n<div class=\"lp-produits-grid\"><div class=\"lp-produit\"><div class=\"lp-thumbnail-wrapper\"><img loading=\"lazy\" decoding=\"async\" width=\"300\" height=\"300\" src=\"https:\/\/www.interflora.fr\/blog\/wp-content\/uploads\/2025\/05\/6EE-800Wx800H-0-1-12-300x300.jpg\" class=\"attachment-medium size-medium wp-post-image\" alt=\"\" srcset=\"https:\/\/www.interflora.fr\/blog\/wp-content\/uploads\/2025\/05\/6EE-800Wx800H-0-1-12-300x300.jpg 300w, https:\/\/www.interflora.fr\/blog\/wp-content\/uploads\/2025\/05\/6EE-800Wx800H-0-1-12-150x150.jpg 150w, https:\/\/www.interflora.fr\/blog\/wp-content\/uploads\/2025\/05\/6EE-800Wx800H-0-1-12-768x768.jpg 768w, https:\/\/www.interflora.fr\/blog\/wp-content\/uploads\/2025\/05\/6EE-800Wx800H-0-1-12.jpg 800w\" sizes=\"auto, (max-width: 300px) 100vw, 300px\" \/><img decoding=\"async\" class=\"lp-badge\" src=\"https:\/\/www.interflora.fr\/blog\/wp-content\/uploads\/2025\/06\/logo-circle.png\" alt=\"Livraison rapide Interflora\"><\/div><span>Eclosion d&rsquo;espoir<\/span><p>55.95 \u20ac<\/p><span class=\"obf-link lp-cta\" role=\"link\" tabindex=\"0\" data-b64=\"aHR0cHM6Ly93d3cuaW50ZXJmbG9yYS5mci9wL2RldWlsLWJvdXF1ZXQtZWNsb3Npb24tZXNwb2lyLzEvRlI\/dXRtX21lZGl1bT1vcmdhbmljJnV0bV9zb3VyY2U9YmxvZ19wcm9kdWN0cyZ1dG1fY2FtcGFpZ249NkVF\" data-target=\"_blank\"><svg xmlns=\"http:\/\/www.w3.org\/2000\/svg\" width=\"16\" height=\"16\" fill=\"currentColor\" class=\"bi bi-bag\" viewBox=\"0 0 16 16\"><path d=\"M8 1a2 2 0 0 1 2 2v1h2.5A1.5 1.5 0 0 1 14 5.5v8A1.5 1.5 0 0 1 12.5 15h-9A1.5 1.5 0 0 1 2 13.5v-8A1.5 1.5 0 0 1 3.5 3H6V2a2 2 0 0 1 2-1zm1 3V3a1 1 0 0 0-2 0v1h2z\"\/><\/svg>Voir le produit<\/span><p class=\"rapido\">Top produit<\/p><\/div><div class=\"lp-produit\"><div class=\"lp-thumbnail-wrapper\"><img loading=\"lazy\" decoding=\"async\" width=\"300\" height=\"300\" src=\"https:\/\/www.interflora.fr\/blog\/wp-content\/uploads\/2025\/05\/6DCO-800Wx800H-0-1-13-300x300.jpg\" class=\"attachment-medium size-medium wp-post-image\" alt=\"\" srcset=\"https:\/\/www.interflora.fr\/blog\/wp-content\/uploads\/2025\/05\/6DCO-800Wx800H-0-1-13-300x300.jpg 300w, https:\/\/www.interflora.fr\/blog\/wp-content\/uploads\/2025\/05\/6DCO-800Wx800H-0-1-13-150x150.jpg 150w, https:\/\/www.interflora.fr\/blog\/wp-content\/uploads\/2025\/05\/6DCO-800Wx800H-0-1-13-768x768.jpg 768w, https:\/\/www.interflora.fr\/blog\/wp-content\/uploads\/2025\/05\/6DCO-800Wx800H-0-1-13.jpg 800w\" sizes=\"auto, (max-width: 300px) 100vw, 300px\" \/><img decoding=\"async\" class=\"lp-badge\" src=\"https:\/\/www.interflora.fr\/blog\/wp-content\/uploads\/2025\/06\/logo-circle.png\" alt=\"Livraison rapide Interflora\"><\/div><span>Douce compassion<\/span><p>42.95 \u20ac<\/p><span class=\"obf-link lp-cta\" role=\"link\" tabindex=\"0\" data-b64=\"aHR0cHM6Ly93d3cuaW50ZXJmbG9yYS5mci9wL2RldWlsLWNvdXBlLXBsYW50ZXMtZG91Y2UtY29tcGFzc2lvbi8xL0ZSP3V0bV9tZWRpdW09b3JnYW5pYyZ1dG1fc291cmNlPWJsb2dfcHJvZHVjdHMmdXRtX2NhbXBhaWduPTZEQ08=\" data-target=\"_blank\"><svg xmlns=\"http:\/\/www.w3.org\/2000\/svg\" width=\"16\" height=\"16\" fill=\"currentColor\" class=\"bi bi-bag\" viewBox=\"0 0 16 16\"><path d=\"M8 1a2 2 0 0 1 2 2v1h2.5A1.5 1.5 0 0 1 14 5.5v8A1.5 1.5 0 0 1 12.5 15h-9A1.5 1.5 0 0 1 2 13.5v-8A1.5 1.5 0 0 1 3.5 3H6V2a2 2 0 0 1 2-1zm1 3V3a1 1 0 0 0-2 0v1h2z\"\/><\/svg>Voir le produit<\/span><p class=\"rapido\">Top produit<\/p><\/div><div class=\"lp-produit\"><div class=\"lp-thumbnail-wrapper\"><img loading=\"lazy\" decoding=\"async\" width=\"300\" height=\"300\" src=\"https:\/\/www.interflora.fr\/blog\/wp-content\/uploads\/2025\/05\/6RE-800Wx800H-0-1-11-300x300.jpg\" class=\"attachment-medium size-medium wp-post-image\" alt=\"\" srcset=\"https:\/\/www.interflora.fr\/blog\/wp-content\/uploads\/2025\/05\/6RE-800Wx800H-0-1-11-300x300.jpg 300w, https:\/\/www.interflora.fr\/blog\/wp-content\/uploads\/2025\/05\/6RE-800Wx800H-0-1-11-150x150.jpg 150w, https:\/\/www.interflora.fr\/blog\/wp-content\/uploads\/2025\/05\/6RE-800Wx800H-0-1-11-768x768.jpg 768w, https:\/\/www.interflora.fr\/blog\/wp-content\/uploads\/2025\/05\/6RE-800Wx800H-0-1-11.jpg 800w\" sizes=\"auto, (max-width: 300px) 100vw, 300px\" \/><img decoding=\"async\" class=\"lp-badge\" src=\"https:\/\/www.interflora.fr\/blog\/wp-content\/uploads\/2025\/06\/logo-circle.png\" alt=\"Livraison rapide Interflora\"><\/div><span>R\u00e9confort \u00e9ternel<\/span><p>69.95 \u20ac<\/p><span class=\"obf-link lp-cta\" role=\"link\" tabindex=\"0\" data-b64=\"aHR0cHM6Ly93d3cuaW50ZXJmbG9yYS5mci9wL2RldWlsLWNvdXNzaW4tcmVjb25mb3J0LWV0ZXJuZWwvMS9GUj91dG1fbWVkaXVtPW9yZ2FuaWMmdXRtX3NvdXJjZT1ibG9nX3Byb2R1Y3RzJnV0bV9jYW1wYWlnbj02UkU=\" data-target=\"_blank\"><svg xmlns=\"http:\/\/www.w3.org\/2000\/svg\" width=\"16\" height=\"16\" fill=\"currentColor\" class=\"bi bi-bag\" viewBox=\"0 0 16 16\"><path d=\"M8 1a2 2 0 0 1 2 2v1h2.5A1.5 1.5 0 0 1 14 5.5v8A1.5 1.5 0 0 1 12.5 15h-9A1.5 1.5 0 0 1 2 13.5v-8A1.5 1.5 0 0 1 3.5 3H6V2a2 2 0 0 1 2-1zm1 3V3a1 1 0 0 0-2 0v1h2z\"\/><\/svg>Voir le produit<\/span><p class=\"rapido\">Top produit<\/p><\/div><div class=\"lp-produit\"><div class=\"lp-thumbnail-wrapper\"><img loading=\"lazy\" decoding=\"async\" width=\"300\" height=\"300\" src=\"https:\/\/www.interflora.fr\/blog\/wp-content\/uploads\/2025\/05\/6ED-800Wx800H-0-1-12-300x300.jpg\" class=\"attachment-medium size-medium wp-post-image\" alt=\"\" srcset=\"https:\/\/www.interflora.fr\/blog\/wp-content\/uploads\/2025\/05\/6ED-800Wx800H-0-1-12-300x300.jpg 300w, https:\/\/www.interflora.fr\/blog\/wp-content\/uploads\/2025\/05\/6ED-800Wx800H-0-1-12-150x150.jpg 150w, https:\/\/www.interflora.fr\/blog\/wp-content\/uploads\/2025\/05\/6ED-800Wx800H-0-1-12-768x768.jpg 768w, https:\/\/www.interflora.fr\/blog\/wp-content\/uploads\/2025\/05\/6ED-800Wx800H-0-1-12.jpg 800w\" sizes=\"auto, (max-width: 300px) 100vw, 300px\" \/><img decoding=\"async\" class=\"lp-badge\" src=\"https:\/\/www.interflora.fr\/blog\/wp-content\/uploads\/2025\/06\/logo-circle.png\" alt=\"Livraison rapide Interflora\"><\/div><span>Eclat dor\u00e9<\/span><p>89.95 \u20ac<\/p><span class=\"obf-link lp-cta\" role=\"link\" tabindex=\"0\" data-b64=\"aHR0cHM6Ly93d3cuaW50ZXJmbG9yYS5mci9wL2RldWlsLWNvdXBlLWZsZXVycy1lY2xhdC1kb3JlLzEvRlI\/dXRtX21lZGl1bT1vcmdhbmljJnV0bV9zb3VyY2U9YmxvZ19wcm9kdWN0cyZ1dG1fY2FtcGFpZ249NkVE\" data-target=\"_blank\"><svg xmlns=\"http:\/\/www.w3.org\/2000\/svg\" width=\"16\" height=\"16\" fill=\"currentColor\" class=\"bi bi-bag\" viewBox=\"0 0 16 16\"><path d=\"M8 1a2 2 0 0 1 2 2v1h2.5A1.5 1.5 0 0 1 14 5.5v8A1.5 1.5 0 0 1 12.5 15h-9A1.5 1.5 0 0 1 2 13.5v-8A1.5 1.5 0 0 1 3.5 3H6V2a2 2 0 0 1 2-1zm1 3V3a1 1 0 0 0-2 0v1h2z\"\/><\/svg>Voir le produit<\/span><p class=\"rapido\">Livraison rapide<\/p><\/div><\/div>\n\n\n\n<div style=\"height:18px\" aria-hidden=\"true\" class=\"wp-block-spacer\"><\/div>\n\n\n\n<h2 class=\"wp-block-heading\">Qui peut s\u2019en occuper ? <\/h2>\n\n\n\n<p>C\u2019est souvent la premi\u00e8re question que l\u2019on se pose, et la plus importante : qui peut transformer le compte du ou de la disparue ? Nous conseillons de <strong>d\u00e9signer<\/strong> ce que Facebook appelle un <strong>\u201ccontact l\u00e9gataire\u201d<\/strong>. Exactement comme une sorte d\u2019<strong>ex\u00e9cuteur testamentaire en version num\u00e9rique<\/strong>, il lui incombera de g\u00e9rer les cons\u00e9quences du d\u00e9c\u00e8s pour ce qui concerne le compte Facebook. Il pourra ainsi modifier les photos de profil et de couverture, accepter ou non de nouveaux amis, ou par exemple d\u00e9poser un message d\u2019hommage annon\u00e7ant le d\u00e9c\u00e8s du titulaire du compte. S\u2019il d\u00e9cide de cr\u00e9er un espace d\u00e9di\u00e9 aux hommages, il peut choisir qui a le droit de les publier ou de les lire. Important \u00e0 noter : \u00e0 ce jour, Facebook n\u2019autorise \u00e0 choisir les contacts l\u00e9gataires que parmi ses propres amis Facebook. <strong>Il est possible de modifier ou de retirer le nom de son contact l\u00e9gataire<\/strong> \u00e0 tout moment sans difficult\u00e9. <\/p>\n\n\n\n<h2 class=\"wp-block-heading\">Automatique ou pas ? <\/h2>\n\n\n\n<p>Attention, la <strong>transformation d\u2019un compte Facebook<\/strong> en compte de comm\u00e9moration <strong>n\u2019est pas <\/strong>tout \u00e0 fait <strong>automatique<\/strong>. C\u2019est bien le propri\u00e9taire ou le contact l\u00e9gataire qui doivent d\u00e9cider si le compte est supprim\u00e9 (lorsque Facebook est inform\u00e9 du d\u00e9c\u00e8s) ou s\u2019il est transform\u00e9. Pour choisir, la manipulation est plut\u00f4t facile \u00e0 effectuer. <strong>Pour supprimer le compte<\/strong> apr\u00e8s le d\u00e9c\u00e8s: il faut cliquer sur le menu d\u00e9roulant du compte, puis sur Param\u00e8tres, G\u00e9rer le compte, puis Supprimer le compte, puis Demander la suppression du compte apr\u00e8s le d\u00e9c\u00e8s.<strong> Pour d\u00e9signer le contact l\u00e9gataire<\/strong>, l\u2019op\u00e9ration est presque identique: aller dans le menu profil, puis cliquer sur Param\u00e8tres, G\u00e9rer le compte, puis d\u00e9signer un contact l\u00e9gataire. Un message sera adress\u00e9e \u00e0 la personne avec toutes les instructions \u00e0 suivre. <\/p>\n\n\n\n<h2 class=\"wp-block-heading\">Comment fonctionne le compte de comm\u00e9moration ? <\/h2>\n\n\n\n<p>Les publications ne disparaissent pas et suivent les m\u00eame r\u00e8gles d\u2019affichage que celles que la personne avait choisies de son vivant. Pour ce qui concerne les publications sur le journal de comm\u00e9moration, elles ob\u00e9issent aux param\u00e8tres de confidentialit\u00e9 d\u00e9finies pour le compte. Il n\u2019est <strong>pas possible de se connecter \u00e0 un compte de comm\u00e9moration<\/strong> (pour lire des messages priv\u00e9s par exemple), comme il est impossible de le modifier en l\u2019absence de contact l\u00e9gataire. Enfin, d\u2019un point de vue plus formel: <strong>la mention \u201cEn souvenir\u201d<\/strong> pr\u00e9c\u00e8de le nom de la personne d\u00e9c\u00e9d\u00e9e. Le compte n\u2019appara\u00eetra plus dans les suggestions d\u2019amis, notamment dans la section \u201cVous connaissez peut-\u00eatre\u2026\u201d. <\/p>\n\n\n\n<p><strong>Lire aussi :<\/strong> <a href=\"\/blog\/du-deuil-normal-au-deuil-pathologique-symptomes-causes-et-traitements\/\" target=\"_blank\" rel=\"noreferrer noopener\">Du deuil normal au deuil pathologique : sympt\u00f4mes, causes et traitements<\/a><\/p>\n\n\n<div class=\"lp-produits-grid\"><div class=\"lp-produit\"><div class=\"lp-thumbnail-wrapper\"><img loading=\"lazy\" decoding=\"async\" width=\"300\" height=\"300\" src=\"https:\/\/www.interflora.fr\/blog\/wp-content\/uploads\/2025\/05\/6BHW-800Wx800H-0-1-13-300x300.jpg\" class=\"attachment-medium size-medium wp-post-image\" alt=\"\" srcset=\"https:\/\/www.interflora.fr\/blog\/wp-content\/uploads\/2025\/05\/6BHW-800Wx800H-0-1-13-300x300.jpg 300w, https:\/\/www.interflora.fr\/blog\/wp-content\/uploads\/2025\/05\/6BHW-800Wx800H-0-1-13-150x150.jpg 150w, https:\/\/www.interflora.fr\/blog\/wp-content\/uploads\/2025\/05\/6BHW-800Wx800H-0-1-13-768x768.jpg 768w, https:\/\/www.interflora.fr\/blog\/wp-content\/uploads\/2025\/05\/6BHW-800Wx800H-0-1-13.jpg 800w\" sizes=\"auto, (max-width: 300px) 100vw, 300px\" \/><img decoding=\"async\" class=\"lp-badge\" src=\"https:\/\/www.interflora.fr\/blog\/wp-content\/uploads\/2025\/06\/logo-circle.png\" alt=\"Livraison rapide Interflora\"><\/div><span>Bel hommage blanc<\/span><p>124 \u20ac<\/p><span class=\"obf-link lp-cta\" role=\"link\" tabindex=\"0\" data-b64=\"aHR0cHM6Ly93d3cuaW50ZXJmbG9yYS5mci9wL2RldWlsLWNvdXNzaW4tYmVsLWhvbW1hZ2UtYmxhbmMvMS9GUj91dG1fbWVkaXVtPW9yZ2FuaWMmdXRtX3NvdXJjZT1ibG9nX3Byb2R1Y3RzJnV0bV9jYW1wYWlnbj02QkhX\" data-target=\"_blank\"><svg xmlns=\"http:\/\/www.w3.org\/2000\/svg\" width=\"16\" height=\"16\" fill=\"currentColor\" class=\"bi bi-bag\" viewBox=\"0 0 16 16\"><path d=\"M8 1a2 2 0 0 1 2 2v1h2.5A1.5 1.5 0 0 1 14 5.5v8A1.5 1.5 0 0 1 12.5 15h-9A1.5 1.5 0 0 1 2 13.5v-8A1.5 1.5 0 0 1 3.5 3H6V2a2 2 0 0 1 2-1zm1 3V3a1 1 0 0 0-2 0v1h2z\"\/><\/svg>Voir le produit<\/span><p class=\"rapido\">Fleurs fra\u00eeches<\/p><\/div><div class=\"lp-produit\"><div class=\"lp-thumbnail-wrapper\"><img loading=\"lazy\" decoding=\"async\" width=\"300\" height=\"300\" src=\"https:\/\/www.interflora.fr\/blog\/wp-content\/uploads\/2025\/05\/6EGU-800Wx800H-0-1-5-300x300.jpg\" class=\"attachment-medium size-medium wp-post-image\" alt=\"\" srcset=\"https:\/\/www.interflora.fr\/blog\/wp-content\/uploads\/2025\/05\/6EGU-800Wx800H-0-1-5-300x300.jpg 300w, https:\/\/www.interflora.fr\/blog\/wp-content\/uploads\/2025\/05\/6EGU-800Wx800H-0-1-5-150x150.jpg 150w, https:\/\/www.interflora.fr\/blog\/wp-content\/uploads\/2025\/05\/6EGU-800Wx800H-0-1-5-768x768.jpg 768w, https:\/\/www.interflora.fr\/blog\/wp-content\/uploads\/2025\/05\/6EGU-800Wx800H-0-1-5.jpg 800w\" sizes=\"auto, (max-width: 300px) 100vw, 300px\" \/><img decoding=\"async\" class=\"lp-badge\" src=\"https:\/\/www.interflora.fr\/blog\/wp-content\/uploads\/2025\/06\/logo-circle.png\" alt=\"Livraison rapide Interflora\"><\/div><span>Eternelle gratitude et sa bulle d&rsquo;eau<\/span><p>56.95 \u20ac<\/p><span class=\"obf-link lp-cta\" role=\"link\" tabindex=\"0\" data-b64=\"aHR0cHM6Ly93d3cuaW50ZXJmbG9yYS5mci9wL2RldWlsLWJvdXF1ZXQtZXRlcm5lbGxlLWdyYXRpdHVkZS1idWxsZS1lYXUvMS9GUj91dG1fbWVkaXVtPW9yZ2FuaWMmdXRtX3NvdXJjZT1ibG9nX3Byb2R1Y3RzJnV0bV9jYW1wYWlnbj02RUdV\" data-target=\"_blank\"><svg xmlns=\"http:\/\/www.w3.org\/2000\/svg\" width=\"16\" height=\"16\" fill=\"currentColor\" class=\"bi bi-bag\" viewBox=\"0 0 16 16\"><path d=\"M8 1a2 2 0 0 1 2 2v1h2.5A1.5 1.5 0 0 1 14 5.5v8A1.5 1.5 0 0 1 12.5 15h-9A1.5 1.5 0 0 1 2 13.5v-8A1.5 1.5 0 0 1 3.5 3H6V2a2 2 0 0 1 2-1zm1 3V3a1 1 0 0 0-2 0v1h2z\"\/><\/svg>Voir le produit<\/span><p class=\"rapido\">Livraison rapide<\/p><\/div><div class=\"lp-produit\"><div class=\"lp-thumbnail-wrapper\"><img loading=\"lazy\" decoding=\"async\" width=\"300\" height=\"300\" src=\"https:\/\/www.interflora.fr\/blog\/wp-content\/uploads\/2025\/05\/6EE-800Wx800H-0-1-12-300x300.jpg\" class=\"attachment-medium size-medium wp-post-image\" alt=\"\" srcset=\"https:\/\/www.interflora.fr\/blog\/wp-content\/uploads\/2025\/05\/6EE-800Wx800H-0-1-12-300x300.jpg 300w, https:\/\/www.interflora.fr\/blog\/wp-content\/uploads\/2025\/05\/6EE-800Wx800H-0-1-12-150x150.jpg 150w, https:\/\/www.interflora.fr\/blog\/wp-content\/uploads\/2025\/05\/6EE-800Wx800H-0-1-12-768x768.jpg 768w, https:\/\/www.interflora.fr\/blog\/wp-content\/uploads\/2025\/05\/6EE-800Wx800H-0-1-12.jpg 800w\" sizes=\"auto, (max-width: 300px) 100vw, 300px\" \/><img decoding=\"async\" class=\"lp-badge\" src=\"https:\/\/www.interflora.fr\/blog\/wp-content\/uploads\/2025\/06\/logo-circle.png\" alt=\"Livraison rapide Interflora\"><\/div><span>Eclosion d&rsquo;espoir<\/span><p>55.95 \u20ac<\/p><span class=\"obf-link lp-cta\" role=\"link\" tabindex=\"0\" data-b64=\"aHR0cHM6Ly93d3cuaW50ZXJmbG9yYS5mci9wL2RldWlsLWJvdXF1ZXQtZWNsb3Npb24tZXNwb2lyLzEvRlI\/dXRtX21lZGl1bT1vcmdhbmljJnV0bV9zb3VyY2U9YmxvZ19wcm9kdWN0cyZ1dG1fY2FtcGFpZ249NkVF\" data-target=\"_blank\"><svg xmlns=\"http:\/\/www.w3.org\/2000\/svg\" width=\"16\" height=\"16\" fill=\"currentColor\" class=\"bi bi-bag\" viewBox=\"0 0 16 16\"><path d=\"M8 1a2 2 0 0 1 2 2v1h2.5A1.5 1.5 0 0 1 14 5.5v8A1.5 1.5 0 0 1 12.5 15h-9A1.5 1.5 0 0 1 2 13.5v-8A1.5 1.5 0 0 1 3.5 3H6V2a2 2 0 0 1 2-1zm1 3V3a1 1 0 0 0-2 0v1h2z\"\/><\/svg>Voir le produit<\/span><p class=\"rapido\">Top produit<\/p><\/div><div class=\"lp-produit\"><div class=\"lp-thumbnail-wrapper\"><img loading=\"lazy\" decoding=\"async\" width=\"300\" height=\"300\" src=\"https:\/\/www.interflora.fr\/blog\/wp-content\/uploads\/2025\/05\/6DCO-800Wx800H-0-1-13-300x300.jpg\" class=\"attachment-medium size-medium wp-post-image\" alt=\"\" srcset=\"https:\/\/www.interflora.fr\/blog\/wp-content\/uploads\/2025\/05\/6DCO-800Wx800H-0-1-13-300x300.jpg 300w, https:\/\/www.interflora.fr\/blog\/wp-content\/uploads\/2025\/05\/6DCO-800Wx800H-0-1-13-150x150.jpg 150w, https:\/\/www.interflora.fr\/blog\/wp-content\/uploads\/2025\/05\/6DCO-800Wx800H-0-1-13-768x768.jpg 768w, https:\/\/www.interflora.fr\/blog\/wp-content\/uploads\/2025\/05\/6DCO-800Wx800H-0-1-13.jpg 800w\" sizes=\"auto, (max-width: 300px) 100vw, 300px\" \/><img decoding=\"async\" class=\"lp-badge\" src=\"https:\/\/www.interflora.fr\/blog\/wp-content\/uploads\/2025\/06\/logo-circle.png\" alt=\"Livraison rapide Interflora\"><\/div><span>Douce compassion<\/span><p>42.95 \u20ac<\/p><span class=\"obf-link lp-cta\" role=\"link\" tabindex=\"0\" data-b64=\"aHR0cHM6Ly93d3cuaW50ZXJmbG9yYS5mci9wL2RldWlsLWNvdXBlLXBsYW50ZXMtZG91Y2UtY29tcGFzc2lvbi8xL0ZSP3V0bV9tZWRpdW09b3JnYW5pYyZ1dG1fc291cmNlPWJsb2dfcHJvZHVjdHMmdXRtX2NhbXBhaWduPTZEQ08=\" data-target=\"_blank\"><svg xmlns=\"http:\/\/www.w3.org\/2000\/svg\" width=\"16\" height=\"16\" fill=\"currentColor\" class=\"bi bi-bag\" viewBox=\"0 0 16 16\"><path d=\"M8 1a2 2 0 0 1 2 2v1h2.5A1.5 1.5 0 0 1 14 5.5v8A1.5 1.5 0 0 1 12.5 15h-9A1.5 1.5 0 0 1 2 13.5v-8A1.5 1.5 0 0 1 3.5 3H6V2a2 2 0 0 1 2-1zm1 3V3a1 1 0 0 0-2 0v1h2z\"\/><\/svg>Voir le produit<\/span><p class=\"rapido\">Livraison rapide<\/p><\/div><\/div>\n\n\n\n<div style=\"height:18px\" aria-hidden=\"true\" class=\"wp-block-spacer\"><\/div>\n\n\n\n<h2 class=\"wp-block-heading\">Comment signaler un d\u00e9c\u00e8s \u00e0 Facebook ?<\/h2>\n\n\n\n<p>La voie la plus ais\u00e9e est de <strong>contacter Facebook<\/strong> et de lui <strong>faire parvenir un acte de d\u00e9c\u00e8s<\/strong> du titulaire du compte. Si l\u2019on ne poss\u00e8de pas d\u2019acte de d\u00e9c\u00e8s, il faudra alors fournir une preuve du lien (un livret de famille par exemple) mais aussi un document mentionnant le d\u00e9c\u00e8s, comme une notice n\u00e9crologique d\u2019un journal. Pour aller plus loin et acc\u00e9der au compte de la personne disparue dans les m\u00eames conditions qu\u2019un contact l\u00e9gataire, sans avoir \u00e9t\u00e9 formellement d\u00e9sign\u00e9, il faudra engager des d\u00e9marches, notamment judiciaires pour obtenir une injonction du tribunal. Il est possible, pour les proches, de <strong>contacter Facebook pour obtenir des informations<\/strong> sur le compte d\u2019une personne d\u00e9c\u00e9d\u00e9e. Pour partager des souvenirs et hommages sans passer par le compte de comm\u00e9moration ni par un espace public d\u00e9di\u00e9 aux hommages, il est possible de <strong>cr\u00e9er un groupe ouvert<\/strong> ou ferm\u00e9 selon le choix de la famille. <\/p>\n\n\n\n<p><strong>Lire aussi :<\/strong><\/p>\n\n\n\n<ul class=\"wp-block-list\">\n<li><a href=\"\/blog\/fermer-compte-bancaire-deces\/\" target=\"_blank\" rel=\"noreferrer noopener\">Comment fermer un compte bancaire suite \u00e0 un d\u00e9c\u00e8s ?<\/a><\/li>\n\n\n\n<li><a href=\"\/blog\/prix-avis-deces\/\" target=\"_blank\" rel=\"noreferrer noopener\">Comment faire publier un avis de d\u00e9c\u00e8s dans la presse et sur Internet : d\u00e9marches et prix<\/a><\/li>\n<\/ul>\n","protected":false},"excerpt":{"rendered":"<p>De notre naissance au jour de notre disparition, les r\u00e9seaux sociaux nous accompagnent et sont devenus une chronique presque quotidienne de notre vie. Tous les moments importants pour la famille, les enfants, les amis et coll\u00e8gues, y sont stock\u00e9s sous forme de photographies, de selfies, de vid\u00e9os, ou de messages post\u00e9s sur un mur. C\u2019est encore plus vrai pour le r\u00e9seau Facebook, de loin le pr\u00e9f\u00e9r\u00e9 des Fran\u00e7aises et des Fran\u00e7ais qui sont plus de 35 millions \u00e0 l\u2019utiliser activement chaque mois.<\/p>\n","protected":false},"author":1,"featured_media":19742,"comment_status":"open","ping_status":"open","sticky":false,"template":"","format":"standard","meta":{"_uag_custom_page_level_css":"","site-sidebar-layout":"default","site-content-layout":"","ast-site-content-layout":"default","site-content-style":"default","site-sidebar-style":"default","ast-global-header-display":"","ast-banner-title-visibility":"","ast-main-header-display":"","ast-hfb-above-header-display":"","ast-hfb-below-header-display":"","ast-hfb-mobile-header-display":"","site-post-title":"","ast-breadcrumbs-content":"","ast-featured-img":"","footer-sml-layout":"","ast-disable-related-posts":"","theme-transparent-header-meta":"","adv-header-id-meta":"","stick-header-meta":"","header-above-stick-meta":"","header-main-stick-meta":"","header-below-stick-meta":"","astra-migrate-meta-layouts":"default","ast-page-background-enabled":"default","ast-page-background-meta":{"desktop":{"background-color":"var(--ast-global-color-5)","background-image":"","background-repeat":"repeat","background-position":"center center","background-size":"auto","background-attachment":"scroll","background-type":"","background-media":"","overlay-type":"","overlay-color":"","overlay-opacity":"","overlay-gradient":""},"tablet":{"background-color":"","background-image":"","background-repeat":"repeat","background-position":"center center","background-size":"auto","background-attachment":"scroll","background-type":"","background-media":"","overlay-type":"","overlay-color":"","overlay-opacity":"","overlay-gradient":""},"mobile":{"background-color":"","background-image":"","background-repeat":"repeat","background-position":"center center","background-size":"auto","background-attachment":"scroll","background-type":"","background-media":"","overlay-type":"","overlay-color":"","overlay-opacity":"","overlay-gradient":""}},"ast-content-background-meta":{"desktop":{"background-color":"var(--ast-global-color-4)","background-image":"","background-repeat":"repeat","background-position":"center center","background-size":"auto","background-attachment":"scroll","background-type":"","background-media":"","overlay-type":"","overlay-color":"","overlay-opacity":"","overlay-gradient":""},"tablet":{"background-color":"var(--ast-global-color-4)","background-image":"","background-repeat":"repeat","background-position":"center center","background-size":"auto","background-attachment":"scroll","background-type":"","background-media":"","overlay-type":"","overlay-color":"","overlay-opacity":"","overlay-gradient":""},"mobile":{"background-color":"var(--ast-global-color-4)","background-image":"","background-repeat":"repeat","background-position":"center center","background-size":"auto","background-attachment":"scroll","background-type":"","background-media":"","overlay-type":"","overlay-color":"","overlay-opacity":"","overlay-gradient":""}},"footnotes":""},"categories":[263],"tags":[264],"class_list":["post-19306","post","type-post","status-publish","format-standard","has-post-thumbnail","hentry","category-deuil","tag-deuil"],"uagb_featured_image_src":{"full":false,"thumbnail":false,"medium":false,"medium_large":false,"large":false,"1536x1536":false,"2048x2048":false},"uagb_author_info":{"display_name":"admin","author_link":"https:\/\/www.interflora.fr\/blog\/author\/admin\/"},"uagb_comment_info":1,"uagb_excerpt":"De notre naissance au jour de notre disparition, les r\u00e9seaux sociaux nous accompagnent et sont devenus une chronique presque quotidienne de notre vie. Tous les moments importants pour la famille, les enfants, les amis et coll\u00e8gues, y sont stock\u00e9s sous forme de photographies, de selfies, de vid\u00e9os, ou de messages post\u00e9s sur un mur. C\u2019est\u2026","yoast_meta":{"title":"","description":"Conserver la trace num\u00e9rique du d\u00e9funt peut \u00eatre essentiel pour les proches. D\u00e9couvrez comment transformer le compte facebook en compte de comm\u00e9moration."},"_links":{"self":[{"href":"https:\/\/www.interflora.fr\/blog\/wp-json\/wp\/v2\/posts\/19306","targetHints":{"allow":["GET"]}}],"collection":[{"href":"https:\/\/www.interflora.fr\/blog\/wp-json\/wp\/v2\/posts"}],"about":[{"href":"https:\/\/www.interflora.fr\/blog\/wp-json\/wp\/v2\/types\/post"}],"author":[{"embeddable":true,"href":"https:\/\/www.interflora.fr\/blog\/wp-json\/wp\/v2\/users\/1"}],"replies":[{"embeddable":true,"href":"https:\/\/www.interflora.fr\/blog\/wp-json\/wp\/v2\/comments?post=19306"}],"version-history":[{"count":0,"href":"https:\/\/www.interflora.fr\/blog\/wp-json\/wp\/v2\/posts\/19306\/revisions"}],"wp:featuredmedia":[{"embeddable":true,"href":"https:\/\/www.interflora.fr\/blog\/wp-json\/"}],"wp:attachment":[{"href":"https:\/\/www.interflora.fr\/blog\/wp-json\/wp\/v2\/media?parent=19306"}],"wp:term":[{"taxonomy":"category","embeddable":true,"href":"https:\/\/www.interflora.fr\/blog\/wp-json\/wp\/v2\/categories?post=19306"},{"taxonomy":"post_tag","embeddable":true,"href":"https:\/\/www.interflora.fr\/blog\/wp-json\/wp\/v2\/tags?post=19306"}],"curies":[{"name":"wp","href":"https:\/\/api.w.org\/{rel}","templated":true}]}}