{"id":19302,"date":"2019-05-20T09:00:41","date_gmt":"2019-05-20T07:00:41","guid":{"rendered":"https:\/\/www.guide-deuil.com\/?p=96"},"modified":"2025-06-23T11:35:47","modified_gmt":"2025-06-23T09:35:47","slug":"certificat-heredite","status":"publish","type":"post","link":"https:\/\/www.interflora.fr\/blog\/certificat-heredite\/","title":{"rendered":"Qu&rsquo;est-ce que le certificat d&rsquo;h\u00e9r\u00e9dit\u00e9 ?"},"content":{"rendered":"\n<p class=\"has-drop-cap\"><strong>Peu \u00e0 peu, le certificat d\u2019h\u00e9r\u00e9dit\u00e9 est remplac\u00e9 par l\u2019acte de notori\u00e9t\u00e9 et l\u2019attestation des h\u00e9ritiers. Il sert, de fa\u00e7on g\u00e9n\u00e9rale, \u00e0 justifier aupr\u00e8s de certaines institutions, le droit \u00e0 r\u00e9cup\u00e9rer les cr\u00e9ances ou allocations allou\u00e9es aux ayants-droits. Il s\u2019agit d\u2019une pi\u00e8ce justificative de commodit\u00e9 administrative. C\u2019est pourquoi, le certificat d\u2019h\u00e9r\u00e9dit\u00e9 ne donne le droit que de r\u00e9cup\u00e9rer les biens d\u2019une succession simple.<\/strong><\/p>\n\n\n<div class=\"lp-produits-grid\"><div class=\"lp-produit\"><div class=\"lp-thumbnail-wrapper\"><img loading=\"lazy\" decoding=\"async\" width=\"300\" height=\"300\" src=\"https:\/\/www.interflora.fr\/blog\/wp-content\/uploads\/2025\/05\/6VAW-800Wx800H-0-1-10-300x300.jpg\" class=\"attachment-medium size-medium wp-post-image\" alt=\"\" srcset=\"https:\/\/www.interflora.fr\/blog\/wp-content\/uploads\/2025\/05\/6VAW-800Wx800H-0-1-10-300x300.jpg 300w, https:\/\/www.interflora.fr\/blog\/wp-content\/uploads\/2025\/05\/6VAW-800Wx800H-0-1-10-150x150.jpg 150w, https:\/\/www.interflora.fr\/blog\/wp-content\/uploads\/2025\/05\/6VAW-800Wx800H-0-1-10-768x768.jpg 768w, https:\/\/www.interflora.fr\/blog\/wp-content\/uploads\/2025\/05\/6VAW-800Wx800H-0-1-10.jpg 800w\" sizes=\"auto, (max-width: 300px) 100vw, 300px\" \/><img decoding=\"async\" class=\"lp-badge\" src=\"https:\/\/www.interflora.fr\/blog\/wp-content\/uploads\/2025\/06\/logo-circle.png\" alt=\"Livraison rapide Interflora\"><\/div><span>Voyage astral blanc<\/span><p>139 \u20ac<\/p><span class=\"obf-link lp-cta\" role=\"link\" tabindex=\"0\" data-b64=\"aHR0cHM6Ly93d3cuaW50ZXJmbG9yYS5mci9wL2RldWlsLWNvdXBlLXBsYW50ZXMtdm95YWdlLWFzdHJhbC1ibGFuYy8xL0ZSP3V0bV9tZWRpdW09b3JnYW5pYyZ1dG1fc291cmNlPWJsb2dfcHJvZHVjdHMmdXRtX2NhbXBhaWduPTZWQVc=\" data-target=\"_blank\"><svg xmlns=\"http:\/\/www.w3.org\/2000\/svg\" width=\"16\" height=\"16\" fill=\"currentColor\" class=\"bi bi-bag\" viewBox=\"0 0 16 16\"><path d=\"M8 1a2 2 0 0 1 2 2v1h2.5A1.5 1.5 0 0 1 14 5.5v8A1.5 1.5 0 0 1 12.5 15h-9A1.5 1.5 0 0 1 2 13.5v-8A1.5 1.5 0 0 1 3.5 3H6V2a2 2 0 0 1 2-1zm1 3V3a1 1 0 0 0-2 0v1h2z\"\/><\/svg>Voir le produit<\/span><p class=\"rapido\">Livraison rapide<\/p><\/div><div class=\"lp-produit\"><div class=\"lp-thumbnail-wrapper\"><img loading=\"lazy\" decoding=\"async\" width=\"300\" height=\"300\" src=\"https:\/\/www.interflora.fr\/blog\/wp-content\/uploads\/2025\/05\/6DCO-800Wx800H-0-1-13-300x300.jpg\" class=\"attachment-medium size-medium wp-post-image\" alt=\"\" srcset=\"https:\/\/www.interflora.fr\/blog\/wp-content\/uploads\/2025\/05\/6DCO-800Wx800H-0-1-13-300x300.jpg 300w, https:\/\/www.interflora.fr\/blog\/wp-content\/uploads\/2025\/05\/6DCO-800Wx800H-0-1-13-150x150.jpg 150w, https:\/\/www.interflora.fr\/blog\/wp-content\/uploads\/2025\/05\/6DCO-800Wx800H-0-1-13-768x768.jpg 768w, https:\/\/www.interflora.fr\/blog\/wp-content\/uploads\/2025\/05\/6DCO-800Wx800H-0-1-13.jpg 800w\" sizes=\"auto, (max-width: 300px) 100vw, 300px\" \/><img decoding=\"async\" class=\"lp-badge\" src=\"https:\/\/www.interflora.fr\/blog\/wp-content\/uploads\/2025\/06\/logo-circle.png\" alt=\"Livraison rapide Interflora\"><\/div><span>Douce compassion<\/span><p>42.95 \u20ac<\/p><span class=\"obf-link lp-cta\" role=\"link\" tabindex=\"0\" data-b64=\"aHR0cHM6Ly93d3cuaW50ZXJmbG9yYS5mci9wL2RldWlsLWNvdXBlLXBsYW50ZXMtZG91Y2UtY29tcGFzc2lvbi8xL0ZSP3V0bV9tZWRpdW09b3JnYW5pYyZ1dG1fc291cmNlPWJsb2dfcHJvZHVjdHMmdXRtX2NhbXBhaWduPTZEQ08=\" data-target=\"_blank\"><svg xmlns=\"http:\/\/www.w3.org\/2000\/svg\" width=\"16\" height=\"16\" fill=\"currentColor\" class=\"bi bi-bag\" viewBox=\"0 0 16 16\"><path d=\"M8 1a2 2 0 0 1 2 2v1h2.5A1.5 1.5 0 0 1 14 5.5v8A1.5 1.5 0 0 1 12.5 15h-9A1.5 1.5 0 0 1 2 13.5v-8A1.5 1.5 0 0 1 3.5 3H6V2a2 2 0 0 1 2-1zm1 3V3a1 1 0 0 0-2 0v1h2z\"\/><\/svg>Voir le produit<\/span><p class=\"rapido\">Fleurs fra\u00eeches<\/p><\/div><div class=\"lp-produit\"><div class=\"lp-thumbnail-wrapper\"><img loading=\"lazy\" decoding=\"async\" width=\"300\" height=\"300\" src=\"https:\/\/www.interflora.fr\/blog\/wp-content\/uploads\/2025\/05\/6AE-800Wx800H-0-1-13-300x300.jpg\" class=\"attachment-medium size-medium wp-post-image\" alt=\"\" srcset=\"https:\/\/www.interflora.fr\/blog\/wp-content\/uploads\/2025\/05\/6AE-800Wx800H-0-1-13-300x300.jpg 300w, https:\/\/www.interflora.fr\/blog\/wp-content\/uploads\/2025\/05\/6AE-800Wx800H-0-1-13-150x150.jpg 150w, https:\/\/www.interflora.fr\/blog\/wp-content\/uploads\/2025\/05\/6AE-800Wx800H-0-1-13-768x768.jpg 768w, https:\/\/www.interflora.fr\/blog\/wp-content\/uploads\/2025\/05\/6AE-800Wx800H-0-1-13.jpg 800w\" sizes=\"auto, (max-width: 300px) 100vw, 300px\" \/><img decoding=\"async\" class=\"lp-badge\" src=\"https:\/\/www.interflora.fr\/blog\/wp-content\/uploads\/2025\/06\/logo-circle.png\" alt=\"Livraison rapide Interflora\"><\/div><span>Amiti\u00e9 \u00e9ternelle<\/span><p>49.95 \u20ac<\/p><span class=\"obf-link lp-cta\" role=\"link\" tabindex=\"0\" data-b64=\"aHR0cHM6Ly93d3cuaW50ZXJmbG9yYS5mci9wL2RldWlsLWNvdXBlLXBsYW50ZXMtYW1pdGllLWV0ZXJuZWxsZS8xL0ZSP3V0bV9tZWRpdW09b3JnYW5pYyZ1dG1fc291cmNlPWJsb2dfcHJvZHVjdHMmdXRtX2NhbXBhaWduPTZBRQ==\" data-target=\"_blank\"><svg xmlns=\"http:\/\/www.w3.org\/2000\/svg\" width=\"16\" height=\"16\" fill=\"currentColor\" class=\"bi bi-bag\" viewBox=\"0 0 16 16\"><path d=\"M8 1a2 2 0 0 1 2 2v1h2.5A1.5 1.5 0 0 1 14 5.5v8A1.5 1.5 0 0 1 12.5 15h-9A1.5 1.5 0 0 1 2 13.5v-8A1.5 1.5 0 0 1 3.5 3H6V2a2 2 0 0 1 2-1zm1 3V3a1 1 0 0 0-2 0v1h2z\"\/><\/svg>Voir le produit<\/span><p class=\"rapido\">Top produit<\/p><\/div><div class=\"lp-produit\"><div class=\"lp-thumbnail-wrapper\"><img loading=\"lazy\" decoding=\"async\" width=\"300\" height=\"300\" src=\"https:\/\/www.interflora.fr\/blog\/wp-content\/uploads\/2025\/05\/6EGU-800Wx800H-0-1-5-300x300.jpg\" class=\"attachment-medium size-medium wp-post-image\" alt=\"\" srcset=\"https:\/\/www.interflora.fr\/blog\/wp-content\/uploads\/2025\/05\/6EGU-800Wx800H-0-1-5-300x300.jpg 300w, https:\/\/www.interflora.fr\/blog\/wp-content\/uploads\/2025\/05\/6EGU-800Wx800H-0-1-5-150x150.jpg 150w, https:\/\/www.interflora.fr\/blog\/wp-content\/uploads\/2025\/05\/6EGU-800Wx800H-0-1-5-768x768.jpg 768w, https:\/\/www.interflora.fr\/blog\/wp-content\/uploads\/2025\/05\/6EGU-800Wx800H-0-1-5.jpg 800w\" sizes=\"auto, (max-width: 300px) 100vw, 300px\" \/><img decoding=\"async\" class=\"lp-badge\" src=\"https:\/\/www.interflora.fr\/blog\/wp-content\/uploads\/2025\/06\/logo-circle.png\" alt=\"Livraison rapide Interflora\"><\/div><span>Eternelle gratitude et sa bulle d&rsquo;eau<\/span><p>56.95 \u20ac<\/p><span class=\"obf-link lp-cta\" role=\"link\" tabindex=\"0\" data-b64=\"aHR0cHM6Ly93d3cuaW50ZXJmbG9yYS5mci9wL2RldWlsLWJvdXF1ZXQtZXRlcm5lbGxlLWdyYXRpdHVkZS1idWxsZS1lYXUvMS9GUj91dG1fbWVkaXVtPW9yZ2FuaWMmdXRtX3NvdXJjZT1ibG9nX3Byb2R1Y3RzJnV0bV9jYW1wYWlnbj02RUdV\" data-target=\"_blank\"><svg xmlns=\"http:\/\/www.w3.org\/2000\/svg\" width=\"16\" height=\"16\" fill=\"currentColor\" class=\"bi bi-bag\" viewBox=\"0 0 16 16\"><path d=\"M8 1a2 2 0 0 1 2 2v1h2.5A1.5 1.5 0 0 1 14 5.5v8A1.5 1.5 0 0 1 12.5 15h-9A1.5 1.5 0 0 1 2 13.5v-8A1.5 1.5 0 0 1 3.5 3H6V2a2 2 0 0 1 2-1zm1 3V3a1 1 0 0 0-2 0v1h2z\"\/><\/svg>Voir le produit<\/span><p class=\"rapido\">Top produit<\/p><\/div><\/div>\n\n\n\n<div style=\"height:18px\" aria-hidden=\"true\" class=\"wp-block-spacer\"><\/div>\n\n\n\n<h2 class=\"wp-block-heading\"><strong>A quoi sert un certificat d&rsquo;h\u00e9r\u00e9dit\u00e9 ?<\/strong><\/h2>\n\n\n\n<p>Avec le certificat d\u2019h\u00e9r\u00e9dit\u00e9, les <strong><a href=\"\/blog\/succession\/\" target=\"_blank\" rel=\"noreferrer noopener\">successeurs<\/a> <\/strong>peuvent prouver leur qualit\u00e9 d\u2019h\u00e9ritiers. Il s\u2019agit d\u2019un certificat toujours en vigueur qui intervient dans le cas de successions simples. De mani\u00e8re g\u00e9n\u00e9rale, le <strong>certificat d\u2019h\u00e9r\u00e9dit\u00e9<\/strong> <strong>sert \u00e0 d\u00e9bloquer les livrets de compte \u00e9pargne<\/strong> ou les<strong> <a href=\"\/blog\/fermer-compte-bancaire-deces\/\" target=\"_blank\" rel=\"noreferrer noopener\">comptes bancaires<\/a> <\/strong>qui contiennent des <strong>sommes inf\u00e9rieures \u00e0 5 335,72 euros<\/strong>.<\/p>\n\n\n\n<h3 class=\"wp-block-heading\"><strong>R\u00e9cup\u00e9rer une pension ou les cr\u00e9ances des collectivit\u00e9s publiques<\/strong><\/h3>\n\n\n\n<p>En plus de la r\u00e9cup\u00e9ration des comptes bancaires du d\u00e9funt, le certificat d\u2019h\u00e9r\u00e9dit\u00e9 est le <strong>document administratif<\/strong> qui sert \u00e0 entamer les proc\u00e9dures pour d\u00e9bloquer certaines aides, notamment dans le cas d\u2019un veuvage.<\/p>\n\n\n\n<ul class=\"wp-block-list\">\n<li><strong>Pension de r\u00e9version : <\/strong>La pension de r\u00e9version est la somme mensuelle \u00e0 laquelle peut pr\u00e9tendre l\u2019\u00e9poux ou le conjoint survivant. Il s\u2019agit de <strong>54% de la retraite du d\u00e9funt<\/strong>.<\/li>\n\n\n\n<li><strong>Cr\u00e9ances :<\/strong> Les cr\u00e9ances des collectivit\u00e9s publiques sont doubles. Il y a l\u2019allocation veuvage et le capital d\u00e9c\u00e8s. L\u2019allocation veuvage est vers\u00e9e par la caisse d\u2019assurance vieillesse. Si le d\u00e9funt ne d\u00e9passait pas des ressources de 753,42 \u20ac mensuel et avait souscrit \u00e0 une caisse d\u2019assurance vieillesse depuis minimum 3 mois, alors le conjoint survivant a droit \u00e0 une <strong>allocation veuvage de 602,12 \u20ac<\/strong> sur une p\u00e9riode de 24 mois. Le <strong>capital d\u00e9c\u00e8s<\/strong>, quant \u00e0 lui, est vers\u00e9 par la CPAM (la caisse primaire d\u2019assurance maladie). Les ayants droits qui \u00e9taient \u00e0 charge du d\u00e9funt doivent alors fournir le certificat d\u2019h\u00e9r\u00e9dit\u00e9 pour b\u00e9n\u00e9ficier d\u2019une rente fixe de la caisse d\u2019assurance maladie. Depuis 2015, cette rente est fixe et unique, cela correspond \u00e0 <strong>trois fois le montant net du Smic<\/strong> mensuel, soit <strong>3 415 \u20ac<\/strong>, en 2018.<\/li>\n<\/ul>\n\n\n\n<h2 class=\"wp-block-heading\"><strong>Comment faire pour obtenir un certificat d&rsquo;h\u00e9r\u00e9dit\u00e9 ?<\/strong><\/h2>\n\n\n\n<p>Le <strong>certificat d\u2019h\u00e9r\u00e9dit\u00e9<\/strong> est <strong>d\u00e9livr\u00e9 soit par la mairie soit par un notaire<\/strong>. Si c\u2019est la mairie qui le fournit, il est gratuit. La commune n\u2019a pas le droit de le tarifer car c\u2019est un acte gratuit. Quand la succession est relativement simple, il suffit de s\u2019adresser \u00e0 la mairie pour le recevoir. Dans le cas o\u00f9 la succession pr\u00e9sente quelques particularit\u00e9s ou complications, c\u2019est le notaire en charge du dossier qui fournira le certificat. Comme la mairie n\u2019est pas toujours au fait des particularit\u00e9s d\u2019une succession, il se peut qu&rsquo;elle refuse de fournir l\u2019acte par pr\u00e9caution. Elle est dans son droit, car elle n\u2019est pas oblig\u00e9e de le faire. Si vous vous tournez vers un notaire, le certificat d\u2019h\u00e9r\u00e9dit\u00e9 vous sera tarif\u00e9 aux environs de 70 euros. Jusqu\u2019en 2007, les tribunaux d\u2019instance pouvaient aussi fournir cet acte. Mais depuis cette date, ils n\u2019y sont plus habilit\u00e9s. Pour obtenir le certificat d\u2019h\u00e9r\u00e9dit\u00e9, il faut suivre certaines d\u00e9marches et fournir certains documents&#8230;<\/p>\n\n\n\n<h3 class=\"wp-block-heading\">Les d\u00e9marches devant un notaire ou \u00e0 la mairie<\/h3>\n\n\n\n<p>Si vous passez par un notaire pour obtenir le certificat d\u2019h\u00e9r\u00e9dit\u00e9, il vous le d\u00e9livrera en fonction de sa connaissance du dossier. Par contre, si vous vous rendez en mairie pour le recevoir, il faudra vous pr\u00e9senter au <strong>service d\u2019\u00e9tat civil<\/strong> du lieu o\u00f9 le d\u00e9c\u00e8s a eu lieu, dans votre commune ou dans la commune o\u00f9 \u00e9tait domicili\u00e9 le d\u00e9funt. L\u2019agent municipal vous demandera de fournir des documents concernant le d\u00e9funt, \u00e0 savoir : l\u2019<strong>acte de naissance<\/strong> ou le livret de famille, ses <strong>papiers d\u2019identit\u00e9<\/strong> et son <strong>acte de d\u00e9c\u00e8s <\/strong>ou certificat de d\u00e9c\u00e8s.<\/p>\n\n\n\n<p>Ensuite, il faut \u00e9galement fournir des documents vous concernant. Ceux-ci sont un<strong> justificatif de domicile<\/strong>,<strong> vos papiers d\u2019identit\u00e9<\/strong>, un formulaire d\u00fbment rempli et les papiers des organismes qui sp\u00e9cifient les montants des sommes \u00e9ventuelles que vous allez percevoir. Bien s\u00fbr, cette liste varie d\u2019une commune \u00e0 l\u2019autre qui peut parfois demander l\u2019un ou l\u2019autre document suppl\u00e9mentaire. Pensez \u00e0 vous renseigner aupr\u00e8s du service en charge de la d\u00e9livrance du document, avant de vous rendre en mairie.<\/p>\n\n\n\n<p>Comme nous l\u2019avons dit, il se peut que la mairie refuse de d\u00e9livrer le document, puisque celui-ci n\u2019est fourni que dans le cas de successions simples. C\u2019est pourquoi, la mairie peut par exemple exiger de recevoir la preuve qu\u2019il n\u2019existe la pr\u00e9sence d\u2019aucun testament, c\u2019est le certificat d\u2019absence d\u2019inscription de dispositions de <a href=\"\/blog\/faire-rediger-ses-dernieres-volontes\/\" target=\"_blank\" rel=\"noreferrer noopener\">derni\u00e8res volont\u00e9s<\/a>.<\/p>\n\n\n<div class=\"lp-produits-grid\"><div class=\"lp-produit\"><div class=\"lp-thumbnail-wrapper\"><img loading=\"lazy\" decoding=\"async\" width=\"300\" height=\"300\" src=\"https:\/\/www.interflora.fr\/blog\/wp-content\/uploads\/2025\/05\/6BHW-800Wx800H-0-1-13-300x300.jpg\" class=\"attachment-medium size-medium wp-post-image\" alt=\"\" srcset=\"https:\/\/www.interflora.fr\/blog\/wp-content\/uploads\/2025\/05\/6BHW-800Wx800H-0-1-13-300x300.jpg 300w, https:\/\/www.interflora.fr\/blog\/wp-content\/uploads\/2025\/05\/6BHW-800Wx800H-0-1-13-150x150.jpg 150w, https:\/\/www.interflora.fr\/blog\/wp-content\/uploads\/2025\/05\/6BHW-800Wx800H-0-1-13-768x768.jpg 768w, https:\/\/www.interflora.fr\/blog\/wp-content\/uploads\/2025\/05\/6BHW-800Wx800H-0-1-13.jpg 800w\" sizes=\"auto, (max-width: 300px) 100vw, 300px\" \/><img decoding=\"async\" class=\"lp-badge\" src=\"https:\/\/www.interflora.fr\/blog\/wp-content\/uploads\/2025\/06\/logo-circle.png\" alt=\"Livraison rapide Interflora\"><\/div><span>Bel hommage blanc<\/span><p>124 \u20ac<\/p><span class=\"obf-link lp-cta\" role=\"link\" tabindex=\"0\" data-b64=\"aHR0cHM6Ly93d3cuaW50ZXJmbG9yYS5mci9wL2RldWlsLWNvdXNzaW4tYmVsLWhvbW1hZ2UtYmxhbmMvMS9GUj91dG1fbWVkaXVtPW9yZ2FuaWMmdXRtX3NvdXJjZT1ibG9nX3Byb2R1Y3RzJnV0bV9jYW1wYWlnbj02QkhX\" data-target=\"_blank\"><svg xmlns=\"http:\/\/www.w3.org\/2000\/svg\" width=\"16\" height=\"16\" fill=\"currentColor\" class=\"bi bi-bag\" viewBox=\"0 0 16 16\"><path d=\"M8 1a2 2 0 0 1 2 2v1h2.5A1.5 1.5 0 0 1 14 5.5v8A1.5 1.5 0 0 1 12.5 15h-9A1.5 1.5 0 0 1 2 13.5v-8A1.5 1.5 0 0 1 3.5 3H6V2a2 2 0 0 1 2-1zm1 3V3a1 1 0 0 0-2 0v1h2z\"\/><\/svg>Voir le produit<\/span><p class=\"rapido\">Top produit<\/p><\/div><div class=\"lp-produit\"><div class=\"lp-thumbnail-wrapper\"><img loading=\"lazy\" decoding=\"async\" width=\"300\" height=\"300\" src=\"https:\/\/www.interflora.fr\/blog\/wp-content\/uploads\/2025\/05\/6EE-800Wx800H-0-1-12-300x300.jpg\" class=\"attachment-medium size-medium wp-post-image\" alt=\"\" srcset=\"https:\/\/www.interflora.fr\/blog\/wp-content\/uploads\/2025\/05\/6EE-800Wx800H-0-1-12-300x300.jpg 300w, https:\/\/www.interflora.fr\/blog\/wp-content\/uploads\/2025\/05\/6EE-800Wx800H-0-1-12-150x150.jpg 150w, https:\/\/www.interflora.fr\/blog\/wp-content\/uploads\/2025\/05\/6EE-800Wx800H-0-1-12-768x768.jpg 768w, https:\/\/www.interflora.fr\/blog\/wp-content\/uploads\/2025\/05\/6EE-800Wx800H-0-1-12.jpg 800w\" sizes=\"auto, (max-width: 300px) 100vw, 300px\" \/><img decoding=\"async\" class=\"lp-badge\" src=\"https:\/\/www.interflora.fr\/blog\/wp-content\/uploads\/2025\/06\/logo-circle.png\" alt=\"Livraison rapide Interflora\"><\/div><span>Eclosion d&rsquo;espoir<\/span><p>55.95 \u20ac<\/p><span class=\"obf-link lp-cta\" role=\"link\" tabindex=\"0\" data-b64=\"aHR0cHM6Ly93d3cuaW50ZXJmbG9yYS5mci9wL2RldWlsLWJvdXF1ZXQtZWNsb3Npb24tZXNwb2lyLzEvRlI\/dXRtX21lZGl1bT1vcmdhbmljJnV0bV9zb3VyY2U9YmxvZ19wcm9kdWN0cyZ1dG1fY2FtcGFpZ249NkVF\" data-target=\"_blank\"><svg xmlns=\"http:\/\/www.w3.org\/2000\/svg\" width=\"16\" height=\"16\" fill=\"currentColor\" class=\"bi bi-bag\" viewBox=\"0 0 16 16\"><path d=\"M8 1a2 2 0 0 1 2 2v1h2.5A1.5 1.5 0 0 1 14 5.5v8A1.5 1.5 0 0 1 12.5 15h-9A1.5 1.5 0 0 1 2 13.5v-8A1.5 1.5 0 0 1 3.5 3H6V2a2 2 0 0 1 2-1zm1 3V3a1 1 0 0 0-2 0v1h2z\"\/><\/svg>Voir le produit<\/span><p class=\"rapido\">Fleurs fra\u00eeches<\/p><\/div><div class=\"lp-produit\"><div class=\"lp-thumbnail-wrapper\"><img loading=\"lazy\" decoding=\"async\" width=\"300\" height=\"300\" src=\"https:\/\/www.interflora.fr\/blog\/wp-content\/uploads\/2025\/05\/6EGU-800Wx800H-0-1-5-300x300.jpg\" class=\"attachment-medium size-medium wp-post-image\" alt=\"\" srcset=\"https:\/\/www.interflora.fr\/blog\/wp-content\/uploads\/2025\/05\/6EGU-800Wx800H-0-1-5-300x300.jpg 300w, https:\/\/www.interflora.fr\/blog\/wp-content\/uploads\/2025\/05\/6EGU-800Wx800H-0-1-5-150x150.jpg 150w, https:\/\/www.interflora.fr\/blog\/wp-content\/uploads\/2025\/05\/6EGU-800Wx800H-0-1-5-768x768.jpg 768w, https:\/\/www.interflora.fr\/blog\/wp-content\/uploads\/2025\/05\/6EGU-800Wx800H-0-1-5.jpg 800w\" sizes=\"auto, (max-width: 300px) 100vw, 300px\" \/><img decoding=\"async\" class=\"lp-badge\" src=\"https:\/\/www.interflora.fr\/blog\/wp-content\/uploads\/2025\/06\/logo-circle.png\" alt=\"Livraison rapide Interflora\"><\/div><span>Eternelle gratitude et sa bulle d&rsquo;eau<\/span><p>56.95 \u20ac<\/p><span class=\"obf-link lp-cta\" role=\"link\" tabindex=\"0\" data-b64=\"aHR0cHM6Ly93d3cuaW50ZXJmbG9yYS5mci9wL2RldWlsLWJvdXF1ZXQtZXRlcm5lbGxlLWdyYXRpdHVkZS1idWxsZS1lYXUvMS9GUj91dG1fbWVkaXVtPW9yZ2FuaWMmdXRtX3NvdXJjZT1ibG9nX3Byb2R1Y3RzJnV0bV9jYW1wYWlnbj02RUdV\" data-target=\"_blank\"><svg xmlns=\"http:\/\/www.w3.org\/2000\/svg\" width=\"16\" height=\"16\" fill=\"currentColor\" class=\"bi bi-bag\" viewBox=\"0 0 16 16\"><path d=\"M8 1a2 2 0 0 1 2 2v1h2.5A1.5 1.5 0 0 1 14 5.5v8A1.5 1.5 0 0 1 12.5 15h-9A1.5 1.5 0 0 1 2 13.5v-8A1.5 1.5 0 0 1 3.5 3H6V2a2 2 0 0 1 2-1zm1 3V3a1 1 0 0 0-2 0v1h2z\"\/><\/svg>Voir le produit<\/span><p class=\"rapido\">Top produit<\/p><\/div><div class=\"lp-produit\"><div class=\"lp-thumbnail-wrapper\"><img loading=\"lazy\" decoding=\"async\" width=\"300\" height=\"300\" src=\"https:\/\/www.interflora.fr\/blog\/wp-content\/uploads\/2025\/05\/6AE-800Wx800H-0-1-13-300x300.jpg\" class=\"attachment-medium size-medium wp-post-image\" alt=\"\" srcset=\"https:\/\/www.interflora.fr\/blog\/wp-content\/uploads\/2025\/05\/6AE-800Wx800H-0-1-13-300x300.jpg 300w, https:\/\/www.interflora.fr\/blog\/wp-content\/uploads\/2025\/05\/6AE-800Wx800H-0-1-13-150x150.jpg 150w, https:\/\/www.interflora.fr\/blog\/wp-content\/uploads\/2025\/05\/6AE-800Wx800H-0-1-13-768x768.jpg 768w, https:\/\/www.interflora.fr\/blog\/wp-content\/uploads\/2025\/05\/6AE-800Wx800H-0-1-13.jpg 800w\" sizes=\"auto, (max-width: 300px) 100vw, 300px\" \/><img decoding=\"async\" class=\"lp-badge\" src=\"https:\/\/www.interflora.fr\/blog\/wp-content\/uploads\/2025\/06\/logo-circle.png\" alt=\"Livraison rapide Interflora\"><\/div><span>Amiti\u00e9 \u00e9ternelle<\/span><p>49.95 \u20ac<\/p><span class=\"obf-link lp-cta\" role=\"link\" tabindex=\"0\" data-b64=\"aHR0cHM6Ly93d3cuaW50ZXJmbG9yYS5mci9wL2RldWlsLWNvdXBlLXBsYW50ZXMtYW1pdGllLWV0ZXJuZWxsZS8xL0ZSP3V0bV9tZWRpdW09b3JnYW5pYyZ1dG1fc291cmNlPWJsb2dfcHJvZHVjdHMmdXRtX2NhbXBhaWduPTZBRQ==\" data-target=\"_blank\"><svg xmlns=\"http:\/\/www.w3.org\/2000\/svg\" width=\"16\" height=\"16\" fill=\"currentColor\" class=\"bi bi-bag\" viewBox=\"0 0 16 16\"><path d=\"M8 1a2 2 0 0 1 2 2v1h2.5A1.5 1.5 0 0 1 14 5.5v8A1.5 1.5 0 0 1 12.5 15h-9A1.5 1.5 0 0 1 2 13.5v-8A1.5 1.5 0 0 1 3.5 3H6V2a2 2 0 0 1 2-1zm1 3V3a1 1 0 0 0-2 0v1h2z\"\/><\/svg>Voir le produit<\/span><p class=\"rapido\">Top produit<\/p><\/div><\/div>\n\n\n\n<div style=\"height:18px\" aria-hidden=\"true\" class=\"wp-block-spacer\"><\/div>\n\n\n\n<h2 class=\"wp-block-heading\"><strong>Dans certains cas, le certificat d&rsquo;h\u00e9r\u00e9dit\u00e9 ne peut pas \u00eatre d\u00e9livr\u00e9<\/strong><\/h2>\n\n\n\n<p><a href=\"https:\/\/www.service-public.fr\/particuliers\/vosdroits\/F12697\" target=\"_blank\" rel=\"noreferrer noopener\"><strong>Au-del\u00e0 des 5 335 euros<\/strong><\/a> mentionn\u00e9s pr\u00e9c\u00e9demment, le certificat d\u2019h\u00e9r\u00e9dit\u00e9 ne suffit pas pour r\u00e9clamer son d\u00fb. <strong>Il faut alors passer par un notaire<\/strong> qui va g\u00e9rer l\u2019h\u00e9ritage. Il en va de m\u00eame s\u2019il existe un document de type testamentaire (qu\u2019il soit olographe ou devant t\u00e9moin), un contrat l\u00e9gal comme un acte de mariage, une donation ou un bien immobilier. Si l\u2019h\u00e9ritier est mineur, qu\u2019un divorce est en cours de jugement, que le d\u00e9funt \u00e9tait sous tutelle ou de nationalit\u00e9 \u00e9trang\u00e8re, alors le certificat d\u2019h\u00e9r\u00e9dit\u00e9 ne peut \u00eatre d\u00e9livr\u00e9.<\/p>\n","protected":false},"excerpt":{"rendered":"<p>Peu \u00e0 peu, le certificat d\u2019h\u00e9r\u00e9dit\u00e9 est remplac\u00e9 par l\u2019acte de notori\u00e9t\u00e9 et l\u2019attestation des h\u00e9ritiers. Il sert, de fa\u00e7on g\u00e9n\u00e9rale, \u00e0 justifier aupr\u00e8s de certaines institutions, le droit \u00e0 r\u00e9cup\u00e9rer les cr\u00e9ances ou allocations allou\u00e9es aux ayants-droits. Il s\u2019agit d\u2019une pi\u00e8ce justificative de commodit\u00e9 administrative. C\u2019est pourquoi, le certificat d\u2019h\u00e9r\u00e9dit\u00e9 ne donne le droit que de r\u00e9cup\u00e9rer les biens d\u2019une succession simple.<\/p>\n","protected":false},"author":1,"featured_media":19617,"comment_status":"open","ping_status":"open","sticky":false,"template":"","format":"standard","meta":{"_uag_custom_page_level_css":"","site-sidebar-layout":"default","site-content-layout":"","ast-site-content-layout":"default","site-content-style":"default","site-sidebar-style":"default","ast-global-header-display":"","ast-banner-title-visibility":"","ast-main-header-display":"","ast-hfb-above-header-display":"","ast-hfb-below-header-display":"","ast-hfb-mobile-header-display":"","site-post-title":"","ast-breadcrumbs-content":"","ast-featured-img":"","footer-sml-layout":"","ast-disable-related-posts":"","theme-transparent-header-meta":"","adv-header-id-meta":"","stick-header-meta":"","header-above-stick-meta":"","header-main-stick-meta":"","header-below-stick-meta":"","astra-migrate-meta-layouts":"default","ast-page-background-enabled":"default","ast-page-background-meta":{"desktop":{"background-color":"var(--ast-global-color-5)","background-image":"","background-repeat":"repeat","background-position":"center center","background-size":"auto","background-attachment":"scroll","background-type":"","background-media":"","overlay-type":"","overlay-color":"","overlay-opacity":"","overlay-gradient":""},"tablet":{"background-color":"","background-image":"","background-repeat":"repeat","background-position":"center center","background-size":"auto","background-attachment":"scroll","background-type":"","background-media":"","overlay-type":"","overlay-color":"","overlay-opacity":"","overlay-gradient":""},"mobile":{"background-color":"","background-image":"","background-repeat":"repeat","background-position":"center center","background-size":"auto","background-attachment":"scroll","background-type":"","background-media":"","overlay-type":"","overlay-color":"","overlay-opacity":"","overlay-gradient":""}},"ast-content-background-meta":{"desktop":{"background-color":"var(--ast-global-color-4)","background-image":"","background-repeat":"repeat","background-position":"center center","background-size":"auto","background-attachment":"scroll","background-type":"","background-media":"","overlay-type":"","overlay-color":"","overlay-opacity":"","overlay-gradient":""},"tablet":{"background-color":"var(--ast-global-color-4)","background-image":"","background-repeat":"repeat","background-position":"center center","background-size":"auto","background-attachment":"scroll","background-type":"","background-media":"","overlay-type":"","overlay-color":"","overlay-opacity":"","overlay-gradient":""},"mobile":{"background-color":"var(--ast-global-color-4)","background-image":"","background-repeat":"repeat","background-position":"center center","background-size":"auto","background-attachment":"scroll","background-type":"","background-media":"","overlay-type":"","overlay-color":"","overlay-opacity":"","overlay-gradient":""}},"footnotes":""},"categories":[263],"tags":[264],"class_list":["post-19302","post","type-post","status-publish","format-standard","has-post-thumbnail","hentry","category-deuil","tag-deuil"],"uagb_featured_image_src":{"full":false,"thumbnail":false,"medium":false,"medium_large":false,"large":false,"1536x1536":false,"2048x2048":false},"uagb_author_info":{"display_name":"admin","author_link":"https:\/\/www.interflora.fr\/blog\/author\/admin\/"},"uagb_comment_info":0,"uagb_excerpt":"Peu \u00e0 peu, le certificat d\u2019h\u00e9r\u00e9dit\u00e9 est remplac\u00e9 par l\u2019acte de notori\u00e9t\u00e9 et l\u2019attestation des h\u00e9ritiers. Il sert, de fa\u00e7on g\u00e9n\u00e9rale, \u00e0 justifier aupr\u00e8s de certaines institutions, le droit \u00e0 r\u00e9cup\u00e9rer les cr\u00e9ances ou allocations allou\u00e9es aux ayants-droits. Il s\u2019agit d\u2019une pi\u00e8ce justificative de commodit\u00e9 administrative. C\u2019est pourquoi, le certificat d\u2019h\u00e9r\u00e9dit\u00e9 ne donne le droit\u2026","yoast_meta":{"title":"","description":"Le certificat d\u2019h\u00e9r\u00e9dit\u00e9 ne donne le droit que de r\u00e9cup\u00e9rer les biens d\u2019une succession simple. D\u00e9couvrez pourquoi et ce \u00e0 quoi il donne droit."},"_links":{"self":[{"href":"https:\/\/www.interflora.fr\/blog\/wp-json\/wp\/v2\/posts\/19302","targetHints":{"allow":["GET"]}}],"collection":[{"href":"https:\/\/www.interflora.fr\/blog\/wp-json\/wp\/v2\/posts"}],"about":[{"href":"https:\/\/www.interflora.fr\/blog\/wp-json\/wp\/v2\/types\/post"}],"author":[{"embeddable":true,"href":"https:\/\/www.interflora.fr\/blog\/wp-json\/wp\/v2\/users\/1"}],"replies":[{"embeddable":true,"href":"https:\/\/www.interflora.fr\/blog\/wp-json\/wp\/v2\/comments?post=19302"}],"version-history":[{"count":0,"href":"https:\/\/www.interflora.fr\/blog\/wp-json\/wp\/v2\/posts\/19302\/revisions"}],"wp:featuredmedia":[{"embeddable":true,"href":"https:\/\/www.interflora.fr\/blog\/wp-json\/"}],"wp:attachment":[{"href":"https:\/\/www.interflora.fr\/blog\/wp-json\/wp\/v2\/media?parent=19302"}],"wp:term":[{"taxonomy":"category","embeddable":true,"href":"https:\/\/www.interflora.fr\/blog\/wp-json\/wp\/v2\/categories?post=19302"},{"taxonomy":"post_tag","embeddable":true,"href":"https:\/\/www.interflora.fr\/blog\/wp-json\/wp\/v2\/tags?post=19302"}],"curies":[{"name":"wp","href":"https:\/\/api.w.org\/{rel}","templated":true}]}}