{"id":19297,"date":"2019-04-05T10:00:41","date_gmt":"2019-04-05T08:00:41","guid":{"rendered":"https:\/\/www.guide-deuil.com\/?p=86"},"modified":"2025-06-23T11:12:02","modified_gmt":"2025-06-23T09:12:02","slug":"enterrement-juif","status":"publish","type":"post","link":"https:\/\/www.interflora.fr\/blog\/enterrement-juif\/","title":{"rendered":"L&rsquo;enterrement juif : c\u00e9r\u00e9monie et tradition"},"content":{"rendered":"\n<p class=\"has-drop-cap\"><strong>La plus ancienne des religions du Livre a codifi\u00e9 depuis longtemps les obs\u00e8ques qu\u2019il convient de r\u00e9server \u00e0 un d\u00e9funt. R\u00f4le des proches et du rabbin officiant, toilette mortuaire, pri\u00e8res, deuil: la religion juive a \u00e9tabli un certain nombre de traditions et de r\u00e8gles pour offrir \u00e0 la personne disparue les fun\u00e9railles les plus respectueuses et conformes \u00e0 sa foi. Il s\u2019agit \u00e9galement, au-del\u00e0 de la famille imm\u00e9diate, pour la communaut\u00e9 juive d\u2019honorer l\u2019un de ses membres et de souligner le lien sacr\u00e9 qui l\u2019unit au peuple juif et \u00e0 la terre d\u2019Isra\u00ebl. &nbsp;L\u2019enterrement juif est tout entier marqu\u00e9 par un esprit d\u2019humilit\u00e9, de recueillement et de simplicit\u00e9. Il doit avoir lieu 3 jours apr\u00e8s le d\u00e9c\u00e8s, \u00e0 l\u2019exception du jour de shabbat (ou sabbat), le samedi. Les obs\u00e8ques juives peuvent avoir lieu en France comme \u00eatre l\u2019occasion d\u2019un rapatriement en Isra\u00ebl. Voici un tour d\u2019horizon des \u00e9tapes de ce moment important. <\/strong><\/p>\n\n\n<div class=\"lp-produits-grid\"><div class=\"lp-produit\"><div class=\"lp-thumbnail-wrapper\"><img loading=\"lazy\" decoding=\"async\" width=\"300\" height=\"300\" src=\"https:\/\/www.interflora.fr\/blog\/wp-content\/uploads\/2025\/05\/6VAW-800Wx800H-0-1-10-300x300.jpg\" class=\"attachment-medium size-medium wp-post-image\" alt=\"\" srcset=\"https:\/\/www.interflora.fr\/blog\/wp-content\/uploads\/2025\/05\/6VAW-800Wx800H-0-1-10-300x300.jpg 300w, https:\/\/www.interflora.fr\/blog\/wp-content\/uploads\/2025\/05\/6VAW-800Wx800H-0-1-10-150x150.jpg 150w, https:\/\/www.interflora.fr\/blog\/wp-content\/uploads\/2025\/05\/6VAW-800Wx800H-0-1-10-768x768.jpg 768w, https:\/\/www.interflora.fr\/blog\/wp-content\/uploads\/2025\/05\/6VAW-800Wx800H-0-1-10.jpg 800w\" sizes=\"auto, (max-width: 300px) 100vw, 300px\" \/><img decoding=\"async\" class=\"lp-badge\" src=\"https:\/\/www.interflora.fr\/blog\/wp-content\/uploads\/2025\/06\/logo-circle.png\" alt=\"Livraison rapide Interflora\"><\/div><span>Voyage astral blanc<\/span><p>139 \u20ac<\/p><span class=\"obf-link lp-cta\" role=\"link\" tabindex=\"0\" data-b64=\"aHR0cHM6Ly93d3cuaW50ZXJmbG9yYS5mci9wL2RldWlsLWNvdXBlLXBsYW50ZXMtdm95YWdlLWFzdHJhbC1ibGFuYy8xL0ZSP3V0bV9tZWRpdW09b3JnYW5pYyZ1dG1fc291cmNlPWJsb2dfcHJvZHVjdHMmdXRtX2NhbXBhaWduPTZWQVc=\" data-target=\"_blank\"><svg xmlns=\"http:\/\/www.w3.org\/2000\/svg\" width=\"16\" height=\"16\" fill=\"currentColor\" class=\"bi bi-bag\" viewBox=\"0 0 16 16\"><path d=\"M8 1a2 2 0 0 1 2 2v1h2.5A1.5 1.5 0 0 1 14 5.5v8A1.5 1.5 0 0 1 12.5 15h-9A1.5 1.5 0 0 1 2 13.5v-8A1.5 1.5 0 0 1 3.5 3H6V2a2 2 0 0 1 2-1zm1 3V3a1 1 0 0 0-2 0v1h2z\"\/><\/svg>Voir le produit<\/span><p class=\"rapido\">Fleurs fra\u00eeches<\/p><\/div><div class=\"lp-produit\"><div class=\"lp-thumbnail-wrapper\"><img loading=\"lazy\" decoding=\"async\" width=\"300\" height=\"300\" src=\"https:\/\/www.interflora.fr\/blog\/wp-content\/uploads\/2025\/05\/6AE-800Wx800H-0-1-13-300x300.jpg\" class=\"attachment-medium size-medium wp-post-image\" alt=\"\" srcset=\"https:\/\/www.interflora.fr\/blog\/wp-content\/uploads\/2025\/05\/6AE-800Wx800H-0-1-13-300x300.jpg 300w, https:\/\/www.interflora.fr\/blog\/wp-content\/uploads\/2025\/05\/6AE-800Wx800H-0-1-13-150x150.jpg 150w, https:\/\/www.interflora.fr\/blog\/wp-content\/uploads\/2025\/05\/6AE-800Wx800H-0-1-13-768x768.jpg 768w, https:\/\/www.interflora.fr\/blog\/wp-content\/uploads\/2025\/05\/6AE-800Wx800H-0-1-13.jpg 800w\" sizes=\"auto, (max-width: 300px) 100vw, 300px\" \/><img decoding=\"async\" class=\"lp-badge\" src=\"https:\/\/www.interflora.fr\/blog\/wp-content\/uploads\/2025\/06\/logo-circle.png\" alt=\"Livraison rapide Interflora\"><\/div><span>Amiti\u00e9 \u00e9ternelle<\/span><p>49.95 \u20ac<\/p><span class=\"obf-link lp-cta\" role=\"link\" tabindex=\"0\" data-b64=\"aHR0cHM6Ly93d3cuaW50ZXJmbG9yYS5mci9wL2RldWlsLWNvdXBlLXBsYW50ZXMtYW1pdGllLWV0ZXJuZWxsZS8xL0ZSP3V0bV9tZWRpdW09b3JnYW5pYyZ1dG1fc291cmNlPWJsb2dfcHJvZHVjdHMmdXRtX2NhbXBhaWduPTZBRQ==\" data-target=\"_blank\"><svg xmlns=\"http:\/\/www.w3.org\/2000\/svg\" width=\"16\" height=\"16\" fill=\"currentColor\" class=\"bi bi-bag\" viewBox=\"0 0 16 16\"><path d=\"M8 1a2 2 0 0 1 2 2v1h2.5A1.5 1.5 0 0 1 14 5.5v8A1.5 1.5 0 0 1 12.5 15h-9A1.5 1.5 0 0 1 2 13.5v-8A1.5 1.5 0 0 1 3.5 3H6V2a2 2 0 0 1 2-1zm1 3V3a1 1 0 0 0-2 0v1h2z\"\/><\/svg>Voir le produit<\/span><p class=\"rapido\">Top produit<\/p><\/div><div class=\"lp-produit\"><div class=\"lp-thumbnail-wrapper\"><img loading=\"lazy\" decoding=\"async\" width=\"300\" height=\"300\" src=\"https:\/\/www.interflora.fr\/blog\/wp-content\/uploads\/2025\/05\/6ED-800Wx800H-0-1-12-300x300.jpg\" class=\"attachment-medium size-medium wp-post-image\" alt=\"\" srcset=\"https:\/\/www.interflora.fr\/blog\/wp-content\/uploads\/2025\/05\/6ED-800Wx800H-0-1-12-300x300.jpg 300w, https:\/\/www.interflora.fr\/blog\/wp-content\/uploads\/2025\/05\/6ED-800Wx800H-0-1-12-150x150.jpg 150w, https:\/\/www.interflora.fr\/blog\/wp-content\/uploads\/2025\/05\/6ED-800Wx800H-0-1-12-768x768.jpg 768w, https:\/\/www.interflora.fr\/blog\/wp-content\/uploads\/2025\/05\/6ED-800Wx800H-0-1-12.jpg 800w\" sizes=\"auto, (max-width: 300px) 100vw, 300px\" \/><img decoding=\"async\" class=\"lp-badge\" src=\"https:\/\/www.interflora.fr\/blog\/wp-content\/uploads\/2025\/06\/logo-circle.png\" alt=\"Livraison rapide Interflora\"><\/div><span>Eclat dor\u00e9<\/span><p>89.95 \u20ac<\/p><span class=\"obf-link lp-cta\" role=\"link\" tabindex=\"0\" data-b64=\"aHR0cHM6Ly93d3cuaW50ZXJmbG9yYS5mci9wL2RldWlsLWNvdXBlLWZsZXVycy1lY2xhdC1kb3JlLzEvRlI\/dXRtX21lZGl1bT1vcmdhbmljJnV0bV9zb3VyY2U9YmxvZ19wcm9kdWN0cyZ1dG1fY2FtcGFpZ249NkVE\" data-target=\"_blank\"><svg xmlns=\"http:\/\/www.w3.org\/2000\/svg\" width=\"16\" height=\"16\" fill=\"currentColor\" class=\"bi bi-bag\" viewBox=\"0 0 16 16\"><path d=\"M8 1a2 2 0 0 1 2 2v1h2.5A1.5 1.5 0 0 1 14 5.5v8A1.5 1.5 0 0 1 12.5 15h-9A1.5 1.5 0 0 1 2 13.5v-8A1.5 1.5 0 0 1 3.5 3H6V2a2 2 0 0 1 2-1zm1 3V3a1 1 0 0 0-2 0v1h2z\"\/><\/svg>Voir le produit<\/span><p class=\"rapido\">Fleurs fra\u00eeches<\/p><\/div><div class=\"lp-produit\"><div class=\"lp-thumbnail-wrapper\"><img loading=\"lazy\" decoding=\"async\" width=\"300\" height=\"300\" src=\"https:\/\/www.interflora.fr\/blog\/wp-content\/uploads\/2025\/05\/6DCO-800Wx800H-0-1-13-300x300.jpg\" class=\"attachment-medium size-medium wp-post-image\" alt=\"\" srcset=\"https:\/\/www.interflora.fr\/blog\/wp-content\/uploads\/2025\/05\/6DCO-800Wx800H-0-1-13-300x300.jpg 300w, https:\/\/www.interflora.fr\/blog\/wp-content\/uploads\/2025\/05\/6DCO-800Wx800H-0-1-13-150x150.jpg 150w, https:\/\/www.interflora.fr\/blog\/wp-content\/uploads\/2025\/05\/6DCO-800Wx800H-0-1-13-768x768.jpg 768w, https:\/\/www.interflora.fr\/blog\/wp-content\/uploads\/2025\/05\/6DCO-800Wx800H-0-1-13.jpg 800w\" sizes=\"auto, (max-width: 300px) 100vw, 300px\" \/><img decoding=\"async\" class=\"lp-badge\" src=\"https:\/\/www.interflora.fr\/blog\/wp-content\/uploads\/2025\/06\/logo-circle.png\" alt=\"Livraison rapide Interflora\"><\/div><span>Douce compassion<\/span><p>42.95 \u20ac<\/p><span class=\"obf-link lp-cta\" role=\"link\" tabindex=\"0\" data-b64=\"aHR0cHM6Ly93d3cuaW50ZXJmbG9yYS5mci9wL2RldWlsLWNvdXBlLXBsYW50ZXMtZG91Y2UtY29tcGFzc2lvbi8xL0ZSP3V0bV9tZWRpdW09b3JnYW5pYyZ1dG1fc291cmNlPWJsb2dfcHJvZHVjdHMmdXRtX2NhbXBhaWduPTZEQ08=\" data-target=\"_blank\"><svg xmlns=\"http:\/\/www.w3.org\/2000\/svg\" width=\"16\" height=\"16\" fill=\"currentColor\" class=\"bi bi-bag\" viewBox=\"0 0 16 16\"><path d=\"M8 1a2 2 0 0 1 2 2v1h2.5A1.5 1.5 0 0 1 14 5.5v8A1.5 1.5 0 0 1 12.5 15h-9A1.5 1.5 0 0 1 2 13.5v-8A1.5 1.5 0 0 1 3.5 3H6V2a2 2 0 0 1 2-1zm1 3V3a1 1 0 0 0-2 0v1h2z\"\/><\/svg>Voir le produit<\/span><p class=\"rapido\">Fleurs fra\u00eeches<\/p><\/div><\/div>\n\n\n\n<div style=\"height:18px\" aria-hidden=\"true\" class=\"wp-block-spacer\"><\/div>\n\n\n\n<h2 class=\"wp-block-heading\">Les traditions \u00e0 respecter avant l&rsquo;enterrement &nbsp;<\/h2>\n\n\n\n<p>Les traditions li\u00e9es aux <strong>rites fun\u00e9raires juda\u00efques <\/strong>commencent avant m\u00eame la derni\u00e8re expiration. Dans les derniers instants d\u2019un mourant il est absolument essentiel de ne pas toucher son corps afin de ne pas entraver son \u00e2me. Tout contact physique est \u00e0 proscrire. Il est recommand\u00e9 aux proches de <strong>prier en attendant que l\u2019\u00e2me se lib\u00e8re du corps<\/strong> qui s\u2019\u00e9teint mais de ne surtout pas toucher le corps. <\/p>\n\n\n\n<p>A partir du d\u00e9c\u00e8s s\u2019ouvre une nouvelle \u00e9tape. Le verset Chema Isra\u00ebl, tir\u00e9 du Deut\u00e9ronome, est cit\u00e9 : \u201cShema\u02bf Yisr\u0101&rsquo;\u0113l YHWH eloh\u00e9nou YHWH e\u1e25\u0101\u1e0f\u201d (\u00ab \u00e9coute Isra\u00ebl, l\u2019\u00c9ternel notre Dieu, l\u2019\u00c9ternel un \u00bb). <strong>Une bougie<\/strong> particuli\u00e8re est allum\u00e9e pr\u00e8s du visage du d\u00e9funt: cette veilleuse<strong> a vocation \u00e0 rester allum\u00e9e jusqu\u2019au 7\u00e8me jour qui suit l\u2019enterrement<\/strong>. Autant que possible, les miroirs de la maison devront \u00eatre couverts de tissus, toujours dans le m\u00eame esprit d\u2019humilit\u00e9. <\/p>\n\n\n\n<p>Les proches endeuill\u00e9s sont appel\u00e9s <em>\u201con\u00e8n\u201d<\/em>. Ils doivent respecter certaines obligations religieuses sp\u00e9ciales. Ils ont l\u2019interdiction de consommer de la viande et du vin par exemple. La<strong> pri\u00e8re <\/strong>qu\u2019ils doivent r\u00e9citer est le<strong> Kaddich <\/strong>(ou Kaddish). <\/p>\n\n\n\n<p>Le d\u00e9funt est veill\u00e9 nuit et jour au son du <strong>Livre des Psaumes<\/strong>. Sa position est sa tenue sont importantes. En g\u00e9n\u00e9ral un proche, le fils a\u00een\u00e9, le place dans une posture digne, lui ferme les yeux et aligne ses pieds en direction de la porte. Le corps du d\u00e9funt est couvert pendant toute la veill\u00e9e d\u2019un linceul sobre et clair pour pr\u00e9server le souvenir intact de lui vivant aupr\u00e8s de ses proches. <\/p>\n\n\n\n<p>Avant l\u2019enterrement juif doit aussi avoir lieu la <strong>toilette mortuaire<\/strong>. Elle est r\u00e9alis\u00e9e par des croyants particuli\u00e8rement pieux de la<strong> Hevra Kaddicha<\/strong>, selon des r\u00e8gles strictes. Le juda\u00efsme proscrit toute atteinte au corps du d\u00e9funt. Une m\u00e9taphore est souvent utilis\u00e9e pour illustrer cette situation: un rouleau de la Torah endommag\u00e9 auquel on doit n\u00e9anmoins un respect absolu. D\u00e8s lors, <strong>il est interdit de pratiquer la cr\u00e9mation<\/strong>, \u00e0 l\u2019inverse par exemple des bouddhistes et des protestants, <strong>de m\u00eame que les soins de conservation <\/strong>(la thanatopraxie) sont consid\u00e9r\u00e9s comme d\u00e9gradants. <strong>Le don d\u2019organes<\/strong>, d\u00e9cid\u00e9 par le d\u00e9funt lui-m\u00eame avant son d\u00e9c\u00e8s, <strong>est autoris\u00e9 <\/strong>en tant que bonne action permettant de pr\u00e9server la vie.<\/p>\n\n\n\n<p><strong>Lire aussi <\/strong>: <a href=\"\/blog\/quest-ce-que-la-mise-en-biere-lors-des-obseques\/\" target=\"_blank\" rel=\"noreferrer noopener\">Qu\u2019est-ce que la mise en bi\u00e8re lors des obs\u00e8ques ?<\/a><\/p>\n\n\n\n<h2 class=\"wp-block-heading\">Les \u00e9tapes de la c\u00e9r\u00e9monie et du deuil<\/h2>\n\n\n\n<p><strong>En France<\/strong>, <strong>il n\u2019est pas permis de r\u00e9aliser une inhumation en pleine terre <\/strong>comme le veut la tradition h\u00e9bra\u00efque. Lorsque la toilette mortuaire a \u00e9t\u00e9 effectu\u00e9e, le corps du d\u00e9funt est donc plac\u00e9 dans un cercueil modeste en bois simple avec quelques poign\u00e9es de la terre d\u2019Isra\u00ebl. Le d\u00e9funt est habill\u00e9 d\u2019un voile lui aussi le plus simple possible. A ce stade, les proches de la personne d\u00e9c\u00e9d\u00e9e ne reverront plus son visage. <\/p>\n\n\n\n<p><strong>L\u2019enterrement<\/strong> peut avoir lieu <strong>dans un cimeti\u00e8re juif <\/strong>ou dans <strong>un carr\u00e9 confessionnel<\/strong>. La c\u00e9r\u00e9monie religieuse s\u2019y d\u00e9roule et non \u00e0 la synagogue. C\u2019est une c\u00e9r\u00e9monie sans faste. Les hommes sont v\u00eatus de leur kippa et tout se d\u00e9roule sous la supervision du rabbin. <\/p>\n\n\n\n<p>Lorsque le cercueil est descendu en terre, on proc\u00e8de \u00e0 la lecture du \u00ab <strong>Tsidouk Hadin <\/strong>\u00bb, une pri\u00e8re pour les morts. Trois pellet\u00e9es de terre viendront le recouvrir. <\/p>\n\n\n\n<p>Les personnes pr\u00e9sentes privil\u00e9gient la retenue et la sobri\u00e9t\u00e9: des tenues vestimentaires aust\u00e8res, d\u00e9pourvues de bijoux. <strong>Les fleurs ne sont pas appropri\u00e9es<\/strong>, il convient davantage de <strong>d\u00e9poser une petite pierre sur la tombe \u00e0 l\u2019issue de la c\u00e9r\u00e9monie<\/strong>, et de faire un don \u00e0 la synagogue ou \u00e0 un fonds de solidarit\u00e9. Les non-juifs peuvent participer \u00e0 la c\u00e9r\u00e9monie.<\/p>\n\n\n\n<p>La tradition veut que les membres de la famille d\u00e9chire une pi\u00e8ce de tissu pr\u00e8s de leur coeur lors de l\u2019enterrement de l\u2019\u00eatre cher : c\u2019est le rite de la <strong>\u201cK\u2019ria\u201d.<\/strong> A la fin de la c\u00e9r\u00e9monie, les endeuill\u00e9s se lavent les mains mais ne doivent pas les s\u00e9cher pour marquer le caract\u00e8re durable de leur souvenir. Un repas peut rassembler la famille autour mets ronds et pleins symbolisant la vie comme des lentilles ou des oeufs. <\/p>\n\n\n\n<p><strong>La p\u00e9riode de deuil s\u2019\u00e9tend sur sept<\/strong> puis <strong>trente jours<\/strong>, puis<strong> une ann\u00e9e<\/strong>. Les sept jours (shiva) qui suivent l\u2019enterrement s\u2019ach\u00e8vent par une veill\u00e9e lors de laquelle le <em>minyan<\/em> rassemblant 10 adultes juifs r\u00e9citent le <strong>Kaddich<\/strong>. Pendant un mois (sheloshim) les <em>\u201con\u00e8n\u201d<\/em> ne sont plus soumis aux interdits stricts mais il ne faut pas se raser, se couper les cheveux ou porter de v\u00eatements neufs. Pendant cette p\u00e9riode, le <strong>Kaddich<\/strong> est toujours quotidien, il sera r\u00e9cit\u00e9 de fa\u00e7on plus espac\u00e9 l\u2019ann\u00e9e qui suit (<em>shana<\/em>). Enfin, apr\u00e8s un an, le <strong>Jahrzeit <\/strong>vient comm\u00e9morer le souvenir du disparu. <\/p>\n\n\n\n<h2 class=\"wp-block-heading\">Organiser un rapatriement en Isra\u00ebl<\/h2>\n\n\n\n<p>Les juifs de France ont un <strong>lien spirituel tr\u00e8s puissant avec Isra\u00ebl<\/strong>, de telle mani\u00e8re que certains, ou leurs proches, souhaitent <strong>faire rapatrier leur corps en Terre sainte<\/strong> apr\u00e8s leur mort. Ce <strong>transport de corps<\/strong>, pratiqu\u00e9 depuis de nombreuses ann\u00e9es, est possible sous certaines conditions. Le principal enjeu est de <strong>respecter les derni\u00e8res volont\u00e9s du d\u00e9funt<\/strong> en lui donnant la s\u00e9pulture dans le pays qu\u2019il a choisi comme derni\u00e8re demeure. <\/p>\n\n\n\n<p>Il convient d\u2019abord de <strong>respecter toutes les conditions administratives<\/strong>. Les proches ou les professionnels sollicit\u00e9s devront remplir une demande de rapatriement. Il leur faudra \u00e9galement fournir un <strong>certificat de d\u00e9c\u00e8s<\/strong>, et surtout <strong>obtenir l\u2019autorisation de fermeture du cercueil de la part du pr\u00e9fet <\/strong>du lieu o\u00f9 le d\u00e9c\u00e8s s\u2019est produit. Une fois ces d\u00e9marches r\u00e9alis\u00e9es, le rapatriement peut commencer. <\/p>\n\n\n\n<p>N\u00e9anmoins pour les d\u00e9funts de confession juive, comme pour les <a href=\"\/blog\/enterrement-musulman\/\" target=\"_blank\" rel=\"noreferrer noopener\">musulmans<\/a>, une difficult\u00e9 particuli\u00e8re existe. L\u2019enterrement doit avoir lieu dans les plus brefs d\u00e9lais, et il est parfois difficile, dans ce moment douloureux, de r\u00e9aliser toutes ces d\u00e9marches aussi rapidement. Ensuite, <strong>la loi exige \u00e0 partir de 48h, et pour tout d\u00e9placement de corps, des soins de thanatopraxie<\/strong>, c\u2019est \u00e0 dire de conservation. Or, comme indiqu\u00e9 ci-dessus, la religion juive proscrit toute atteinte au corps du d\u00e9funt comme cet embaumement. Une <strong>tol\u00e9rance est cependant pr\u00e9vue<\/strong> dans ce cas pr\u00e9cis des rapatriements vers Isra\u00ebl, ou les pays du Maghreb pour les musulmans. <\/p>\n\n\n\n<p>Le <strong>rapatriement du corps<\/strong> du d\u00e9funt peut occasionner des <strong>frais d\u2019obs\u00e8ques importants. <\/strong>Certains sont connus : transport a\u00e9rien pour le d\u00e9funt et les proches, prise en charge isra\u00e9lienne vers le lieu de l\u2019enterrement, d\u00e9bours divers li\u00e9s \u00e0 la c\u00e9r\u00e9monie rituelle, monument fun\u00e9raire&#8230;Certains sont moins connus mais importants \u00e9galement: il convient de savoir notamment que, si la concession est gratuite pour les citoyens isra\u00e9liens, elle peut \u00eatre on\u00e9reuse et difficile \u00e0 obtenir pour les personnes ne disposant pas officiellement de la nationalit\u00e9 de ce pays. Il est cependant possible d\u2019avoir recours \u00e0 des <strong>cimeti\u00e8res priv\u00e9s<\/strong> pour se faire enterrer. A noter qu\u2019<strong>en Isra\u00ebl,<\/strong> <strong>le d\u00e9funt pourra<\/strong> \u00e9videmment <strong>\u00eatre enterr\u00e9 \u00e0 m\u00eame la terre<\/strong> conform\u00e9ment \u00e0 la<strong> tradition isra\u00e9lite.<\/strong><\/p>\n\n\n<div class=\"lp-produits-grid\"><div class=\"lp-produit\"><div class=\"lp-thumbnail-wrapper\"><img loading=\"lazy\" decoding=\"async\" width=\"300\" height=\"300\" src=\"https:\/\/www.interflora.fr\/blog\/wp-content\/uploads\/2025\/05\/6RE-800Wx800H-0-1-11-300x300.jpg\" class=\"attachment-medium size-medium wp-post-image\" alt=\"\" srcset=\"https:\/\/www.interflora.fr\/blog\/wp-content\/uploads\/2025\/05\/6RE-800Wx800H-0-1-11-300x300.jpg 300w, https:\/\/www.interflora.fr\/blog\/wp-content\/uploads\/2025\/05\/6RE-800Wx800H-0-1-11-150x150.jpg 150w, https:\/\/www.interflora.fr\/blog\/wp-content\/uploads\/2025\/05\/6RE-800Wx800H-0-1-11-768x768.jpg 768w, https:\/\/www.interflora.fr\/blog\/wp-content\/uploads\/2025\/05\/6RE-800Wx800H-0-1-11.jpg 800w\" sizes=\"auto, (max-width: 300px) 100vw, 300px\" \/><img decoding=\"async\" class=\"lp-badge\" src=\"https:\/\/www.interflora.fr\/blog\/wp-content\/uploads\/2025\/06\/logo-circle.png\" alt=\"Livraison rapide Interflora\"><\/div><span>R\u00e9confort \u00e9ternel<\/span><p>69.95 \u20ac<\/p><span class=\"obf-link lp-cta\" role=\"link\" tabindex=\"0\" data-b64=\"aHR0cHM6Ly93d3cuaW50ZXJmbG9yYS5mci9wL2RldWlsLWNvdXNzaW4tcmVjb25mb3J0LWV0ZXJuZWwvMS9GUj91dG1fbWVkaXVtPW9yZ2FuaWMmdXRtX3NvdXJjZT1ibG9nX3Byb2R1Y3RzJnV0bV9jYW1wYWlnbj02UkU=\" data-target=\"_blank\"><svg xmlns=\"http:\/\/www.w3.org\/2000\/svg\" width=\"16\" height=\"16\" fill=\"currentColor\" class=\"bi bi-bag\" viewBox=\"0 0 16 16\"><path d=\"M8 1a2 2 0 0 1 2 2v1h2.5A1.5 1.5 0 0 1 14 5.5v8A1.5 1.5 0 0 1 12.5 15h-9A1.5 1.5 0 0 1 2 13.5v-8A1.5 1.5 0 0 1 3.5 3H6V2a2 2 0 0 1 2-1zm1 3V3a1 1 0 0 0-2 0v1h2z\"\/><\/svg>Voir le produit<\/span><p class=\"rapido\">Livraison rapide<\/p><\/div><div class=\"lp-produit\"><div class=\"lp-thumbnail-wrapper\"><img loading=\"lazy\" decoding=\"async\" width=\"300\" height=\"300\" src=\"https:\/\/www.interflora.fr\/blog\/wp-content\/uploads\/2025\/05\/6DCO-800Wx800H-0-1-13-300x300.jpg\" class=\"attachment-medium size-medium wp-post-image\" alt=\"\" srcset=\"https:\/\/www.interflora.fr\/blog\/wp-content\/uploads\/2025\/05\/6DCO-800Wx800H-0-1-13-300x300.jpg 300w, https:\/\/www.interflora.fr\/blog\/wp-content\/uploads\/2025\/05\/6DCO-800Wx800H-0-1-13-150x150.jpg 150w, https:\/\/www.interflora.fr\/blog\/wp-content\/uploads\/2025\/05\/6DCO-800Wx800H-0-1-13-768x768.jpg 768w, https:\/\/www.interflora.fr\/blog\/wp-content\/uploads\/2025\/05\/6DCO-800Wx800H-0-1-13.jpg 800w\" sizes=\"auto, (max-width: 300px) 100vw, 300px\" \/><img decoding=\"async\" class=\"lp-badge\" src=\"https:\/\/www.interflora.fr\/blog\/wp-content\/uploads\/2025\/06\/logo-circle.png\" alt=\"Livraison rapide Interflora\"><\/div><span>Douce compassion<\/span><p>42.95 \u20ac<\/p><span class=\"obf-link lp-cta\" role=\"link\" tabindex=\"0\" data-b64=\"aHR0cHM6Ly93d3cuaW50ZXJmbG9yYS5mci9wL2RldWlsLWNvdXBlLXBsYW50ZXMtZG91Y2UtY29tcGFzc2lvbi8xL0ZSP3V0bV9tZWRpdW09b3JnYW5pYyZ1dG1fc291cmNlPWJsb2dfcHJvZHVjdHMmdXRtX2NhbXBhaWduPTZEQ08=\" data-target=\"_blank\"><svg xmlns=\"http:\/\/www.w3.org\/2000\/svg\" width=\"16\" height=\"16\" fill=\"currentColor\" class=\"bi bi-bag\" viewBox=\"0 0 16 16\"><path d=\"M8 1a2 2 0 0 1 2 2v1h2.5A1.5 1.5 0 0 1 14 5.5v8A1.5 1.5 0 0 1 12.5 15h-9A1.5 1.5 0 0 1 2 13.5v-8A1.5 1.5 0 0 1 3.5 3H6V2a2 2 0 0 1 2-1zm1 3V3a1 1 0 0 0-2 0v1h2z\"\/><\/svg>Voir le produit<\/span><p class=\"rapido\">Top produit<\/p><\/div><div class=\"lp-produit\"><div class=\"lp-thumbnail-wrapper\"><img loading=\"lazy\" decoding=\"async\" width=\"300\" height=\"300\" src=\"https:\/\/www.interflora.fr\/blog\/wp-content\/uploads\/2025\/05\/6BHW-800Wx800H-0-1-13-300x300.jpg\" class=\"attachment-medium size-medium wp-post-image\" alt=\"\" srcset=\"https:\/\/www.interflora.fr\/blog\/wp-content\/uploads\/2025\/05\/6BHW-800Wx800H-0-1-13-300x300.jpg 300w, https:\/\/www.interflora.fr\/blog\/wp-content\/uploads\/2025\/05\/6BHW-800Wx800H-0-1-13-150x150.jpg 150w, https:\/\/www.interflora.fr\/blog\/wp-content\/uploads\/2025\/05\/6BHW-800Wx800H-0-1-13-768x768.jpg 768w, https:\/\/www.interflora.fr\/blog\/wp-content\/uploads\/2025\/05\/6BHW-800Wx800H-0-1-13.jpg 800w\" sizes=\"auto, (max-width: 300px) 100vw, 300px\" \/><img decoding=\"async\" class=\"lp-badge\" src=\"https:\/\/www.interflora.fr\/blog\/wp-content\/uploads\/2025\/06\/logo-circle.png\" alt=\"Livraison rapide Interflora\"><\/div><span>Bel hommage blanc<\/span><p>124 \u20ac<\/p><span class=\"obf-link lp-cta\" role=\"link\" tabindex=\"0\" data-b64=\"aHR0cHM6Ly93d3cuaW50ZXJmbG9yYS5mci9wL2RldWlsLWNvdXNzaW4tYmVsLWhvbW1hZ2UtYmxhbmMvMS9GUj91dG1fbWVkaXVtPW9yZ2FuaWMmdXRtX3NvdXJjZT1ibG9nX3Byb2R1Y3RzJnV0bV9jYW1wYWlnbj02QkhX\" data-target=\"_blank\"><svg xmlns=\"http:\/\/www.w3.org\/2000\/svg\" width=\"16\" height=\"16\" fill=\"currentColor\" class=\"bi bi-bag\" viewBox=\"0 0 16 16\"><path d=\"M8 1a2 2 0 0 1 2 2v1h2.5A1.5 1.5 0 0 1 14 5.5v8A1.5 1.5 0 0 1 12.5 15h-9A1.5 1.5 0 0 1 2 13.5v-8A1.5 1.5 0 0 1 3.5 3H6V2a2 2 0 0 1 2-1zm1 3V3a1 1 0 0 0-2 0v1h2z\"\/><\/svg>Voir le produit<\/span><p class=\"rapido\">Livraison rapide<\/p><\/div><div class=\"lp-produit\"><div class=\"lp-thumbnail-wrapper\"><img loading=\"lazy\" decoding=\"async\" width=\"300\" height=\"300\" src=\"https:\/\/www.interflora.fr\/blog\/wp-content\/uploads\/2025\/05\/6AE-800Wx800H-0-1-13-300x300.jpg\" class=\"attachment-medium size-medium wp-post-image\" alt=\"\" srcset=\"https:\/\/www.interflora.fr\/blog\/wp-content\/uploads\/2025\/05\/6AE-800Wx800H-0-1-13-300x300.jpg 300w, https:\/\/www.interflora.fr\/blog\/wp-content\/uploads\/2025\/05\/6AE-800Wx800H-0-1-13-150x150.jpg 150w, https:\/\/www.interflora.fr\/blog\/wp-content\/uploads\/2025\/05\/6AE-800Wx800H-0-1-13-768x768.jpg 768w, https:\/\/www.interflora.fr\/blog\/wp-content\/uploads\/2025\/05\/6AE-800Wx800H-0-1-13.jpg 800w\" sizes=\"auto, (max-width: 300px) 100vw, 300px\" \/><img decoding=\"async\" class=\"lp-badge\" src=\"https:\/\/www.interflora.fr\/blog\/wp-content\/uploads\/2025\/06\/logo-circle.png\" alt=\"Livraison rapide Interflora\"><\/div><span>Amiti\u00e9 \u00e9ternelle<\/span><p>49.95 \u20ac<\/p><span class=\"obf-link lp-cta\" role=\"link\" tabindex=\"0\" data-b64=\"aHR0cHM6Ly93d3cuaW50ZXJmbG9yYS5mci9wL2RldWlsLWNvdXBlLXBsYW50ZXMtYW1pdGllLWV0ZXJuZWxsZS8xL0ZSP3V0bV9tZWRpdW09b3JnYW5pYyZ1dG1fc291cmNlPWJsb2dfcHJvZHVjdHMmdXRtX2NhbXBhaWduPTZBRQ==\" data-target=\"_blank\"><svg xmlns=\"http:\/\/www.w3.org\/2000\/svg\" width=\"16\" height=\"16\" fill=\"currentColor\" class=\"bi bi-bag\" viewBox=\"0 0 16 16\"><path d=\"M8 1a2 2 0 0 1 2 2v1h2.5A1.5 1.5 0 0 1 14 5.5v8A1.5 1.5 0 0 1 12.5 15h-9A1.5 1.5 0 0 1 2 13.5v-8A1.5 1.5 0 0 1 3.5 3H6V2a2 2 0 0 1 2-1zm1 3V3a1 1 0 0 0-2 0v1h2z\"\/><\/svg>Voir le produit<\/span><p class=\"rapido\">Top produit<\/p><\/div><\/div>\n\n\n\n<p><strong>Lire aussi :<\/strong><\/p>\n\n\n\n<ul class=\"wp-block-list\">\n<li><a href=\"\/blog\/enterrement-laique\/\" target=\"_blank\" rel=\"noreferrer noopener\">Enterrement civil : c\u00e9r\u00e9monie non religieuse (la\u00efque)<\/a><\/li>\n\n\n\n<li><a href=\"\/blog\/enterrement-catholique\/\" target=\"_blank\" rel=\"noreferrer noopener\">Comment se d\u00e9roule l&rsquo;enterrement catholique ?<\/a><\/li>\n<\/ul>\n","protected":false},"excerpt":{"rendered":"<p>La plus ancienne des religions du Livre a codifi\u00e9 depuis longtemps les obs\u00e8ques qu\u2019il convient de r\u00e9server \u00e0 un d\u00e9funt. R\u00f4le des proches et du rabbin officiant, toilette mortuaire, pri\u00e8res, deuil: la religion juive a \u00e9tabli un certain nombre de traditions et de r\u00e8gles pour offrir \u00e0 la personne disparue les fun\u00e9railles les plus respectueuses et conformes \u00e0 sa foi. Il s\u2019agit \u00e9galement, au-del\u00e0 de la famille imm\u00e9diate, pour la communaut\u00e9 juive d\u2019honorer l\u2019un de ses membres et de souligner le lien sacr\u00e9 qui l\u2019unit au peuple juif et \u00e0 la terre d\u2019Isra\u00ebl. \u00a0<\/p>\n","protected":false},"author":1,"featured_media":19778,"comment_status":"open","ping_status":"open","sticky":false,"template":"","format":"standard","meta":{"_uag_custom_page_level_css":"","site-sidebar-layout":"default","site-content-layout":"","ast-site-content-layout":"default","site-content-style":"default","site-sidebar-style":"default","ast-global-header-display":"","ast-banner-title-visibility":"","ast-main-header-display":"","ast-hfb-above-header-display":"","ast-hfb-below-header-display":"","ast-hfb-mobile-header-display":"","site-post-title":"","ast-breadcrumbs-content":"","ast-featured-img":"","footer-sml-layout":"","ast-disable-related-posts":"","theme-transparent-header-meta":"","adv-header-id-meta":"","stick-header-meta":"","header-above-stick-meta":"","header-main-stick-meta":"","header-below-stick-meta":"","astra-migrate-meta-layouts":"default","ast-page-background-enabled":"default","ast-page-background-meta":{"desktop":{"background-color":"var(--ast-global-color-5)","background-image":"","background-repeat":"repeat","background-position":"center center","background-size":"auto","background-attachment":"scroll","background-type":"","background-media":"","overlay-type":"","overlay-color":"","overlay-opacity":"","overlay-gradient":""},"tablet":{"background-color":"","background-image":"","background-repeat":"repeat","background-position":"center center","background-size":"auto","background-attachment":"scroll","background-type":"","background-media":"","overlay-type":"","overlay-color":"","overlay-opacity":"","overlay-gradient":""},"mobile":{"background-color":"","background-image":"","background-repeat":"repeat","background-position":"center center","background-size":"auto","background-attachment":"scroll","background-type":"","background-media":"","overlay-type":"","overlay-color":"","overlay-opacity":"","overlay-gradient":""}},"ast-content-background-meta":{"desktop":{"background-color":"var(--ast-global-color-4)","background-image":"","background-repeat":"repeat","background-position":"center center","background-size":"auto","background-attachment":"scroll","background-type":"","background-media":"","overlay-type":"","overlay-color":"","overlay-opacity":"","overlay-gradient":""},"tablet":{"background-color":"var(--ast-global-color-4)","background-image":"","background-repeat":"repeat","background-position":"center center","background-size":"auto","background-attachment":"scroll","background-type":"","background-media":"","overlay-type":"","overlay-color":"","overlay-opacity":"","overlay-gradient":""},"mobile":{"background-color":"var(--ast-global-color-4)","background-image":"","background-repeat":"repeat","background-position":"center center","background-size":"auto","background-attachment":"scroll","background-type":"","background-media":"","overlay-type":"","overlay-color":"","overlay-opacity":"","overlay-gradient":""}},"footnotes":""},"categories":[263],"tags":[264],"class_list":["post-19297","post","type-post","status-publish","format-standard","has-post-thumbnail","hentry","category-deuil","tag-deuil"],"uagb_featured_image_src":{"full":false,"thumbnail":false,"medium":false,"medium_large":false,"large":false,"1536x1536":false,"2048x2048":false},"uagb_author_info":{"display_name":"admin","author_link":"https:\/\/www.interflora.fr\/blog\/author\/admin\/"},"uagb_comment_info":2,"uagb_excerpt":"La plus ancienne des religions du Livre a codifi\u00e9 depuis longtemps les obs\u00e8ques qu\u2019il convient de r\u00e9server \u00e0 un d\u00e9funt. R\u00f4le des proches et du rabbin officiant, toilette mortuaire, pri\u00e8res, deuil: la religion juive a \u00e9tabli un certain nombre de traditions et de r\u00e8gles pour offrir \u00e0 la personne disparue les fun\u00e9railles les plus respectueuses\u2026","yoast_meta":{"title":"","description":"La religion juive a \u00e9tabli nombre de r\u00e8gles pour offrir \u00e0 la personne disparue un enterrement juif le plus respectueux et conforme \u00e0 sa foi."},"_links":{"self":[{"href":"https:\/\/www.interflora.fr\/blog\/wp-json\/wp\/v2\/posts\/19297","targetHints":{"allow":["GET"]}}],"collection":[{"href":"https:\/\/www.interflora.fr\/blog\/wp-json\/wp\/v2\/posts"}],"about":[{"href":"https:\/\/www.interflora.fr\/blog\/wp-json\/wp\/v2\/types\/post"}],"author":[{"embeddable":true,"href":"https:\/\/www.interflora.fr\/blog\/wp-json\/wp\/v2\/users\/1"}],"replies":[{"embeddable":true,"href":"https:\/\/www.interflora.fr\/blog\/wp-json\/wp\/v2\/comments?post=19297"}],"version-history":[{"count":0,"href":"https:\/\/www.interflora.fr\/blog\/wp-json\/wp\/v2\/posts\/19297\/revisions"}],"wp:featuredmedia":[{"embeddable":true,"href":"https:\/\/www.interflora.fr\/blog\/wp-json\/"}],"wp:attachment":[{"href":"https:\/\/www.interflora.fr\/blog\/wp-json\/wp\/v2\/media?parent=19297"}],"wp:term":[{"taxonomy":"category","embeddable":true,"href":"https:\/\/www.interflora.fr\/blog\/wp-json\/wp\/v2\/categories?post=19297"},{"taxonomy":"post_tag","embeddable":true,"href":"https:\/\/www.interflora.fr\/blog\/wp-json\/wp\/v2\/tags?post=19297"}],"curies":[{"name":"wp","href":"https:\/\/api.w.org\/{rel}","templated":true}]}}