{"id":19291,"date":"2019-04-02T13:00:41","date_gmt":"2019-04-02T11:00:41","guid":{"rendered":"https:\/\/www.guide-deuil.com\/?p=72"},"modified":"2025-06-23T11:10:59","modified_gmt":"2025-06-23T09:10:59","slug":"enterrement-catholique","status":"publish","type":"post","link":"https:\/\/www.interflora.fr\/blog\/enterrement-catholique\/","title":{"rendered":"Comment se d\u00e9roule l&rsquo;enterrement catholique ?"},"content":{"rendered":"\n<p class=\"has-drop-cap\"><strong>Rite essentiel de la foi catholique, l\u2019enterrement figure la mise au tombeau du corps de J\u00e9sus de Nazareth apr\u00e8s sa mort sur la croix. L\u2019inhumation rassemble, autour du pr\u00eatre, les proches et la famille pour accompagner le d\u00e9funt vers sa derni\u00e8re demeure pour l\u2019\u00e9ternit\u00e9 mais aussi et surtout vers le royaume de Dieu. Ce moment douloureux vient ainsi achever une vie chr\u00e9tienne, mais dans la foi chr\u00e9tienne il est aussi empreint d\u2019esp\u00e9rance en la r\u00e9surrection d\u2019une fille ou d\u2019un fils de Dieu. L\u2019amour du Christ est donc un \u00e9l\u00e9ment central de cette c\u00e9r\u00e9monie catholique parmi les plus importantes avec le bapt\u00eame et la communion. <\/strong><\/p>\n\n\n<div class=\"lp-produits-grid\"><div class=\"lp-produit\"><div class=\"lp-thumbnail-wrapper\"><img loading=\"lazy\" decoding=\"async\" width=\"300\" height=\"300\" src=\"https:\/\/www.interflora.fr\/blog\/wp-content\/uploads\/2025\/05\/6BHW-800Wx800H-0-1-13-300x300.jpg\" class=\"attachment-medium size-medium wp-post-image\" alt=\"\" srcset=\"https:\/\/www.interflora.fr\/blog\/wp-content\/uploads\/2025\/05\/6BHW-800Wx800H-0-1-13-300x300.jpg 300w, https:\/\/www.interflora.fr\/blog\/wp-content\/uploads\/2025\/05\/6BHW-800Wx800H-0-1-13-150x150.jpg 150w, https:\/\/www.interflora.fr\/blog\/wp-content\/uploads\/2025\/05\/6BHW-800Wx800H-0-1-13-768x768.jpg 768w, https:\/\/www.interflora.fr\/blog\/wp-content\/uploads\/2025\/05\/6BHW-800Wx800H-0-1-13.jpg 800w\" sizes=\"auto, (max-width: 300px) 100vw, 300px\" \/><img decoding=\"async\" class=\"lp-badge\" src=\"https:\/\/www.interflora.fr\/blog\/wp-content\/uploads\/2025\/06\/logo-circle.png\" alt=\"Livraison rapide Interflora\"><\/div><span>Bel hommage blanc<\/span><p>124 \u20ac<\/p><span class=\"obf-link lp-cta\" role=\"link\" tabindex=\"0\" data-b64=\"aHR0cHM6Ly93d3cuaW50ZXJmbG9yYS5mci9wL2RldWlsLWNvdXNzaW4tYmVsLWhvbW1hZ2UtYmxhbmMvMS9GUj91dG1fbWVkaXVtPW9yZ2FuaWMmdXRtX3NvdXJjZT1ibG9nX3Byb2R1Y3RzJnV0bV9jYW1wYWlnbj02QkhX\" data-target=\"_blank\"><svg xmlns=\"http:\/\/www.w3.org\/2000\/svg\" width=\"16\" height=\"16\" fill=\"currentColor\" class=\"bi bi-bag\" viewBox=\"0 0 16 16\"><path d=\"M8 1a2 2 0 0 1 2 2v1h2.5A1.5 1.5 0 0 1 14 5.5v8A1.5 1.5 0 0 1 12.5 15h-9A1.5 1.5 0 0 1 2 13.5v-8A1.5 1.5 0 0 1 3.5 3H6V2a2 2 0 0 1 2-1zm1 3V3a1 1 0 0 0-2 0v1h2z\"\/><\/svg>Voir le produit<\/span><p class=\"rapido\">Top produit<\/p><\/div><div class=\"lp-produit\"><div class=\"lp-thumbnail-wrapper\"><img loading=\"lazy\" decoding=\"async\" width=\"300\" height=\"300\" src=\"https:\/\/www.interflora.fr\/blog\/wp-content\/uploads\/2025\/05\/6RE-800Wx800H-0-1-11-300x300.jpg\" class=\"attachment-medium size-medium wp-post-image\" alt=\"\" srcset=\"https:\/\/www.interflora.fr\/blog\/wp-content\/uploads\/2025\/05\/6RE-800Wx800H-0-1-11-300x300.jpg 300w, https:\/\/www.interflora.fr\/blog\/wp-content\/uploads\/2025\/05\/6RE-800Wx800H-0-1-11-150x150.jpg 150w, https:\/\/www.interflora.fr\/blog\/wp-content\/uploads\/2025\/05\/6RE-800Wx800H-0-1-11-768x768.jpg 768w, https:\/\/www.interflora.fr\/blog\/wp-content\/uploads\/2025\/05\/6RE-800Wx800H-0-1-11.jpg 800w\" sizes=\"auto, (max-width: 300px) 100vw, 300px\" \/><img decoding=\"async\" class=\"lp-badge\" src=\"https:\/\/www.interflora.fr\/blog\/wp-content\/uploads\/2025\/06\/logo-circle.png\" alt=\"Livraison rapide Interflora\"><\/div><span>R\u00e9confort \u00e9ternel<\/span><p>69.95 \u20ac<\/p><span class=\"obf-link lp-cta\" role=\"link\" tabindex=\"0\" data-b64=\"aHR0cHM6Ly93d3cuaW50ZXJmbG9yYS5mci9wL2RldWlsLWNvdXNzaW4tcmVjb25mb3J0LWV0ZXJuZWwvMS9GUj91dG1fbWVkaXVtPW9yZ2FuaWMmdXRtX3NvdXJjZT1ibG9nX3Byb2R1Y3RzJnV0bV9jYW1wYWlnbj02UkU=\" data-target=\"_blank\"><svg xmlns=\"http:\/\/www.w3.org\/2000\/svg\" width=\"16\" height=\"16\" fill=\"currentColor\" class=\"bi bi-bag\" viewBox=\"0 0 16 16\"><path d=\"M8 1a2 2 0 0 1 2 2v1h2.5A1.5 1.5 0 0 1 14 5.5v8A1.5 1.5 0 0 1 12.5 15h-9A1.5 1.5 0 0 1 2 13.5v-8A1.5 1.5 0 0 1 3.5 3H6V2a2 2 0 0 1 2-1zm1 3V3a1 1 0 0 0-2 0v1h2z\"\/><\/svg>Voir le produit<\/span><p class=\"rapido\">Top produit<\/p><\/div><div class=\"lp-produit\"><div class=\"lp-thumbnail-wrapper\"><img loading=\"lazy\" decoding=\"async\" width=\"300\" height=\"300\" src=\"https:\/\/www.interflora.fr\/blog\/wp-content\/uploads\/2025\/05\/6EGU-800Wx800H-0-1-5-300x300.jpg\" class=\"attachment-medium size-medium wp-post-image\" alt=\"\" srcset=\"https:\/\/www.interflora.fr\/blog\/wp-content\/uploads\/2025\/05\/6EGU-800Wx800H-0-1-5-300x300.jpg 300w, https:\/\/www.interflora.fr\/blog\/wp-content\/uploads\/2025\/05\/6EGU-800Wx800H-0-1-5-150x150.jpg 150w, https:\/\/www.interflora.fr\/blog\/wp-content\/uploads\/2025\/05\/6EGU-800Wx800H-0-1-5-768x768.jpg 768w, https:\/\/www.interflora.fr\/blog\/wp-content\/uploads\/2025\/05\/6EGU-800Wx800H-0-1-5.jpg 800w\" sizes=\"auto, (max-width: 300px) 100vw, 300px\" \/><img decoding=\"async\" class=\"lp-badge\" src=\"https:\/\/www.interflora.fr\/blog\/wp-content\/uploads\/2025\/06\/logo-circle.png\" alt=\"Livraison rapide Interflora\"><\/div><span>Eternelle gratitude et sa bulle d&rsquo;eau<\/span><p>56.95 \u20ac<\/p><span class=\"obf-link lp-cta\" role=\"link\" tabindex=\"0\" data-b64=\"aHR0cHM6Ly93d3cuaW50ZXJmbG9yYS5mci9wL2RldWlsLWJvdXF1ZXQtZXRlcm5lbGxlLWdyYXRpdHVkZS1idWxsZS1lYXUvMS9GUj91dG1fbWVkaXVtPW9yZ2FuaWMmdXRtX3NvdXJjZT1ibG9nX3Byb2R1Y3RzJnV0bV9jYW1wYWlnbj02RUdV\" data-target=\"_blank\"><svg xmlns=\"http:\/\/www.w3.org\/2000\/svg\" width=\"16\" height=\"16\" fill=\"currentColor\" class=\"bi bi-bag\" viewBox=\"0 0 16 16\"><path d=\"M8 1a2 2 0 0 1 2 2v1h2.5A1.5 1.5 0 0 1 14 5.5v8A1.5 1.5 0 0 1 12.5 15h-9A1.5 1.5 0 0 1 2 13.5v-8A1.5 1.5 0 0 1 3.5 3H6V2a2 2 0 0 1 2-1zm1 3V3a1 1 0 0 0-2 0v1h2z\"\/><\/svg>Voir le produit<\/span><p class=\"rapido\">Fleurs fra\u00eeches<\/p><\/div><div class=\"lp-produit\"><div class=\"lp-thumbnail-wrapper\"><img loading=\"lazy\" decoding=\"async\" width=\"300\" height=\"300\" src=\"https:\/\/www.interflora.fr\/blog\/wp-content\/uploads\/2025\/05\/6VAW-800Wx800H-0-1-10-300x300.jpg\" class=\"attachment-medium size-medium wp-post-image\" alt=\"\" srcset=\"https:\/\/www.interflora.fr\/blog\/wp-content\/uploads\/2025\/05\/6VAW-800Wx800H-0-1-10-300x300.jpg 300w, https:\/\/www.interflora.fr\/blog\/wp-content\/uploads\/2025\/05\/6VAW-800Wx800H-0-1-10-150x150.jpg 150w, https:\/\/www.interflora.fr\/blog\/wp-content\/uploads\/2025\/05\/6VAW-800Wx800H-0-1-10-768x768.jpg 768w, https:\/\/www.interflora.fr\/blog\/wp-content\/uploads\/2025\/05\/6VAW-800Wx800H-0-1-10.jpg 800w\" sizes=\"auto, (max-width: 300px) 100vw, 300px\" \/><img decoding=\"async\" class=\"lp-badge\" src=\"https:\/\/www.interflora.fr\/blog\/wp-content\/uploads\/2025\/06\/logo-circle.png\" alt=\"Livraison rapide Interflora\"><\/div><span>Voyage astral blanc<\/span><p>139 \u20ac<\/p><span class=\"obf-link lp-cta\" role=\"link\" tabindex=\"0\" data-b64=\"aHR0cHM6Ly93d3cuaW50ZXJmbG9yYS5mci9wL2RldWlsLWNvdXBlLXBsYW50ZXMtdm95YWdlLWFzdHJhbC1ibGFuYy8xL0ZSP3V0bV9tZWRpdW09b3JnYW5pYyZ1dG1fc291cmNlPWJsb2dfcHJvZHVjdHMmdXRtX2NhbXBhaWduPTZWQVc=\" data-target=\"_blank\"><svg xmlns=\"http:\/\/www.w3.org\/2000\/svg\" width=\"16\" height=\"16\" fill=\"currentColor\" class=\"bi bi-bag\" viewBox=\"0 0 16 16\"><path d=\"M8 1a2 2 0 0 1 2 2v1h2.5A1.5 1.5 0 0 1 14 5.5v8A1.5 1.5 0 0 1 12.5 15h-9A1.5 1.5 0 0 1 2 13.5v-8A1.5 1.5 0 0 1 3.5 3H6V2a2 2 0 0 1 2-1zm1 3V3a1 1 0 0 0-2 0v1h2z\"\/><\/svg>Voir le produit<\/span><p class=\"rapido\">Fleurs fra\u00eeches<\/p><\/div><\/div>\n\n\n\n<div style=\"height:18px\" aria-hidden=\"true\" class=\"wp-block-spacer\"><\/div>\n\n\n\n<h2 class=\"wp-block-heading\">Qui contacter pour organiser les fun\u00e9railles ? <\/h2>\n\n\n\n<p>Les <strong>obs\u00e8ques catholiques<\/strong> sont organis\u00e9es en concertation \u00e9troite avec l\u2019<strong>\u00e9quipe paroissiale du domicile du d\u00e9funt<\/strong> ou de l\u2019endroit o\u00f9 il est d\u00e9c\u00e9d\u00e9. Il est g\u00e9n\u00e9ralement possible de demander aux pompes fun\u00e8bres de r\u00e9aliser cette mise en relation et de contacter un homme d\u2019\u00e9glise. C\u2019est \u00e9videmment inutile si le disparu \u00e9tait investi dans la vie de sa paroisse catholique. <\/p>\n\n\n\n<p>Nombre de paroisses mettent d\u00e9sormais \u00e0 disposition des proches et de la famille des d\u00e9funts <strong>un accueil du deuil<\/strong>, g\u00e9n\u00e9ralement assur\u00e9 par des la\u00efcs reconnus par l\u2019Eglise, ou diacres. Ils sont charg\u00e9 d\u2019apporter aux familles une <strong>assistance sur le plan mat\u00e9riel<\/strong>, en les <strong>accompagnant dans leurs d\u00e9marches et la pr\u00e9paration de la c\u00e9r\u00e9monie<\/strong>. Le choix des textes, des pri\u00e8res, \u00e9ventuellement de la musique, sont autant de sujets sur lesquels ils peuvent apporter leur secours. <\/p>\n\n\n\n<h3 class=\"wp-block-heading\">Un accompagnement dans la d\u00e9marche spirituelle<\/h3>\n\n\n\n<p>N\u00e9anmoins, les \u00e9quipes paroissiales ne contribuent pas seulement \u00e0 l\u2019organisation des fun\u00e9railles. Elles apportent aussi leur<strong> exp\u00e9rience \u00e0 la d\u00e9marche spirituelle<\/strong> des proches et des familles dans un moment de grande douleur. Elles les aident notamment \u00e0 <strong>comprendre toutes les dimensions de l\u2019enterrement catholique<\/strong> et le <strong>message de la Bible<\/strong>. <br><\/p>\n\n\n\n<p>La r\u00e9tribution des <strong>activit\u00e9s sacerdotales<\/strong> est toujours motif d\u2019interrogation pour les personnes amen\u00e9es \u00e0 organiser un enterrement catholique. Il faut savoir que les pri\u00e8res ou intentions ins\u00e9r\u00e9es lors des messes ne sont pas, en tant que telles, r\u00e9tribu\u00e9es. En revanche, il faut avoir conscience des nombreux frais occasionn\u00e9s par l\u2019accompagnement des fid\u00e8les dans leur deuil: frais d\u2019administration, de d\u00e9placement, longues heures de pr\u00e9paration&#8230;D\u00e8s lors, il est en principe pr\u00e9vu de <strong>r\u00e9aliser une offrande en remerciement \u00e0 la paroisse<\/strong>. Cette offrande est dans la plupart des cas trait\u00e9e par l\u2019entreprise de pompes fun\u00e8bres, voire par la convention obs\u00e8ques souscrite par le d\u00e9funt avant sa mort. Elle repr\u00e9sente environ 200 euros m\u00eame si elle peut varier selon les dioc\u00e8ses. <\/p>\n\n\n\n<h2 class=\"wp-block-heading\">Avant la mise en bi\u00e8re <\/h2>\n\n\n\n<p><strong>L\u2019\u00e9quipe paroissiale<\/strong> indiquera aux proches si le d\u00e9funt peut b\u00e9n\u00e9ficier d\u2019un enterrement catholique. En effet, <strong>pour \u00eatre enterr\u00e9 selon les rites et principes religieux du catholicisme<\/strong>,<strong> il est indispensable d\u2019avoir \u00e9t\u00e9 baptis\u00e9<\/strong>. Les b\u00e9b\u00e9s en bas-\u00e2ge d\u00e9c\u00e9d\u00e9s avant d\u2019avoir pu \u00eatre baptis\u00e9s peuvent \u00eatre inhum\u00e9s lors d\u2019un enterrement catholique. De m\u00eame que les personnes qui avaient manifest\u00e9, avant leur d\u00e9c\u00e8s, la volont\u00e9 d\u2019\u00eatre baptis\u00e9es (les chr\u00e9tiens cat\u00e9chum\u00e8nes). Cette r\u00e8gle s\u2019explique par le fait que <strong>le myst\u00e8re pascal est l\u2019un des piliers fondateurs du christianisme<\/strong>, le bapt\u00eame catholique est donc une \u00e9tape essentielle de la vie d\u2019un chr\u00e9tien. Les personnes non-baptis\u00e9es ne sont pas pour autant exclues enti\u00e8rement de l\u2019enterrement catholique puisqu\u2019un temps de pri\u00e8re pourra leur \u00eatre consacr\u00e9, sans eucharistie ni aucun rite. <\/p>\n\n\n\n<p>La prise en charge spirituelle du d\u00e9funt peut commencer avant la <a href=\"\/blog\/quest-ce-que-la-mise-en-biere-lors-des-obseques\/\" target=\"_blank\" rel=\"noreferrer noopener\">mise en bi\u00e8re<\/a> de son corps, et m\u00eame parfois avant son dernier souffle.  Ainsi l\u2019ancienne<strong> \u201cextr\u00eame-onction\u201d<\/strong>, d\u00e9sormais d\u00e9nomm\u00e9 <strong>Sacrement des malades<\/strong> a \u00e9t\u00e9 codifi\u00e9 par la <strong>Constitution apostolique Sacram unctionem infirmorum, <\/strong>du 30 novembre 1972. C\u2019est une onction par l&rsquo;huile lors de laquelle le pr\u00eatre prononce : <em>\u00ab Per istam sanctam unctionem et suam piissimam misericordiam adiuvet te Dominus gratia Spiritus Sancti, ut a peccatis liberatum te salvet atque propitius allevet.<\/em> (\u00ab Par cette onction sainte, que le Seigneur, en sa grande bont\u00e9 vous r\u00e9conforte par la gr\u00e2ce de l&rsquo;Esprit Saint. Ainsi, vous ayant lib\u00e9r\u00e9 de tous p\u00e9ch\u00e9s, qu&rsquo;il vous sauve et vous rel\u00e8ve \u00bb). Cette onction a donc d\u00e9sormais une fonction multiple : <strong>apporter du r\u00e9confort aux malades<\/strong>, les <strong>lib\u00e9rer de leurs p\u00e9ch\u00e9s,<\/strong> et <strong>accompagner les mourants <\/strong>comme autrefois. <\/p>\n\n\n\n<p>Apr\u00e8s le d\u00e9c\u00e8s, et avant la mise en bi\u00e8re, une <strong>b\u00e9n\u00e9diction<\/strong> peut aussi \u00eatre prononc\u00e9e par le pr\u00eatre. C\u2019est aussi une possibilit\u00e9 offerte aux familles \u00e0 l\u2019entr\u00e9e du cercueil dans l\u2019\u00e9glise ou au moment de l\u2019enterrement stricto sensu. &nbsp;<\/p>\n\n\n\n<h2 class=\"wp-block-heading\">Le d\u00e9roulement de la c\u00e9r\u00e9monie et la mise en terre <\/h2>\n\n\n\n<p>La <strong>c\u00e9r\u00e9monie de l\u2019enterrement catholique<\/strong> se d\u00e9roule en partie \u00e0 l\u2019<strong>\u00e9glise<\/strong>. C\u2019est une diff\u00e9rence par exemple avec l\u2019<a href=\"\/blog\/enterrement-juif\/\" target=\"_blank\" rel=\"noreferrer noopener\">enterrement des juifs<\/a>, qui se d\u00e9roule au cimeti\u00e8re sans \u00e9tape pr\u00e9alable \u00e0 la synagogue. Dans la religion catholique, plusieurs rites sont c\u00e9l\u00e9br\u00e9s par le pr\u00eatre ou l\u2019officiant, sans qu\u2019il s\u2019agisse formellement d\u2019une messe. <\/p>\n\n\n\n<p>Le premier rite est le <strong>rite de la lumi\u00e8re<\/strong>, qui ouvre la c\u00e9r\u00e9monie dans l\u2019\u00e9glise. Des cierges sont distribu\u00e9s \u00e0 tous les membres de la communaut\u00e9 chr\u00e9tienne, tandis que le <strong>cierge pascal<\/strong> est la manifestation de la pr\u00e9sence au monde de <strong>J\u00e9sus Christ apr\u00e8s la r\u00e9surrection.<\/strong> La liturgie de la parole, moment fort de nombreux temps catholiques, met la parole de <strong>Dieu<\/strong> au c\u0153ur de l\u2019esp\u00e9rance et de la vie chr\u00e9tienne. <strong>Le signe de croix <\/strong>au d\u00e9but de la c\u00e9l\u00e9bration \u00e9voque la <strong>sainte Trinit\u00e9 du P\u00e8re, du Fils et du Saint Esprit<\/strong>. Evidemment il rappelle le <strong>sacrifice de J\u00e9sus crucifi\u00e9<\/strong> et donc, l\u00e0 encore, l\u2019esp\u00e9rance et la foi in\u00e9branlable en la r\u00e9surrection. L\u2019<strong>encensement<\/strong> illustre la mont\u00e9e du d\u00e9funt vers le ciel tout autant que la mont\u00e9e des pri\u00e8res de ses proches vers les cieux elles aussi. Enfin, le rite de l\u2019eau, \u00e0 rapprocher bien s\u00fbr du bapt\u00eame, consiste \u00e0 asperger le cercueil d\u2019eau b\u00e9nite. <\/p>\n\n\n\n<p>Apr\u00e8s la c\u00e9r\u00e9monie \u00e0 l\u2019\u00e9glise, <strong>le corps est transport\u00e9 vers le cimeti\u00e8re<\/strong> pour proc\u00e9der \u00e0 la mise en terre. C\u2019est s\u00fbrement le moment le plus intime et le plus puissant de l\u2019enterrement catholique. On le r\u00e9serve g\u00e9n\u00e9ralement \u00e0 la famille et aux proches, ainsi qu\u2019au pr\u00eatre ou au diacre. Il doit \u00eatre soigneusement pr\u00e9par\u00e9, en particulier les textes et pri\u00e8res choisis. Il est possible d\u2019accompagner la c\u00e9r\u00e9monie de morceaux de musique: chants gr\u00e9goriens, kyrie, mais aussi parfois le morceau pr\u00e9f\u00e9r\u00e9 du d\u00e9funt, en accord avec l\u2019officiant, pour pr\u00e9server le caract\u00e8re le plus digne \u00e0 la c\u00e9r\u00e9monie au cimeti\u00e8re. . <\/p>\n\n\n\n<h2 class=\"wp-block-heading\">Quelques pri\u00e8res importantes <\/h2>\n\n\n\n<p>Dans la chr\u00e9tient\u00e9, les pri\u00e8res sont autant une mani\u00e8re de communier avec le <strong>Seigneur<\/strong>, de rendre hommage au disparu, que de diffuser la parole de Dieu. La liturgie de la parole est donc tr\u00e8s importante pendant la c\u00e9r\u00e9monie religieuse. La parole n\u2019est pas une parole triste mais au contraire marqu\u00e9e par la joie et surtout la foi en la r\u00e9surrection du christ et en la vie \u00e9ternelle. Car \u201c<strong>c<\/strong>elui qui a toujours reconnu dieu pour son Seigneur peut para\u00eetre avec confiance devant lui. Mourir est ainsi le dernier acte d\u2019une vie v\u00e9cue dans la fid\u00e9lit\u00e9\u201d comme le dit l\u2019Ep\u00eetre de saint Paul aux Romains.<\/p>\n\n\n\n<p>Il existe une tr\u00e8s grande vari\u00e9t\u00e9 de lectures bibliques \u00e0 disposition des familles et des proches du d\u00e9funt. On distingue en g\u00e9n\u00e9ral trois grands types de lectures. La premi\u00e8re pri\u00e8re s\u2019appuie sur l<strong>&lsquo;Ancien Testament<\/strong> et les <strong>Actes des Ap\u00f4tres<\/strong> notamment. La seconde lecture est l&rsquo;<strong>Evangile<\/strong>, la bonne nouvelle de <strong>J\u00e9sus Christ<\/strong>, qui ne peut \u00eatre lu que par le c\u00e9l\u00e9brant. <\/p>\n\n\n<div class=\"lp-produits-grid\"><div class=\"lp-produit\"><div class=\"lp-thumbnail-wrapper\"><img loading=\"lazy\" decoding=\"async\" width=\"300\" height=\"300\" src=\"https:\/\/www.interflora.fr\/blog\/wp-content\/uploads\/2025\/05\/6BHW-800Wx800H-0-1-13-300x300.jpg\" class=\"attachment-medium size-medium wp-post-image\" alt=\"\" srcset=\"https:\/\/www.interflora.fr\/blog\/wp-content\/uploads\/2025\/05\/6BHW-800Wx800H-0-1-13-300x300.jpg 300w, https:\/\/www.interflora.fr\/blog\/wp-content\/uploads\/2025\/05\/6BHW-800Wx800H-0-1-13-150x150.jpg 150w, https:\/\/www.interflora.fr\/blog\/wp-content\/uploads\/2025\/05\/6BHW-800Wx800H-0-1-13-768x768.jpg 768w, https:\/\/www.interflora.fr\/blog\/wp-content\/uploads\/2025\/05\/6BHW-800Wx800H-0-1-13.jpg 800w\" sizes=\"auto, (max-width: 300px) 100vw, 300px\" \/><img decoding=\"async\" class=\"lp-badge\" src=\"https:\/\/www.interflora.fr\/blog\/wp-content\/uploads\/2025\/06\/logo-circle.png\" alt=\"Livraison rapide Interflora\"><\/div><span>Bel hommage blanc<\/span><p>124 \u20ac<\/p><span class=\"obf-link lp-cta\" role=\"link\" tabindex=\"0\" data-b64=\"aHR0cHM6Ly93d3cuaW50ZXJmbG9yYS5mci9wL2RldWlsLWNvdXNzaW4tYmVsLWhvbW1hZ2UtYmxhbmMvMS9GUj91dG1fbWVkaXVtPW9yZ2FuaWMmdXRtX3NvdXJjZT1ibG9nX3Byb2R1Y3RzJnV0bV9jYW1wYWlnbj02QkhX\" data-target=\"_blank\"><svg xmlns=\"http:\/\/www.w3.org\/2000\/svg\" width=\"16\" height=\"16\" fill=\"currentColor\" class=\"bi bi-bag\" viewBox=\"0 0 16 16\"><path d=\"M8 1a2 2 0 0 1 2 2v1h2.5A1.5 1.5 0 0 1 14 5.5v8A1.5 1.5 0 0 1 12.5 15h-9A1.5 1.5 0 0 1 2 13.5v-8A1.5 1.5 0 0 1 3.5 3H6V2a2 2 0 0 1 2-1zm1 3V3a1 1 0 0 0-2 0v1h2z\"\/><\/svg>Voir le produit<\/span><p class=\"rapido\">Top produit<\/p><\/div><div class=\"lp-produit\"><div class=\"lp-thumbnail-wrapper\"><img loading=\"lazy\" decoding=\"async\" width=\"300\" height=\"300\" src=\"https:\/\/www.interflora.fr\/blog\/wp-content\/uploads\/2025\/05\/6RE-800Wx800H-0-1-11-300x300.jpg\" class=\"attachment-medium size-medium wp-post-image\" alt=\"\" srcset=\"https:\/\/www.interflora.fr\/blog\/wp-content\/uploads\/2025\/05\/6RE-800Wx800H-0-1-11-300x300.jpg 300w, https:\/\/www.interflora.fr\/blog\/wp-content\/uploads\/2025\/05\/6RE-800Wx800H-0-1-11-150x150.jpg 150w, https:\/\/www.interflora.fr\/blog\/wp-content\/uploads\/2025\/05\/6RE-800Wx800H-0-1-11-768x768.jpg 768w, https:\/\/www.interflora.fr\/blog\/wp-content\/uploads\/2025\/05\/6RE-800Wx800H-0-1-11.jpg 800w\" sizes=\"auto, (max-width: 300px) 100vw, 300px\" \/><img decoding=\"async\" class=\"lp-badge\" src=\"https:\/\/www.interflora.fr\/blog\/wp-content\/uploads\/2025\/06\/logo-circle.png\" alt=\"Livraison rapide Interflora\"><\/div><span>R\u00e9confort \u00e9ternel<\/span><p>69.95 \u20ac<\/p><span class=\"obf-link lp-cta\" role=\"link\" tabindex=\"0\" data-b64=\"aHR0cHM6Ly93d3cuaW50ZXJmbG9yYS5mci9wL2RldWlsLWNvdXNzaW4tcmVjb25mb3J0LWV0ZXJuZWwvMS9GUj91dG1fbWVkaXVtPW9yZ2FuaWMmdXRtX3NvdXJjZT1ibG9nX3Byb2R1Y3RzJnV0bV9jYW1wYWlnbj02UkU=\" data-target=\"_blank\"><svg xmlns=\"http:\/\/www.w3.org\/2000\/svg\" width=\"16\" height=\"16\" fill=\"currentColor\" class=\"bi bi-bag\" viewBox=\"0 0 16 16\"><path d=\"M8 1a2 2 0 0 1 2 2v1h2.5A1.5 1.5 0 0 1 14 5.5v8A1.5 1.5 0 0 1 12.5 15h-9A1.5 1.5 0 0 1 2 13.5v-8A1.5 1.5 0 0 1 3.5 3H6V2a2 2 0 0 1 2-1zm1 3V3a1 1 0 0 0-2 0v1h2z\"\/><\/svg>Voir le produit<\/span><p class=\"rapido\">Fleurs fra\u00eeches<\/p><\/div><div class=\"lp-produit\"><div class=\"lp-thumbnail-wrapper\"><img loading=\"lazy\" decoding=\"async\" width=\"300\" height=\"300\" src=\"https:\/\/www.interflora.fr\/blog\/wp-content\/uploads\/2025\/05\/6DCO-800Wx800H-0-1-13-300x300.jpg\" class=\"attachment-medium size-medium wp-post-image\" alt=\"\" srcset=\"https:\/\/www.interflora.fr\/blog\/wp-content\/uploads\/2025\/05\/6DCO-800Wx800H-0-1-13-300x300.jpg 300w, https:\/\/www.interflora.fr\/blog\/wp-content\/uploads\/2025\/05\/6DCO-800Wx800H-0-1-13-150x150.jpg 150w, https:\/\/www.interflora.fr\/blog\/wp-content\/uploads\/2025\/05\/6DCO-800Wx800H-0-1-13-768x768.jpg 768w, https:\/\/www.interflora.fr\/blog\/wp-content\/uploads\/2025\/05\/6DCO-800Wx800H-0-1-13.jpg 800w\" sizes=\"auto, (max-width: 300px) 100vw, 300px\" \/><img decoding=\"async\" class=\"lp-badge\" src=\"https:\/\/www.interflora.fr\/blog\/wp-content\/uploads\/2025\/06\/logo-circle.png\" alt=\"Livraison rapide Interflora\"><\/div><span>Douce compassion<\/span><p>42.95 \u20ac<\/p><span class=\"obf-link lp-cta\" role=\"link\" tabindex=\"0\" data-b64=\"aHR0cHM6Ly93d3cuaW50ZXJmbG9yYS5mci9wL2RldWlsLWNvdXBlLXBsYW50ZXMtZG91Y2UtY29tcGFzc2lvbi8xL0ZSP3V0bV9tZWRpdW09b3JnYW5pYyZ1dG1fc291cmNlPWJsb2dfcHJvZHVjdHMmdXRtX2NhbXBhaWduPTZEQ08=\" data-target=\"_blank\"><svg xmlns=\"http:\/\/www.w3.org\/2000\/svg\" width=\"16\" height=\"16\" fill=\"currentColor\" class=\"bi bi-bag\" viewBox=\"0 0 16 16\"><path d=\"M8 1a2 2 0 0 1 2 2v1h2.5A1.5 1.5 0 0 1 14 5.5v8A1.5 1.5 0 0 1 12.5 15h-9A1.5 1.5 0 0 1 2 13.5v-8A1.5 1.5 0 0 1 3.5 3H6V2a2 2 0 0 1 2-1zm1 3V3a1 1 0 0 0-2 0v1h2z\"\/><\/svg>Voir le produit<\/span><p class=\"rapido\">Top produit<\/p><\/div><div class=\"lp-produit\"><div class=\"lp-thumbnail-wrapper\"><img loading=\"lazy\" decoding=\"async\" width=\"300\" height=\"300\" src=\"https:\/\/www.interflora.fr\/blog\/wp-content\/uploads\/2025\/05\/6AE-800Wx800H-0-1-13-300x300.jpg\" class=\"attachment-medium size-medium wp-post-image\" alt=\"\" srcset=\"https:\/\/www.interflora.fr\/blog\/wp-content\/uploads\/2025\/05\/6AE-800Wx800H-0-1-13-300x300.jpg 300w, https:\/\/www.interflora.fr\/blog\/wp-content\/uploads\/2025\/05\/6AE-800Wx800H-0-1-13-150x150.jpg 150w, https:\/\/www.interflora.fr\/blog\/wp-content\/uploads\/2025\/05\/6AE-800Wx800H-0-1-13-768x768.jpg 768w, https:\/\/www.interflora.fr\/blog\/wp-content\/uploads\/2025\/05\/6AE-800Wx800H-0-1-13.jpg 800w\" sizes=\"auto, (max-width: 300px) 100vw, 300px\" \/><img decoding=\"async\" class=\"lp-badge\" src=\"https:\/\/www.interflora.fr\/blog\/wp-content\/uploads\/2025\/06\/logo-circle.png\" alt=\"Livraison rapide Interflora\"><\/div><span>Amiti\u00e9 \u00e9ternelle<\/span><p>49.95 \u20ac<\/p><span class=\"obf-link lp-cta\" role=\"link\" tabindex=\"0\" data-b64=\"aHR0cHM6Ly93d3cuaW50ZXJmbG9yYS5mci9wL2RldWlsLWNvdXBlLXBsYW50ZXMtYW1pdGllLWV0ZXJuZWxsZS8xL0ZSP3V0bV9tZWRpdW09b3JnYW5pYyZ1dG1fc291cmNlPWJsb2dfcHJvZHVjdHMmdXRtX2NhbXBhaWduPTZBRQ==\" data-target=\"_blank\"><svg xmlns=\"http:\/\/www.w3.org\/2000\/svg\" width=\"16\" height=\"16\" fill=\"currentColor\" class=\"bi bi-bag\" viewBox=\"0 0 16 16\"><path d=\"M8 1a2 2 0 0 1 2 2v1h2.5A1.5 1.5 0 0 1 14 5.5v8A1.5 1.5 0 0 1 12.5 15h-9A1.5 1.5 0 0 1 2 13.5v-8A1.5 1.5 0 0 1 3.5 3H6V2a2 2 0 0 1 2-1zm1 3V3a1 1 0 0 0-2 0v1h2z\"\/><\/svg>Voir le produit<\/span><p class=\"rapido\">Top produit<\/p><\/div><\/div>\n\n\n\n<div style=\"height:18px\" aria-hidden=\"true\" class=\"wp-block-spacer\"><\/div>\n\n\n\n<h3 class=\"wp-block-heading\">Le Notre P\u00e8re<\/h3>\n\n\n\n<p>Les pri\u00e8res universelles sont \u00e9galement essentielles, \u00e0 l\u2019instar du <strong>Notre P\u00e8re <\/strong>dont la forme actuelle \u00e9dit\u00e9e par la <strong>conf\u00e9rence des \u00c9v\u00eaques de France<\/strong> est la suivante : <\/p>\n\n\n\n<blockquote class=\"wp-block-quote is-layout-flow wp-block-quote-is-layout-flow\">\n<p>\u201cNotre P\u00e8re, qui es aux cieux, <br>que ton nom soit sanctifi\u00e9, que ton r\u00e8gne vienne, <br>que ta volont\u00e9 soit faite sur la terre comme au ciel. <br>Donne-nous aujourd\u2019hui notre pain de ce jour. <br>Pardonne-nous nos offenses,<br>comme nous pardonnons aussi \u00e0 ceux qui nous ont offens\u00e9s.<br>Et ne nous laisse pas entrer en tentation<br>mais d\u00e9livre-nous du Mal. <br>Amen.\u201d  <\/p>\n<\/blockquote>\n\n\n\n<p>Les pri\u00e8res les plus c\u00e9l\u00e8bres et les textes parmi les plus importants du dogme catholique \u00e0 propos de la mort figurent au <strong>livre des Psaumes<\/strong>, au <strong>livre de la Sagesse <\/strong>ou en encore au<strong> livre des Lamentations<\/strong>. Une des plus \u00e9mouvantes est la lecture du <strong>Livre de Job<\/strong> (19, 1.23-27a): <\/p>\n\n\n\n<blockquote class=\"wp-block-quote is-layout-flow wp-block-quote-is-layout-flow\">\n<p>Je sais, moi, que mon lib\u00e9rateur est vivant, et qu&rsquo;\u00e0 la fin il se dressera sur la poussi\u00e8re des morts ; avec mon corps, je me tiendrai debout, et de mes yeux de chair, je verrai Dieu. Moi-m\u00eame, je le verrai, et quand mes yeux le regarderont, il ne se d\u00e9tournera pas. <\/p>\n<cite><strong>Livre de Job<\/strong> (19, 1.23-27a) <\/cite><\/blockquote>\n\n\n\n<p>Les id\u00e9es principales port\u00e9es par ces textes sont <strong>l\u2019encouragement dans l\u2019\u00e9preuve<\/strong>, <strong>la confiance dans la foi<\/strong> et dans la vie apr\u00e8s la mort. L\u2019esp\u00e9rance y occupe une place centrale. C\u2019est aussi l\u2019esprit des intentions de pri\u00e8res d\u00e9livr\u00e9es par des proches. Les textes non tir\u00e9s des Saintes \u00e9critures peuvent \u00eatre lus lors de la c\u00e9r\u00e9monie. Ils ne peuvent cependant pas se substituer aux enseignements de la <strong>Bible<\/strong>. On les entend g\u00e9n\u00e9ralement apr\u00e8s l\u2019acte de Communion. <\/p>\n\n\n\n<h2 class=\"wp-block-heading\">Les obs\u00e8ques catholiques en cas de cr\u00e9mation ou de suicide<\/h2>\n\n\n\n<p>Les fun\u00e9railles catholiques ont longtemps \u00e9t\u00e9 r\u00e9serv\u00e9es par la <strong>doctrine de l\u2019\u00e9glise catholique romain <\/strong>aux personnes baptis\u00e9es qui souhaitaient se faire enterrer. Les <strong>autorit\u00e9s du Vatican<\/strong> ont \u00e9volu\u00e9 sur deux questions importantes :<strong> la cr\u00e9mation et le suicide. <\/strong><\/p>\n\n\n\n<p>Pour ce qui concerne la <strong>cr\u00e9mation<\/strong>, elle fut <strong>interdite en France par Charlemagne d\u00e8s le VIIIe si\u00e8cle<\/strong>, ne fut <strong>autoris\u00e9e qu\u2019onzes si\u00e8cle plus tard<\/strong>, en ne se d\u00e9veloppa qu\u2019\u00e0 partir des ann\u00e9es 1980. Cette pratique, tr\u00e8s fr\u00e9quente chez les peuples protestants du nord de l\u2019Europe, ne fut consid\u00e9r\u00e9e conforme \u00e0 la catholicit\u00e9 qu\u2019\u00e0 partir du concile Vatican II de 1963. D\u00e9sormais, <strong>le pr\u00eatre peut proc\u00e9der \u00e0 une c\u00e9r\u00e9monie<\/strong>, b\u00e9nir le d\u00e9funt lors de la lev\u00e9e du corps mais il accompagne rarement la d\u00e9pouille jusqu\u2019au cr\u00e9matorium. Sur le lieu de la chambre cr\u00e9matoire, il est admis de c\u00e9l\u00e9brer une c\u00e9r\u00e9monie \u00e0 caract\u00e8re confessionnel, en pr\u00e9sence d\u2019un diacre en g\u00e9n\u00e9ral. &nbsp;<\/p>\n\n\n\n<p><strong>Lire aussi :<\/strong> <a href=\"\/blog\/inhumation-ou-cremation\/\" target=\"_blank\" rel=\"noreferrer noopener\">Choisir l&rsquo;inhumation ou la cr\u00e9mation ?<\/a><\/p>\n\n\n\n<p>En ce qui concerne le <strong>suicide<\/strong>, le concile de Braga au VIe si\u00e8cle le reconnaissait d\u00e9j\u00e0 comme un \u201c\u00e9tat de d\u00e9tresse\u201d. Il est d\u2019ailleurs int\u00e9ressant de remarquer que certains personnages bibliques comme Samson ou Sa\u00fcl mettent fin \u00e0 leurs jours, m\u00eame si l\u2019ex\u00e9g\u00e8se ne consid\u00e8re pas ces morts comme des suicides. N\u00e9anmoins, <strong>l\u2019Eglise consid\u00e8re le suicide comme une atteinte \u00e0 la vie humaine<\/strong>, \u00e0 la <strong>Cr\u00e9ation<\/strong> et \u00e0 l\u2019<strong>amour du Dieu vivant<\/strong>, c\u2019est aussi une cause de scandale s\u2019il a vocation \u00e0 influencer des tiers. Ces derni\u00e8res ann\u00e9es, le cat\u00e9chisme a \u00e9volu\u00e9 pour offrir mis\u00e9ricorde aux personnes les plus fragiles : \u00ab On ne doit pas d\u00e9sesp\u00e9rer du salut \u00e9ternel des personnes qui se sont donn\u00e9 la mort. Dieu peut leur m\u00e9nager par les voies que lui seul conna\u00eet, l\u2019occasion d\u2019une salutaire repentance. L\u2019\u00c9glise prie pour les personnes qui ont attent\u00e9 \u00e0 leur vie. \u00bb <strong>Une libert\u00e9 d\u2019appr\u00e9ciation<\/strong> est ainsi <strong>laiss\u00e9e aux autorit\u00e9s dioc\u00e9saines<\/strong> <strong>pour accorder ou non au suicid\u00e9 un enterrement catholique.<\/strong> Cela passe g\u00e9n\u00e9ralement par un entretien approfondi du pr\u00eatre avec la famille de l\u2019\u00eatre cher disparu. <\/p>\n\n\n\n<p><strong>Lire aussi :<\/strong> <a href=\"\/blog\/enterrement-laique\/\" target=\"_blank\" rel=\"noreferrer noopener\">Enterrement civil : c\u00e9r\u00e9monie non religieuse (la\u00efque)<\/a><\/p>\n","protected":false},"excerpt":{"rendered":"<p>Rite essentiel de la foi catholique, l\u2019enterrement figure la mise au tombeau du corps de J\u00e9sus de Nazareth apr\u00e8s sa mort sur la croix. L\u2019inhumation rassemble, autour du pr\u00eatre, les proches et la famille pour accompagner le d\u00e9funt vers sa derni\u00e8re demeure pour l\u2019\u00e9ternit\u00e9 mais aussi et surtout vers le royaume de Dieu. Ce moment douloureux vient ainsi achever une vie chr\u00e9tienne, mais dans la foi chr\u00e9tienne il est aussi empreint d\u2019esp\u00e9rance en la r\u00e9surrection d\u2019une fille ou d\u2019un fils de Dieu. L\u2019amour du Christ est donc un \u00e9l\u00e9ment central de cette c\u00e9r\u00e9monie catholique parmi les plus importantes avec le bapt\u00eame et la communion. <\/p>\n","protected":false},"author":1,"featured_media":19774,"comment_status":"open","ping_status":"open","sticky":false,"template":"","format":"standard","meta":{"_uag_custom_page_level_css":"","site-sidebar-layout":"default","site-content-layout":"","ast-site-content-layout":"default","site-content-style":"default","site-sidebar-style":"default","ast-global-header-display":"","ast-banner-title-visibility":"","ast-main-header-display":"","ast-hfb-above-header-display":"","ast-hfb-below-header-display":"","ast-hfb-mobile-header-display":"","site-post-title":"","ast-breadcrumbs-content":"","ast-featured-img":"","footer-sml-layout":"","ast-disable-related-posts":"","theme-transparent-header-meta":"","adv-header-id-meta":"","stick-header-meta":"","header-above-stick-meta":"","header-main-stick-meta":"","header-below-stick-meta":"","astra-migrate-meta-layouts":"default","ast-page-background-enabled":"default","ast-page-background-meta":{"desktop":{"background-color":"var(--ast-global-color-5)","background-image":"","background-repeat":"repeat","background-position":"center center","background-size":"auto","background-attachment":"scroll","background-type":"","background-media":"","overlay-type":"","overlay-color":"","overlay-opacity":"","overlay-gradient":""},"tablet":{"background-color":"","background-image":"","background-repeat":"repeat","background-position":"center center","background-size":"auto","background-attachment":"scroll","background-type":"","background-media":"","overlay-type":"","overlay-color":"","overlay-opacity":"","overlay-gradient":""},"mobile":{"background-color":"","background-image":"","background-repeat":"repeat","background-position":"center center","background-size":"auto","background-attachment":"scroll","background-type":"","background-media":"","overlay-type":"","overlay-color":"","overlay-opacity":"","overlay-gradient":""}},"ast-content-background-meta":{"desktop":{"background-color":"var(--ast-global-color-4)","background-image":"","background-repeat":"repeat","background-position":"center center","background-size":"auto","background-attachment":"scroll","background-type":"","background-media":"","overlay-type":"","overlay-color":"","overlay-opacity":"","overlay-gradient":""},"tablet":{"background-color":"var(--ast-global-color-4)","background-image":"","background-repeat":"repeat","background-position":"center center","background-size":"auto","background-attachment":"scroll","background-type":"","background-media":"","overlay-type":"","overlay-color":"","overlay-opacity":"","overlay-gradient":""},"mobile":{"background-color":"var(--ast-global-color-4)","background-image":"","background-repeat":"repeat","background-position":"center center","background-size":"auto","background-attachment":"scroll","background-type":"","background-media":"","overlay-type":"","overlay-color":"","overlay-opacity":"","overlay-gradient":""}},"footnotes":""},"categories":[263],"tags":[264],"class_list":["post-19291","post","type-post","status-publish","format-standard","has-post-thumbnail","hentry","category-deuil","tag-deuil"],"uagb_featured_image_src":{"full":false,"thumbnail":false,"medium":false,"medium_large":false,"large":false,"1536x1536":false,"2048x2048":false},"uagb_author_info":{"display_name":"admin","author_link":"https:\/\/www.interflora.fr\/blog\/author\/admin\/"},"uagb_comment_info":0,"uagb_excerpt":"Rite essentiel de la foi catholique, l\u2019enterrement figure la mise au tombeau du corps de J\u00e9sus de Nazareth apr\u00e8s sa mort sur la croix. L\u2019inhumation rassemble, autour du pr\u00eatre, les proches et la famille pour accompagner le d\u00e9funt vers sa derni\u00e8re demeure pour l\u2019\u00e9ternit\u00e9 mais aussi et surtout vers le royaume de Dieu. Ce moment\u2026","yoast_meta":{"title":"","description":"Rite essentiel de la foi catholique, l\u2019enterrement catholique figure la mise au tombeau du corps de J\u00e9sus de Nazareth apr\u00e8s sa mort sur la croix."},"_links":{"self":[{"href":"https:\/\/www.interflora.fr\/blog\/wp-json\/wp\/v2\/posts\/19291","targetHints":{"allow":["GET"]}}],"collection":[{"href":"https:\/\/www.interflora.fr\/blog\/wp-json\/wp\/v2\/posts"}],"about":[{"href":"https:\/\/www.interflora.fr\/blog\/wp-json\/wp\/v2\/types\/post"}],"author":[{"embeddable":true,"href":"https:\/\/www.interflora.fr\/blog\/wp-json\/wp\/v2\/users\/1"}],"replies":[{"embeddable":true,"href":"https:\/\/www.interflora.fr\/blog\/wp-json\/wp\/v2\/comments?post=19291"}],"version-history":[{"count":0,"href":"https:\/\/www.interflora.fr\/blog\/wp-json\/wp\/v2\/posts\/19291\/revisions"}],"wp:featuredmedia":[{"embeddable":true,"href":"https:\/\/www.interflora.fr\/blog\/wp-json\/"}],"wp:attachment":[{"href":"https:\/\/www.interflora.fr\/blog\/wp-json\/wp\/v2\/media?parent=19291"}],"wp:term":[{"taxonomy":"category","embeddable":true,"href":"https:\/\/www.interflora.fr\/blog\/wp-json\/wp\/v2\/categories?post=19291"},{"taxonomy":"post_tag","embeddable":true,"href":"https:\/\/www.interflora.fr\/blog\/wp-json\/wp\/v2\/tags?post=19291"}],"curies":[{"name":"wp","href":"https:\/\/api.w.org\/{rel}","templated":true}]}}