{"id":19285,"date":"2019-07-10T17:20:25","date_gmt":"2019-07-10T15:20:25","guid":{"rendered":"https:\/\/www.guide-deuil.com\/?p=54"},"modified":"2025-06-23T11:34:26","modified_gmt":"2025-06-23T09:34:26","slug":"capital-deces","status":"publish","type":"post","link":"https:\/\/www.interflora.fr\/blog\/capital-deces\/","title":{"rendered":"Qu&rsquo;est-ce que le capital d\u00e9c\u00e8s et comment est-il vers\u00e9 ?"},"content":{"rendered":"\n<p class=\"has-drop-cap\"><strong>Le capital d\u00e9c\u00e8s est une aide accord\u00e9e par la s\u00e9curit\u00e9 sociale, qui permet aux proches du d\u00e9funt de couvrir les premi\u00e8res d\u00e9penses qui surviennent apr\u00e8s le d\u00e9c\u00e8s. C\u2019est la caisse primaire d\u2019assurance maladie du d\u00e9funt qui verse une somme d\u2019argent aux proches. Cette aide permet, dans un premier temps, aux ayants droits de se soulager des frais qui s\u2019accumulent depuis le d\u00e9c\u00e8s, comme les co\u00fbts du service des pompes fun\u00e8bres ou de l&rsquo;organisation de la c\u00e9r\u00e9monie. Le capital d\u00e9c\u00e8s doit n\u00e9anmoins \u00eatre per\u00e7u comme une indemnit\u00e9 qui aide \u00e0 couvrir certaines d\u00e9penses uniquement. Les personnes les plus pr\u00e9voyantes pr\u00e9f\u00e9reront aussi souscrire \u00e0 une assurance d\u00e9c\u00e8s compl\u00e9mentaire.<\/strong><\/p>\n\n\n<div class=\"lp-produits-grid\"><div class=\"lp-produit\"><div class=\"lp-thumbnail-wrapper\"><img loading=\"lazy\" decoding=\"async\" width=\"300\" height=\"300\" src=\"https:\/\/www.interflora.fr\/blog\/wp-content\/uploads\/2025\/05\/6ED-800Wx800H-0-1-12-300x300.jpg\" class=\"attachment-medium size-medium wp-post-image\" alt=\"\" srcset=\"https:\/\/www.interflora.fr\/blog\/wp-content\/uploads\/2025\/05\/6ED-800Wx800H-0-1-12-300x300.jpg 300w, https:\/\/www.interflora.fr\/blog\/wp-content\/uploads\/2025\/05\/6ED-800Wx800H-0-1-12-150x150.jpg 150w, https:\/\/www.interflora.fr\/blog\/wp-content\/uploads\/2025\/05\/6ED-800Wx800H-0-1-12-768x768.jpg 768w, https:\/\/www.interflora.fr\/blog\/wp-content\/uploads\/2025\/05\/6ED-800Wx800H-0-1-12.jpg 800w\" sizes=\"auto, (max-width: 300px) 100vw, 300px\" \/><img decoding=\"async\" class=\"lp-badge\" src=\"https:\/\/www.interflora.fr\/blog\/wp-content\/uploads\/2025\/06\/logo-circle.png\" alt=\"Livraison rapide Interflora\"><\/div><span>Eclat dor\u00e9<\/span><p>89.95 \u20ac<\/p><span class=\"obf-link lp-cta\" role=\"link\" tabindex=\"0\" data-b64=\"aHR0cHM6Ly93d3cuaW50ZXJmbG9yYS5mci9wL2RldWlsLWNvdXBlLWZsZXVycy1lY2xhdC1kb3JlLzEvRlI\/dXRtX21lZGl1bT1vcmdhbmljJnV0bV9zb3VyY2U9YmxvZ19wcm9kdWN0cyZ1dG1fY2FtcGFpZ249NkVE\" data-target=\"_blank\"><svg xmlns=\"http:\/\/www.w3.org\/2000\/svg\" width=\"16\" height=\"16\" fill=\"currentColor\" class=\"bi bi-bag\" viewBox=\"0 0 16 16\"><path d=\"M8 1a2 2 0 0 1 2 2v1h2.5A1.5 1.5 0 0 1 14 5.5v8A1.5 1.5 0 0 1 12.5 15h-9A1.5 1.5 0 0 1 2 13.5v-8A1.5 1.5 0 0 1 3.5 3H6V2a2 2 0 0 1 2-1zm1 3V3a1 1 0 0 0-2 0v1h2z\"\/><\/svg>Voir le produit<\/span><p class=\"rapido\">Top produit<\/p><\/div><div class=\"lp-produit\"><div class=\"lp-thumbnail-wrapper\"><img loading=\"lazy\" decoding=\"async\" width=\"300\" height=\"300\" src=\"https:\/\/www.interflora.fr\/blog\/wp-content\/uploads\/2025\/05\/6BHW-800Wx800H-0-1-13-300x300.jpg\" class=\"attachment-medium size-medium wp-post-image\" alt=\"\" srcset=\"https:\/\/www.interflora.fr\/blog\/wp-content\/uploads\/2025\/05\/6BHW-800Wx800H-0-1-13-300x300.jpg 300w, https:\/\/www.interflora.fr\/blog\/wp-content\/uploads\/2025\/05\/6BHW-800Wx800H-0-1-13-150x150.jpg 150w, https:\/\/www.interflora.fr\/blog\/wp-content\/uploads\/2025\/05\/6BHW-800Wx800H-0-1-13-768x768.jpg 768w, https:\/\/www.interflora.fr\/blog\/wp-content\/uploads\/2025\/05\/6BHW-800Wx800H-0-1-13.jpg 800w\" sizes=\"auto, (max-width: 300px) 100vw, 300px\" \/><img decoding=\"async\" class=\"lp-badge\" src=\"https:\/\/www.interflora.fr\/blog\/wp-content\/uploads\/2025\/06\/logo-circle.png\" alt=\"Livraison rapide Interflora\"><\/div><span>Bel hommage blanc<\/span><p>124 \u20ac<\/p><span class=\"obf-link lp-cta\" role=\"link\" tabindex=\"0\" data-b64=\"aHR0cHM6Ly93d3cuaW50ZXJmbG9yYS5mci9wL2RldWlsLWNvdXNzaW4tYmVsLWhvbW1hZ2UtYmxhbmMvMS9GUj91dG1fbWVkaXVtPW9yZ2FuaWMmdXRtX3NvdXJjZT1ibG9nX3Byb2R1Y3RzJnV0bV9jYW1wYWlnbj02QkhX\" data-target=\"_blank\"><svg xmlns=\"http:\/\/www.w3.org\/2000\/svg\" width=\"16\" height=\"16\" fill=\"currentColor\" class=\"bi bi-bag\" viewBox=\"0 0 16 16\"><path d=\"M8 1a2 2 0 0 1 2 2v1h2.5A1.5 1.5 0 0 1 14 5.5v8A1.5 1.5 0 0 1 12.5 15h-9A1.5 1.5 0 0 1 2 13.5v-8A1.5 1.5 0 0 1 3.5 3H6V2a2 2 0 0 1 2-1zm1 3V3a1 1 0 0 0-2 0v1h2z\"\/><\/svg>Voir le produit<\/span><p class=\"rapido\">Livraison rapide<\/p><\/div><div class=\"lp-produit\"><div class=\"lp-thumbnail-wrapper\"><img loading=\"lazy\" decoding=\"async\" width=\"300\" height=\"300\" src=\"https:\/\/www.interflora.fr\/blog\/wp-content\/uploads\/2025\/05\/6RE-800Wx800H-0-1-11-300x300.jpg\" class=\"attachment-medium size-medium wp-post-image\" alt=\"\" srcset=\"https:\/\/www.interflora.fr\/blog\/wp-content\/uploads\/2025\/05\/6RE-800Wx800H-0-1-11-300x300.jpg 300w, https:\/\/www.interflora.fr\/blog\/wp-content\/uploads\/2025\/05\/6RE-800Wx800H-0-1-11-150x150.jpg 150w, https:\/\/www.interflora.fr\/blog\/wp-content\/uploads\/2025\/05\/6RE-800Wx800H-0-1-11-768x768.jpg 768w, https:\/\/www.interflora.fr\/blog\/wp-content\/uploads\/2025\/05\/6RE-800Wx800H-0-1-11.jpg 800w\" sizes=\"auto, (max-width: 300px) 100vw, 300px\" \/><img decoding=\"async\" class=\"lp-badge\" src=\"https:\/\/www.interflora.fr\/blog\/wp-content\/uploads\/2025\/06\/logo-circle.png\" alt=\"Livraison rapide Interflora\"><\/div><span>R\u00e9confort \u00e9ternel<\/span><p>69.95 \u20ac<\/p><span class=\"obf-link lp-cta\" role=\"link\" tabindex=\"0\" data-b64=\"aHR0cHM6Ly93d3cuaW50ZXJmbG9yYS5mci9wL2RldWlsLWNvdXNzaW4tcmVjb25mb3J0LWV0ZXJuZWwvMS9GUj91dG1fbWVkaXVtPW9yZ2FuaWMmdXRtX3NvdXJjZT1ibG9nX3Byb2R1Y3RzJnV0bV9jYW1wYWlnbj02UkU=\" data-target=\"_blank\"><svg xmlns=\"http:\/\/www.w3.org\/2000\/svg\" width=\"16\" height=\"16\" fill=\"currentColor\" class=\"bi bi-bag\" viewBox=\"0 0 16 16\"><path d=\"M8 1a2 2 0 0 1 2 2v1h2.5A1.5 1.5 0 0 1 14 5.5v8A1.5 1.5 0 0 1 12.5 15h-9A1.5 1.5 0 0 1 2 13.5v-8A1.5 1.5 0 0 1 3.5 3H6V2a2 2 0 0 1 2-1zm1 3V3a1 1 0 0 0-2 0v1h2z\"\/><\/svg>Voir le produit<\/span><p class=\"rapido\">Livraison rapide<\/p><\/div><div class=\"lp-produit\"><div class=\"lp-thumbnail-wrapper\"><img loading=\"lazy\" decoding=\"async\" width=\"300\" height=\"300\" src=\"https:\/\/www.interflora.fr\/blog\/wp-content\/uploads\/2025\/05\/6VAW-800Wx800H-0-1-10-300x300.jpg\" class=\"attachment-medium size-medium wp-post-image\" alt=\"\" srcset=\"https:\/\/www.interflora.fr\/blog\/wp-content\/uploads\/2025\/05\/6VAW-800Wx800H-0-1-10-300x300.jpg 300w, https:\/\/www.interflora.fr\/blog\/wp-content\/uploads\/2025\/05\/6VAW-800Wx800H-0-1-10-150x150.jpg 150w, https:\/\/www.interflora.fr\/blog\/wp-content\/uploads\/2025\/05\/6VAW-800Wx800H-0-1-10-768x768.jpg 768w, https:\/\/www.interflora.fr\/blog\/wp-content\/uploads\/2025\/05\/6VAW-800Wx800H-0-1-10.jpg 800w\" sizes=\"auto, (max-width: 300px) 100vw, 300px\" \/><img decoding=\"async\" class=\"lp-badge\" src=\"https:\/\/www.interflora.fr\/blog\/wp-content\/uploads\/2025\/06\/logo-circle.png\" alt=\"Livraison rapide Interflora\"><\/div><span>Voyage astral blanc<\/span><p>139 \u20ac<\/p><span class=\"obf-link lp-cta\" role=\"link\" tabindex=\"0\" data-b64=\"aHR0cHM6Ly93d3cuaW50ZXJmbG9yYS5mci9wL2RldWlsLWNvdXBlLXBsYW50ZXMtdm95YWdlLWFzdHJhbC1ibGFuYy8xL0ZSP3V0bV9tZWRpdW09b3JnYW5pYyZ1dG1fc291cmNlPWJsb2dfcHJvZHVjdHMmdXRtX2NhbXBhaWduPTZWQVc=\" data-target=\"_blank\"><svg xmlns=\"http:\/\/www.w3.org\/2000\/svg\" width=\"16\" height=\"16\" fill=\"currentColor\" class=\"bi bi-bag\" viewBox=\"0 0 16 16\"><path d=\"M8 1a2 2 0 0 1 2 2v1h2.5A1.5 1.5 0 0 1 14 5.5v8A1.5 1.5 0 0 1 12.5 15h-9A1.5 1.5 0 0 1 2 13.5v-8A1.5 1.5 0 0 1 3.5 3H6V2a2 2 0 0 1 2-1zm1 3V3a1 1 0 0 0-2 0v1h2z\"\/><\/svg>Voir le produit<\/span><p class=\"rapido\">Fleurs fra\u00eeches<\/p><\/div><\/div>\n\n\n\n<div style=\"height:18px\" aria-hidden=\"true\" class=\"wp-block-spacer\"><\/div>\n\n\n\n<h2 class=\"wp-block-heading\">Comment toucher le capital d\u00e9c\u00e8s ?<\/h2>\n\n\n\n<p>Un capital d\u00e9c\u00e8s est assur\u00e9 \u00e0 tout salari\u00e9 qui \u00e9tait assujetti \u00e0 la s\u00e9curit\u00e9 sociale. Il s\u2019agit d\u2019un droit qui est garanti par le r\u00e9gime g\u00e9n\u00e9ral de l\u2019assurance d\u00e9c\u00e8s. Contrairement au contrat d\u2019assurance vie ou \u00e0 l\u2019assurance obs\u00e8ques qui serviront \u00e0 maintenir le niveau de vie des proches ou \u00e0 r\u00e9gler la totalit\u00e9 du co\u00fbt des obs\u00e8ques, le capital d\u00e9c\u00e8s est une indemnit\u00e9 qui <strong>sert \u00e0 payer les premiers services<\/strong> qui surviennent d\u00e8s le d\u00e9c\u00e8s. En fonction des conditions&nbsp; et du contexte entourant le d\u00e9c\u00e8s, il peut y avoir des<strong> factures d\u2019hospitalisation<\/strong>, des <strong>services mortuaires<\/strong>, des <strong>pompes fun\u00e8bres<\/strong> ou des co\u00fbts li\u00e9s \u00e0 un rapatriement \u00e9ventuel qui s&rsquo;accumulent. Le capital d\u00e9c\u00e8s est g\u00e9r\u00e9 par l\u2019assurance maladie du d\u00e9funt, alors que les autres types de contrats sont directement propos\u00e9s et g\u00e9r\u00e9s par les agences de pompes fun\u00e8bres ou les compagnies d\u2019assurance.<\/p>\n\n\n\n<h3 class=\"wp-block-heading\">Qui re\u00e7oit l\u2019indemnisation ?<\/h3>\n\n\n\n<p>C\u2019est l\u2019<strong>assurance sociale du d\u00e9funt qui indemnise les proches<\/strong>, gr\u00e2ce \u00e0 la cotisation de l\u2019assur\u00e9 durant sa vie de travailleur. Mais qui est la personne qui recevra le versement ? Il existe un ordre de priorit\u00e9 d\u00e9fini. Si le d\u00e9funt avait \u00e0 sa charge des personnes de fa\u00e7on permanente, totale et effective, alors la personne qui touchera le capital d\u00e9c\u00e8s est le conjoint ou la conjointe. Par ordre de priorit\u00e9, le cas \u00e9ch\u00e9ant, l\u2019indemnit\u00e9 sera vers\u00e9e aux enfants, puis aux parents ou m\u00eame aux grands-parents. Finalement, le versement peut m\u00eame \u00eatre per\u00e7u par une personne \u00e0 charge, comme un concubin. Si le d\u00e9funt n\u2019avait pas de personnes \u00e0 sa charge, c\u2019est le m\u00eame ordre de priorit\u00e9 qui s\u2019applique.<\/p>\n\n\n\n<p>Dans le cas o\u00f9 il y a plusieurs ayants droit au m\u00eame rang (par exemple, plusieurs enfants), alors ils deviennent tous b\u00e9n\u00e9ficiaires du capital d\u00e9c\u00e8s et se partagent l\u2019indemnit\u00e9 \u00e0 parts \u00e9gales.<\/p>\n\n\n\n<h3 class=\"wp-block-heading\">Les conditions pour pouvoir le toucher<\/h3>\n\n\n\n<p>Comme le capital d\u00e9c\u00e8s est une indemnit\u00e9 qu\u2019offre la s\u00e9curit\u00e9 sociale, <strong>il faut que le d\u00e9funt y soit assujetti<\/strong>. Les conditions vont g\u00e9n\u00e9ralement de pair avec l\u2019assujettissement li\u00e9e \u00e0 une activit\u00e9 salari\u00e9e. Ainsi, la premi\u00e8re condition est que le d\u00e9funt doit avoir exerc\u00e9 une activit\u00e9 de salari\u00e9 durant les 3 derniers mois. Le d\u00e9funt devait \u00eatre en situation de maintien de droits. Et s\u2019il n\u2019\u00e9tait pas salari\u00e9, il devait \u00eatre titulaire d\u2019une pension d\u2019invalidit\u00e9 ou recevoir une rente de maladie professionnelle ou une rente pour cause d\u2019accident du travail.<\/p>\n\n\n\n<p><strong>Si le d\u00e9funt \u00e9tait ch\u00f4meur<\/strong> et qu\u2019il avait \u00e9t\u00e9 salari\u00e9, les proches peuvent tout de m\u00eame pr\u00e9tendre \u00e0 l\u2019indemnit\u00e9, sous certaines conditions. Pour toucher le capital d\u00e9c\u00e8s d\u2019un ch\u00f4meur, il faut que le d\u00e9funt soit d\u00e9c\u00e9d\u00e9 avant la fin de sa premi\u00e8re ann\u00e9e de ch\u00f4mage. Si le d\u00e9funt \u00e9tait au ch\u00f4mage depuis plus longtemps, le capital d\u00e9c\u00e8s est vers\u00e9 uniquement s\u2019il est survenu maximum douze mois apr\u00e8s la fin de sa p\u00e9riode d\u2019indemnisation.<\/p>\n\n\n\n<p><strong>Les retrait\u00e9s n\u2019ont pas droit au capital d\u00e9c\u00e8s<\/strong>. Cette indemnisation n\u2019est pas octroy\u00e9e aux proches des retrait\u00e9s. Il y a n\u00e9anmoins deux exceptions. Si le retrait\u00e9 venait de cesser r\u00e9cemment son activit\u00e9 ou qu\u2019il avait d\u00e9cid\u00e9 de poursuivre une activit\u00e9, alors la s\u00e9curit\u00e9 sociale lui r\u00e9serve un capital d\u00e9c\u00e8s.<\/p>\n\n\n\n<h3 class=\"wp-block-heading\">Les d\u00e9marches \u00e0 accomplir pour obtenir l&rsquo;aide<\/h3>\n\n\n\n<p>Pour devenir b\u00e9n\u00e9ficiaire du capital d\u00e9c\u00e8s, il est important de se manifester. Les ayants droits doivent se faire conna\u00eetre aupr\u00e8s de l\u2019assurance maladie dans le mois qui suit le d\u00e9c\u00e8s. Plusieurs documents et justificatifs seront demand\u00e9s par la caisse primaire d\u2019assurance maladie (CPAM) de l\u2019assur\u00e9. Tout d\u2019abord, il faut apporter sa <strong>carte d\u2019immatriculation \u00e0 l\u2019assurance<\/strong>. Le livret de famille ou le certificat de d\u00e9c\u00e8s seront aussi demand\u00e9s ainsi que votre RIB. Les documents les plus difficiles \u00e0 regrouper sont les justificatifs d\u2019heures travaill\u00e9es juste avant le d\u00e9c\u00e8s. Il peut aussi s\u2019agir de documents qui prouvent les cotisations vers\u00e9es. Ce genre d\u2019informations se retrouve sur les bulletins de paie, par exemple. Pour terminer, il faut <strong>compl\u00e9ter un formulaire<\/strong> qui vous demande de pr\u00e9ciser votre lien de parent\u00e9 ou votre proximit\u00e9 avec le d\u00e9funt ainsi que <a href=\"\/blog\/demarches-administratives-apres-un-deces\/\" target=\"_blank\" rel=\"noreferrer noopener\">toute une s\u00e9rie de questions administratives<\/a>.<\/p>\n\n\n<div class=\"lp-produits-grid\"><div class=\"lp-produit\"><div class=\"lp-thumbnail-wrapper\"><img loading=\"lazy\" decoding=\"async\" width=\"300\" height=\"300\" src=\"https:\/\/www.interflora.fr\/blog\/wp-content\/uploads\/2025\/05\/6ED-800Wx800H-0-1-12-300x300.jpg\" class=\"attachment-medium size-medium wp-post-image\" alt=\"\" srcset=\"https:\/\/www.interflora.fr\/blog\/wp-content\/uploads\/2025\/05\/6ED-800Wx800H-0-1-12-300x300.jpg 300w, https:\/\/www.interflora.fr\/blog\/wp-content\/uploads\/2025\/05\/6ED-800Wx800H-0-1-12-150x150.jpg 150w, https:\/\/www.interflora.fr\/blog\/wp-content\/uploads\/2025\/05\/6ED-800Wx800H-0-1-12-768x768.jpg 768w, https:\/\/www.interflora.fr\/blog\/wp-content\/uploads\/2025\/05\/6ED-800Wx800H-0-1-12.jpg 800w\" sizes=\"auto, (max-width: 300px) 100vw, 300px\" \/><img decoding=\"async\" class=\"lp-badge\" src=\"https:\/\/www.interflora.fr\/blog\/wp-content\/uploads\/2025\/06\/logo-circle.png\" alt=\"Livraison rapide Interflora\"><\/div><span>Eclat dor\u00e9<\/span><p>89.95 \u20ac<\/p><span class=\"obf-link lp-cta\" role=\"link\" tabindex=\"0\" data-b64=\"aHR0cHM6Ly93d3cuaW50ZXJmbG9yYS5mci9wL2RldWlsLWNvdXBlLWZsZXVycy1lY2xhdC1kb3JlLzEvRlI\/dXRtX21lZGl1bT1vcmdhbmljJnV0bV9zb3VyY2U9YmxvZ19wcm9kdWN0cyZ1dG1fY2FtcGFpZ249NkVE\" data-target=\"_blank\"><svg xmlns=\"http:\/\/www.w3.org\/2000\/svg\" width=\"16\" height=\"16\" fill=\"currentColor\" class=\"bi bi-bag\" viewBox=\"0 0 16 16\"><path d=\"M8 1a2 2 0 0 1 2 2v1h2.5A1.5 1.5 0 0 1 14 5.5v8A1.5 1.5 0 0 1 12.5 15h-9A1.5 1.5 0 0 1 2 13.5v-8A1.5 1.5 0 0 1 3.5 3H6V2a2 2 0 0 1 2-1zm1 3V3a1 1 0 0 0-2 0v1h2z\"\/><\/svg>Voir le produit<\/span><p class=\"rapido\">Top produit<\/p><\/div><div class=\"lp-produit\"><div class=\"lp-thumbnail-wrapper\"><img loading=\"lazy\" decoding=\"async\" width=\"300\" height=\"300\" src=\"https:\/\/www.interflora.fr\/blog\/wp-content\/uploads\/2025\/05\/6DCO-800Wx800H-0-1-13-300x300.jpg\" class=\"attachment-medium size-medium wp-post-image\" alt=\"\" srcset=\"https:\/\/www.interflora.fr\/blog\/wp-content\/uploads\/2025\/05\/6DCO-800Wx800H-0-1-13-300x300.jpg 300w, https:\/\/www.interflora.fr\/blog\/wp-content\/uploads\/2025\/05\/6DCO-800Wx800H-0-1-13-150x150.jpg 150w, https:\/\/www.interflora.fr\/blog\/wp-content\/uploads\/2025\/05\/6DCO-800Wx800H-0-1-13-768x768.jpg 768w, https:\/\/www.interflora.fr\/blog\/wp-content\/uploads\/2025\/05\/6DCO-800Wx800H-0-1-13.jpg 800w\" sizes=\"auto, (max-width: 300px) 100vw, 300px\" \/><img decoding=\"async\" class=\"lp-badge\" src=\"https:\/\/www.interflora.fr\/blog\/wp-content\/uploads\/2025\/06\/logo-circle.png\" alt=\"Livraison rapide Interflora\"><\/div><span>Douce compassion<\/span><p>42.95 \u20ac<\/p><span class=\"obf-link lp-cta\" role=\"link\" tabindex=\"0\" data-b64=\"aHR0cHM6Ly93d3cuaW50ZXJmbG9yYS5mci9wL2RldWlsLWNvdXBlLXBsYW50ZXMtZG91Y2UtY29tcGFzc2lvbi8xL0ZSP3V0bV9tZWRpdW09b3JnYW5pYyZ1dG1fc291cmNlPWJsb2dfcHJvZHVjdHMmdXRtX2NhbXBhaWduPTZEQ08=\" data-target=\"_blank\"><svg xmlns=\"http:\/\/www.w3.org\/2000\/svg\" width=\"16\" height=\"16\" fill=\"currentColor\" class=\"bi bi-bag\" viewBox=\"0 0 16 16\"><path d=\"M8 1a2 2 0 0 1 2 2v1h2.5A1.5 1.5 0 0 1 14 5.5v8A1.5 1.5 0 0 1 12.5 15h-9A1.5 1.5 0 0 1 2 13.5v-8A1.5 1.5 0 0 1 3.5 3H6V2a2 2 0 0 1 2-1zm1 3V3a1 1 0 0 0-2 0v1h2z\"\/><\/svg>Voir le produit<\/span><p class=\"rapido\">Top produit<\/p><\/div><div class=\"lp-produit\"><div class=\"lp-thumbnail-wrapper\"><img loading=\"lazy\" decoding=\"async\" width=\"300\" height=\"300\" src=\"https:\/\/www.interflora.fr\/blog\/wp-content\/uploads\/2025\/05\/6BHW-800Wx800H-0-1-13-300x300.jpg\" class=\"attachment-medium size-medium wp-post-image\" alt=\"\" srcset=\"https:\/\/www.interflora.fr\/blog\/wp-content\/uploads\/2025\/05\/6BHW-800Wx800H-0-1-13-300x300.jpg 300w, https:\/\/www.interflora.fr\/blog\/wp-content\/uploads\/2025\/05\/6BHW-800Wx800H-0-1-13-150x150.jpg 150w, https:\/\/www.interflora.fr\/blog\/wp-content\/uploads\/2025\/05\/6BHW-800Wx800H-0-1-13-768x768.jpg 768w, https:\/\/www.interflora.fr\/blog\/wp-content\/uploads\/2025\/05\/6BHW-800Wx800H-0-1-13.jpg 800w\" sizes=\"auto, (max-width: 300px) 100vw, 300px\" \/><img decoding=\"async\" class=\"lp-badge\" src=\"https:\/\/www.interflora.fr\/blog\/wp-content\/uploads\/2025\/06\/logo-circle.png\" alt=\"Livraison rapide Interflora\"><\/div><span>Bel hommage blanc<\/span><p>124 \u20ac<\/p><span class=\"obf-link lp-cta\" role=\"link\" tabindex=\"0\" data-b64=\"aHR0cHM6Ly93d3cuaW50ZXJmbG9yYS5mci9wL2RldWlsLWNvdXNzaW4tYmVsLWhvbW1hZ2UtYmxhbmMvMS9GUj91dG1fbWVkaXVtPW9yZ2FuaWMmdXRtX3NvdXJjZT1ibG9nX3Byb2R1Y3RzJnV0bV9jYW1wYWlnbj02QkhX\" data-target=\"_blank\"><svg xmlns=\"http:\/\/www.w3.org\/2000\/svg\" width=\"16\" height=\"16\" fill=\"currentColor\" class=\"bi bi-bag\" viewBox=\"0 0 16 16\"><path d=\"M8 1a2 2 0 0 1 2 2v1h2.5A1.5 1.5 0 0 1 14 5.5v8A1.5 1.5 0 0 1 12.5 15h-9A1.5 1.5 0 0 1 2 13.5v-8A1.5 1.5 0 0 1 3.5 3H6V2a2 2 0 0 1 2-1zm1 3V3a1 1 0 0 0-2 0v1h2z\"\/><\/svg>Voir le produit<\/span><p class=\"rapido\">Livraison rapide<\/p><\/div><div class=\"lp-produit\"><div class=\"lp-thumbnail-wrapper\"><img loading=\"lazy\" decoding=\"async\" width=\"300\" height=\"300\" src=\"https:\/\/www.interflora.fr\/blog\/wp-content\/uploads\/2025\/05\/6AE-800Wx800H-0-1-13-300x300.jpg\" class=\"attachment-medium size-medium wp-post-image\" alt=\"\" srcset=\"https:\/\/www.interflora.fr\/blog\/wp-content\/uploads\/2025\/05\/6AE-800Wx800H-0-1-13-300x300.jpg 300w, https:\/\/www.interflora.fr\/blog\/wp-content\/uploads\/2025\/05\/6AE-800Wx800H-0-1-13-150x150.jpg 150w, https:\/\/www.interflora.fr\/blog\/wp-content\/uploads\/2025\/05\/6AE-800Wx800H-0-1-13-768x768.jpg 768w, https:\/\/www.interflora.fr\/blog\/wp-content\/uploads\/2025\/05\/6AE-800Wx800H-0-1-13.jpg 800w\" sizes=\"auto, (max-width: 300px) 100vw, 300px\" \/><img decoding=\"async\" class=\"lp-badge\" src=\"https:\/\/www.interflora.fr\/blog\/wp-content\/uploads\/2025\/06\/logo-circle.png\" alt=\"Livraison rapide Interflora\"><\/div><span>Amiti\u00e9 \u00e9ternelle<\/span><p>49.95 \u20ac<\/p><span class=\"obf-link lp-cta\" role=\"link\" tabindex=\"0\" data-b64=\"aHR0cHM6Ly93d3cuaW50ZXJmbG9yYS5mci9wL2RldWlsLWNvdXBlLXBsYW50ZXMtYW1pdGllLWV0ZXJuZWxsZS8xL0ZSP3V0bV9tZWRpdW09b3JnYW5pYyZ1dG1fc291cmNlPWJsb2dfcHJvZHVjdHMmdXRtX2NhbXBhaWduPTZBRQ==\" data-target=\"_blank\"><svg xmlns=\"http:\/\/www.w3.org\/2000\/svg\" width=\"16\" height=\"16\" fill=\"currentColor\" class=\"bi bi-bag\" viewBox=\"0 0 16 16\"><path d=\"M8 1a2 2 0 0 1 2 2v1h2.5A1.5 1.5 0 0 1 14 5.5v8A1.5 1.5 0 0 1 12.5 15h-9A1.5 1.5 0 0 1 2 13.5v-8A1.5 1.5 0 0 1 3.5 3H6V2a2 2 0 0 1 2-1zm1 3V3a1 1 0 0 0-2 0v1h2z\"\/><\/svg>Voir le produit<\/span><p class=\"rapido\">Top produit<\/p><\/div><\/div>\n\n\n\n<div style=\"height:18px\" aria-hidden=\"true\" class=\"wp-block-spacer\"><\/div>\n\n\n\n<h2 class=\"wp-block-heading\">Combien touche-t-on avec le capital d\u00e9c\u00e8s ?<\/h2>\n\n\n\n<p>Depuis 2015, la loi a chang\u00e9. Auparavant, le calcul du capital d\u00e9c\u00e8s correspondait \u00e0 <strong>91,25 fois le montant des indemnit\u00e9s journali\u00e8res d\u2019assurance-maladie.<\/strong> Pour simplifier, ce montant correspondait \u00e0 peu pr\u00e8s \u00e0 <strong>trois mois de salaire<\/strong> ou trois fois le montant du dernier salaire. Il existait bien \u00e9videmment un plafond et un plancher qui \u00e9taient fix\u00e9s annuellement par la s\u00e9curit\u00e9 sociale.<\/p>\n\n\n\n<p><strong>\u00c0 partir de 2015<\/strong>, la Loi de financement pour la s\u00e9curit\u00e9 sociale a \u00e9t\u00e9 modifi\u00e9e et le calcul du capital d\u00e9c\u00e8s a \u00e9t\u00e9 repens\u00e9. Dor\u00e9navant, il s\u2019agit d\u2019un forfait unique, qui est identique pour chaque Fran\u00e7ais. Il s\u2019agit d\u2019un montant forfaitaire qui est r\u00e9vis\u00e9 chaque ann\u00e9e, puisqu\u2019il est calcul\u00e9 sur le Smic. Le capital d\u00e9c\u00e8s est \u00e9gal \u00e0 trois fois le montant net du Smic mensuel.&nbsp; En 2018, le <strong>montant forfaitaire s\u2019\u00e9l\u00e8ve \u00e0 3 415 euros<\/strong> pour les employ\u00e9s du priv\u00e9 ou les fonctionnaires ayant atteint l\u2019\u00e2ge minimum de la retraite. Si le d\u00e9funt \u00e9tait un fonctionnaire en fonction, c\u2019est-\u00e0-dire qu\u2019il n\u2019avait pas atteint l\u2019\u00e2ge de la retraite, la somme \u00e9quivaut \u00e0 13 660 euros.<\/p>\n\n\n\n<p>Dans les cas particuliers o\u00f9 le d\u00e9funt est d\u00e9c\u00e9d\u00e9 dans une lutte au cours de l\u2019exercice de ses fonctions, qu\u2019il est mort pour son pays, dans un attentat ou encore, qu\u2019il a p\u00e9ri lors d\u2019un acte de bravoure, de d\u00e9vouement dans un int\u00e9r\u00eat public ou en sauvant la vie d\u2019une ou plusieurs personnes, alors l\u2019indemnit\u00e9 est plus importante. Le capital d\u00e9c\u00e8s correspond, en 2018, \u00e0 13 660 euros vers\u00e9s chaque ann\u00e9e, pendant 3 ans.<\/p>\n\n\n\n<p>Notez que <strong>le capital d\u00e9c\u00e8s n\u2019est pas soumis \u00e0 l\u2019imposition<\/strong>. Il n\u2019y a aucun <a href=\"\/blog\/succession\/\" target=\"_blank\" rel=\"noreferrer noopener\">droit de succession<\/a> qui s\u2019applique sur ce versement. Aucun imp\u00f4t, CSG, CRDS ni cotisation ne sont demand\u00e9s sur la somme per\u00e7ue.&nbsp;&nbsp;<\/p>\n\n\n\n<p>Pour pr\u00e9voir ses fun\u00e9railles et les r\u00e9gler financi\u00e8rement, il existe le <a href=\"\/blog\/contrat-obseques\/\" target=\"_blank\" rel=\"noreferrer noopener\">contrat d\u2019assurance obs\u00e8ques<\/a>, qui garantit l\u2019ex\u00e9cution parfaite des <a href=\"\/blog\/faire-rediger-ses-dernieres-volontes\/\" target=\"_blank\" rel=\"noreferrer noopener\">derni\u00e8res volont\u00e9s<\/a> du d\u00e9funt et soulage financi\u00e8rement les proches. Il existe d\u2019autres contrats d\u2019assurance comme le contrat en capital, qui lib\u00e8re un fonds auquel aura cotis\u00e9 le d\u00e9funt jusqu\u2019\u00e0 sa mort ou le contrat pr\u00e9voyance qui est un fonds perdu, revers\u00e9 aux proches uniquement si le d\u00e9c\u00e8s du contractant survient avant la date limite de son contrat.<\/p>\n\n\n<div class=\"lp-produits-grid\"><div class=\"lp-produit\"><div class=\"lp-thumbnail-wrapper\"><img loading=\"lazy\" decoding=\"async\" width=\"300\" height=\"300\" src=\"https:\/\/www.interflora.fr\/blog\/wp-content\/uploads\/2025\/05\/6EGU-800Wx800H-0-1-5-300x300.jpg\" class=\"attachment-medium size-medium wp-post-image\" alt=\"\" srcset=\"https:\/\/www.interflora.fr\/blog\/wp-content\/uploads\/2025\/05\/6EGU-800Wx800H-0-1-5-300x300.jpg 300w, https:\/\/www.interflora.fr\/blog\/wp-content\/uploads\/2025\/05\/6EGU-800Wx800H-0-1-5-150x150.jpg 150w, https:\/\/www.interflora.fr\/blog\/wp-content\/uploads\/2025\/05\/6EGU-800Wx800H-0-1-5-768x768.jpg 768w, https:\/\/www.interflora.fr\/blog\/wp-content\/uploads\/2025\/05\/6EGU-800Wx800H-0-1-5.jpg 800w\" sizes=\"auto, (max-width: 300px) 100vw, 300px\" \/><img decoding=\"async\" class=\"lp-badge\" src=\"https:\/\/www.interflora.fr\/blog\/wp-content\/uploads\/2025\/06\/logo-circle.png\" alt=\"Livraison rapide Interflora\"><\/div><span>Eternelle gratitude et sa bulle d&rsquo;eau<\/span><p>56.95 \u20ac<\/p><span class=\"obf-link lp-cta\" role=\"link\" tabindex=\"0\" data-b64=\"aHR0cHM6Ly93d3cuaW50ZXJmbG9yYS5mci9wL2RldWlsLWJvdXF1ZXQtZXRlcm5lbGxlLWdyYXRpdHVkZS1idWxsZS1lYXUvMS9GUj91dG1fbWVkaXVtPW9yZ2FuaWMmdXRtX3NvdXJjZT1ibG9nX3Byb2R1Y3RzJnV0bV9jYW1wYWlnbj02RUdV\" data-target=\"_blank\"><svg xmlns=\"http:\/\/www.w3.org\/2000\/svg\" width=\"16\" height=\"16\" fill=\"currentColor\" class=\"bi bi-bag\" viewBox=\"0 0 16 16\"><path d=\"M8 1a2 2 0 0 1 2 2v1h2.5A1.5 1.5 0 0 1 14 5.5v8A1.5 1.5 0 0 1 12.5 15h-9A1.5 1.5 0 0 1 2 13.5v-8A1.5 1.5 0 0 1 3.5 3H6V2a2 2 0 0 1 2-1zm1 3V3a1 1 0 0 0-2 0v1h2z\"\/><\/svg>Voir le produit<\/span><p class=\"rapido\">Top produit<\/p><\/div><div class=\"lp-produit\"><div class=\"lp-thumbnail-wrapper\"><img loading=\"lazy\" decoding=\"async\" width=\"300\" height=\"300\" src=\"https:\/\/www.interflora.fr\/blog\/wp-content\/uploads\/2025\/05\/6ED-800Wx800H-0-1-12-300x300.jpg\" class=\"attachment-medium size-medium wp-post-image\" alt=\"\" srcset=\"https:\/\/www.interflora.fr\/blog\/wp-content\/uploads\/2025\/05\/6ED-800Wx800H-0-1-12-300x300.jpg 300w, https:\/\/www.interflora.fr\/blog\/wp-content\/uploads\/2025\/05\/6ED-800Wx800H-0-1-12-150x150.jpg 150w, https:\/\/www.interflora.fr\/blog\/wp-content\/uploads\/2025\/05\/6ED-800Wx800H-0-1-12-768x768.jpg 768w, https:\/\/www.interflora.fr\/blog\/wp-content\/uploads\/2025\/05\/6ED-800Wx800H-0-1-12.jpg 800w\" sizes=\"auto, (max-width: 300px) 100vw, 300px\" \/><img decoding=\"async\" class=\"lp-badge\" src=\"https:\/\/www.interflora.fr\/blog\/wp-content\/uploads\/2025\/06\/logo-circle.png\" alt=\"Livraison rapide Interflora\"><\/div><span>Eclat dor\u00e9<\/span><p>89.95 \u20ac<\/p><span class=\"obf-link lp-cta\" role=\"link\" tabindex=\"0\" data-b64=\"aHR0cHM6Ly93d3cuaW50ZXJmbG9yYS5mci9wL2RldWlsLWNvdXBlLWZsZXVycy1lY2xhdC1kb3JlLzEvRlI\/dXRtX21lZGl1bT1vcmdhbmljJnV0bV9zb3VyY2U9YmxvZ19wcm9kdWN0cyZ1dG1fY2FtcGFpZ249NkVE\" data-target=\"_blank\"><svg xmlns=\"http:\/\/www.w3.org\/2000\/svg\" width=\"16\" height=\"16\" fill=\"currentColor\" class=\"bi bi-bag\" viewBox=\"0 0 16 16\"><path d=\"M8 1a2 2 0 0 1 2 2v1h2.5A1.5 1.5 0 0 1 14 5.5v8A1.5 1.5 0 0 1 12.5 15h-9A1.5 1.5 0 0 1 2 13.5v-8A1.5 1.5 0 0 1 3.5 3H6V2a2 2 0 0 1 2-1zm1 3V3a1 1 0 0 0-2 0v1h2z\"\/><\/svg>Voir le produit<\/span><p class=\"rapido\">Fleurs fra\u00eeches<\/p><\/div><div class=\"lp-produit\"><div class=\"lp-thumbnail-wrapper\"><img loading=\"lazy\" decoding=\"async\" width=\"300\" height=\"300\" src=\"https:\/\/www.interflora.fr\/blog\/wp-content\/uploads\/2025\/05\/6RE-800Wx800H-0-1-11-300x300.jpg\" class=\"attachment-medium size-medium wp-post-image\" alt=\"\" srcset=\"https:\/\/www.interflora.fr\/blog\/wp-content\/uploads\/2025\/05\/6RE-800Wx800H-0-1-11-300x300.jpg 300w, https:\/\/www.interflora.fr\/blog\/wp-content\/uploads\/2025\/05\/6RE-800Wx800H-0-1-11-150x150.jpg 150w, https:\/\/www.interflora.fr\/blog\/wp-content\/uploads\/2025\/05\/6RE-800Wx800H-0-1-11-768x768.jpg 768w, https:\/\/www.interflora.fr\/blog\/wp-content\/uploads\/2025\/05\/6RE-800Wx800H-0-1-11.jpg 800w\" sizes=\"auto, (max-width: 300px) 100vw, 300px\" \/><img decoding=\"async\" class=\"lp-badge\" src=\"https:\/\/www.interflora.fr\/blog\/wp-content\/uploads\/2025\/06\/logo-circle.png\" alt=\"Livraison rapide Interflora\"><\/div><span>R\u00e9confort \u00e9ternel<\/span><p>69.95 \u20ac<\/p><span class=\"obf-link lp-cta\" role=\"link\" tabindex=\"0\" data-b64=\"aHR0cHM6Ly93d3cuaW50ZXJmbG9yYS5mci9wL2RldWlsLWNvdXNzaW4tcmVjb25mb3J0LWV0ZXJuZWwvMS9GUj91dG1fbWVkaXVtPW9yZ2FuaWMmdXRtX3NvdXJjZT1ibG9nX3Byb2R1Y3RzJnV0bV9jYW1wYWlnbj02UkU=\" data-target=\"_blank\"><svg xmlns=\"http:\/\/www.w3.org\/2000\/svg\" width=\"16\" height=\"16\" fill=\"currentColor\" class=\"bi bi-bag\" viewBox=\"0 0 16 16\"><path d=\"M8 1a2 2 0 0 1 2 2v1h2.5A1.5 1.5 0 0 1 14 5.5v8A1.5 1.5 0 0 1 12.5 15h-9A1.5 1.5 0 0 1 2 13.5v-8A1.5 1.5 0 0 1 3.5 3H6V2a2 2 0 0 1 2-1zm1 3V3a1 1 0 0 0-2 0v1h2z\"\/><\/svg>Voir le produit<\/span><p class=\"rapido\">Fleurs fra\u00eeches<\/p><\/div><div class=\"lp-produit\"><div class=\"lp-thumbnail-wrapper\"><img loading=\"lazy\" decoding=\"async\" width=\"300\" height=\"300\" src=\"https:\/\/www.interflora.fr\/blog\/wp-content\/uploads\/2025\/05\/6DCO-800Wx800H-0-1-13-300x300.jpg\" class=\"attachment-medium size-medium wp-post-image\" alt=\"\" srcset=\"https:\/\/www.interflora.fr\/blog\/wp-content\/uploads\/2025\/05\/6DCO-800Wx800H-0-1-13-300x300.jpg 300w, https:\/\/www.interflora.fr\/blog\/wp-content\/uploads\/2025\/05\/6DCO-800Wx800H-0-1-13-150x150.jpg 150w, https:\/\/www.interflora.fr\/blog\/wp-content\/uploads\/2025\/05\/6DCO-800Wx800H-0-1-13-768x768.jpg 768w, https:\/\/www.interflora.fr\/blog\/wp-content\/uploads\/2025\/05\/6DCO-800Wx800H-0-1-13.jpg 800w\" sizes=\"auto, (max-width: 300px) 100vw, 300px\" \/><img decoding=\"async\" class=\"lp-badge\" src=\"https:\/\/www.interflora.fr\/blog\/wp-content\/uploads\/2025\/06\/logo-circle.png\" alt=\"Livraison rapide Interflora\"><\/div><span>Douce compassion<\/span><p>42.95 \u20ac<\/p><span class=\"obf-link lp-cta\" role=\"link\" tabindex=\"0\" data-b64=\"aHR0cHM6Ly93d3cuaW50ZXJmbG9yYS5mci9wL2RldWlsLWNvdXBlLXBsYW50ZXMtZG91Y2UtY29tcGFzc2lvbi8xL0ZSP3V0bV9tZWRpdW09b3JnYW5pYyZ1dG1fc291cmNlPWJsb2dfcHJvZHVjdHMmdXRtX2NhbXBhaWduPTZEQ08=\" data-target=\"_blank\"><svg xmlns=\"http:\/\/www.w3.org\/2000\/svg\" width=\"16\" height=\"16\" fill=\"currentColor\" class=\"bi bi-bag\" viewBox=\"0 0 16 16\"><path d=\"M8 1a2 2 0 0 1 2 2v1h2.5A1.5 1.5 0 0 1 14 5.5v8A1.5 1.5 0 0 1 12.5 15h-9A1.5 1.5 0 0 1 2 13.5v-8A1.5 1.5 0 0 1 3.5 3H6V2a2 2 0 0 1 2-1zm1 3V3a1 1 0 0 0-2 0v1h2z\"\/><\/svg>Voir le produit<\/span><p class=\"rapido\">Fleurs fra\u00eeches<\/p><\/div><div class=\"lp-produit\"><div class=\"lp-thumbnail-wrapper\"><img loading=\"lazy\" decoding=\"async\" width=\"300\" height=\"300\" src=\"https:\/\/www.interflora.fr\/blog\/wp-content\/uploads\/2025\/05\/6EE-800Wx800H-0-1-12-300x300.jpg\" class=\"attachment-medium size-medium wp-post-image\" alt=\"\" srcset=\"https:\/\/www.interflora.fr\/blog\/wp-content\/uploads\/2025\/05\/6EE-800Wx800H-0-1-12-300x300.jpg 300w, https:\/\/www.interflora.fr\/blog\/wp-content\/uploads\/2025\/05\/6EE-800Wx800H-0-1-12-150x150.jpg 150w, https:\/\/www.interflora.fr\/blog\/wp-content\/uploads\/2025\/05\/6EE-800Wx800H-0-1-12-768x768.jpg 768w, https:\/\/www.interflora.fr\/blog\/wp-content\/uploads\/2025\/05\/6EE-800Wx800H-0-1-12.jpg 800w\" sizes=\"auto, (max-width: 300px) 100vw, 300px\" \/><img decoding=\"async\" class=\"lp-badge\" src=\"https:\/\/www.interflora.fr\/blog\/wp-content\/uploads\/2025\/06\/logo-circle.png\" alt=\"Livraison rapide Interflora\"><\/div><span>Eclosion d&rsquo;espoir<\/span><p>55.95 \u20ac<\/p><span class=\"obf-link lp-cta\" role=\"link\" tabindex=\"0\" data-b64=\"aHR0cHM6Ly93d3cuaW50ZXJmbG9yYS5mci9wL2RldWlsLWJvdXF1ZXQtZWNsb3Npb24tZXNwb2lyLzEvRlI\/dXRtX21lZGl1bT1vcmdhbmljJnV0bV9zb3VyY2U9YmxvZ19wcm9kdWN0cyZ1dG1fY2FtcGFpZ249NkVF\" data-target=\"_blank\"><svg xmlns=\"http:\/\/www.w3.org\/2000\/svg\" width=\"16\" height=\"16\" fill=\"currentColor\" class=\"bi bi-bag\" viewBox=\"0 0 16 16\"><path d=\"M8 1a2 2 0 0 1 2 2v1h2.5A1.5 1.5 0 0 1 14 5.5v8A1.5 1.5 0 0 1 12.5 15h-9A1.5 1.5 0 0 1 2 13.5v-8A1.5 1.5 0 0 1 3.5 3H6V2a2 2 0 0 1 2-1zm1 3V3a1 1 0 0 0-2 0v1h2z\"\/><\/svg>Voir le produit<\/span><p class=\"rapido\">Livraison rapide<\/p><\/div><div class=\"lp-produit\"><div class=\"lp-thumbnail-wrapper\"><img loading=\"lazy\" decoding=\"async\" width=\"300\" height=\"300\" src=\"https:\/\/www.interflora.fr\/blog\/wp-content\/uploads\/2025\/05\/6BHW-800Wx800H-0-1-13-300x300.jpg\" class=\"attachment-medium size-medium wp-post-image\" alt=\"\" srcset=\"https:\/\/www.interflora.fr\/blog\/wp-content\/uploads\/2025\/05\/6BHW-800Wx800H-0-1-13-300x300.jpg 300w, https:\/\/www.interflora.fr\/blog\/wp-content\/uploads\/2025\/05\/6BHW-800Wx800H-0-1-13-150x150.jpg 150w, https:\/\/www.interflora.fr\/blog\/wp-content\/uploads\/2025\/05\/6BHW-800Wx800H-0-1-13-768x768.jpg 768w, https:\/\/www.interflora.fr\/blog\/wp-content\/uploads\/2025\/05\/6BHW-800Wx800H-0-1-13.jpg 800w\" sizes=\"auto, (max-width: 300px) 100vw, 300px\" \/><img decoding=\"async\" class=\"lp-badge\" src=\"https:\/\/www.interflora.fr\/blog\/wp-content\/uploads\/2025\/06\/logo-circle.png\" alt=\"Livraison rapide Interflora\"><\/div><span>Bel hommage blanc<\/span><p>124 \u20ac<\/p><span class=\"obf-link lp-cta\" role=\"link\" tabindex=\"0\" data-b64=\"aHR0cHM6Ly93d3cuaW50ZXJmbG9yYS5mci9wL2RldWlsLWNvdXNzaW4tYmVsLWhvbW1hZ2UtYmxhbmMvMS9GUj91dG1fbWVkaXVtPW9yZ2FuaWMmdXRtX3NvdXJjZT1ibG9nX3Byb2R1Y3RzJnV0bV9jYW1wYWlnbj02QkhX\" data-target=\"_blank\"><svg xmlns=\"http:\/\/www.w3.org\/2000\/svg\" width=\"16\" height=\"16\" fill=\"currentColor\" class=\"bi bi-bag\" viewBox=\"0 0 16 16\"><path d=\"M8 1a2 2 0 0 1 2 2v1h2.5A1.5 1.5 0 0 1 14 5.5v8A1.5 1.5 0 0 1 12.5 15h-9A1.5 1.5 0 0 1 2 13.5v-8A1.5 1.5 0 0 1 3.5 3H6V2a2 2 0 0 1 2-1zm1 3V3a1 1 0 0 0-2 0v1h2z\"\/><\/svg>Voir le produit<\/span><p class=\"rapido\">Livraison rapide<\/p><\/div><div class=\"lp-produit\"><div class=\"lp-thumbnail-wrapper\"><img loading=\"lazy\" decoding=\"async\" width=\"300\" height=\"300\" src=\"https:\/\/www.interflora.fr\/blog\/wp-content\/uploads\/2025\/05\/6VAW-800Wx800H-0-1-10-300x300.jpg\" class=\"attachment-medium size-medium wp-post-image\" alt=\"\" srcset=\"https:\/\/www.interflora.fr\/blog\/wp-content\/uploads\/2025\/05\/6VAW-800Wx800H-0-1-10-300x300.jpg 300w, https:\/\/www.interflora.fr\/blog\/wp-content\/uploads\/2025\/05\/6VAW-800Wx800H-0-1-10-150x150.jpg 150w, https:\/\/www.interflora.fr\/blog\/wp-content\/uploads\/2025\/05\/6VAW-800Wx800H-0-1-10-768x768.jpg 768w, https:\/\/www.interflora.fr\/blog\/wp-content\/uploads\/2025\/05\/6VAW-800Wx800H-0-1-10.jpg 800w\" sizes=\"auto, (max-width: 300px) 100vw, 300px\" \/><img decoding=\"async\" class=\"lp-badge\" src=\"https:\/\/www.interflora.fr\/blog\/wp-content\/uploads\/2025\/06\/logo-circle.png\" alt=\"Livraison rapide Interflora\"><\/div><span>Voyage astral blanc<\/span><p>139 \u20ac<\/p><span class=\"obf-link lp-cta\" role=\"link\" tabindex=\"0\" data-b64=\"aHR0cHM6Ly93d3cuaW50ZXJmbG9yYS5mci9wL2RldWlsLWNvdXBlLXBsYW50ZXMtdm95YWdlLWFzdHJhbC1ibGFuYy8xL0ZSP3V0bV9tZWRpdW09b3JnYW5pYyZ1dG1fc291cmNlPWJsb2dfcHJvZHVjdHMmdXRtX2NhbXBhaWduPTZWQVc=\" data-target=\"_blank\"><svg xmlns=\"http:\/\/www.w3.org\/2000\/svg\" width=\"16\" height=\"16\" fill=\"currentColor\" class=\"bi bi-bag\" viewBox=\"0 0 16 16\"><path d=\"M8 1a2 2 0 0 1 2 2v1h2.5A1.5 1.5 0 0 1 14 5.5v8A1.5 1.5 0 0 1 12.5 15h-9A1.5 1.5 0 0 1 2 13.5v-8A1.5 1.5 0 0 1 3.5 3H6V2a2 2 0 0 1 2-1zm1 3V3a1 1 0 0 0-2 0v1h2z\"\/><\/svg>Voir le produit<\/span><p class=\"rapido\">Fleurs fra\u00eeches<\/p><\/div><div class=\"lp-produit\"><div class=\"lp-thumbnail-wrapper\"><img loading=\"lazy\" decoding=\"async\" width=\"300\" height=\"300\" src=\"https:\/\/www.interflora.fr\/blog\/wp-content\/uploads\/2025\/05\/6AE-800Wx800H-0-1-13-300x300.jpg\" class=\"attachment-medium size-medium wp-post-image\" alt=\"\" srcset=\"https:\/\/www.interflora.fr\/blog\/wp-content\/uploads\/2025\/05\/6AE-800Wx800H-0-1-13-300x300.jpg 300w, https:\/\/www.interflora.fr\/blog\/wp-content\/uploads\/2025\/05\/6AE-800Wx800H-0-1-13-150x150.jpg 150w, https:\/\/www.interflora.fr\/blog\/wp-content\/uploads\/2025\/05\/6AE-800Wx800H-0-1-13-768x768.jpg 768w, https:\/\/www.interflora.fr\/blog\/wp-content\/uploads\/2025\/05\/6AE-800Wx800H-0-1-13.jpg 800w\" sizes=\"auto, (max-width: 300px) 100vw, 300px\" \/><img decoding=\"async\" class=\"lp-badge\" src=\"https:\/\/www.interflora.fr\/blog\/wp-content\/uploads\/2025\/06\/logo-circle.png\" alt=\"Livraison rapide Interflora\"><\/div><span>Amiti\u00e9 \u00e9ternelle<\/span><p>49.95 \u20ac<\/p><span class=\"obf-link lp-cta\" role=\"link\" tabindex=\"0\" data-b64=\"aHR0cHM6Ly93d3cuaW50ZXJmbG9yYS5mci9wL2RldWlsLWNvdXBlLXBsYW50ZXMtYW1pdGllLWV0ZXJuZWxsZS8xL0ZSP3V0bV9tZWRpdW09b3JnYW5pYyZ1dG1fc291cmNlPWJsb2dfcHJvZHVjdHMmdXRtX2NhbXBhaWduPTZBRQ==\" data-target=\"_blank\"><svg xmlns=\"http:\/\/www.w3.org\/2000\/svg\" width=\"16\" height=\"16\" fill=\"currentColor\" class=\"bi bi-bag\" viewBox=\"0 0 16 16\"><path d=\"M8 1a2 2 0 0 1 2 2v1h2.5A1.5 1.5 0 0 1 14 5.5v8A1.5 1.5 0 0 1 12.5 15h-9A1.5 1.5 0 0 1 2 13.5v-8A1.5 1.5 0 0 1 3.5 3H6V2a2 2 0 0 1 2-1zm1 3V3a1 1 0 0 0-2 0v1h2z\"\/><\/svg>Voir le produit<\/span><p class=\"rapido\">Top produit<\/p><\/div><\/div>\n","protected":false},"excerpt":{"rendered":"<p>Le capital d\u00e9c\u00e8s est une aide accord\u00e9e par la s\u00e9curit\u00e9 sociale, qui permet aux proches du d\u00e9funt de couvrir les [&hellip;]<\/p>\n","protected":false},"author":1,"featured_media":0,"comment_status":"open","ping_status":"open","sticky":false,"template":"","format":"standard","meta":{"_uag_custom_page_level_css":"","site-sidebar-layout":"default","site-content-layout":"","ast-site-content-layout":"default","site-content-style":"default","site-sidebar-style":"default","ast-global-header-display":"","ast-banner-title-visibility":"","ast-main-header-display":"","ast-hfb-above-header-display":"","ast-hfb-below-header-display":"","ast-hfb-mobile-header-display":"","site-post-title":"","ast-breadcrumbs-content":"","ast-featured-img":"","footer-sml-layout":"","ast-disable-related-posts":"","theme-transparent-header-meta":"","adv-header-id-meta":"","stick-header-meta":"","header-above-stick-meta":"","header-main-stick-meta":"","header-below-stick-meta":"","astra-migrate-meta-layouts":"default","ast-page-background-enabled":"default","ast-page-background-meta":{"desktop":{"background-color":"var(--ast-global-color-5)","background-image":"","background-repeat":"repeat","background-position":"center center","background-size":"auto","background-attachment":"scroll","background-type":"","background-media":"","overlay-type":"","overlay-color":"","overlay-opacity":"","overlay-gradient":""},"tablet":{"background-color":"","background-image":"","background-repeat":"repeat","background-position":"center center","background-size":"auto","background-attachment":"scroll","background-type":"","background-media":"","overlay-type":"","overlay-color":"","overlay-opacity":"","overlay-gradient":""},"mobile":{"background-color":"","background-image":"","background-repeat":"repeat","background-position":"center center","background-size":"auto","background-attachment":"scroll","background-type":"","background-media":"","overlay-type":"","overlay-color":"","overlay-opacity":"","overlay-gradient":""}},"ast-content-background-meta":{"desktop":{"background-color":"var(--ast-global-color-4)","background-image":"","background-repeat":"repeat","background-position":"center center","background-size":"auto","background-attachment":"scroll","background-type":"","background-media":"","overlay-type":"","overlay-color":"","overlay-opacity":"","overlay-gradient":""},"tablet":{"background-color":"var(--ast-global-color-4)","background-image":"","background-repeat":"repeat","background-position":"center center","background-size":"auto","background-attachment":"scroll","background-type":"","background-media":"","overlay-type":"","overlay-color":"","overlay-opacity":"","overlay-gradient":""},"mobile":{"background-color":"var(--ast-global-color-4)","background-image":"","background-repeat":"repeat","background-position":"center center","background-size":"auto","background-attachment":"scroll","background-type":"","background-media":"","overlay-type":"","overlay-color":"","overlay-opacity":"","overlay-gradient":""}},"footnotes":""},"categories":[263],"tags":[264],"class_list":["post-19285","post","type-post","status-publish","format-standard","hentry","category-deuil","tag-deuil"],"uagb_featured_image_src":{"full":false,"thumbnail":false,"medium":false,"medium_large":false,"large":false,"1536x1536":false,"2048x2048":false},"uagb_author_info":{"display_name":"admin","author_link":"https:\/\/www.interflora.fr\/blog\/author\/admin\/"},"uagb_comment_info":2,"uagb_excerpt":"Le capital d\u00e9c\u00e8s est une aide accord\u00e9e par la s\u00e9curit\u00e9 sociale, qui permet aux proches du d\u00e9funt de couvrir les [&hellip;]","yoast_meta":{"title":"","description":"Le capital d\u00e9c\u00e8s est une aide de la s\u00e9curit\u00e9 sociale, qui permet aux proches du d\u00e9funt de couvrir les premi\u00e8res d\u00e9penses. Comment le toucher ?"},"_links":{"self":[{"href":"https:\/\/www.interflora.fr\/blog\/wp-json\/wp\/v2\/posts\/19285","targetHints":{"allow":["GET"]}}],"collection":[{"href":"https:\/\/www.interflora.fr\/blog\/wp-json\/wp\/v2\/posts"}],"about":[{"href":"https:\/\/www.interflora.fr\/blog\/wp-json\/wp\/v2\/types\/post"}],"author":[{"embeddable":true,"href":"https:\/\/www.interflora.fr\/blog\/wp-json\/wp\/v2\/users\/1"}],"replies":[{"embeddable":true,"href":"https:\/\/www.interflora.fr\/blog\/wp-json\/wp\/v2\/comments?post=19285"}],"version-history":[{"count":0,"href":"https:\/\/www.interflora.fr\/blog\/wp-json\/wp\/v2\/posts\/19285\/revisions"}],"wp:attachment":[{"href":"https:\/\/www.interflora.fr\/blog\/wp-json\/wp\/v2\/media?parent=19285"}],"wp:term":[{"taxonomy":"category","embeddable":true,"href":"https:\/\/www.interflora.fr\/blog\/wp-json\/wp\/v2\/categories?post=19285"},{"taxonomy":"post_tag","embeddable":true,"href":"https:\/\/www.interflora.fr\/blog\/wp-json\/wp\/v2\/tags?post=19285"}],"curies":[{"name":"wp","href":"https:\/\/api.w.org\/{rel}","templated":true}]}}