{"id":19284,"date":"2019-05-03T17:00:20","date_gmt":"2019-05-03T15:00:20","guid":{"rendered":"https:\/\/www.guide-deuil.com\/?p=52"},"modified":"2025-06-23T11:24:43","modified_gmt":"2025-06-23T09:24:43","slug":"concession-funeraire","status":"publish","type":"post","link":"https:\/\/www.interflora.fr\/blog\/concession-funeraire\/","title":{"rendered":"Qu&rsquo;est-ce qu&rsquo;une concession fun\u00e9raire ?"},"content":{"rendered":"\n<p class=\"has-drop-cap\"><strong> <strong>La concession fun\u00e9raire est un emplacement qu\u2019il est possible de r\u00e9server dans un cimeti\u00e8re pour y d\u00e9poser une s\u00e9pulture. Cependant, l\u2019achat ne permet que l\u2019usage du terrain nu acquis. L\u2019acheteur ne devient pas propri\u00e9taire du terrain en lui-m\u00eame. Il acquiert le droit de le transformer en caveau ou en tombe, pour lui, sa famille ou m\u00eame des amis proches. Si un habitant de la commune d\u00e9sire r\u00e9server une concession \u00e0 son nom, avant sa mort, il doit en faire la demande \u00e0 la mairie et payer une redevance. Si l\u2019attribution d\u2019une concession a lieu apr\u00e8s la mort d\u2019un habitant de la commune, c\u2019est aux h\u00e9ritiers d\u2019en assurer l\u2019achat, pouvant alors cr\u00e9er une nouvelle concession familiale.<\/strong> <\/strong><\/p>\n\n\n<div class=\"lp-produits-grid\"><div class=\"lp-produit\"><div class=\"lp-thumbnail-wrapper\"><img loading=\"lazy\" decoding=\"async\" width=\"300\" height=\"300\" src=\"https:\/\/www.interflora.fr\/blog\/wp-content\/uploads\/2025\/05\/6EE-800Wx800H-0-1-12-300x300.jpg\" class=\"attachment-medium size-medium wp-post-image\" alt=\"\" srcset=\"https:\/\/www.interflora.fr\/blog\/wp-content\/uploads\/2025\/05\/6EE-800Wx800H-0-1-12-300x300.jpg 300w, https:\/\/www.interflora.fr\/blog\/wp-content\/uploads\/2025\/05\/6EE-800Wx800H-0-1-12-150x150.jpg 150w, https:\/\/www.interflora.fr\/blog\/wp-content\/uploads\/2025\/05\/6EE-800Wx800H-0-1-12-768x768.jpg 768w, https:\/\/www.interflora.fr\/blog\/wp-content\/uploads\/2025\/05\/6EE-800Wx800H-0-1-12.jpg 800w\" sizes=\"auto, (max-width: 300px) 100vw, 300px\" \/><img decoding=\"async\" class=\"lp-badge\" src=\"https:\/\/www.interflora.fr\/blog\/wp-content\/uploads\/2025\/06\/logo-circle.png\" alt=\"Livraison rapide Interflora\"><\/div><span>Eclosion d&rsquo;espoir<\/span><p>55.95 \u20ac<\/p><span class=\"obf-link lp-cta\" role=\"link\" tabindex=\"0\" data-b64=\"aHR0cHM6Ly93d3cuaW50ZXJmbG9yYS5mci9wL2RldWlsLWJvdXF1ZXQtZWNsb3Npb24tZXNwb2lyLzEvRlI\/dXRtX21lZGl1bT1vcmdhbmljJnV0bV9zb3VyY2U9YmxvZ19wcm9kdWN0cyZ1dG1fY2FtcGFpZ249NkVF\" data-target=\"_blank\"><svg xmlns=\"http:\/\/www.w3.org\/2000\/svg\" width=\"16\" height=\"16\" fill=\"currentColor\" class=\"bi bi-bag\" viewBox=\"0 0 16 16\"><path d=\"M8 1a2 2 0 0 1 2 2v1h2.5A1.5 1.5 0 0 1 14 5.5v8A1.5 1.5 0 0 1 12.5 15h-9A1.5 1.5 0 0 1 2 13.5v-8A1.5 1.5 0 0 1 3.5 3H6V2a2 2 0 0 1 2-1zm1 3V3a1 1 0 0 0-2 0v1h2z\"\/><\/svg>Voir le produit<\/span><p class=\"rapido\">Livraison rapide<\/p><\/div><div class=\"lp-produit\"><div class=\"lp-thumbnail-wrapper\"><img loading=\"lazy\" decoding=\"async\" width=\"300\" height=\"300\" src=\"https:\/\/www.interflora.fr\/blog\/wp-content\/uploads\/2025\/05\/6ED-800Wx800H-0-1-12-300x300.jpg\" class=\"attachment-medium size-medium wp-post-image\" alt=\"\" srcset=\"https:\/\/www.interflora.fr\/blog\/wp-content\/uploads\/2025\/05\/6ED-800Wx800H-0-1-12-300x300.jpg 300w, https:\/\/www.interflora.fr\/blog\/wp-content\/uploads\/2025\/05\/6ED-800Wx800H-0-1-12-150x150.jpg 150w, https:\/\/www.interflora.fr\/blog\/wp-content\/uploads\/2025\/05\/6ED-800Wx800H-0-1-12-768x768.jpg 768w, https:\/\/www.interflora.fr\/blog\/wp-content\/uploads\/2025\/05\/6ED-800Wx800H-0-1-12.jpg 800w\" sizes=\"auto, (max-width: 300px) 100vw, 300px\" \/><img decoding=\"async\" class=\"lp-badge\" src=\"https:\/\/www.interflora.fr\/blog\/wp-content\/uploads\/2025\/06\/logo-circle.png\" alt=\"Livraison rapide Interflora\"><\/div><span>Eclat dor\u00e9<\/span><p>89.95 \u20ac<\/p><span class=\"obf-link lp-cta\" role=\"link\" tabindex=\"0\" data-b64=\"aHR0cHM6Ly93d3cuaW50ZXJmbG9yYS5mci9wL2RldWlsLWNvdXBlLWZsZXVycy1lY2xhdC1kb3JlLzEvRlI\/dXRtX21lZGl1bT1vcmdhbmljJnV0bV9zb3VyY2U9YmxvZ19wcm9kdWN0cyZ1dG1fY2FtcGFpZ249NkVE\" data-target=\"_blank\"><svg xmlns=\"http:\/\/www.w3.org\/2000\/svg\" width=\"16\" height=\"16\" fill=\"currentColor\" class=\"bi bi-bag\" viewBox=\"0 0 16 16\"><path d=\"M8 1a2 2 0 0 1 2 2v1h2.5A1.5 1.5 0 0 1 14 5.5v8A1.5 1.5 0 0 1 12.5 15h-9A1.5 1.5 0 0 1 2 13.5v-8A1.5 1.5 0 0 1 3.5 3H6V2a2 2 0 0 1 2-1zm1 3V3a1 1 0 0 0-2 0v1h2z\"\/><\/svg>Voir le produit<\/span><p class=\"rapido\">Livraison rapide<\/p><\/div><div class=\"lp-produit\"><div class=\"lp-thumbnail-wrapper\"><img loading=\"lazy\" decoding=\"async\" width=\"300\" height=\"300\" src=\"https:\/\/www.interflora.fr\/blog\/wp-content\/uploads\/2025\/05\/6AE-800Wx800H-0-1-13-300x300.jpg\" class=\"attachment-medium size-medium wp-post-image\" alt=\"\" srcset=\"https:\/\/www.interflora.fr\/blog\/wp-content\/uploads\/2025\/05\/6AE-800Wx800H-0-1-13-300x300.jpg 300w, https:\/\/www.interflora.fr\/blog\/wp-content\/uploads\/2025\/05\/6AE-800Wx800H-0-1-13-150x150.jpg 150w, https:\/\/www.interflora.fr\/blog\/wp-content\/uploads\/2025\/05\/6AE-800Wx800H-0-1-13-768x768.jpg 768w, https:\/\/www.interflora.fr\/blog\/wp-content\/uploads\/2025\/05\/6AE-800Wx800H-0-1-13.jpg 800w\" sizes=\"auto, (max-width: 300px) 100vw, 300px\" \/><img decoding=\"async\" class=\"lp-badge\" src=\"https:\/\/www.interflora.fr\/blog\/wp-content\/uploads\/2025\/06\/logo-circle.png\" alt=\"Livraison rapide Interflora\"><\/div><span>Amiti\u00e9 \u00e9ternelle<\/span><p>49.95 \u20ac<\/p><span class=\"obf-link lp-cta\" role=\"link\" tabindex=\"0\" data-b64=\"aHR0cHM6Ly93d3cuaW50ZXJmbG9yYS5mci9wL2RldWlsLWNvdXBlLXBsYW50ZXMtYW1pdGllLWV0ZXJuZWxsZS8xL0ZSP3V0bV9tZWRpdW09b3JnYW5pYyZ1dG1fc291cmNlPWJsb2dfcHJvZHVjdHMmdXRtX2NhbXBhaWduPTZBRQ==\" data-target=\"_blank\"><svg xmlns=\"http:\/\/www.w3.org\/2000\/svg\" width=\"16\" height=\"16\" fill=\"currentColor\" class=\"bi bi-bag\" viewBox=\"0 0 16 16\"><path d=\"M8 1a2 2 0 0 1 2 2v1h2.5A1.5 1.5 0 0 1 14 5.5v8A1.5 1.5 0 0 1 12.5 15h-9A1.5 1.5 0 0 1 2 13.5v-8A1.5 1.5 0 0 1 3.5 3H6V2a2 2 0 0 1 2-1zm1 3V3a1 1 0 0 0-2 0v1h2z\"\/><\/svg>Voir le produit<\/span><p class=\"rapido\">Top produit<\/p><\/div><div class=\"lp-produit\"><div class=\"lp-thumbnail-wrapper\"><img loading=\"lazy\" decoding=\"async\" width=\"300\" height=\"300\" src=\"https:\/\/www.interflora.fr\/blog\/wp-content\/uploads\/2025\/05\/6VAW-800Wx800H-0-1-10-300x300.jpg\" class=\"attachment-medium size-medium wp-post-image\" alt=\"\" srcset=\"https:\/\/www.interflora.fr\/blog\/wp-content\/uploads\/2025\/05\/6VAW-800Wx800H-0-1-10-300x300.jpg 300w, https:\/\/www.interflora.fr\/blog\/wp-content\/uploads\/2025\/05\/6VAW-800Wx800H-0-1-10-150x150.jpg 150w, https:\/\/www.interflora.fr\/blog\/wp-content\/uploads\/2025\/05\/6VAW-800Wx800H-0-1-10-768x768.jpg 768w, https:\/\/www.interflora.fr\/blog\/wp-content\/uploads\/2025\/05\/6VAW-800Wx800H-0-1-10.jpg 800w\" sizes=\"auto, (max-width: 300px) 100vw, 300px\" \/><img decoding=\"async\" class=\"lp-badge\" src=\"https:\/\/www.interflora.fr\/blog\/wp-content\/uploads\/2025\/06\/logo-circle.png\" alt=\"Livraison rapide Interflora\"><\/div><span>Voyage astral blanc<\/span><p>139 \u20ac<\/p><span class=\"obf-link lp-cta\" role=\"link\" tabindex=\"0\" data-b64=\"aHR0cHM6Ly93d3cuaW50ZXJmbG9yYS5mci9wL2RldWlsLWNvdXBlLXBsYW50ZXMtdm95YWdlLWFzdHJhbC1ibGFuYy8xL0ZSP3V0bV9tZWRpdW09b3JnYW5pYyZ1dG1fc291cmNlPWJsb2dfcHJvZHVjdHMmdXRtX2NhbXBhaWduPTZWQVc=\" data-target=\"_blank\"><svg xmlns=\"http:\/\/www.w3.org\/2000\/svg\" width=\"16\" height=\"16\" fill=\"currentColor\" class=\"bi bi-bag\" viewBox=\"0 0 16 16\"><path d=\"M8 1a2 2 0 0 1 2 2v1h2.5A1.5 1.5 0 0 1 14 5.5v8A1.5 1.5 0 0 1 12.5 15h-9A1.5 1.5 0 0 1 2 13.5v-8A1.5 1.5 0 0 1 3.5 3H6V2a2 2 0 0 1 2-1zm1 3V3a1 1 0 0 0-2 0v1h2z\"\/><\/svg>Voir le produit<\/span><p class=\"rapido\">Livraison rapide<\/p><\/div><\/div>\n\n\n\n<div style=\"height:18px\" aria-hidden=\"true\" class=\"wp-block-spacer\"><\/div>\n\n\n\n<h2 class=\"wp-block-heading\">Est-il pr\u00e9f\u00e9rable d&rsquo;acheter une concession ?<\/h2>\n\n\n\n<p>Malgr\u00e9 son achat, la concession est un <strong>emplacement dans le cimeti\u00e8re<\/strong> qui reste la <strong>propri\u00e9t\u00e9 de la commune<\/strong>. Selon le contrat d\u2019achat \u00e9tabli avec la commune, la concession permet l\u2019enfouissement d\u2019un ou plusieurs corps pendant une p\u00e9riode d\u00e9termin\u00e9e. L\u2019exigu\u00eft\u00e9 du cimeti\u00e8re et la densit\u00e9 de population de la commune ont pour cons\u00e9quences que c\u2019est \u00e0 la mairie de fixer ses conditions. Elle peut d\u00e9terminer le co\u00fbt de la redevance dont doivent s\u2019acquitter les acheteurs.<\/p>\n\n\n\n<p>La concession n\u2019est pas seulement un terrain nu. Elle <strong>peut \u00e9galement \u00eatre<\/strong> un <strong>emplacement dans un columbarium<\/strong>. Comme la loi oblige l\u2019inhumation, la dispersion ou la conservation des cendres, la commune propose aussi des emplacements gratuits \u00e0 ceux qui n\u2019ont pas de concession pr\u00e9d\u00e9finie. Ces espaces mis \u00e0 disposition gracieusement sont limit\u00e9s et chaque commune g\u00e8re cet espace en fonction de la taille de son cimeti\u00e8re. En France, le d\u00e9lai l\u00e9gal du repos du corps dans un emplacement est de minimum 5 ans. Ce d\u00e9lai se base sur le temps habituel de d\u00e9composition d\u2019un corps. Si la commune n\u2019est pas en manque de place ou fait preuve de souplesse, ce d\u00e9lai peut \u00eatre bien plus long. Le cas \u00e9ch\u00e9ant, apr\u00e8s ce temps \u00e9coul\u00e9, elle peut exiger qu\u2019un corps soit d\u00e9terr\u00e9. Dans ce cas, les restes du corps sont transf\u00e9r\u00e9s dans une partie du cimeti\u00e8re appel\u00e9e le<strong> \u00ab carr\u00e9 des indigents \u00bb. &nbsp;&nbsp;<\/strong><\/p>\n\n\n\n<p>Pour \u00e9viter ce genre de d\u00e9sagr\u00e9ments et pour assurer l\u2019existence d\u2019une s\u00e9pulture familiale p\u00e9renne, <strong>il est donc pr\u00e9f\u00e9rable d\u2019acheter une concession<\/strong>. Acheter une concession au pr\u00e9alable, permet aussi aux h\u00e9ritiers de ne pas s\u2019en soucier.<\/p>\n\n\n\n<h2 class=\"wp-block-heading\">La dur\u00e9e du contrat d\u2019achat d\u2019une concession<\/h2>\n\n\n\n<p>L\u2019achat d\u2019une concession est <strong>act\u00e9 par la signature d\u2019un contrat<\/strong> qui peut comprendre plusieurs conditions. Le contrat d\u00e9termine le nombre d\u2019ann\u00e9es durant lesquelles le terrain est conc\u00e9d\u00e9 et le nombre de personnes pouvant \u00eatre enterr\u00e9es dans la s\u00e9pulture familiale. On parle de concession temporaire lorsque le contrat indique que le concessionnaire a opt\u00e9 pour un achat d\u2019une dur\u00e9e de cinq \u00e0 quinze ans. Le <strong>contrat quinzenaire<\/strong> garantit une <strong>concession pendant 15 ans<\/strong>, le <strong>contrat trentenaire<\/strong> pendant <strong>30 ans<\/strong> et le <strong>contrat cinquantenaire pendant 50 ans<\/strong>. Il existe aussi un contrat perp\u00e9tuel qui propose de conc\u00e9der un emplacement \u00e0 perp\u00e9tuit\u00e9.<\/p>\n\n\n\n<p>Concernant la concession perp\u00e9tuelle, elle est accord\u00e9e \u00e0 tous les militaires fran\u00e7ais enterr\u00e9s dans <strong>les carr\u00e9s militaires<\/strong> ainsi qu\u2019\u00e0 tous les civils pour lesquels la mention \u00ab mort pour la France \u00bb est inscrite sur l\u2019acte de d\u00e9c\u00e8s. Le<strong> contrat perp\u00e9tuel <\/strong>n\u2019est pas propos\u00e9 dans tous les cimeti\u00e8res pour cause de manque d\u2019espace \u00e9ventuel.<\/p>\n\n\n\n<h2 class=\"wp-block-heading\">Que peut faire un concessionnaire sur son emplacement ?<\/h2>\n\n\n\n<p>M\u00eame si le terrain ne devient pas la propri\u00e9t\u00e9 de l\u2019acheteur, il peut tout de m\u00eame en disposer de par son droit d\u2019usage. L\u2019acqu\u00e9reur a le droit de transf\u00e9rer la s\u00e9pulture du d\u00e9funt dans la concession et d\u2019y \u00e9quiper son terrain comme il le souhaite (dans les limites de ce qu\u2019impose le r\u00e8glement du cimeti\u00e8re). <strong>Sur sa concession<\/strong>, il est <strong>possible d&rsquo;y construire une chapelle<\/strong>, d&rsquo;y <strong>\u00e9riger une st\u00e8le<\/strong>, un <strong>monument fun\u00e9raire<\/strong>, d&rsquo;y mettre du gravier ou de la recouvrir d&rsquo;<strong>une pierre tombale<\/strong>.<\/p>\n\n\n\n<p><strong>Lire aussi :<\/strong> <a href=\"\/blog\/choisir-pierre-tombale\/\" target=\"_blank\" rel=\"noreferrer noopener\">Comment choisir une pierre tombale ?<\/a><\/p>\n\n\n\n<p>Traditionnellement, un terrain mesure <strong>2 m\u00e8tres de long sur 1 m\u00e8tre de large<\/strong>. S\u2019il d\u00e9cide de laisser son terrain nu, on parle de concession en \u00ab pleine terre \u00bb. Lorsque le terrain est \u00e9quip\u00e9, il peut \u00eatre surmont\u00e9 d\u2019un caveau ou d\u2019une tombe. Lorsque la concession de terre sert \u00e0 accueillir une urne, elle peut devenir un cavurne. On parle alors d\u2019une<strong> concession cin\u00e9raire<\/strong> et mesure, en g\u00e9n\u00e9ral, <strong>1 m\u00e8tre sur 1 m\u00e8tre<\/strong>. Les dimensions varient en fonction des disponibilit\u00e9s de chaque cimeti\u00e8re. Il existe des emplacements encore plus petits pour y d\u00e9poser le corps d\u2019un enfant, par exemple.<\/p>\n\n\n\n<p>La concession ne se pr\u00e9sente pas toujours sous la forme d&rsquo;un carr\u00e9 ou un rectangle de terre. Dans le cas o\u00f9 la s\u00e9pulture est une urne, il peut s\u2019agir d\u2019un <strong>enfeu <\/strong>ou d\u2019une <strong>case dans un columbarium<\/strong>. L&rsquo;urne peut aussi rejoindre un caveau familial s&rsquo;il en existe un. <\/p>\n\n\n\n<p><strong>Lire aussi <\/strong>: <a href=\"\/blog\/nettoyer-tombe\/\" target=\"_blank\" rel=\"noreferrer noopener\">Comment nettoyer une tombe et l&rsquo;entretenir correctement<\/a><\/p>\n\n\n\n<h3 class=\"wp-block-heading\">Mise en vente d&rsquo;une concession par la commune<\/h3>\n\n\n\n<p>Lorsque la commune propose de mettre en vente une concession, c&rsquo;est que cet emplacement est vide de tout corps. Cela sous-entend que l&#8217;emplacement doit \u00eatre vid\u00e9 de tout restant mortuaire et d\u00e9barrass\u00e9 de toute construction. Prendre possession d&rsquo;une concession vide est une marque de <strong>respect et de dignit\u00e9 pour les morts<\/strong>, puisqu&rsquo;on ne permettrait pas l&rsquo;achat d&rsquo;un emplacement o\u00f9 se trouveraient d&rsquo;autres restes mortuaires. En outre, cela permet \u00e0 l&rsquo;acheteur d&rsquo;y construire ce qu&rsquo;il souhaite pendant le laps de temps d\u00e9termin\u00e9 dans son contrat. Il existe tout de m\u00eame une <strong>exception pour les caveaux<\/strong>. En plus des concessions vierges de toute construction, il existe des cimeti\u00e8res qui poss\u00e8dent des anciens caveaux qui sont eux aussi mis \u00e0 disposition. <\/p>\n\n\n\n<h2 class=\"wp-block-heading\">Les diff\u00e9rents types de concession<\/h2>\n\n\n\n<p>Le concession peut \u00eatre familiale, individuelle ou collective, en fonction des volont\u00e9s du concessionnaire.<\/p>\n\n\n\n<ul class=\"wp-block-list\">\n<li> <strong>La concession est individuelle<\/strong> si le concessionnaire a d\u00e9cid\u00e9 d\u2019\u00eatre le seul \u00e0 pouvoir y \u00eatre enterr\u00e9.<\/li>\n<\/ul>\n\n\n\n<ul class=\"wp-block-list\">\n<li><strong>&nbsp;La concession est collective <\/strong>lorsque plusieurs personnes sont inhum\u00e9es sur le terrain. Seules les personnes mentionn\u00e9es sur l\u2019acte de concession peuvent rejoindre la concession collective. Les h\u00e9ritiers par le sang mais aussi les amis proches peuvent tout \u00e0 fait \u00eatre enterr\u00e9s dans une concession collective si tel est le d\u00e9sir du concessionnaire ou de ses ayants droits<\/li>\n<\/ul>\n\n\n\n<ul class=\"wp-block-list\">\n<li><strong>La concession familiale <\/strong>est la plus fr\u00e9quemment propos\u00e9e. De son vivant, le concessionnaire reste le seul \u00e0 pouvoir autoriser ou interdire une inhumation. En principe, tous les membres de sa famille, que ce soient les h\u00e9ritiers, l\u2019\u00e9poux (m\u00eame divorc\u00e9) ou les ascendants collat\u00e9raux peuvent pr\u00e9tendre s&rsquo;y retrouver. On peut aussi inhumer les alli\u00e9s (c&rsquo;est-\u00e0-dire, la famille de son \u00e9poux) dans la concession familiale.<\/li>\n<\/ul>\n\n\n\n<p>Dans le cas de la<strong> concession familiale<\/strong>, le nombre de personnes est \u00e9videmment limit\u00e9 en fonction de l\u2019exigu\u00eft\u00e9 de l\u2019emplacement. Comme l\u2019ordre d\u2019inhumation suit l\u2019ordre des d\u00e9c\u00e8s, il se peut que le concessionnaire lui-m\u00eame n\u2019ait plus de place \u00e0 cet emplacement au moment du d\u00e9c\u00e8s. Le <strong>conjoint<\/strong>, qu\u2019il s\u2019agisse d\u2019un \u00e9poux, d\u2019un concubin ou d\u2019un pacs\u00e9, <strong>peut rejoindre la concession familiale<\/strong>. Si le conjoint est cosignataire de la concession, dans ce cas, sa propre famille peut aussi rejoindre la concession. Les <strong>ascendants mais aussi les descendants<\/strong>, qu&rsquo;ils soient des enfants l\u00e9gitimes ou adoptifs disposent bien \u00e9videmment des m\u00eames droits. Notez que les enfants \u00e9ventuels du conjoint peuvent \u00e9galement rejoindre la concession. Les membres de la famille \u00e9loign\u00e9e sont parfois concern\u00e9s puisque les alli\u00e9s, m\u00eame non parents, peuvent pr\u00e9tendre \u00e0 une place dans la concession familiale.<\/p>\n\n\n<div class=\"lp-produits-grid\"><div class=\"lp-produit\"><div class=\"lp-thumbnail-wrapper\"><img loading=\"lazy\" decoding=\"async\" width=\"300\" height=\"300\" src=\"https:\/\/www.interflora.fr\/blog\/wp-content\/uploads\/2025\/05\/6EE-800Wx800H-0-1-12-300x300.jpg\" class=\"attachment-medium size-medium wp-post-image\" alt=\"\" srcset=\"https:\/\/www.interflora.fr\/blog\/wp-content\/uploads\/2025\/05\/6EE-800Wx800H-0-1-12-300x300.jpg 300w, https:\/\/www.interflora.fr\/blog\/wp-content\/uploads\/2025\/05\/6EE-800Wx800H-0-1-12-150x150.jpg 150w, https:\/\/www.interflora.fr\/blog\/wp-content\/uploads\/2025\/05\/6EE-800Wx800H-0-1-12-768x768.jpg 768w, https:\/\/www.interflora.fr\/blog\/wp-content\/uploads\/2025\/05\/6EE-800Wx800H-0-1-12.jpg 800w\" sizes=\"auto, (max-width: 300px) 100vw, 300px\" \/><img decoding=\"async\" class=\"lp-badge\" src=\"https:\/\/www.interflora.fr\/blog\/wp-content\/uploads\/2025\/06\/logo-circle.png\" alt=\"Livraison rapide Interflora\"><\/div><span>Eclosion d&rsquo;espoir<\/span><p>55.95 \u20ac<\/p><span class=\"obf-link lp-cta\" role=\"link\" tabindex=\"0\" data-b64=\"aHR0cHM6Ly93d3cuaW50ZXJmbG9yYS5mci9wL2RldWlsLWJvdXF1ZXQtZWNsb3Npb24tZXNwb2lyLzEvRlI\/dXRtX21lZGl1bT1vcmdhbmljJnV0bV9zb3VyY2U9YmxvZ19wcm9kdWN0cyZ1dG1fY2FtcGFpZ249NkVF\" data-target=\"_blank\"><svg xmlns=\"http:\/\/www.w3.org\/2000\/svg\" width=\"16\" height=\"16\" fill=\"currentColor\" class=\"bi bi-bag\" viewBox=\"0 0 16 16\"><path d=\"M8 1a2 2 0 0 1 2 2v1h2.5A1.5 1.5 0 0 1 14 5.5v8A1.5 1.5 0 0 1 12.5 15h-9A1.5 1.5 0 0 1 2 13.5v-8A1.5 1.5 0 0 1 3.5 3H6V2a2 2 0 0 1 2-1zm1 3V3a1 1 0 0 0-2 0v1h2z\"\/><\/svg>Voir le produit<\/span><p class=\"rapido\">Fleurs fra\u00eeches<\/p><\/div><div class=\"lp-produit\"><div class=\"lp-thumbnail-wrapper\"><img loading=\"lazy\" decoding=\"async\" width=\"300\" height=\"300\" src=\"https:\/\/www.interflora.fr\/blog\/wp-content\/uploads\/2025\/05\/6DCO-800Wx800H-0-1-13-300x300.jpg\" class=\"attachment-medium size-medium wp-post-image\" alt=\"\" srcset=\"https:\/\/www.interflora.fr\/blog\/wp-content\/uploads\/2025\/05\/6DCO-800Wx800H-0-1-13-300x300.jpg 300w, https:\/\/www.interflora.fr\/blog\/wp-content\/uploads\/2025\/05\/6DCO-800Wx800H-0-1-13-150x150.jpg 150w, https:\/\/www.interflora.fr\/blog\/wp-content\/uploads\/2025\/05\/6DCO-800Wx800H-0-1-13-768x768.jpg 768w, https:\/\/www.interflora.fr\/blog\/wp-content\/uploads\/2025\/05\/6DCO-800Wx800H-0-1-13.jpg 800w\" sizes=\"auto, (max-width: 300px) 100vw, 300px\" \/><img decoding=\"async\" class=\"lp-badge\" src=\"https:\/\/www.interflora.fr\/blog\/wp-content\/uploads\/2025\/06\/logo-circle.png\" alt=\"Livraison rapide Interflora\"><\/div><span>Douce compassion<\/span><p>42.95 \u20ac<\/p><span class=\"obf-link lp-cta\" role=\"link\" tabindex=\"0\" data-b64=\"aHR0cHM6Ly93d3cuaW50ZXJmbG9yYS5mci9wL2RldWlsLWNvdXBlLXBsYW50ZXMtZG91Y2UtY29tcGFzc2lvbi8xL0ZSP3V0bV9tZWRpdW09b3JnYW5pYyZ1dG1fc291cmNlPWJsb2dfcHJvZHVjdHMmdXRtX2NhbXBhaWduPTZEQ08=\" data-target=\"_blank\"><svg xmlns=\"http:\/\/www.w3.org\/2000\/svg\" width=\"16\" height=\"16\" fill=\"currentColor\" class=\"bi bi-bag\" viewBox=\"0 0 16 16\"><path d=\"M8 1a2 2 0 0 1 2 2v1h2.5A1.5 1.5 0 0 1 14 5.5v8A1.5 1.5 0 0 1 12.5 15h-9A1.5 1.5 0 0 1 2 13.5v-8A1.5 1.5 0 0 1 3.5 3H6V2a2 2 0 0 1 2-1zm1 3V3a1 1 0 0 0-2 0v1h2z\"\/><\/svg>Voir le produit<\/span><p class=\"rapido\">Top produit<\/p><\/div><div class=\"lp-produit\"><div class=\"lp-thumbnail-wrapper\"><img loading=\"lazy\" decoding=\"async\" width=\"300\" height=\"300\" src=\"https:\/\/www.interflora.fr\/blog\/wp-content\/uploads\/2025\/05\/6AE-800Wx800H-0-1-13-300x300.jpg\" class=\"attachment-medium size-medium wp-post-image\" alt=\"\" srcset=\"https:\/\/www.interflora.fr\/blog\/wp-content\/uploads\/2025\/05\/6AE-800Wx800H-0-1-13-300x300.jpg 300w, https:\/\/www.interflora.fr\/blog\/wp-content\/uploads\/2025\/05\/6AE-800Wx800H-0-1-13-150x150.jpg 150w, https:\/\/www.interflora.fr\/blog\/wp-content\/uploads\/2025\/05\/6AE-800Wx800H-0-1-13-768x768.jpg 768w, https:\/\/www.interflora.fr\/blog\/wp-content\/uploads\/2025\/05\/6AE-800Wx800H-0-1-13.jpg 800w\" sizes=\"auto, (max-width: 300px) 100vw, 300px\" \/><img decoding=\"async\" class=\"lp-badge\" src=\"https:\/\/www.interflora.fr\/blog\/wp-content\/uploads\/2025\/06\/logo-circle.png\" alt=\"Livraison rapide Interflora\"><\/div><span>Amiti\u00e9 \u00e9ternelle<\/span><p>49.95 \u20ac<\/p><span class=\"obf-link lp-cta\" role=\"link\" tabindex=\"0\" data-b64=\"aHR0cHM6Ly93d3cuaW50ZXJmbG9yYS5mci9wL2RldWlsLWNvdXBlLXBsYW50ZXMtYW1pdGllLWV0ZXJuZWxsZS8xL0ZSP3V0bV9tZWRpdW09b3JnYW5pYyZ1dG1fc291cmNlPWJsb2dfcHJvZHVjdHMmdXRtX2NhbXBhaWduPTZBRQ==\" data-target=\"_blank\"><svg xmlns=\"http:\/\/www.w3.org\/2000\/svg\" width=\"16\" height=\"16\" fill=\"currentColor\" class=\"bi bi-bag\" viewBox=\"0 0 16 16\"><path d=\"M8 1a2 2 0 0 1 2 2v1h2.5A1.5 1.5 0 0 1 14 5.5v8A1.5 1.5 0 0 1 12.5 15h-9A1.5 1.5 0 0 1 2 13.5v-8A1.5 1.5 0 0 1 3.5 3H6V2a2 2 0 0 1 2-1zm1 3V3a1 1 0 0 0-2 0v1h2z\"\/><\/svg>Voir le produit<\/span><p class=\"rapido\">Top produit<\/p><\/div><div class=\"lp-produit\"><div class=\"lp-thumbnail-wrapper\"><img loading=\"lazy\" decoding=\"async\" width=\"300\" height=\"300\" src=\"https:\/\/www.interflora.fr\/blog\/wp-content\/uploads\/2025\/05\/6ED-800Wx800H-0-1-12-300x300.jpg\" class=\"attachment-medium size-medium wp-post-image\" alt=\"\" srcset=\"https:\/\/www.interflora.fr\/blog\/wp-content\/uploads\/2025\/05\/6ED-800Wx800H-0-1-12-300x300.jpg 300w, https:\/\/www.interflora.fr\/blog\/wp-content\/uploads\/2025\/05\/6ED-800Wx800H-0-1-12-150x150.jpg 150w, https:\/\/www.interflora.fr\/blog\/wp-content\/uploads\/2025\/05\/6ED-800Wx800H-0-1-12-768x768.jpg 768w, https:\/\/www.interflora.fr\/blog\/wp-content\/uploads\/2025\/05\/6ED-800Wx800H-0-1-12.jpg 800w\" sizes=\"auto, (max-width: 300px) 100vw, 300px\" \/><img decoding=\"async\" class=\"lp-badge\" src=\"https:\/\/www.interflora.fr\/blog\/wp-content\/uploads\/2025\/06\/logo-circle.png\" alt=\"Livraison rapide Interflora\"><\/div><span>Eclat dor\u00e9<\/span><p>89.95 \u20ac<\/p><span class=\"obf-link lp-cta\" role=\"link\" tabindex=\"0\" data-b64=\"aHR0cHM6Ly93d3cuaW50ZXJmbG9yYS5mci9wL2RldWlsLWNvdXBlLWZsZXVycy1lY2xhdC1kb3JlLzEvRlI\/dXRtX21lZGl1bT1vcmdhbmljJnV0bV9zb3VyY2U9YmxvZ19wcm9kdWN0cyZ1dG1fY2FtcGFpZ249NkVE\" data-target=\"_blank\"><svg xmlns=\"http:\/\/www.w3.org\/2000\/svg\" width=\"16\" height=\"16\" fill=\"currentColor\" class=\"bi bi-bag\" viewBox=\"0 0 16 16\"><path d=\"M8 1a2 2 0 0 1 2 2v1h2.5A1.5 1.5 0 0 1 14 5.5v8A1.5 1.5 0 0 1 12.5 15h-9A1.5 1.5 0 0 1 2 13.5v-8A1.5 1.5 0 0 1 3.5 3H6V2a2 2 0 0 1 2-1zm1 3V3a1 1 0 0 0-2 0v1h2z\"\/><\/svg>Voir le produit<\/span><p class=\"rapido\">Livraison rapide<\/p><\/div><\/div>\n\n\n\n<div style=\"height:18px\" aria-hidden=\"true\" class=\"wp-block-spacer\"><\/div>\n\n\n\n<h2 class=\"wp-block-heading\">Acqu\u00e9rir ou renoncer \u00e0 une concession<\/h2>\n\n\n\n<p>Les <strong>formalit\u00e9s d\u2019acquisition<\/strong> d\u2019une concession sont multiples. Il s\u2019agit d\u2019un <strong>contrat administratif d\u2019occupation du domaine public<\/strong>, sign\u00e9 avec la commune. Le contrat permet au concessionnaire d\u2019occuper un terrain qui servira \u00e0 sa s\u00e9pulture ou \u00e0 celle de sa famille. Quand la demande est faite <em>ante mortem<\/em>, c\u2019est que le r\u00e9sident d\u2019une commune souhaite pr\u00e9voir une concession dans son lieu d\u2019habitation, pour lui, une \u00e9ventuelle descendance ou des ayants droits. <strong>Lorsqu\u2019une personne d\u00e9c\u00e8de, c\u2019est la commune du lieu de d\u00e9c\u00e8s ou de sa r\u00e9sidence qui propose alors une concession \u00e0 la famille.<\/strong><\/p>\n\n\n\n<p>M\u00eame si l\u2019achat d\u2019une concession se d\u00e9roule dans un contexte relativement semblable d\u2019un cas \u00e0 l\u2019autre, il existe plusieurs fa\u00e7on d\u2019\u00e9changer ou de transformer le contrat de concession \u00e9tabli, voire m\u00eame d\u2019y renoncer.<\/p>\n\n\n\n<h3 class=\"wp-block-heading\">L\u2019\u00e9change : <\/h3>\n\n\n\n<p>Si vous poss\u00e9dez une concession et que vous convoitez un autre emplacement, en principe, un \u00e9change est possible. Il faut toutefois que les concessions soient vides et que la mairie ait donn\u00e9 son accord.<\/p>\n\n\n\n<h3 class=\"wp-block-heading\">La cession de concession :<\/h3>\n\n\n\n<p><strong> <\/strong>Si vous \u00eates le propri\u00e9taire d\u2019une concession encore vide de tout corps, vous pouvez cesser d\u2019en \u00eatre le concessionnaire. Il est possible d\u2019en faire donation ou de la revendre. Le vente ne peut pas permettre d\u2019enregistrer un b\u00e9n\u00e9fice.<\/p>\n\n\n\n<h3 class=\"wp-block-heading\">La donation de concession : <\/h3>\n\n\n\n<p>Dans le cas o\u00f9 la cession de concession se fait via un don, il est obligatoire que le maire donne son accord. Pour que la <a href=\"\/blog\/faire-une-donation-de-son-vivant-demarches-conseils-et-imposition\/\" target=\"_blank\" rel=\"noreferrer noopener\">donation entre vifs<\/a> soit accept\u00e9e, la concession doit \u00eatre vide si le nouvel acqu\u00e9reur est \u00e9tranger \u00e0 la famille. Si la concession est d\u00e9j\u00e0 occup\u00e9e, la donation n\u2019est possible qu\u2019\u00e0 un h\u00e9ritier.<\/p>\n\n\n\n<h3 class=\"wp-block-heading\">Le renouvellement de concession :<\/h3>\n\n\n\n<p><strong> <\/strong>Lorsque le contrat arrive \u00e0 terme, la commune a l\u2019obligation l\u00e9gale de ne pas toucher \u00e0 la s\u00e9pulture pendant encore deux ans. Dans tous les cas, la s\u00e9pulture ne peut \u00eatre transf\u00e9r\u00e9e avant minimum 5 ans apr\u00e8s l\u2019inhumation. Apr\u00e8s ce d\u00e9lai, la mairie envoie un avis de renouvellement. Si personne ne se manifeste, la commune a le droit de proc\u00e9der \u00e0 une reprise. Si la famille d\u00e9cide de prolonger le contrat, elle peut choisir la dur\u00e9e du renouvellement. Ce sont alors les h\u00e9ritiers ou les ayants droits qui doivent r\u00e9gler la redevance communale. Notez qu\u2019un \u00e9tranger \u00e0 la famille peut m\u00eame faire la demande au maire de devenir la personne responsable du renouvellement d\u2019une concession, sans pour autant recevoir de droits sur celle-ci.<\/p>\n\n\n\n<h3 class=\"wp-block-heading\">La r\u00e9trocession de concession : <\/h3>\n\n\n\n<p>Si la concession est libre de tout corps et que pour une raison ou pour une autre le concessionnaire veut s\u2019en d\u00e9barrasser, il peut proposer \u00e0 la mairie de r\u00e9troc\u00e9der l\u2019emplacement. La commune est libre d\u2019accepter ou de refuser la demande de r\u00e9trocession.<\/p>\n\n\n\n<h3 class=\"wp-block-heading\">La conversion de concession : <\/h3>\n\n\n\n<p>Il est bien entendu possible de prolonger la dur\u00e9e de la concession. Si la sollicitation aupr\u00e8s de la commune concerne une augmentation du contrat, il y a de fortes chances que la demande soit accept\u00e9e. L\u2019inverse est \u00e9galement possible. La commune a n\u00e9anmoins le droit d\u2019imposer ses conditions, si vous souhaitez raccourcir le contrat avant son expiration.<\/p>\n\n\n\n<h3 class=\"wp-block-heading\">La reprise en fin de contrat : <\/h3>\n\n\n\n<p>Dans le cas o\u00f9 le renouvellement n\u2019a pas eu lieu et qu\u2019aucune conversion n\u2019a \u00e9t\u00e9 demand\u00e9e, la mairie a le droit de reprendre possession de l\u2019emplacement, sans m\u00eame en avoir fait la demande aux ayants droits. Elle doit tout de m\u00eame attendre minimum deux ans suppl\u00e9mentaires apr\u00e8s la fin du contrat. Et dans tous les cas, elle doit attendre cinq ans apr\u00e8s la derni\u00e8re inhumation.<\/p>\n\n\n\n<h3 class=\"wp-block-heading\">La renonciation : <\/h3>\n\n\n\n<p>Renoncer \u00e0 son droit de s\u00e9pulture est possible lorsqu\u2019on est d\u00e9sign\u00e9 comme un ayant droit. Si vous apprenez qu\u2019on vous a r\u00e9serv\u00e9 un emplacement dans une concession, vous pouvez y renoncer.<\/p>\n\n\n<div class=\"lp-produits-grid\"><div class=\"lp-produit\"><div class=\"lp-thumbnail-wrapper\"><img loading=\"lazy\" decoding=\"async\" width=\"300\" height=\"300\" src=\"https:\/\/www.interflora.fr\/blog\/wp-content\/uploads\/2025\/05\/6BHW-800Wx800H-0-1-13-300x300.jpg\" class=\"attachment-medium size-medium wp-post-image\" alt=\"\" srcset=\"https:\/\/www.interflora.fr\/blog\/wp-content\/uploads\/2025\/05\/6BHW-800Wx800H-0-1-13-300x300.jpg 300w, https:\/\/www.interflora.fr\/blog\/wp-content\/uploads\/2025\/05\/6BHW-800Wx800H-0-1-13-150x150.jpg 150w, https:\/\/www.interflora.fr\/blog\/wp-content\/uploads\/2025\/05\/6BHW-800Wx800H-0-1-13-768x768.jpg 768w, https:\/\/www.interflora.fr\/blog\/wp-content\/uploads\/2025\/05\/6BHW-800Wx800H-0-1-13.jpg 800w\" sizes=\"auto, (max-width: 300px) 100vw, 300px\" \/><img decoding=\"async\" class=\"lp-badge\" src=\"https:\/\/www.interflora.fr\/blog\/wp-content\/uploads\/2025\/06\/logo-circle.png\" alt=\"Livraison rapide Interflora\"><\/div><span>Bel hommage blanc<\/span><p>124 \u20ac<\/p><span class=\"obf-link lp-cta\" role=\"link\" tabindex=\"0\" data-b64=\"aHR0cHM6Ly93d3cuaW50ZXJmbG9yYS5mci9wL2RldWlsLWNvdXNzaW4tYmVsLWhvbW1hZ2UtYmxhbmMvMS9GUj91dG1fbWVkaXVtPW9yZ2FuaWMmdXRtX3NvdXJjZT1ibG9nX3Byb2R1Y3RzJnV0bV9jYW1wYWlnbj02QkhX\" data-target=\"_blank\"><svg xmlns=\"http:\/\/www.w3.org\/2000\/svg\" width=\"16\" height=\"16\" fill=\"currentColor\" class=\"bi bi-bag\" viewBox=\"0 0 16 16\"><path d=\"M8 1a2 2 0 0 1 2 2v1h2.5A1.5 1.5 0 0 1 14 5.5v8A1.5 1.5 0 0 1 12.5 15h-9A1.5 1.5 0 0 1 2 13.5v-8A1.5 1.5 0 0 1 3.5 3H6V2a2 2 0 0 1 2-1zm1 3V3a1 1 0 0 0-2 0v1h2z\"\/><\/svg>Voir le produit<\/span><p class=\"rapido\">Fleurs fra\u00eeches<\/p><\/div><div class=\"lp-produit\"><div class=\"lp-thumbnail-wrapper\"><img loading=\"lazy\" decoding=\"async\" width=\"300\" height=\"300\" src=\"https:\/\/www.interflora.fr\/blog\/wp-content\/uploads\/2025\/05\/6AE-800Wx800H-0-1-13-300x300.jpg\" class=\"attachment-medium size-medium wp-post-image\" alt=\"\" srcset=\"https:\/\/www.interflora.fr\/blog\/wp-content\/uploads\/2025\/05\/6AE-800Wx800H-0-1-13-300x300.jpg 300w, https:\/\/www.interflora.fr\/blog\/wp-content\/uploads\/2025\/05\/6AE-800Wx800H-0-1-13-150x150.jpg 150w, https:\/\/www.interflora.fr\/blog\/wp-content\/uploads\/2025\/05\/6AE-800Wx800H-0-1-13-768x768.jpg 768w, https:\/\/www.interflora.fr\/blog\/wp-content\/uploads\/2025\/05\/6AE-800Wx800H-0-1-13.jpg 800w\" sizes=\"auto, (max-width: 300px) 100vw, 300px\" \/><img decoding=\"async\" class=\"lp-badge\" src=\"https:\/\/www.interflora.fr\/blog\/wp-content\/uploads\/2025\/06\/logo-circle.png\" alt=\"Livraison rapide Interflora\"><\/div><span>Amiti\u00e9 \u00e9ternelle<\/span><p>49.95 \u20ac<\/p><span class=\"obf-link lp-cta\" role=\"link\" tabindex=\"0\" data-b64=\"aHR0cHM6Ly93d3cuaW50ZXJmbG9yYS5mci9wL2RldWlsLWNvdXBlLXBsYW50ZXMtYW1pdGllLWV0ZXJuZWxsZS8xL0ZSP3V0bV9tZWRpdW09b3JnYW5pYyZ1dG1fc291cmNlPWJsb2dfcHJvZHVjdHMmdXRtX2NhbXBhaWduPTZBRQ==\" data-target=\"_blank\"><svg xmlns=\"http:\/\/www.w3.org\/2000\/svg\" width=\"16\" height=\"16\" fill=\"currentColor\" class=\"bi bi-bag\" viewBox=\"0 0 16 16\"><path d=\"M8 1a2 2 0 0 1 2 2v1h2.5A1.5 1.5 0 0 1 14 5.5v8A1.5 1.5 0 0 1 12.5 15h-9A1.5 1.5 0 0 1 2 13.5v-8A1.5 1.5 0 0 1 3.5 3H6V2a2 2 0 0 1 2-1zm1 3V3a1 1 0 0 0-2 0v1h2z\"\/><\/svg>Voir le produit<\/span><p class=\"rapido\">Livraison rapide<\/p><\/div><div class=\"lp-produit\"><div class=\"lp-thumbnail-wrapper\"><img loading=\"lazy\" decoding=\"async\" width=\"300\" height=\"300\" src=\"https:\/\/www.interflora.fr\/blog\/wp-content\/uploads\/2025\/05\/6VAW-800Wx800H-0-1-10-300x300.jpg\" class=\"attachment-medium size-medium wp-post-image\" alt=\"\" srcset=\"https:\/\/www.interflora.fr\/blog\/wp-content\/uploads\/2025\/05\/6VAW-800Wx800H-0-1-10-300x300.jpg 300w, https:\/\/www.interflora.fr\/blog\/wp-content\/uploads\/2025\/05\/6VAW-800Wx800H-0-1-10-150x150.jpg 150w, https:\/\/www.interflora.fr\/blog\/wp-content\/uploads\/2025\/05\/6VAW-800Wx800H-0-1-10-768x768.jpg 768w, https:\/\/www.interflora.fr\/blog\/wp-content\/uploads\/2025\/05\/6VAW-800Wx800H-0-1-10.jpg 800w\" sizes=\"auto, (max-width: 300px) 100vw, 300px\" \/><img decoding=\"async\" class=\"lp-badge\" src=\"https:\/\/www.interflora.fr\/blog\/wp-content\/uploads\/2025\/06\/logo-circle.png\" alt=\"Livraison rapide Interflora\"><\/div><span>Voyage astral blanc<\/span><p>139 \u20ac<\/p><span class=\"obf-link lp-cta\" role=\"link\" tabindex=\"0\" data-b64=\"aHR0cHM6Ly93d3cuaW50ZXJmbG9yYS5mci9wL2RldWlsLWNvdXBlLXBsYW50ZXMtdm95YWdlLWFzdHJhbC1ibGFuYy8xL0ZSP3V0bV9tZWRpdW09b3JnYW5pYyZ1dG1fc291cmNlPWJsb2dfcHJvZHVjdHMmdXRtX2NhbXBhaWduPTZWQVc=\" data-target=\"_blank\"><svg xmlns=\"http:\/\/www.w3.org\/2000\/svg\" width=\"16\" height=\"16\" fill=\"currentColor\" class=\"bi bi-bag\" viewBox=\"0 0 16 16\"><path d=\"M8 1a2 2 0 0 1 2 2v1h2.5A1.5 1.5 0 0 1 14 5.5v8A1.5 1.5 0 0 1 12.5 15h-9A1.5 1.5 0 0 1 2 13.5v-8A1.5 1.5 0 0 1 3.5 3H6V2a2 2 0 0 1 2-1zm1 3V3a1 1 0 0 0-2 0v1h2z\"\/><\/svg>Voir le produit<\/span><p class=\"rapido\">Livraison rapide<\/p><\/div><div class=\"lp-produit\"><div class=\"lp-thumbnail-wrapper\"><img loading=\"lazy\" decoding=\"async\" width=\"300\" height=\"300\" src=\"https:\/\/www.interflora.fr\/blog\/wp-content\/uploads\/2025\/05\/6EGU-800Wx800H-0-1-5-300x300.jpg\" class=\"attachment-medium size-medium wp-post-image\" alt=\"\" srcset=\"https:\/\/www.interflora.fr\/blog\/wp-content\/uploads\/2025\/05\/6EGU-800Wx800H-0-1-5-300x300.jpg 300w, https:\/\/www.interflora.fr\/blog\/wp-content\/uploads\/2025\/05\/6EGU-800Wx800H-0-1-5-150x150.jpg 150w, https:\/\/www.interflora.fr\/blog\/wp-content\/uploads\/2025\/05\/6EGU-800Wx800H-0-1-5-768x768.jpg 768w, https:\/\/www.interflora.fr\/blog\/wp-content\/uploads\/2025\/05\/6EGU-800Wx800H-0-1-5.jpg 800w\" sizes=\"auto, (max-width: 300px) 100vw, 300px\" \/><img decoding=\"async\" class=\"lp-badge\" src=\"https:\/\/www.interflora.fr\/blog\/wp-content\/uploads\/2025\/06\/logo-circle.png\" alt=\"Livraison rapide Interflora\"><\/div><span>Eternelle gratitude et sa bulle d&rsquo;eau<\/span><p>56.95 \u20ac<\/p><span class=\"obf-link lp-cta\" role=\"link\" tabindex=\"0\" data-b64=\"aHR0cHM6Ly93d3cuaW50ZXJmbG9yYS5mci9wL2RldWlsLWJvdXF1ZXQtZXRlcm5lbGxlLWdyYXRpdHVkZS1idWxsZS1lYXUvMS9GUj91dG1fbWVkaXVtPW9yZ2FuaWMmdXRtX3NvdXJjZT1ibG9nX3Byb2R1Y3RzJnV0bV9jYW1wYWlnbj02RUdV\" data-target=\"_blank\"><svg xmlns=\"http:\/\/www.w3.org\/2000\/svg\" width=\"16\" height=\"16\" fill=\"currentColor\" class=\"bi bi-bag\" viewBox=\"0 0 16 16\"><path d=\"M8 1a2 2 0 0 1 2 2v1h2.5A1.5 1.5 0 0 1 14 5.5v8A1.5 1.5 0 0 1 12.5 15h-9A1.5 1.5 0 0 1 2 13.5v-8A1.5 1.5 0 0 1 3.5 3H6V2a2 2 0 0 1 2-1zm1 3V3a1 1 0 0 0-2 0v1h2z\"\/><\/svg>Voir le produit<\/span><p class=\"rapido\">Fleurs fra\u00eeches<\/p><\/div><div class=\"lp-produit\"><div class=\"lp-thumbnail-wrapper\"><img loading=\"lazy\" decoding=\"async\" width=\"300\" height=\"300\" src=\"https:\/\/www.interflora.fr\/blog\/wp-content\/uploads\/2025\/05\/6ED-800Wx800H-0-1-12-300x300.jpg\" class=\"attachment-medium size-medium wp-post-image\" alt=\"\" srcset=\"https:\/\/www.interflora.fr\/blog\/wp-content\/uploads\/2025\/05\/6ED-800Wx800H-0-1-12-300x300.jpg 300w, https:\/\/www.interflora.fr\/blog\/wp-content\/uploads\/2025\/05\/6ED-800Wx800H-0-1-12-150x150.jpg 150w, https:\/\/www.interflora.fr\/blog\/wp-content\/uploads\/2025\/05\/6ED-800Wx800H-0-1-12-768x768.jpg 768w, https:\/\/www.interflora.fr\/blog\/wp-content\/uploads\/2025\/05\/6ED-800Wx800H-0-1-12.jpg 800w\" sizes=\"auto, (max-width: 300px) 100vw, 300px\" \/><img decoding=\"async\" class=\"lp-badge\" src=\"https:\/\/www.interflora.fr\/blog\/wp-content\/uploads\/2025\/06\/logo-circle.png\" alt=\"Livraison rapide Interflora\"><\/div><span>Eclat dor\u00e9<\/span><p>89.95 \u20ac<\/p><span class=\"obf-link lp-cta\" role=\"link\" tabindex=\"0\" data-b64=\"aHR0cHM6Ly93d3cuaW50ZXJmbG9yYS5mci9wL2RldWlsLWNvdXBlLWZsZXVycy1lY2xhdC1kb3JlLzEvRlI\/dXRtX21lZGl1bT1vcmdhbmljJnV0bV9zb3VyY2U9YmxvZ19wcm9kdWN0cyZ1dG1fY2FtcGFpZ249NkVE\" data-target=\"_blank\"><svg xmlns=\"http:\/\/www.w3.org\/2000\/svg\" width=\"16\" height=\"16\" fill=\"currentColor\" class=\"bi bi-bag\" viewBox=\"0 0 16 16\"><path d=\"M8 1a2 2 0 0 1 2 2v1h2.5A1.5 1.5 0 0 1 14 5.5v8A1.5 1.5 0 0 1 12.5 15h-9A1.5 1.5 0 0 1 2 13.5v-8A1.5 1.5 0 0 1 3.5 3H6V2a2 2 0 0 1 2-1zm1 3V3a1 1 0 0 0-2 0v1h2z\"\/><\/svg>Voir le produit<\/span><p class=\"rapido\">Top produit<\/p><\/div><div class=\"lp-produit\"><div class=\"lp-thumbnail-wrapper\"><img loading=\"lazy\" decoding=\"async\" width=\"300\" height=\"300\" src=\"https:\/\/www.interflora.fr\/blog\/wp-content\/uploads\/2025\/05\/6RE-800Wx800H-0-1-11-300x300.jpg\" class=\"attachment-medium size-medium wp-post-image\" alt=\"\" srcset=\"https:\/\/www.interflora.fr\/blog\/wp-content\/uploads\/2025\/05\/6RE-800Wx800H-0-1-11-300x300.jpg 300w, https:\/\/www.interflora.fr\/blog\/wp-content\/uploads\/2025\/05\/6RE-800Wx800H-0-1-11-150x150.jpg 150w, https:\/\/www.interflora.fr\/blog\/wp-content\/uploads\/2025\/05\/6RE-800Wx800H-0-1-11-768x768.jpg 768w, https:\/\/www.interflora.fr\/blog\/wp-content\/uploads\/2025\/05\/6RE-800Wx800H-0-1-11.jpg 800w\" sizes=\"auto, (max-width: 300px) 100vw, 300px\" \/><img decoding=\"async\" class=\"lp-badge\" src=\"https:\/\/www.interflora.fr\/blog\/wp-content\/uploads\/2025\/06\/logo-circle.png\" alt=\"Livraison rapide Interflora\"><\/div><span>R\u00e9confort \u00e9ternel<\/span><p>69.95 \u20ac<\/p><span class=\"obf-link lp-cta\" role=\"link\" tabindex=\"0\" data-b64=\"aHR0cHM6Ly93d3cuaW50ZXJmbG9yYS5mci9wL2RldWlsLWNvdXNzaW4tcmVjb25mb3J0LWV0ZXJuZWwvMS9GUj91dG1fbWVkaXVtPW9yZ2FuaWMmdXRtX3NvdXJjZT1ibG9nX3Byb2R1Y3RzJnV0bV9jYW1wYWlnbj02UkU=\" data-target=\"_blank\"><svg xmlns=\"http:\/\/www.w3.org\/2000\/svg\" width=\"16\" height=\"16\" fill=\"currentColor\" class=\"bi bi-bag\" viewBox=\"0 0 16 16\"><path d=\"M8 1a2 2 0 0 1 2 2v1h2.5A1.5 1.5 0 0 1 14 5.5v8A1.5 1.5 0 0 1 12.5 15h-9A1.5 1.5 0 0 1 2 13.5v-8A1.5 1.5 0 0 1 3.5 3H6V2a2 2 0 0 1 2-1zm1 3V3a1 1 0 0 0-2 0v1h2z\"\/><\/svg>Voir le produit<\/span><p class=\"rapido\">Top produit<\/p><\/div><div class=\"lp-produit\"><div class=\"lp-thumbnail-wrapper\"><img loading=\"lazy\" decoding=\"async\" width=\"300\" height=\"300\" src=\"https:\/\/www.interflora.fr\/blog\/wp-content\/uploads\/2025\/05\/6DCO-800Wx800H-0-1-13-300x300.jpg\" class=\"attachment-medium size-medium wp-post-image\" alt=\"\" srcset=\"https:\/\/www.interflora.fr\/blog\/wp-content\/uploads\/2025\/05\/6DCO-800Wx800H-0-1-13-300x300.jpg 300w, https:\/\/www.interflora.fr\/blog\/wp-content\/uploads\/2025\/05\/6DCO-800Wx800H-0-1-13-150x150.jpg 150w, https:\/\/www.interflora.fr\/blog\/wp-content\/uploads\/2025\/05\/6DCO-800Wx800H-0-1-13-768x768.jpg 768w, https:\/\/www.interflora.fr\/blog\/wp-content\/uploads\/2025\/05\/6DCO-800Wx800H-0-1-13.jpg 800w\" sizes=\"auto, (max-width: 300px) 100vw, 300px\" \/><img decoding=\"async\" class=\"lp-badge\" src=\"https:\/\/www.interflora.fr\/blog\/wp-content\/uploads\/2025\/06\/logo-circle.png\" alt=\"Livraison rapide Interflora\"><\/div><span>Douce compassion<\/span><p>42.95 \u20ac<\/p><span class=\"obf-link lp-cta\" role=\"link\" tabindex=\"0\" data-b64=\"aHR0cHM6Ly93d3cuaW50ZXJmbG9yYS5mci9wL2RldWlsLWNvdXBlLXBsYW50ZXMtZG91Y2UtY29tcGFzc2lvbi8xL0ZSP3V0bV9tZWRpdW09b3JnYW5pYyZ1dG1fc291cmNlPWJsb2dfcHJvZHVjdHMmdXRtX2NhbXBhaWduPTZEQ08=\" data-target=\"_blank\"><svg xmlns=\"http:\/\/www.w3.org\/2000\/svg\" width=\"16\" height=\"16\" fill=\"currentColor\" class=\"bi bi-bag\" viewBox=\"0 0 16 16\"><path d=\"M8 1a2 2 0 0 1 2 2v1h2.5A1.5 1.5 0 0 1 14 5.5v8A1.5 1.5 0 0 1 12.5 15h-9A1.5 1.5 0 0 1 2 13.5v-8A1.5 1.5 0 0 1 3.5 3H6V2a2 2 0 0 1 2-1zm1 3V3a1 1 0 0 0-2 0v1h2z\"\/><\/svg>Voir le produit<\/span><p class=\"rapido\">Top produit<\/p><\/div><div class=\"lp-produit\"><div class=\"lp-thumbnail-wrapper\"><img loading=\"lazy\" decoding=\"async\" width=\"300\" height=\"300\" src=\"https:\/\/www.interflora.fr\/blog\/wp-content\/uploads\/2025\/05\/6EE-800Wx800H-0-1-12-300x300.jpg\" class=\"attachment-medium size-medium wp-post-image\" alt=\"\" srcset=\"https:\/\/www.interflora.fr\/blog\/wp-content\/uploads\/2025\/05\/6EE-800Wx800H-0-1-12-300x300.jpg 300w, https:\/\/www.interflora.fr\/blog\/wp-content\/uploads\/2025\/05\/6EE-800Wx800H-0-1-12-150x150.jpg 150w, https:\/\/www.interflora.fr\/blog\/wp-content\/uploads\/2025\/05\/6EE-800Wx800H-0-1-12-768x768.jpg 768w, https:\/\/www.interflora.fr\/blog\/wp-content\/uploads\/2025\/05\/6EE-800Wx800H-0-1-12.jpg 800w\" sizes=\"auto, (max-width: 300px) 100vw, 300px\" \/><img decoding=\"async\" class=\"lp-badge\" src=\"https:\/\/www.interflora.fr\/blog\/wp-content\/uploads\/2025\/06\/logo-circle.png\" alt=\"Livraison rapide Interflora\"><\/div><span>Eclosion d&rsquo;espoir<\/span><p>55.95 \u20ac<\/p><span class=\"obf-link lp-cta\" role=\"link\" tabindex=\"0\" data-b64=\"aHR0cHM6Ly93d3cuaW50ZXJmbG9yYS5mci9wL2RldWlsLWJvdXF1ZXQtZWNsb3Npb24tZXNwb2lyLzEvRlI\/dXRtX21lZGl1bT1vcmdhbmljJnV0bV9zb3VyY2U9YmxvZ19wcm9kdWN0cyZ1dG1fY2FtcGFpZ249NkVF\" data-target=\"_blank\"><svg xmlns=\"http:\/\/www.w3.org\/2000\/svg\" width=\"16\" height=\"16\" fill=\"currentColor\" class=\"bi bi-bag\" viewBox=\"0 0 16 16\"><path d=\"M8 1a2 2 0 0 1 2 2v1h2.5A1.5 1.5 0 0 1 14 5.5v8A1.5 1.5 0 0 1 12.5 15h-9A1.5 1.5 0 0 1 2 13.5v-8A1.5 1.5 0 0 1 3.5 3H6V2a2 2 0 0 1 2-1zm1 3V3a1 1 0 0 0-2 0v1h2z\"\/><\/svg>Voir le produit<\/span><p class=\"rapido\">Livraison rapide<\/p><\/div><\/div>\n\n\n\n<p><strong>Lire aussi<\/strong> : <a href=\"\/blog\/inhumation-ou-cremation\/\" target=\"_blank\" rel=\"noreferrer noopener\">Choisir l&rsquo;inhumation ou la cr\u00e9mation ?<\/a><\/p>\n","protected":false},"excerpt":{"rendered":"<p>La concession fun\u00e9raire est un emplacement qu\u2019il est possible de r\u00e9server dans un cimeti\u00e8re pour y d\u00e9poser une s\u00e9pulture. Cependant, l\u2019achat ne permet que l\u2019usage du terrain nu acquis. L\u2019acheteur ne devient pas propri\u00e9taire du terrain en lui-m\u00eame. Il acquiert le droit de le transformer en caveau ou en tombe, pour lui, sa famille ou m\u00eame des amis proches. Si un habitant de la commune d\u00e9sire r\u00e9server une concession \u00e0 son nom, avant sa mort, il doit en faire la demande \u00e0 la mairie et payer une redevance. Si l\u2019attribution d\u2019une concession a lieu apr\u00e8s la mort d\u2019un habitant de la commune, c\u2019est aux h\u00e9ritiers d\u2019en assurer l\u2019achat, pouvant alors cr\u00e9er une nouvelle concession familiale.<\/p>\n","protected":false},"author":1,"featured_media":19771,"comment_status":"open","ping_status":"open","sticky":false,"template":"","format":"standard","meta":{"_uag_custom_page_level_css":"","site-sidebar-layout":"default","site-content-layout":"","ast-site-content-layout":"default","site-content-style":"default","site-sidebar-style":"default","ast-global-header-display":"","ast-banner-title-visibility":"","ast-main-header-display":"","ast-hfb-above-header-display":"","ast-hfb-below-header-display":"","ast-hfb-mobile-header-display":"","site-post-title":"","ast-breadcrumbs-content":"","ast-featured-img":"","footer-sml-layout":"","ast-disable-related-posts":"","theme-transparent-header-meta":"","adv-header-id-meta":"","stick-header-meta":"","header-above-stick-meta":"","header-main-stick-meta":"","header-below-stick-meta":"","astra-migrate-meta-layouts":"default","ast-page-background-enabled":"default","ast-page-background-meta":{"desktop":{"background-color":"var(--ast-global-color-5)","background-image":"","background-repeat":"repeat","background-position":"center center","background-size":"auto","background-attachment":"scroll","background-type":"","background-media":"","overlay-type":"","overlay-color":"","overlay-opacity":"","overlay-gradient":""},"tablet":{"background-color":"","background-image":"","background-repeat":"repeat","background-position":"center center","background-size":"auto","background-attachment":"scroll","background-type":"","background-media":"","overlay-type":"","overlay-color":"","overlay-opacity":"","overlay-gradient":""},"mobile":{"background-color":"","background-image":"","background-repeat":"repeat","background-position":"center center","background-size":"auto","background-attachment":"scroll","background-type":"","background-media":"","overlay-type":"","overlay-color":"","overlay-opacity":"","overlay-gradient":""}},"ast-content-background-meta":{"desktop":{"background-color":"var(--ast-global-color-4)","background-image":"","background-repeat":"repeat","background-position":"center center","background-size":"auto","background-attachment":"scroll","background-type":"","background-media":"","overlay-type":"","overlay-color":"","overlay-opacity":"","overlay-gradient":""},"tablet":{"background-color":"var(--ast-global-color-4)","background-image":"","background-repeat":"repeat","background-position":"center center","background-size":"auto","background-attachment":"scroll","background-type":"","background-media":"","overlay-type":"","overlay-color":"","overlay-opacity":"","overlay-gradient":""},"mobile":{"background-color":"var(--ast-global-color-4)","background-image":"","background-repeat":"repeat","background-position":"center center","background-size":"auto","background-attachment":"scroll","background-type":"","background-media":"","overlay-type":"","overlay-color":"","overlay-opacity":"","overlay-gradient":""}},"footnotes":""},"categories":[263],"tags":[264],"class_list":["post-19284","post","type-post","status-publish","format-standard","has-post-thumbnail","hentry","category-deuil","tag-deuil"],"uagb_featured_image_src":{"full":false,"thumbnail":false,"medium":false,"medium_large":false,"large":false,"1536x1536":false,"2048x2048":false},"uagb_author_info":{"display_name":"admin","author_link":"https:\/\/www.interflora.fr\/blog\/author\/admin\/"},"uagb_comment_info":0,"uagb_excerpt":"La concession fun\u00e9raire est un emplacement qu\u2019il est possible de r\u00e9server dans un cimeti\u00e8re pour y d\u00e9poser une s\u00e9pulture. Cependant, l\u2019achat ne permet que l\u2019usage du terrain nu acquis. L\u2019acheteur ne devient pas propri\u00e9taire du terrain en lui-m\u00eame. Il acquiert le droit de le transformer en caveau ou en tombe, pour lui, sa famille ou\u2026","yoast_meta":{"title":"","description":"La concession fun\u00e9raire est un emplacement qu\u2019il est possible de r\u00e9server dans un cimeti\u00e8re pour y d\u00e9poser une s\u00e9pulture. Mais ce n'est pas tout."},"_links":{"self":[{"href":"https:\/\/www.interflora.fr\/blog\/wp-json\/wp\/v2\/posts\/19284","targetHints":{"allow":["GET"]}}],"collection":[{"href":"https:\/\/www.interflora.fr\/blog\/wp-json\/wp\/v2\/posts"}],"about":[{"href":"https:\/\/www.interflora.fr\/blog\/wp-json\/wp\/v2\/types\/post"}],"author":[{"embeddable":true,"href":"https:\/\/www.interflora.fr\/blog\/wp-json\/wp\/v2\/users\/1"}],"replies":[{"embeddable":true,"href":"https:\/\/www.interflora.fr\/blog\/wp-json\/wp\/v2\/comments?post=19284"}],"version-history":[{"count":0,"href":"https:\/\/www.interflora.fr\/blog\/wp-json\/wp\/v2\/posts\/19284\/revisions"}],"wp:featuredmedia":[{"embeddable":true,"href":"https:\/\/www.interflora.fr\/blog\/wp-json\/"}],"wp:attachment":[{"href":"https:\/\/www.interflora.fr\/blog\/wp-json\/wp\/v2\/media?parent=19284"}],"wp:term":[{"taxonomy":"category","embeddable":true,"href":"https:\/\/www.interflora.fr\/blog\/wp-json\/wp\/v2\/categories?post=19284"},{"taxonomy":"post_tag","embeddable":true,"href":"https:\/\/www.interflora.fr\/blog\/wp-json\/wp\/v2\/tags?post=19284"}],"curies":[{"name":"wp","href":"https:\/\/api.w.org\/{rel}","templated":true}]}}