{"id":19149,"date":"2026-03-23T12:48:00","date_gmt":"2026-03-23T11:48:00","guid":{"rendered":"https:\/\/blog.chocolats-louis.com\/?p=356"},"modified":"2026-03-24T09:20:48","modified_gmt":"2026-03-24T08:20:48","slug":"que-signifient-les-symboles-de-paques","status":"publish","type":"post","link":"https:\/\/www.interflora.fr\/blog\/que-signifient-les-symboles-de-paques\/","title":{"rendered":"Que signifient les symboles de P\u00e2ques ?"},"content":{"rendered":"\n<p>Pourquoi certaines r\u00e9gions accueillent-elles le Li\u00e8vre de P\u00e2ques quand d\u2019autres attendent les cloches de Rome ? Est-ce que l\u2019\u0153uf est un symbole de P\u00e2ques dans tous les pays ? Quel est le rapport entre l\u2019agneau et <a href=\"https:\/\/www.interflora.fr\/blog\/tout-savoir-sur-les-fetes-de-paques\/\">les f\u00eates de P\u00e2ques<\/a> ? Les enfants, mais aussi les adultes, se posent souvent ces questions et de nombreuses autres au moment des f\u00eates pascales. Et pour cause : <strong>P\u00e2ques est une <a href=\"https:\/\/www.interflora.fr\/blog\/quelles-sont-les-origines-de-la-fete-de-paques\/\">c\u00e9l\u00e9bration tr\u00e8s ancienne<\/a><\/strong>, qui remonte \u00e0 pr\u00e8s de deux mill\u00e9naires, et qui comporte une symbolique dense et riche.<\/p>\n\n\n\n<p>C\u2019est \u00e9videmment un <strong>moment familial<\/strong> lors duquel, depuis deux si\u00e8cles, <strong>les chocolatiers d\u00e9ploient leur savoir-faire pour r\u00e9galer petits et grands<\/strong>. C\u2019est aussi, hormis un temps fort en chocolat, <strong>une f\u00eate aux multiples symboles<\/strong> dont la signification est souvent passionnante. Tour d\u2019horizon des symboles des P\u00e2ques, cette f\u00eate qui marque la r\u00e9surrection du Christ mais aussi l\u2019arriv\u00e9e du Printemps.<\/p>\n\n\n<div class=\"lp-produits-grid\"><div class=\"lp-produit\"><div class=\"lp-thumbnail-wrapper\"><img loading=\"lazy\" decoding=\"async\" width=\"300\" height=\"300\" src=\"https:\/\/www.interflora.fr\/blog\/wp-content\/uploads\/2025\/05\/2TUFR-800Wx800H-0-1-25-300x300.jpg\" class=\"attachment-medium size-medium wp-post-image\" alt=\"\" srcset=\"https:\/\/www.interflora.fr\/blog\/wp-content\/uploads\/2025\/05\/2TUFR-800Wx800H-0-1-25-300x300.jpg 300w, https:\/\/www.interflora.fr\/blog\/wp-content\/uploads\/2025\/05\/2TUFR-800Wx800H-0-1-25-150x150.jpg 150w, https:\/\/www.interflora.fr\/blog\/wp-content\/uploads\/2025\/05\/2TUFR-800Wx800H-0-1-25-768x768.jpg 768w, https:\/\/www.interflora.fr\/blog\/wp-content\/uploads\/2025\/05\/2TUFR-800Wx800H-0-1-25.jpg 800w\" sizes=\"auto, (max-width: 300px) 100vw, 300px\" \/><img decoding=\"async\" class=\"lp-badge\" src=\"https:\/\/www.interflora.fr\/blog\/wp-content\/uploads\/2025\/06\/logo-circle.png\" alt=\"Livraison rapide Interflora\"><\/div><span>Tutti frutti<\/span><p>44.95 \u20ac<\/p><span class=\"obf-link lp-cta\" role=\"link\" tabindex=\"0\" data-b64=\"aHR0cHM6Ly93d3cuaW50ZXJmbG9yYS5mci9wL2JvdXF1ZXQtZmxldXJzLXR1dHRpLWZydXR0aS8xL0ZSP3V0bV9tZWRpdW09b3JnYW5pYyZ1dG1fc291cmNlPWJsb2dfcHJvZHVjdHMmdXRtX2NhbXBhaWduPTJUVUZS\" data-target=\"_blank\"><svg xmlns=\"http:\/\/www.w3.org\/2000\/svg\" width=\"16\" height=\"16\" fill=\"currentColor\" class=\"bi bi-bag\" viewBox=\"0 0 16 16\"><path d=\"M8 1a2 2 0 0 1 2 2v1h2.5A1.5 1.5 0 0 1 14 5.5v8A1.5 1.5 0 0 1 12.5 15h-9A1.5 1.5 0 0 1 2 13.5v-8A1.5 1.5 0 0 1 3.5 3H6V2a2 2 0 0 1 2-1zm1 3V3a1 1 0 0 0-2 0v1h2z\"\/><\/svg>Voir le produit<\/span><p class=\"rapido\">Top produit<\/p><\/div><div class=\"lp-produit\"><div class=\"lp-thumbnail-wrapper\"><img loading=\"lazy\" decoding=\"async\" width=\"300\" height=\"300\" src=\"https:\/\/www.interflora.fr\/blog\/wp-content\/uploads\/2025\/05\/B2CH-800Wx800H-0-1-7-300x300.jpg\" class=\"attachment-medium size-medium wp-post-image\" alt=\"\" srcset=\"https:\/\/www.interflora.fr\/blog\/wp-content\/uploads\/2025\/05\/B2CH-800Wx800H-0-1-7-300x300.jpg 300w, https:\/\/www.interflora.fr\/blog\/wp-content\/uploads\/2025\/05\/B2CH-800Wx800H-0-1-7-150x150.jpg 150w, https:\/\/www.interflora.fr\/blog\/wp-content\/uploads\/2025\/05\/B2CH-800Wx800H-0-1-7-768x768.jpg 768w, https:\/\/www.interflora.fr\/blog\/wp-content\/uploads\/2025\/05\/B2CH-800Wx800H-0-1-7.jpg 800w\" sizes=\"auto, (max-width: 300px) 100vw, 300px\" \/><img decoding=\"async\" class=\"lp-badge\" src=\"https:\/\/www.interflora.fr\/blog\/wp-content\/uploads\/2025\/06\/logo-circle.png\" alt=\"Livraison rapide Interflora\"><\/div><span>Bouquet de chocolats<\/span><p>39.95 \u20ac<\/p><span class=\"obf-link lp-cta\" role=\"link\" tabindex=\"0\" data-b64=\"aHR0cHM6Ly93d3cuaW50ZXJmbG9yYS5mci9wL2NhZGVhdS1ib3VxdWV0LWNob2NvbGF0LzAvRlI\/dXRtX21lZGl1bT1vcmdhbmljJnV0bV9zb3VyY2U9YmxvZ19wcm9kdWN0cyZ1dG1fY2FtcGFpZ249QjJDSA==\" data-target=\"_blank\"><svg xmlns=\"http:\/\/www.w3.org\/2000\/svg\" width=\"16\" height=\"16\" fill=\"currentColor\" class=\"bi bi-bag\" viewBox=\"0 0 16 16\"><path d=\"M8 1a2 2 0 0 1 2 2v1h2.5A1.5 1.5 0 0 1 14 5.5v8A1.5 1.5 0 0 1 12.5 15h-9A1.5 1.5 0 0 1 2 13.5v-8A1.5 1.5 0 0 1 3.5 3H6V2a2 2 0 0 1 2-1zm1 3V3a1 1 0 0 0-2 0v1h2z\"\/><\/svg>Voir le produit<\/span><p class=\"rapido\">Fleurs fra\u00eeches<\/p><\/div><div class=\"lp-produit\"><div class=\"lp-thumbnail-wrapper\"><img loading=\"lazy\" decoding=\"async\" width=\"300\" height=\"300\" src=\"https:\/\/www.interflora.fr\/blog\/wp-content\/uploads\/2025\/05\/B2TULCL9-800Wx800H-0-1-300x300.jpg\" class=\"attachment-medium size-medium wp-post-image\" alt=\"\" srcset=\"https:\/\/www.interflora.fr\/blog\/wp-content\/uploads\/2025\/05\/B2TULCL9-800Wx800H-0-1-300x300.jpg 300w, https:\/\/www.interflora.fr\/blog\/wp-content\/uploads\/2025\/05\/B2TULCL9-800Wx800H-0-1-150x150.jpg 150w, https:\/\/www.interflora.fr\/blog\/wp-content\/uploads\/2025\/05\/B2TULCL9-800Wx800H-0-1-768x768.jpg 768w, https:\/\/www.interflora.fr\/blog\/wp-content\/uploads\/2025\/05\/B2TULCL9-800Wx800H-0-1.jpg 800w\" sizes=\"auto, (max-width: 300px) 100vw, 300px\" \/><img decoding=\"async\" class=\"lp-badge\" src=\"https:\/\/www.interflora.fr\/blog\/wp-content\/uploads\/2025\/06\/logo-circle.png\" alt=\"Livraison rapide Interflora\"><\/div><span>Brass\u00e9e de tulipes et ses chocolats<\/span><p>50.95 \u20ac<\/p><span class=\"obf-link lp-cta\" role=\"link\" tabindex=\"0\" data-b64=\"aHR0cHM6Ly93d3cuaW50ZXJmbG9yYS5mci9wL2JyYXNzZWUtZGUtdHVsaXBlcy1ldC1zZXMtY2hvY29sYXRzLzEvRlI\/dXRtX21lZGl1bT1vcmdhbmljJnV0bV9zb3VyY2U9YmxvZ19wcm9kdWN0cyZ1dG1fY2FtcGFpZ249QjJUVUxDTDk=\" data-target=\"_blank\"><svg xmlns=\"http:\/\/www.w3.org\/2000\/svg\" width=\"16\" height=\"16\" fill=\"currentColor\" class=\"bi bi-bag\" viewBox=\"0 0 16 16\"><path d=\"M8 1a2 2 0 0 1 2 2v1h2.5A1.5 1.5 0 0 1 14 5.5v8A1.5 1.5 0 0 1 12.5 15h-9A1.5 1.5 0 0 1 2 13.5v-8A1.5 1.5 0 0 1 3.5 3H6V2a2 2 0 0 1 2-1zm1 3V3a1 1 0 0 0-2 0v1h2z\"\/><\/svg>Voir le produit<\/span><p class=\"rapido\">Fleurs fra\u00eeches<\/p><\/div><div class=\"lp-produit\"><div class=\"lp-thumbnail-wrapper\"><img loading=\"lazy\" decoding=\"async\" width=\"300\" height=\"300\" src=\"https:\/\/www.interflora.fr\/blog\/wp-content\/uploads\/2025\/12\/2BDT-800Wx800H-0-1-300x300.jpg\" class=\"attachment-medium size-medium wp-post-image\" alt=\"\" srcset=\"https:\/\/www.interflora.fr\/blog\/wp-content\/uploads\/2025\/12\/2BDT-800Wx800H-0-1-300x300.jpg 300w, https:\/\/www.interflora.fr\/blog\/wp-content\/uploads\/2025\/12\/2BDT-800Wx800H-0-1-150x150.jpg 150w, https:\/\/www.interflora.fr\/blog\/wp-content\/uploads\/2025\/12\/2BDT-800Wx800H-0-1-768x768.jpg 768w, https:\/\/www.interflora.fr\/blog\/wp-content\/uploads\/2025\/12\/2BDT-800Wx800H-0-1.jpg 800w\" sizes=\"auto, (max-width: 300px) 100vw, 300px\" \/><img decoding=\"async\" class=\"lp-badge\" src=\"https:\/\/www.interflora.fr\/blog\/wp-content\/uploads\/2025\/06\/logo-circle.png\" alt=\"Livraison rapide Interflora\"><\/div><span>Brass\u00e9e de tulipes multicolores<\/span><p>31.95 \u20ac<\/p><span class=\"obf-link lp-cta\" role=\"link\" tabindex=\"0\" data-b64=\"aHR0cHM6Ly93d3cuaW50ZXJmbG9yYS5mci9wL2JvdXF1ZXQtdHVsaXBlcy8xL0ZSP3V0bV9tZWRpdW09b3JnYW5pYyZ1dG1fc291cmNlPWJsb2dfcHJvZHVjdHMmdXRtX2NhbXBhaWduPTJCRFQ=\" data-target=\"_blank\"><svg xmlns=\"http:\/\/www.w3.org\/2000\/svg\" width=\"16\" height=\"16\" fill=\"currentColor\" class=\"bi bi-bag\" viewBox=\"0 0 16 16\"><path d=\"M8 1a2 2 0 0 1 2 2v1h2.5A1.5 1.5 0 0 1 14 5.5v8A1.5 1.5 0 0 1 12.5 15h-9A1.5 1.5 0 0 1 2 13.5v-8A1.5 1.5 0 0 1 3.5 3H6V2a2 2 0 0 1 2-1zm1 3V3a1 1 0 0 0-2 0v1h2z\"\/><\/svg>Voir le produit<\/span><p class=\"rapido\">Livraison rapide<\/p><\/div><\/div>\n\n\n\n<div style=\"height:18px\" aria-hidden=\"true\" class=\"wp-block-spacer\"><\/div>\n\n\n\n<div class=\"wp-block-buttons is-content-justification-center is-layout-flex wp-container-core-buttons-is-layout-a89b3969 wp-block-buttons-is-layout-flex\">\n<div class=\"wp-block-button\"><a class=\"wp-block-button__link has-text-align-center wp-element-button\" href=\"https:\/\/www.interflora.fr\/c\/chocolat\/chocolats-paques\">Livraison de chocolats pour P\u00e2ques<\/a><\/div>\n<\/div>\n\n\n\n<h2 class=\"wp-block-heading\"><strong>Que symbolise l\u2019\u0153uf de P\u00e2ques ?<\/strong><\/h2>\n\n\n\n<div class=\"wp-block-media-text alignwide is-stacked-on-mobile\" style=\"grid-template-columns:33% auto\"><figure class=\"wp-block-media-text__media\"><img decoding=\"async\" src=\"https:\/\/www.interflora.fr\/blog\/wp-content\/uploads\/2021\/03\/chocolats_louis_symboles_paques_oeufs_en_chocolat.jpg\" alt=\"Interflora - Symboles P\u00e2ques\" class=\"wp-image-385 size-full\"\/><\/figure><div class=\"wp-block-media-text__content\">\n<p>Les <a href=\"https:\/\/www.interflora.fr\/blog\/oeufs-de-paques-quelles-activites-pour-petits-et-grands\/\">\u0153ufs de P\u00e2ques<\/a> sont bien s\u00fbr, comme dans de nombreuses cultures \u00e0 travers le monde, <strong>un symbole de fertilit\u00e9, de f\u00e9condit\u00e9, de vie<\/strong>. C\u2019est un symbole qui correspond aussi parfaitement \u00e0 la r\u00e9surrection du Christ qui est au c\u0153ur du message de P\u00e2ques. <\/p>\n\n\n\n<p>On ne conna\u00eet pas avec pr\u00e9cision l\u2019origine de ce symbole, mais elle est peut-\u00eatre <strong>en relation avec le Car\u00eame<\/strong>. En effet, les \u0153ufs non-consomm\u00e9s et stock\u00e9s pendant le Car\u00eame \u00e9taient souvent peints et d\u00e9cor\u00e9s en pr\u00e9vision de la f\u00eate de P\u00e2ques.<\/p>\n<\/div><\/div>\n\n\n\n<div class=\"wp-block-media-text alignwide is-stacked-on-mobile\" style=\"grid-template-columns:33% auto\"><figure class=\"wp-block-media-text__media\"><img decoding=\"async\" src=\"https:\/\/www.interflora.fr\/blog\/wp-content\/uploads\/2021\/03\/chocolats_louis_symboles_paques_oeufs_en_bois_peints.jpg\" alt=\"Interflora - Symboles P\u00e2ques\" class=\"wp-image-384 size-full\"\/><\/figure><div class=\"wp-block-media-text__content\">\n<p><strong>Symbole par excellence du printemps qui revient<\/strong>, l\u2019\u0153uf se trouve aussi en quantit\u00e9 plus abondante que pendant l\u2019hiver \u00e0 ce moment de l\u2019ann\u00e9e. Il est int\u00e9ressant de noter que <a href=\"https:\/\/www.interflora.fr\/blog\/comment-fete-t-on-paques-dans-le-monde\/\">les traditions nationales ont un peu diverg\u00e9<\/a>. En France, <strong>les \u0153ufs de P\u00e2ques sont tr\u00e8s souvent en chocolat<\/strong>, et donnent m\u00eame lieu \u00e0 de v\u00e9ritables prouesses de la part des artisans-chocolatiers. <\/p>\n\n\n\n<p>Dans les pays de l\u2019Est de l\u2019Europe et d\u2019Europe Centrale, Roumanie, Hongrie, Pologne, Russie, <strong>un v\u00e9ritable art de l\u2019\u0153uf en bois peint<\/strong> s\u2019est d\u00e9velopp\u00e9 et subsiste aujourd\u2019hui.<\/p>\n<\/div><\/div>\n\n\n\n<p><\/p>\n\n\n\n<h2 class=\"wp-block-heading\"><strong>Que symbolise l\u2019agneau de P\u00e2ques ?<\/strong><\/h2>\n\n\n\n<p>Avec les \u0153ufs, c\u2019est <strong>le symbole de P\u00e2ques pr\u00e9f\u00e9r\u00e9 des Fran\u00e7ais<\/strong>. Chaque ann\u00e9e, c\u2019est une tradition qui garde de sa vigueur: <strong>l\u2019agneau de P\u00e2ques est servi sur les tables familiales<\/strong>. Pourquoi ce symbole pour P\u00e2ques ? L\u2019Agnus dei (agneau de Dieu, en latin) est le symbole du sacrifice de J\u00e9sus Christ pour les hommes. C\u2019est aussi bien s\u00fbr une r\u00e9f\u00e9rence importante au mythe fondateur du sacrifice d\u2019Abraham: pr\u00eat \u00e0 suivre les ordres de Dieu, Abraham s\u2019appr\u00eatait \u00e0 sacrifier son fils lorsque Dieu lui ordonna finalement de sauver l\u2019enfant et de sacrifier un b\u00e9lier. L\u2019agneau de P\u00e2ques est un <strong>symbole de puret\u00e9<\/strong>, <strong>d\u2019innocence<\/strong>, mais aussi de soumission \u00e0 la volont\u00e9 de Dieu. Dans un pays fortement s\u00e9cularis\u00e9 comme la France, et o\u00f9 la gastronomie est un art national, <strong>l\u2019agneau est d\u00e9sormais une grande tradition culinaire<\/strong> tr\u00e8s largement partag\u00e9e. L\u2019agneau de P\u00e2ques est aussi un plat raffin\u00e9 \u00e0 la cuisson pr\u00e9cise, accompagn\u00e9 en g\u00e9n\u00e9ral de haricots.<\/p>\n\n\n\n<h2 class=\"wp-block-heading\"><strong>Les \u0153ufs en chocolat sont-ils apport\u00e9s par un lapin ou des cloches ?<\/strong><\/h2>\n\n\n\n<div class=\"wp-block-media-text alignwide has-media-on-the-right is-stacked-on-mobile\" style=\"grid-template-columns:auto 28%\"><div class=\"wp-block-media-text__content\">\n<p>Nous perdons parfois de vue l\u2019origine exacte des symboles que nous utilisons et le sens des f\u00eates que nous c\u00e9l\u00e9brons. C\u2019est notamment vrai pour les cloches et le lapin de P\u00e2ques. La question se pose ainsi souvent de savoir, non pas qui de la poule ou de l\u2019\u0153uf, mais bien <strong>qui du lapin ou des cloches distribue ses friandises<\/strong> ! La r\u00e9ponse \u00e0 cette \u00e9pineuse question est&#8230;g\u00e9ographique.<\/p>\n\n\n\n<p>En effet, le <strong>symbole des cloches<\/strong> est nettement li\u00e9 \u00e0 la <strong>tradition catholique<\/strong> de rite romain qui existe dans la plupart des r\u00e9gions de France. Ainsi, <strong>les cloches muettes depuis le Jeudi Saint<\/strong> sont cens\u00e9es revenir de Rome, o\u00f9 se situe le Vatican, si\u00e8ge de l\u2019Eglise catholique. Sur leur chemin, elles distribuent dans les jardins <a href=\"https:\/\/www.interflora.fr\/c\/chocolat\">fritures, \u0153ufs et autres gourmandises chocolat\u00e9es<\/a>. Souvent, bien s\u00fbr, on trouve m\u00eame la cloche en chocolat elle-m\u00eame !<\/p>\n<\/div><figure class=\"wp-block-media-text__media\"><img decoding=\"async\" src=\"https:\/\/www.interflora.fr\/blog\/wp-content\/uploads\/cloche-oeufs-paques-chocolat.jpg\" alt=\"cloche en chocolat p\u00e2ques\" class=\"wp-image-40723 size-full\"\/><\/figure><\/div>\n\n\n\n<div class=\"wp-block-media-text alignwide is-stacked-on-mobile\" style=\"grid-template-columns:30% auto\"><figure class=\"wp-block-media-text__media\"><img decoding=\"async\" src=\"https:\/\/www.interflora.fr\/blog\/wp-content\/uploads\/lapin-chocolat-1007x1024.jpg\" alt=\"lapin en chocolat p\u00e2que\" class=\"wp-image-40725 size-full\"\/><\/figure><div class=\"wp-block-media-text__content\">\n<p>Mais alors, d\u2019o\u00f9 vient le symbole du lapin de P\u00e2ques ? Si vous vivez en Am\u00e9rique du Nord, ou en Allemagne, ce ne sont pas des cloches mais bien <strong>un lapin de P\u00e2ques qui apporte des \u0153ufs en chocolats<\/strong>. L\u00e0 encore, l\u2019explication pr\u00e9cise se perd dans la nuit des temps, mais un indice est \u00e0 chercher dans <strong>les f\u00eates pa\u00efennes de la d\u00e9esse Eostre<\/strong> (qui donna Easter en anglais et \u00d6ster en allemand). <\/p>\n\n\n\n<p>Le lapin est un petit animal qui <strong>symbolise le r\u00e9veil du Printemps<\/strong> et le retour des beaux jours. Il existe aussi en France, dans l\u2019Est, sous la forme d\u2019un <strong>li\u00e8vre de P\u00e2ques<\/strong>. Le mignon petit rongeur est repr\u00e9sent\u00e9 dans des p\u00e2tisseries et bien s\u00fbr des chocolats !<\/p>\n<\/div><\/div>\n\n\n<div class=\"lp-produits-grid\"><div class=\"lp-produit\"><div class=\"lp-thumbnail-wrapper\"><img loading=\"lazy\" decoding=\"async\" width=\"300\" height=\"300\" src=\"https:\/\/www.interflora.fr\/blog\/wp-content\/uploads\/2025\/12\/2BDT-800Wx800H-0-1-300x300.jpg\" class=\"attachment-medium size-medium wp-post-image\" alt=\"\" srcset=\"https:\/\/www.interflora.fr\/blog\/wp-content\/uploads\/2025\/12\/2BDT-800Wx800H-0-1-300x300.jpg 300w, https:\/\/www.interflora.fr\/blog\/wp-content\/uploads\/2025\/12\/2BDT-800Wx800H-0-1-150x150.jpg 150w, https:\/\/www.interflora.fr\/blog\/wp-content\/uploads\/2025\/12\/2BDT-800Wx800H-0-1-768x768.jpg 768w, https:\/\/www.interflora.fr\/blog\/wp-content\/uploads\/2025\/12\/2BDT-800Wx800H-0-1.jpg 800w\" sizes=\"auto, (max-width: 300px) 100vw, 300px\" \/><img decoding=\"async\" class=\"lp-badge\" src=\"https:\/\/www.interflora.fr\/blog\/wp-content\/uploads\/2025\/06\/logo-circle.png\" alt=\"Livraison rapide Interflora\"><\/div><span>Brass\u00e9e de tulipes multicolores<\/span><p>31.95 \u20ac<\/p><span class=\"obf-link lp-cta\" role=\"link\" tabindex=\"0\" data-b64=\"aHR0cHM6Ly93d3cuaW50ZXJmbG9yYS5mci9wL2JvdXF1ZXQtdHVsaXBlcy8xL0ZSP3V0bV9tZWRpdW09b3JnYW5pYyZ1dG1fc291cmNlPWJsb2dfcHJvZHVjdHMmdXRtX2NhbXBhaWduPTJCRFQ=\" data-target=\"_blank\"><svg xmlns=\"http:\/\/www.w3.org\/2000\/svg\" width=\"16\" height=\"16\" fill=\"currentColor\" class=\"bi bi-bag\" viewBox=\"0 0 16 16\"><path d=\"M8 1a2 2 0 0 1 2 2v1h2.5A1.5 1.5 0 0 1 14 5.5v8A1.5 1.5 0 0 1 12.5 15h-9A1.5 1.5 0 0 1 2 13.5v-8A1.5 1.5 0 0 1 3.5 3H6V2a2 2 0 0 1 2-1zm1 3V3a1 1 0 0 0-2 0v1h2z\"\/><\/svg>Voir le produit<\/span><p class=\"rapido\">Top produit<\/p><\/div><div class=\"lp-produit\"><div class=\"lp-thumbnail-wrapper\"><img loading=\"lazy\" decoding=\"async\" width=\"300\" height=\"300\" src=\"https:\/\/www.interflora.fr\/blog\/wp-content\/uploads\/2025\/05\/B2CH-800Wx800H-0-1-7-300x300.jpg\" class=\"attachment-medium size-medium wp-post-image\" alt=\"\" srcset=\"https:\/\/www.interflora.fr\/blog\/wp-content\/uploads\/2025\/05\/B2CH-800Wx800H-0-1-7-300x300.jpg 300w, https:\/\/www.interflora.fr\/blog\/wp-content\/uploads\/2025\/05\/B2CH-800Wx800H-0-1-7-150x150.jpg 150w, https:\/\/www.interflora.fr\/blog\/wp-content\/uploads\/2025\/05\/B2CH-800Wx800H-0-1-7-768x768.jpg 768w, https:\/\/www.interflora.fr\/blog\/wp-content\/uploads\/2025\/05\/B2CH-800Wx800H-0-1-7.jpg 800w\" sizes=\"auto, (max-width: 300px) 100vw, 300px\" \/><img decoding=\"async\" class=\"lp-badge\" src=\"https:\/\/www.interflora.fr\/blog\/wp-content\/uploads\/2025\/06\/logo-circle.png\" alt=\"Livraison rapide Interflora\"><\/div><span>Bouquet de chocolats<\/span><p>39.95 \u20ac<\/p><span class=\"obf-link lp-cta\" role=\"link\" tabindex=\"0\" data-b64=\"aHR0cHM6Ly93d3cuaW50ZXJmbG9yYS5mci9wL2NhZGVhdS1ib3VxdWV0LWNob2NvbGF0LzAvRlI\/dXRtX21lZGl1bT1vcmdhbmljJnV0bV9zb3VyY2U9YmxvZ19wcm9kdWN0cyZ1dG1fY2FtcGFpZ249QjJDSA==\" data-target=\"_blank\"><svg xmlns=\"http:\/\/www.w3.org\/2000\/svg\" width=\"16\" height=\"16\" fill=\"currentColor\" class=\"bi bi-bag\" viewBox=\"0 0 16 16\"><path d=\"M8 1a2 2 0 0 1 2 2v1h2.5A1.5 1.5 0 0 1 14 5.5v8A1.5 1.5 0 0 1 12.5 15h-9A1.5 1.5 0 0 1 2 13.5v-8A1.5 1.5 0 0 1 3.5 3H6V2a2 2 0 0 1 2-1zm1 3V3a1 1 0 0 0-2 0v1h2z\"\/><\/svg>Voir le produit<\/span><p class=\"rapido\">Fleurs fra\u00eeches<\/p><\/div><div class=\"lp-produit\"><div class=\"lp-thumbnail-wrapper\"><img loading=\"lazy\" decoding=\"async\" width=\"300\" height=\"300\" src=\"https:\/\/www.interflora.fr\/blog\/wp-content\/uploads\/2025\/05\/B2TULCL9-800Wx800H-0-1-300x300.jpg\" class=\"attachment-medium size-medium wp-post-image\" alt=\"\" srcset=\"https:\/\/www.interflora.fr\/blog\/wp-content\/uploads\/2025\/05\/B2TULCL9-800Wx800H-0-1-300x300.jpg 300w, https:\/\/www.interflora.fr\/blog\/wp-content\/uploads\/2025\/05\/B2TULCL9-800Wx800H-0-1-150x150.jpg 150w, https:\/\/www.interflora.fr\/blog\/wp-content\/uploads\/2025\/05\/B2TULCL9-800Wx800H-0-1-768x768.jpg 768w, https:\/\/www.interflora.fr\/blog\/wp-content\/uploads\/2025\/05\/B2TULCL9-800Wx800H-0-1.jpg 800w\" sizes=\"auto, (max-width: 300px) 100vw, 300px\" \/><img decoding=\"async\" class=\"lp-badge\" src=\"https:\/\/www.interflora.fr\/blog\/wp-content\/uploads\/2025\/06\/logo-circle.png\" alt=\"Livraison rapide Interflora\"><\/div><span>Brass\u00e9e de tulipes et ses chocolats<\/span><p>50.95 \u20ac<\/p><span class=\"obf-link lp-cta\" role=\"link\" tabindex=\"0\" data-b64=\"aHR0cHM6Ly93d3cuaW50ZXJmbG9yYS5mci9wL2JyYXNzZWUtZGUtdHVsaXBlcy1ldC1zZXMtY2hvY29sYXRzLzEvRlI\/dXRtX21lZGl1bT1vcmdhbmljJnV0bV9zb3VyY2U9YmxvZ19wcm9kdWN0cyZ1dG1fY2FtcGFpZ249QjJUVUxDTDk=\" data-target=\"_blank\"><svg xmlns=\"http:\/\/www.w3.org\/2000\/svg\" width=\"16\" height=\"16\" fill=\"currentColor\" class=\"bi bi-bag\" viewBox=\"0 0 16 16\"><path d=\"M8 1a2 2 0 0 1 2 2v1h2.5A1.5 1.5 0 0 1 14 5.5v8A1.5 1.5 0 0 1 12.5 15h-9A1.5 1.5 0 0 1 2 13.5v-8A1.5 1.5 0 0 1 3.5 3H6V2a2 2 0 0 1 2-1zm1 3V3a1 1 0 0 0-2 0v1h2z\"\/><\/svg>Voir le produit<\/span><p class=\"rapido\">Livraison rapide<\/p><\/div><div class=\"lp-produit\"><div class=\"lp-thumbnail-wrapper\"><img loading=\"lazy\" decoding=\"async\" width=\"300\" height=\"300\" src=\"https:\/\/www.interflora.fr\/blog\/wp-content\/uploads\/2025\/12\/2SO-800Wx800H-0-1-300x300.jpg\" class=\"attachment-medium size-medium wp-post-image\" alt=\"\" srcset=\"https:\/\/www.interflora.fr\/blog\/wp-content\/uploads\/2025\/12\/2SO-800Wx800H-0-1-300x300.jpg 300w, https:\/\/www.interflora.fr\/blog\/wp-content\/uploads\/2025\/12\/2SO-800Wx800H-0-1-150x150.jpg 150w, https:\/\/www.interflora.fr\/blog\/wp-content\/uploads\/2025\/12\/2SO-800Wx800H-0-1-768x768.jpg 768w, https:\/\/www.interflora.fr\/blog\/wp-content\/uploads\/2025\/12\/2SO-800Wx800H-0-1.jpg 800w\" sizes=\"auto, (max-width: 300px) 100vw, 300px\" \/><img decoding=\"async\" class=\"lp-badge\" src=\"https:\/\/www.interflora.fr\/blog\/wp-content\/uploads\/2025\/06\/logo-circle.png\" alt=\"Livraison rapide Interflora\"><\/div><span>Soleil<\/span><p>26.95 \u20ac<\/p><span class=\"obf-link lp-cta\" role=\"link\" tabindex=\"0\" data-b64=\"aHR0cHM6Ly93d3cuaW50ZXJmbG9yYS5mci9wL2JvdXF1ZXQtc29sZWlsLzEvRlI\/dXRtX21lZGl1bT1vcmdhbmljJnV0bV9zb3VyY2U9YmxvZ19wcm9kdWN0cyZ1dG1fY2FtcGFpZ249MlNP\" data-target=\"_blank\"><svg xmlns=\"http:\/\/www.w3.org\/2000\/svg\" width=\"16\" height=\"16\" fill=\"currentColor\" class=\"bi bi-bag\" viewBox=\"0 0 16 16\"><path d=\"M8 1a2 2 0 0 1 2 2v1h2.5A1.5 1.5 0 0 1 14 5.5v8A1.5 1.5 0 0 1 12.5 15h-9A1.5 1.5 0 0 1 2 13.5v-8A1.5 1.5 0 0 1 3.5 3H6V2a2 2 0 0 1 2-1zm1 3V3a1 1 0 0 0-2 0v1h2z\"\/><\/svg>Voir le produit<\/span><p class=\"rapido\">Livraison rapide<\/p><\/div><\/div>\n\n\n\n<div style=\"height:18px\" aria-hidden=\"true\" class=\"wp-block-spacer\"><\/div>\n\n\n\n<div class=\"wp-block-buttons is-content-justification-center is-layout-flex wp-container-core-buttons-is-layout-a89b3969 wp-block-buttons-is-layout-flex\">\n<div class=\"wp-block-button\"><a class=\"wp-block-button__link wp-element-button\" href=\"https:\/\/www.interflora.fr\/c\/chocolat\/chocolats-paques\">Livraison de chocolats pour P\u00e2ques<\/a><\/div>\n<\/div>\n\n\n\n<h2 class=\"wp-block-heading\"><strong>Et l\u2019eau de P\u00e2ques ?<\/strong><\/h2>\n\n\n\n<p>L\u2019eau n\u2019est pas un symbole tr\u00e8s connu en France \u00e0 l\u2019occasion de la f\u00eate de P\u00e2ques. En revanche, <strong>chasser les eaux de P\u00e2ques est une tradition ancr\u00e9e dans des r\u00e9gions du monde comme le Qu\u00e9bec<\/strong>. Il s\u2019agit, comme on chasse les \u0153ufs, d\u2019aller chercher dans le jardin de l\u2019eau de P\u00e2ques. D\u2019ailleurs, l\u2019eau est en r\u00e9alit\u00e9 davantage associ\u00e9e qu\u2019on ne le pense \u00e0 la symbolique de P\u00e2ques. En effet, <strong>les eaux de P\u00e2ques sont souvent utilis\u00e9es pour des bapt\u00eames<\/strong>. <\/p>\n\n\n\n<figure class=\"wp-block-image aligncenter size-large is-resized\"><img decoding=\"async\" src=\"https:\/\/www.interflora.fr\/blog\/wp-content\/uploads\/2021\/03\/chocolats_louis_symboles_paques_eau_de_paques_bapteme.jpg\" alt=\"Interflora - Symboles P\u00e2ques\" class=\"wp-image-388\" style=\"aspect-ratio:1.4267241379310345;width:555px;height:auto\"\/><figcaption class=\"wp-element-caption\">Les eaux de P\u00e2ques sont souvent utilis\u00e9es pour des bapt\u00eames<\/figcaption><\/figure>\n\n\n\n<p>L\u2019eau est, comme les \u0153ufs, profond\u00e9ment li\u00e9e \u00e0 la vie, \u00e0 la naissance, \u00e0 J\u00e9sus qui marche sur l\u2019eau&#8230;P\u00e2ques, f\u00eate d\u00e9di\u00e9e \u00e0 la r\u00e9surrection du Christ, est un moment de l\u2019ann\u00e9e pl\u00e9biscit\u00e9 pour les bapt\u00eames. C\u2019est d\u2019ailleurs aussi l\u2019occasion de \u201cfaire ses P\u00e2ques\u201d, selon l\u2019expression consacr\u00e9e, c\u2019est-\u00e0-dire de communier et d\u2019aller \u00e0 confesse.<\/p>\n","protected":false},"excerpt":{"rendered":"<p>Pourquoi certaines r\u00e9gions accueillent-elles le Li\u00e8vre de P\u00e2ques quand d\u2019autres attendent les cloches de Rome ? Est-ce que l\u2019\u0153uf est [&hellip;]<\/p>\n","protected":false},"author":1,"featured_media":57885,"comment_status":"closed","ping_status":"closed","sticky":false,"template":"","format":"standard","meta":{"_uag_custom_page_level_css":"","site-sidebar-layout":"default","site-content-layout":"","ast-site-content-layout":"default","site-content-style":"default","site-sidebar-style":"default","ast-global-header-display":"","ast-banner-title-visibility":"","ast-main-header-display":"","ast-hfb-above-header-display":"","ast-hfb-below-header-display":"","ast-hfb-mobile-header-display":"","site-post-title":"","ast-breadcrumbs-content":"","ast-featured-img":"","footer-sml-layout":"","ast-disable-related-posts":"","theme-transparent-header-meta":"","adv-header-id-meta":"","stick-header-meta":"","header-above-stick-meta":"","header-main-stick-meta":"","header-below-stick-meta":"","astra-migrate-meta-layouts":"set","ast-page-background-enabled":"default","ast-page-background-meta":{"desktop":{"background-color":"var(--ast-global-color-5)","background-image":"","background-repeat":"repeat","background-position":"center center","background-size":"auto","background-attachment":"scroll","background-type":"","background-media":"","overlay-type":"","overlay-color":"","overlay-opacity":"","overlay-gradient":""},"tablet":{"background-color":"","background-image":"","background-repeat":"repeat","background-position":"center center","background-size":"auto","background-attachment":"scroll","background-type":"","background-media":"","overlay-type":"","overlay-color":"","overlay-opacity":"","overlay-gradient":""},"mobile":{"background-color":"","background-image":"","background-repeat":"repeat","background-position":"center center","background-size":"auto","background-attachment":"scroll","background-type":"","background-media":"","overlay-type":"","overlay-color":"","overlay-opacity":"","overlay-gradient":""}},"ast-content-background-meta":{"desktop":{"background-color":"var(--ast-global-color-4)","background-image":"","background-repeat":"repeat","background-position":"center center","background-size":"auto","background-attachment":"scroll","background-type":"","background-media":"","overlay-type":"","overlay-color":"","overlay-opacity":"","overlay-gradient":""},"tablet":{"background-color":"var(--ast-global-color-4)","background-image":"","background-repeat":"repeat","background-position":"center center","background-size":"auto","background-attachment":"scroll","background-type":"","background-media":"","overlay-type":"","overlay-color":"","overlay-opacity":"","overlay-gradient":""},"mobile":{"background-color":"var(--ast-global-color-4)","background-image":"","background-repeat":"repeat","background-position":"center center","background-size":"auto","background-attachment":"scroll","background-type":"","background-media":"","overlay-type":"","overlay-color":"","overlay-opacity":"","overlay-gradient":""}},"footnotes":""},"categories":[261,186],"tags":[262],"class_list":["post-19149","post","type-post","status-publish","format-standard","has-post-thumbnail","hentry","category-paques","category-printemps","tag-paques"],"uagb_featured_image_src":{"full":["https:\/\/www.interflora.fr\/blog\/wp-content\/uploads\/2025\/03\/chocolats-de-paques.jpg",1000,666,false],"thumbnail":["https:\/\/www.interflora.fr\/blog\/wp-content\/uploads\/2025\/03\/chocolats-de-paques-150x150.jpg",150,150,true],"medium":["https:\/\/www.interflora.fr\/blog\/wp-content\/uploads\/2025\/03\/chocolats-de-paques-300x200.jpg",300,200,true],"medium_large":["https:\/\/www.interflora.fr\/blog\/wp-content\/uploads\/2025\/03\/chocolats-de-paques-768x511.jpg",768,511,true],"large":["https:\/\/www.interflora.fr\/blog\/wp-content\/uploads\/2025\/03\/chocolats-de-paques.jpg",1000,666,false],"1536x1536":["https:\/\/www.interflora.fr\/blog\/wp-content\/uploads\/2025\/03\/chocolats-de-paques.jpg",1000,666,false],"2048x2048":["https:\/\/www.interflora.fr\/blog\/wp-content\/uploads\/2025\/03\/chocolats-de-paques.jpg",1000,666,false]},"uagb_author_info":{"display_name":"admin","author_link":"https:\/\/www.interflora.fr\/blog\/author\/admin\/"},"uagb_comment_info":0,"uagb_excerpt":"Pourquoi certaines r\u00e9gions accueillent-elles le Li\u00e8vre de P\u00e2ques quand d\u2019autres attendent les cloches de Rome ? Est-ce que l\u2019\u0153uf est [&hellip;]","yoast_meta":{"title":"La symbolique des f\u00eates P\u00e2ques %%sep%% %%sitename%%","description":"Les symboles de P\u00e2ques sont nombreux : \u0153ufs, cloches, lapins ou encore agneaux. Mais que signifient-ils exactement ?"},"_links":{"self":[{"href":"https:\/\/www.interflora.fr\/blog\/wp-json\/wp\/v2\/posts\/19149","targetHints":{"allow":["GET"]}}],"collection":[{"href":"https:\/\/www.interflora.fr\/blog\/wp-json\/wp\/v2\/posts"}],"about":[{"href":"https:\/\/www.interflora.fr\/blog\/wp-json\/wp\/v2\/types\/post"}],"author":[{"embeddable":true,"href":"https:\/\/www.interflora.fr\/blog\/wp-json\/wp\/v2\/users\/1"}],"replies":[{"embeddable":true,"href":"https:\/\/www.interflora.fr\/blog\/wp-json\/wp\/v2\/comments?post=19149"}],"version-history":[{"count":1,"href":"https:\/\/www.interflora.fr\/blog\/wp-json\/wp\/v2\/posts\/19149\/revisions"}],"predecessor-version":[{"id":57895,"href":"https:\/\/www.interflora.fr\/blog\/wp-json\/wp\/v2\/posts\/19149\/revisions\/57895"}],"wp:featuredmedia":[{"embeddable":true,"href":"https:\/\/www.interflora.fr\/blog\/wp-json\/wp\/v2\/media\/57885"}],"wp:attachment":[{"href":"https:\/\/www.interflora.fr\/blog\/wp-json\/wp\/v2\/media?parent=19149"}],"wp:term":[{"taxonomy":"category","embeddable":true,"href":"https:\/\/www.interflora.fr\/blog\/wp-json\/wp\/v2\/categories?post=19149"},{"taxonomy":"post_tag","embeddable":true,"href":"https:\/\/www.interflora.fr\/blog\/wp-json\/wp\/v2\/tags?post=19149"}],"curies":[{"name":"wp","href":"https:\/\/api.w.org\/{rel}","templated":true}]}}