{"id":19144,"date":"2026-03-22T14:55:00","date_gmt":"2026-03-22T13:55:00","guid":{"rendered":"https:\/\/blog.chocolats-louis.com\/?p=227"},"modified":"2026-03-24T09:20:39","modified_gmt":"2026-03-24T08:20:39","slug":"quelles-sont-les-origines-de-la-fete-de-paques","status":"publish","type":"post","link":"https:\/\/www.interflora.fr\/blog\/quelles-sont-les-origines-de-la-fete-de-paques\/","title":{"rendered":"Quelles sont les origines de la f\u00eate de P\u00e2ques ?"},"content":{"rendered":"\n<p>On l\u2019oublie parfois, mais P\u00e2ques n\u2019est pas seulement une merveilleuse occasion de se r\u00e9galer d\u2019\u0153ufs au chocolat en famille. C\u2019est la <strong>premi\u00e8re f\u00eate de l\u2019ann\u00e9e liturgique chr\u00e9tienne<\/strong> et la plus importante f\u00eate avant No\u00ebl. En France, c\u2019est un moment que les enfants adorent, et qui s\u2019inscrit dans des traditions tr\u00e8s anciennes, \u00e0 la fois chr\u00e9tiennes bien s\u00fbr, mais aussi gr\u00e9co-romaines et celtiques. Les f\u00eates de P\u00e2ques donnent \u00e0 la fois lieu \u00e0 un lundi, contin\u00fbment f\u00e9ri\u00e9 depuis 1886 dans le calendrier, ainsi qu\u2019\u00e0 des vacances scolaires de printemps.<\/p>\n\n\n\n<p>Pour autant, m\u00eame si elles restent fortement li\u00e9es \u00e0 la r\u00e9surrection de J\u00e9sus Christ, l\u2019origine de ces f\u00eates et traditions est parfois mal connue. D\u2019o\u00f9 viennent les cloches ? Pourquoi des \u0153ufs en chocolat ? Dit-on les f\u00eates de <em>P\u00e2ques <\/em>ou<em> la P\u00e2que<\/em> ? Quelle est l\u2019origine historique de cette c\u00e9l\u00e9bration si particuli\u00e8re ? Les <strong>f\u00eates de P\u00e2ques 2026, qui auront lieu <a href=\"https:\/\/www.interflora.fr\/blog\/pourquoi-la-date-de-paques-change-t-elle-chaque-annee\/\">le week-end du 5 avril<\/a><\/strong>, sont une excellente occasion de raconter leur origine aux enfants et aux plus grands. Voici toutes les r\u00e9ponses \u00e0 vos questions sur les origines de P\u00e2ques.<\/p>\n\n\n<div class=\"lp-produits-grid\"><div class=\"lp-produit\"><div class=\"lp-thumbnail-wrapper\"><img loading=\"lazy\" decoding=\"async\" width=\"300\" height=\"300\" src=\"https:\/\/www.interflora.fr\/blog\/wp-content\/uploads\/2025\/05\/B2TULCL9-800Wx800H-0-1-300x300.jpg\" class=\"attachment-medium size-medium wp-post-image\" alt=\"\" srcset=\"https:\/\/www.interflora.fr\/blog\/wp-content\/uploads\/2025\/05\/B2TULCL9-800Wx800H-0-1-300x300.jpg 300w, https:\/\/www.interflora.fr\/blog\/wp-content\/uploads\/2025\/05\/B2TULCL9-800Wx800H-0-1-150x150.jpg 150w, https:\/\/www.interflora.fr\/blog\/wp-content\/uploads\/2025\/05\/B2TULCL9-800Wx800H-0-1-768x768.jpg 768w, https:\/\/www.interflora.fr\/blog\/wp-content\/uploads\/2025\/05\/B2TULCL9-800Wx800H-0-1.jpg 800w\" sizes=\"auto, (max-width: 300px) 100vw, 300px\" \/><img decoding=\"async\" class=\"lp-badge\" src=\"https:\/\/www.interflora.fr\/blog\/wp-content\/uploads\/2025\/06\/logo-circle.png\" alt=\"Livraison rapide Interflora\"><\/div><span>Brass\u00e9e de tulipes et ses chocolats<\/span><p>50.95 \u20ac<\/p><span class=\"obf-link lp-cta\" role=\"link\" tabindex=\"0\" data-b64=\"aHR0cHM6Ly93d3cuaW50ZXJmbG9yYS5mci9wL2JyYXNzZWUtZGUtdHVsaXBlcy1ldC1zZXMtY2hvY29sYXRzLzEvRlI\/dXRtX21lZGl1bT1vcmdhbmljJnV0bV9zb3VyY2U9YmxvZ19wcm9kdWN0cyZ1dG1fY2FtcGFpZ249QjJUVUxDTDk=\" data-target=\"_blank\"><svg xmlns=\"http:\/\/www.w3.org\/2000\/svg\" width=\"16\" height=\"16\" fill=\"currentColor\" class=\"bi bi-bag\" viewBox=\"0 0 16 16\"><path d=\"M8 1a2 2 0 0 1 2 2v1h2.5A1.5 1.5 0 0 1 14 5.5v8A1.5 1.5 0 0 1 12.5 15h-9A1.5 1.5 0 0 1 2 13.5v-8A1.5 1.5 0 0 1 3.5 3H6V2a2 2 0 0 1 2-1zm1 3V3a1 1 0 0 0-2 0v1h2z\"\/><\/svg>Voir le produit<\/span><p class=\"rapido\">Livraison rapide<\/p><\/div><div class=\"lp-produit\"><div class=\"lp-thumbnail-wrapper\"><img loading=\"lazy\" decoding=\"async\" width=\"300\" height=\"300\" src=\"https:\/\/www.interflora.fr\/blog\/wp-content\/uploads\/2025\/12\/2BDT-800Wx800H-0-1-300x300.jpg\" class=\"attachment-medium size-medium wp-post-image\" alt=\"\" srcset=\"https:\/\/www.interflora.fr\/blog\/wp-content\/uploads\/2025\/12\/2BDT-800Wx800H-0-1-300x300.jpg 300w, https:\/\/www.interflora.fr\/blog\/wp-content\/uploads\/2025\/12\/2BDT-800Wx800H-0-1-150x150.jpg 150w, https:\/\/www.interflora.fr\/blog\/wp-content\/uploads\/2025\/12\/2BDT-800Wx800H-0-1-768x768.jpg 768w, https:\/\/www.interflora.fr\/blog\/wp-content\/uploads\/2025\/12\/2BDT-800Wx800H-0-1.jpg 800w\" sizes=\"auto, (max-width: 300px) 100vw, 300px\" \/><img decoding=\"async\" class=\"lp-badge\" src=\"https:\/\/www.interflora.fr\/blog\/wp-content\/uploads\/2025\/06\/logo-circle.png\" alt=\"Livraison rapide Interflora\"><\/div><span>Brass\u00e9e de tulipes multicolores<\/span><p>31.95 \u20ac<\/p><span class=\"obf-link lp-cta\" role=\"link\" tabindex=\"0\" data-b64=\"aHR0cHM6Ly93d3cuaW50ZXJmbG9yYS5mci9wL2JvdXF1ZXQtdHVsaXBlcy8xL0ZSP3V0bV9tZWRpdW09b3JnYW5pYyZ1dG1fc291cmNlPWJsb2dfcHJvZHVjdHMmdXRtX2NhbXBhaWduPTJCRFQ=\" data-target=\"_blank\"><svg xmlns=\"http:\/\/www.w3.org\/2000\/svg\" width=\"16\" height=\"16\" fill=\"currentColor\" class=\"bi bi-bag\" viewBox=\"0 0 16 16\"><path d=\"M8 1a2 2 0 0 1 2 2v1h2.5A1.5 1.5 0 0 1 14 5.5v8A1.5 1.5 0 0 1 12.5 15h-9A1.5 1.5 0 0 1 2 13.5v-8A1.5 1.5 0 0 1 3.5 3H6V2a2 2 0 0 1 2-1zm1 3V3a1 1 0 0 0-2 0v1h2z\"\/><\/svg>Voir le produit<\/span><p class=\"rapido\">Fleurs fra\u00eeches<\/p><\/div><div class=\"lp-produit\"><div class=\"lp-thumbnail-wrapper\"><img loading=\"lazy\" decoding=\"async\" width=\"300\" height=\"300\" src=\"https:\/\/www.interflora.fr\/blog\/wp-content\/uploads\/2025\/12\/2SO-800Wx800H-0-1-300x300.jpg\" class=\"attachment-medium size-medium wp-post-image\" alt=\"\" srcset=\"https:\/\/www.interflora.fr\/blog\/wp-content\/uploads\/2025\/12\/2SO-800Wx800H-0-1-300x300.jpg 300w, https:\/\/www.interflora.fr\/blog\/wp-content\/uploads\/2025\/12\/2SO-800Wx800H-0-1-150x150.jpg 150w, https:\/\/www.interflora.fr\/blog\/wp-content\/uploads\/2025\/12\/2SO-800Wx800H-0-1-768x768.jpg 768w, https:\/\/www.interflora.fr\/blog\/wp-content\/uploads\/2025\/12\/2SO-800Wx800H-0-1.jpg 800w\" sizes=\"auto, (max-width: 300px) 100vw, 300px\" \/><img decoding=\"async\" class=\"lp-badge\" src=\"https:\/\/www.interflora.fr\/blog\/wp-content\/uploads\/2025\/06\/logo-circle.png\" alt=\"Livraison rapide Interflora\"><\/div><span>Soleil<\/span><p>26.95 \u20ac<\/p><span class=\"obf-link lp-cta\" role=\"link\" tabindex=\"0\" data-b64=\"aHR0cHM6Ly93d3cuaW50ZXJmbG9yYS5mci9wL2JvdXF1ZXQtc29sZWlsLzEvRlI\/dXRtX21lZGl1bT1vcmdhbmljJnV0bV9zb3VyY2U9YmxvZ19wcm9kdWN0cyZ1dG1fY2FtcGFpZ249MlNP\" data-target=\"_blank\"><svg xmlns=\"http:\/\/www.w3.org\/2000\/svg\" width=\"16\" height=\"16\" fill=\"currentColor\" class=\"bi bi-bag\" viewBox=\"0 0 16 16\"><path d=\"M8 1a2 2 0 0 1 2 2v1h2.5A1.5 1.5 0 0 1 14 5.5v8A1.5 1.5 0 0 1 12.5 15h-9A1.5 1.5 0 0 1 2 13.5v-8A1.5 1.5 0 0 1 3.5 3H6V2a2 2 0 0 1 2-1zm1 3V3a1 1 0 0 0-2 0v1h2z\"\/><\/svg>Voir le produit<\/span><p class=\"rapido\">Fleurs fra\u00eeches<\/p><\/div><div class=\"lp-produit\"><div class=\"lp-thumbnail-wrapper\"><img loading=\"lazy\" decoding=\"async\" width=\"300\" height=\"300\" src=\"https:\/\/www.interflora.fr\/blog\/wp-content\/uploads\/2025\/05\/2TUFR-800Wx800H-0-1-25-300x300.jpg\" class=\"attachment-medium size-medium wp-post-image\" alt=\"\" srcset=\"https:\/\/www.interflora.fr\/blog\/wp-content\/uploads\/2025\/05\/2TUFR-800Wx800H-0-1-25-300x300.jpg 300w, https:\/\/www.interflora.fr\/blog\/wp-content\/uploads\/2025\/05\/2TUFR-800Wx800H-0-1-25-150x150.jpg 150w, https:\/\/www.interflora.fr\/blog\/wp-content\/uploads\/2025\/05\/2TUFR-800Wx800H-0-1-25-768x768.jpg 768w, https:\/\/www.interflora.fr\/blog\/wp-content\/uploads\/2025\/05\/2TUFR-800Wx800H-0-1-25.jpg 800w\" sizes=\"auto, (max-width: 300px) 100vw, 300px\" \/><img decoding=\"async\" class=\"lp-badge\" src=\"https:\/\/www.interflora.fr\/blog\/wp-content\/uploads\/2025\/06\/logo-circle.png\" alt=\"Livraison rapide Interflora\"><\/div><span>Tutti frutti<\/span><p>44.95 \u20ac<\/p><span class=\"obf-link lp-cta\" role=\"link\" tabindex=\"0\" data-b64=\"aHR0cHM6Ly93d3cuaW50ZXJmbG9yYS5mci9wL2JvdXF1ZXQtZmxldXJzLXR1dHRpLWZydXR0aS8xL0ZSP3V0bV9tZWRpdW09b3JnYW5pYyZ1dG1fc291cmNlPWJsb2dfcHJvZHVjdHMmdXRtX2NhbXBhaWduPTJUVUZS\" data-target=\"_blank\"><svg xmlns=\"http:\/\/www.w3.org\/2000\/svg\" width=\"16\" height=\"16\" fill=\"currentColor\" class=\"bi bi-bag\" viewBox=\"0 0 16 16\"><path d=\"M8 1a2 2 0 0 1 2 2v1h2.5A1.5 1.5 0 0 1 14 5.5v8A1.5 1.5 0 0 1 12.5 15h-9A1.5 1.5 0 0 1 2 13.5v-8A1.5 1.5 0 0 1 3.5 3H6V2a2 2 0 0 1 2-1zm1 3V3a1 1 0 0 0-2 0v1h2z\"\/><\/svg>Voir le produit<\/span><p class=\"rapido\">Top produit<\/p><\/div><\/div>\n\n\n\n<div style=\"height:10px\" aria-hidden=\"true\" class=\"wp-block-spacer\"><\/div>\n\n\n\n<div style=\"height:18px\" aria-hidden=\"true\" class=\"wp-block-spacer\"><\/div>\n\n\n\n<h2 class=\"wp-block-heading\"><strong>P\u00e2ques ou P\u00e2que ?<\/strong><\/h2>\n\n\n\n<p>Comme souvent en France, l\u2019orthographe des mots porte souvent une longue histoire. C\u2019est tout \u00e0 fait le cas des mots P\u00e2ques et P\u00e2que. La P\u00e2que, au singulier, est utilis\u00e9 pour parler de la <strong>P\u00e2que juive<\/strong>, ou f\u00eate de Pessah. <strong><a href=\"https:\/\/www.interflora.fr\/blog\/tout-savoir-sur-les-fetes-de-paques\/\">La f\u00eate de P\u00e2ques<\/a><\/strong>, graphie utilis\u00e9e en France depuis le XVe si\u00e8cle environ, n\u2019indique <strong>pas un pluriel<\/strong> mais sert \u00e0 <strong>d\u00e9signer la f\u00eate chr\u00e9tienne<\/strong>. <\/p>\n\n\n\n<div class=\"wp-block-buttons is-content-justification-center is-layout-flex wp-container-core-buttons-is-layout-a89b3969 wp-block-buttons-is-layout-flex\">\n<div class=\"wp-block-button\"><a class=\"wp-block-button__link has-text-align-center wp-element-button\" href=\"https:\/\/www.interflora.fr\/c\/chocolat\/chocolats-paques\">Livraison de chocolats pour P\u00e2ques<\/a><\/div>\n<\/div>\n\n\n\n<div class=\"wp-block-media-text alignwide is-stacked-on-mobile is-image-fill-element\"><figure class=\"wp-block-media-text__media\"><img decoding=\"async\" src=\"https:\/\/www.interflora.fr\/blog\/wp-content\/uploads\/2021\/02\/chocolats_louis_orines_paques_la_cene.jpg\" alt=\"C\u00e8ne - dernier repas pris par le Christ\" class=\"wp-image-29785 size-full\" style=\"object-position:50% 50%\"\/><\/figure><div class=\"wp-block-media-text__content\">\n<p>Ces deux f\u00eates sont li\u00e9es depuis l\u2019origine dans le calendrier mais ne c\u00e9l\u00e8brent pas le m\u00eame \u00e9v\u00e9nement. La P\u00e2que juive d\u00e9signe la sortie des H\u00e9breux d\u2019Egypte au moment de la Dixi\u00e8me Plaie. P\u00e2ques, dans la religion chr\u00e9tienne, comm\u00e9more la C\u00e8ne, la Passion et surtout la r\u00e9surrection du Christ. Les moments les plus importants de la vie de J\u00e9sus Christ se seraient d\u00e9roul\u00e9s entre le 14 du mois du calendrier h\u00e9breu de nissan et le 16 nissan, c\u2019est \u00e0 dire pendant Pessah. Le mot s\u2019est ensuite transmis de l\u2019aram\u00e9en biblique au grec et au latin (Pascha) puis au fran\u00e7ais.<\/p>\n<\/div><\/div>\n\n\n\n<div style=\"height:5px\" aria-hidden=\"true\" class=\"wp-block-spacer\"><\/div>\n\n\n\n<p>Dans la religion chr\u00e9tienne, P\u00e2ques comm\u00e9more la C\u00e8ne, dernier repas pris par le Christ avec les douze ap\u00f4tres lors du Jeudi Saint.<\/p>\n\n\n\n<h2 class=\"wp-block-heading\"><strong>P\u00e2ques, f\u00eate du Printemps ?<\/strong><\/h2>\n\n\n\n<p>Pour les chr\u00e9tiens, cette f\u00eate marque la r\u00e9surrection de leur dieu. Elle est d\u2019ailleurs c\u00e9l\u00e9br\u00e9e depuis pr\u00e8s de deux mill\u00e9naires, ce qui fait de <strong>P\u00e2ques la plus ancienne f\u00eate chr\u00e9tienne<\/strong>. Mais <a href=\"https:\/\/www.interflora.fr\/blog\/que-signifient-les-symboles-de-paques\/\">ce symbole<\/a> de r\u00e9surrection de dieu s\u2019est m\u00eal\u00e9, dans les traditions de France et d\u2019ailleurs, \u00e0 d\u2019autres traditions pa\u00efennes fortement associ\u00e9es au printemps et \u00e0 l&rsquo;\u00e9quinoxe. D\u00e8s la Pr\u00e9histoire, et plus tard aux temps des M\u00e9sopotamiens, des Babyloniens et des Canan\u00e9ens, des f\u00eates de renaissance de la Nature et de fin de l\u2019hiver avaient lieu au m\u00eame moment que l\u2019actuelle P\u00e2ques. En Europe, les peuples celtiques honoraient souvent un dieu, comme la d\u00e9esse Eostre, dont certains historiens et linguistes pensent qu\u2019elle a donn\u00e9 son nom aux mots Ostern (en allemand) et Easter (en anglais) qui signifient P\u00e2ques.&nbsp;<\/p>\n\n\n\n<h2 class=\"wp-block-heading\"><strong>Pourquoi mange-t-on de l\u2019agneau \u00e0 P\u00e2ques ?<\/strong><\/h2>\n\n\n\n<p>Comme le chocolat, l\u2019<strong>agneau de P\u00e2ques est un incontournable des tables de f\u00eate en France<\/strong>, dans de nombreuses familles. Mais quelle est son origine ? Elle n\u2019est pas exactement attest\u00e9e mais l\u2019agneau est un animal qui occupe une place symbolique tr\u00e8s importante \u00e0 la fois dans la P\u00e2que juive et dans la f\u00eate de P\u00e2ques c\u00e9l\u00e9br\u00e9e par les chr\u00e9tiens. Les H\u00e9breux avaient re\u00e7u comme instruction, lors du sacrifice de tous les premiers n\u00e9s d\u2019Egypte, de sacrifier pour leur part un agneau d\u00e9pourvu de toute malformation pour prot\u00e9ger leur foyer. <\/p>\n\n\n\n<div class=\"wp-block-media-text alignwide has-media-on-the-right is-stacked-on-mobile is-image-fill-element\" style=\"grid-template-columns:auto 40%\"><div class=\"wp-block-media-text__content\">\n<p>Les chr\u00e9tiens croient en l\u2019Agnus Dei, l\u2019agneau de dieu, J\u00e9sus Christ envoy\u00e9 sur Terre qui supporte le poids de tous les p\u00e9ch\u00e9s des hommes. <strong>L\u2019agneau correspond \u00e0 l\u2019image d\u2019un animal innocent<\/strong>, comme le Christ sacrifi\u00e9 sur ordre de Ponce Pilate, procurateur de Jud\u00e9e. En Allemagne, ainsi qu\u2019en Alsace, l\u2019agneau est repr\u00e9sent\u00e9 en g\u00e2teau (appel\u00e9 Lamala) essentiellement \u00e0 base d\u2019\u0153ufs. D\u2019ailleurs, savez-vous quelle est l\u2019origine de la tradition des \u0153ufs de P\u00e2ques ?<\/p>\n<\/div><figure class=\"wp-block-media-text__media\"><img decoding=\"async\" src=\"https:\/\/www.interflora.fr\/blog\/wp-content\/uploads\/2021\/02\/chocolats_louis_origines_paques_lamala.jpg\" alt=\"p\u00e2que chocolat lamala\" class=\"wp-image-29782 size-full\" style=\"object-position:50% 50%\"\/><\/figure><\/div>\n\n\n\n<p class=\"has-text-align-right\">Un Lamala fraichement sorti du four<\/p>\n\n\n\n<h2 class=\"wp-block-heading\"><strong>Quelle est l\u2019origine des \u0153ufs de P\u00e2ques ?<\/strong><\/h2>\n\n\n\n<div class=\"wp-block-media-text alignwide is-stacked-on-mobile is-vertically-aligned-center\" style=\"grid-template-columns:35% auto\"><figure class=\"wp-block-media-text__media\"><img loading=\"lazy\" decoding=\"async\" width=\"533\" height=\"800\" src=\"https:\/\/www.interflora.fr\/blog\/wp-content\/uploads\/2026\/02\/bouquet-tulipes-colore.jpg\" alt=\"Bouquet de tulipes et ses chocolats\" class=\"wp-image-57799 size-full\" srcset=\"https:\/\/www.interflora.fr\/blog\/wp-content\/uploads\/2026\/02\/bouquet-tulipes-colore.jpg 533w, https:\/\/www.interflora.fr\/blog\/wp-content\/uploads\/2026\/02\/bouquet-tulipes-colore-200x300.jpg 200w\" sizes=\"auto, (max-width: 533px) 100vw, 533px\" \/><\/figure><div class=\"wp-block-media-text__content\">\n<p>Il existe de <strong><a href=\"https:\/\/www.interflora.fr\/blog\/comment-fete-t-on-paques-dans-le-monde\/\">nombreuses traditions nationales ou r\u00e9gionales autour de P\u00e2ques<\/a><\/strong>. Au Qu\u00e9bec par exemple, on pratique la cueillette de l\u2019Eau de P\u00e2ques. N\u00e9anmoins, la tradition pl\u00e9biscit\u00e9e dans le plus grand nombre de pays et de r\u00e9gions est incontestablement celle des <strong><a href=\"https:\/\/www.interflora.fr\/blog\/oeufs-de-paques-quelles-activites-pour-petits-et-grands\/\">\u0153ufs de P\u00e2ques<\/a><\/strong>. En R\u00e9publique Tch\u00e8que et en Hongrie, on peint des \u0153ufs durs. <\/p>\n\n\n\n<p>En Suisse, en Alsace, comme aux Etats-Unis, le <strong>lapin de P\u00e2ques apporte des \u0153ufs en chocolat<\/strong>. En France, les enfants sont friands de la <strong>fameuse chasse du dimanche pascal<\/strong>. L\u2019origine des \u0153ufs de P\u00e2ques est \u00e0 chercher dans plusieurs traditions anciennes. <strong>Le Printemps et l\u2019allongement de la dur\u00e9e du jour marquent le moment o\u00f9 les poules recommencent \u00e0 pondre plus fr\u00e9quemment<\/strong>. <\/p>\n\n\n\n<p>Il y a aussi et surtout le car\u00eame, pendant lequel la consommation d\u2019\u0153ufs est proscrite. Les \u0153ufs non-utilis\u00e9s et stock\u00e9s \u00e9taient d\u00e9cor\u00e9s, et P\u00e2ques marquait le moment o\u00f9 l\u2019on retrouvait le plaisir d\u2019en consommer des nouveaux.<\/p>\n<\/div><\/div>\n\n\n\n<div style=\"height:10px\" aria-hidden=\"true\" class=\"wp-block-spacer\"><\/div>\n\n\n\n<div class=\"wp-block-buttons is-content-justification-center is-layout-flex wp-container-core-buttons-is-layout-a89b3969 wp-block-buttons-is-layout-flex\">\n<div class=\"wp-block-button\"><a class=\"wp-block-button__link has-text-align-center wp-element-button\" href=\"https:\/\/www.interflora.fr\/c\/chocolat\/chocolats-paques\">Livraison de chocolats pour P\u00e2ques<\/a><\/div>\n<\/div>\n\n\n\n<h2 class=\"wp-block-heading\"><strong>D\u2019o\u00f9 viennent les cloches \u00e0 P\u00e2ques ?<\/strong><\/h2>\n\n\n\n<div class=\"wp-block-media-text has-media-on-the-right is-stacked-on-mobile\" style=\"grid-template-columns:auto 40%\"><div class=\"wp-block-media-text__content\">\n<p>Les cloches de P\u00e2ques sont attendues chaque ann\u00e9e avec impatience par nos ch\u00e8res t\u00eates blondes. Elles d\u00e9livrent leurs <a href=\"https:\/\/www.interflora.fr\/\">chocolats<\/a>, dans les jardins, sur les terrasses et les balcons&#8230;Mais d\u2019o\u00f9 viennent ces cloches synonymes de gourmandise ? <strong>Elles sont r\u00e9put\u00e9es revenir de Rome<\/strong>. Les cloches des \u00e9glises sont silencieuses \u00e0 partir du Jeudi Saint jusqu\u2019au Dimanche de P\u00e2ques. Pour expliquer ce silence, et faire patienter les enfants, on leur racontait jadis que les cloches se taisaient parce qu\u2019elles \u00e9taient parties \u00e0 Rome. C\u2019est ainsi en revenant de la Ville Eternelle, o\u00f9 le Vatican abrite le si\u00e8ge de l\u2019Eglise catholique, que les cloches laissent sur leur passage ici des fritures, l\u00e0 un \u0153uf, l\u00e0 encore d\u2019autres friandises en chocolat.<\/p>\n\n\n\n<p>Enfin, lorsqu\u2019on conna\u00eet l\u2019histoire de P\u00e2ques, son importance dans la religion chr\u00e9tienne et dans les coutumes fran\u00e7aises, on peut s\u2019interroger : <strong>quelle est l\u2019origine du chocolat de P\u00e2ques ?<\/strong> Il est apparu lorsque les artisans-chocolatiers ont, au XIXe si\u00e8cle, ma\u00eetris\u00e9 les techniques de moulage. Ils s\u2019incrivent dans une tr\u00e8s longue histoire, et consacrent leur talent \u00e0 la perp\u00e9tuer, en \u00e9laborant depuis plus d\u2019un si\u00e8cle des formes qui \u00e9merveillent petits et grands !<\/p>\n<\/div><figure class=\"wp-block-media-text__media\"><img loading=\"lazy\" decoding=\"async\" width=\"533\" height=\"800\" src=\"https:\/\/www.interflora.fr\/blog\/wp-content\/uploads\/2026\/02\/friture-de-paques.jpg\" alt=\"friture de p\u00e2ques\" class=\"wp-image-57827 size-full\" srcset=\"https:\/\/www.interflora.fr\/blog\/wp-content\/uploads\/2026\/02\/friture-de-paques.jpg 533w, https:\/\/www.interflora.fr\/blog\/wp-content\/uploads\/2026\/02\/friture-de-paques-200x300.jpg 200w\" sizes=\"auto, (max-width: 533px) 100vw, 533px\" \/><\/figure><\/div>\n\n\n<div class=\"lp-produits-grid\"><div class=\"lp-produit\"><div class=\"lp-thumbnail-wrapper\"><img loading=\"lazy\" decoding=\"async\" width=\"300\" height=\"300\" src=\"https:\/\/www.interflora.fr\/blog\/wp-content\/uploads\/2025\/12\/2BDT-800Wx800H-0-1-300x300.jpg\" class=\"attachment-medium size-medium wp-post-image\" alt=\"\" srcset=\"https:\/\/www.interflora.fr\/blog\/wp-content\/uploads\/2025\/12\/2BDT-800Wx800H-0-1-300x300.jpg 300w, https:\/\/www.interflora.fr\/blog\/wp-content\/uploads\/2025\/12\/2BDT-800Wx800H-0-1-150x150.jpg 150w, https:\/\/www.interflora.fr\/blog\/wp-content\/uploads\/2025\/12\/2BDT-800Wx800H-0-1-768x768.jpg 768w, https:\/\/www.interflora.fr\/blog\/wp-content\/uploads\/2025\/12\/2BDT-800Wx800H-0-1.jpg 800w\" sizes=\"auto, (max-width: 300px) 100vw, 300px\" \/><img decoding=\"async\" class=\"lp-badge\" src=\"https:\/\/www.interflora.fr\/blog\/wp-content\/uploads\/2025\/06\/logo-circle.png\" alt=\"Livraison rapide Interflora\"><\/div><span>Brass\u00e9e de tulipes multicolores<\/span><p>31.95 \u20ac<\/p><span class=\"obf-link lp-cta\" role=\"link\" tabindex=\"0\" data-b64=\"aHR0cHM6Ly93d3cuaW50ZXJmbG9yYS5mci9wL2JvdXF1ZXQtdHVsaXBlcy8xL0ZSP3V0bV9tZWRpdW09b3JnYW5pYyZ1dG1fc291cmNlPWJsb2dfcHJvZHVjdHMmdXRtX2NhbXBhaWduPTJCRFQ=\" data-target=\"_blank\"><svg xmlns=\"http:\/\/www.w3.org\/2000\/svg\" width=\"16\" height=\"16\" fill=\"currentColor\" class=\"bi bi-bag\" viewBox=\"0 0 16 16\"><path d=\"M8 1a2 2 0 0 1 2 2v1h2.5A1.5 1.5 0 0 1 14 5.5v8A1.5 1.5 0 0 1 12.5 15h-9A1.5 1.5 0 0 1 2 13.5v-8A1.5 1.5 0 0 1 3.5 3H6V2a2 2 0 0 1 2-1zm1 3V3a1 1 0 0 0-2 0v1h2z\"\/><\/svg>Voir le produit<\/span><p class=\"rapido\">Livraison rapide<\/p><\/div><div class=\"lp-produit\"><div class=\"lp-thumbnail-wrapper\"><img loading=\"lazy\" decoding=\"async\" width=\"300\" height=\"300\" src=\"https:\/\/www.interflora.fr\/blog\/wp-content\/uploads\/2025\/05\/B2TULCL9-800Wx800H-0-1-300x300.jpg\" class=\"attachment-medium size-medium wp-post-image\" alt=\"\" srcset=\"https:\/\/www.interflora.fr\/blog\/wp-content\/uploads\/2025\/05\/B2TULCL9-800Wx800H-0-1-300x300.jpg 300w, https:\/\/www.interflora.fr\/blog\/wp-content\/uploads\/2025\/05\/B2TULCL9-800Wx800H-0-1-150x150.jpg 150w, https:\/\/www.interflora.fr\/blog\/wp-content\/uploads\/2025\/05\/B2TULCL9-800Wx800H-0-1-768x768.jpg 768w, https:\/\/www.interflora.fr\/blog\/wp-content\/uploads\/2025\/05\/B2TULCL9-800Wx800H-0-1.jpg 800w\" sizes=\"auto, (max-width: 300px) 100vw, 300px\" \/><img decoding=\"async\" class=\"lp-badge\" src=\"https:\/\/www.interflora.fr\/blog\/wp-content\/uploads\/2025\/06\/logo-circle.png\" alt=\"Livraison rapide Interflora\"><\/div><span>Brass\u00e9e de tulipes et ses chocolats<\/span><p>50.95 \u20ac<\/p><span class=\"obf-link lp-cta\" role=\"link\" tabindex=\"0\" data-b64=\"aHR0cHM6Ly93d3cuaW50ZXJmbG9yYS5mci9wL2JyYXNzZWUtZGUtdHVsaXBlcy1ldC1zZXMtY2hvY29sYXRzLzEvRlI\/dXRtX21lZGl1bT1vcmdhbmljJnV0bV9zb3VyY2U9YmxvZ19wcm9kdWN0cyZ1dG1fY2FtcGFpZ249QjJUVUxDTDk=\" data-target=\"_blank\"><svg xmlns=\"http:\/\/www.w3.org\/2000\/svg\" width=\"16\" height=\"16\" fill=\"currentColor\" class=\"bi bi-bag\" viewBox=\"0 0 16 16\"><path d=\"M8 1a2 2 0 0 1 2 2v1h2.5A1.5 1.5 0 0 1 14 5.5v8A1.5 1.5 0 0 1 12.5 15h-9A1.5 1.5 0 0 1 2 13.5v-8A1.5 1.5 0 0 1 3.5 3H6V2a2 2 0 0 1 2-1zm1 3V3a1 1 0 0 0-2 0v1h2z\"\/><\/svg>Voir le produit<\/span><p class=\"rapido\">Livraison rapide<\/p><\/div><div class=\"lp-produit\"><div class=\"lp-thumbnail-wrapper\"><img loading=\"lazy\" decoding=\"async\" width=\"300\" height=\"300\" src=\"https:\/\/www.interflora.fr\/blog\/wp-content\/uploads\/2025\/05\/2TUFR-800Wx800H-0-1-25-300x300.jpg\" class=\"attachment-medium size-medium wp-post-image\" alt=\"\" srcset=\"https:\/\/www.interflora.fr\/blog\/wp-content\/uploads\/2025\/05\/2TUFR-800Wx800H-0-1-25-300x300.jpg 300w, https:\/\/www.interflora.fr\/blog\/wp-content\/uploads\/2025\/05\/2TUFR-800Wx800H-0-1-25-150x150.jpg 150w, https:\/\/www.interflora.fr\/blog\/wp-content\/uploads\/2025\/05\/2TUFR-800Wx800H-0-1-25-768x768.jpg 768w, https:\/\/www.interflora.fr\/blog\/wp-content\/uploads\/2025\/05\/2TUFR-800Wx800H-0-1-25.jpg 800w\" sizes=\"auto, (max-width: 300px) 100vw, 300px\" \/><img decoding=\"async\" class=\"lp-badge\" src=\"https:\/\/www.interflora.fr\/blog\/wp-content\/uploads\/2025\/06\/logo-circle.png\" alt=\"Livraison rapide Interflora\"><\/div><span>Tutti frutti<\/span><p>44.95 \u20ac<\/p><span class=\"obf-link lp-cta\" role=\"link\" tabindex=\"0\" data-b64=\"aHR0cHM6Ly93d3cuaW50ZXJmbG9yYS5mci9wL2JvdXF1ZXQtZmxldXJzLXR1dHRpLWZydXR0aS8xL0ZSP3V0bV9tZWRpdW09b3JnYW5pYyZ1dG1fc291cmNlPWJsb2dfcHJvZHVjdHMmdXRtX2NhbXBhaWduPTJUVUZS\" data-target=\"_blank\"><svg xmlns=\"http:\/\/www.w3.org\/2000\/svg\" width=\"16\" height=\"16\" fill=\"currentColor\" class=\"bi bi-bag\" viewBox=\"0 0 16 16\"><path d=\"M8 1a2 2 0 0 1 2 2v1h2.5A1.5 1.5 0 0 1 14 5.5v8A1.5 1.5 0 0 1 12.5 15h-9A1.5 1.5 0 0 1 2 13.5v-8A1.5 1.5 0 0 1 3.5 3H6V2a2 2 0 0 1 2-1zm1 3V3a1 1 0 0 0-2 0v1h2z\"\/><\/svg>Voir le produit<\/span><p class=\"rapido\">Fleurs fra\u00eeches<\/p><\/div><div class=\"lp-produit\"><div class=\"lp-thumbnail-wrapper\"><img loading=\"lazy\" decoding=\"async\" width=\"300\" height=\"300\" src=\"https:\/\/www.interflora.fr\/blog\/wp-content\/uploads\/2025\/12\/2SO-800Wx800H-0-1-300x300.jpg\" class=\"attachment-medium size-medium wp-post-image\" alt=\"\" srcset=\"https:\/\/www.interflora.fr\/blog\/wp-content\/uploads\/2025\/12\/2SO-800Wx800H-0-1-300x300.jpg 300w, https:\/\/www.interflora.fr\/blog\/wp-content\/uploads\/2025\/12\/2SO-800Wx800H-0-1-150x150.jpg 150w, https:\/\/www.interflora.fr\/blog\/wp-content\/uploads\/2025\/12\/2SO-800Wx800H-0-1-768x768.jpg 768w, https:\/\/www.interflora.fr\/blog\/wp-content\/uploads\/2025\/12\/2SO-800Wx800H-0-1.jpg 800w\" sizes=\"auto, (max-width: 300px) 100vw, 300px\" \/><img decoding=\"async\" class=\"lp-badge\" src=\"https:\/\/www.interflora.fr\/blog\/wp-content\/uploads\/2025\/06\/logo-circle.png\" alt=\"Livraison rapide Interflora\"><\/div><span>Soleil<\/span><p>26.95 \u20ac<\/p><span class=\"obf-link lp-cta\" role=\"link\" tabindex=\"0\" data-b64=\"aHR0cHM6Ly93d3cuaW50ZXJmbG9yYS5mci9wL2JvdXF1ZXQtc29sZWlsLzEvRlI\/dXRtX21lZGl1bT1vcmdhbmljJnV0bV9zb3VyY2U9YmxvZ19wcm9kdWN0cyZ1dG1fY2FtcGFpZ249MlNP\" data-target=\"_blank\"><svg xmlns=\"http:\/\/www.w3.org\/2000\/svg\" width=\"16\" height=\"16\" fill=\"currentColor\" class=\"bi bi-bag\" viewBox=\"0 0 16 16\"><path d=\"M8 1a2 2 0 0 1 2 2v1h2.5A1.5 1.5 0 0 1 14 5.5v8A1.5 1.5 0 0 1 12.5 15h-9A1.5 1.5 0 0 1 2 13.5v-8A1.5 1.5 0 0 1 3.5 3H6V2a2 2 0 0 1 2-1zm1 3V3a1 1 0 0 0-2 0v1h2z\"\/><\/svg>Voir le produit<\/span><p class=\"rapido\">Top produit<\/p><\/div><\/div>\n","protected":false},"excerpt":{"rendered":"<p>On l\u2019oublie parfois, mais P\u00e2ques n\u2019est pas seulement une merveilleuse occasion de se r\u00e9galer d\u2019\u0153ufs au chocolat en famille. C\u2019est [&hellip;]<\/p>\n","protected":false},"author":1,"featured_media":57813,"comment_status":"closed","ping_status":"closed","sticky":false,"template":"","format":"standard","meta":{"_uag_custom_page_level_css":"","site-sidebar-layout":"default","site-content-layout":"","ast-site-content-layout":"default","site-content-style":"default","site-sidebar-style":"default","ast-global-header-display":"","ast-banner-title-visibility":"","ast-main-header-display":"","ast-hfb-above-header-display":"","ast-hfb-below-header-display":"","ast-hfb-mobile-header-display":"","site-post-title":"","ast-breadcrumbs-content":"","ast-featured-img":"","footer-sml-layout":"","ast-disable-related-posts":"","theme-transparent-header-meta":"","adv-header-id-meta":"","stick-header-meta":"","header-above-stick-meta":"","header-main-stick-meta":"","header-below-stick-meta":"","astra-migrate-meta-layouts":"set","ast-page-background-enabled":"default","ast-page-background-meta":{"desktop":{"background-color":"var(--ast-global-color-5)","background-image":"","background-repeat":"repeat","background-position":"center center","background-size":"auto","background-attachment":"scroll","background-type":"","background-media":"","overlay-type":"","overlay-color":"","overlay-opacity":"","overlay-gradient":""},"tablet":{"background-color":"","background-image":"","background-repeat":"repeat","background-position":"center center","background-size":"auto","background-attachment":"scroll","background-type":"","background-media":"","overlay-type":"","overlay-color":"","overlay-opacity":"","overlay-gradient":""},"mobile":{"background-color":"","background-image":"","background-repeat":"repeat","background-position":"center center","background-size":"auto","background-attachment":"scroll","background-type":"","background-media":"","overlay-type":"","overlay-color":"","overlay-opacity":"","overlay-gradient":""}},"ast-content-background-meta":{"desktop":{"background-color":"var(--ast-global-color-4)","background-image":"","background-repeat":"repeat","background-position":"center center","background-size":"auto","background-attachment":"scroll","background-type":"","background-media":"","overlay-type":"","overlay-color":"","overlay-opacity":"","overlay-gradient":""},"tablet":{"background-color":"var(--ast-global-color-4)","background-image":"","background-repeat":"repeat","background-position":"center center","background-size":"auto","background-attachment":"scroll","background-type":"","background-media":"","overlay-type":"","overlay-color":"","overlay-opacity":"","overlay-gradient":""},"mobile":{"background-color":"var(--ast-global-color-4)","background-image":"","background-repeat":"repeat","background-position":"center center","background-size":"auto","background-attachment":"scroll","background-type":"","background-media":"","overlay-type":"","overlay-color":"","overlay-opacity":"","overlay-gradient":""}},"footnotes":""},"categories":[261,186],"tags":[262],"class_list":["post-19144","post","type-post","status-publish","format-standard","has-post-thumbnail","hentry","category-paques","category-printemps","tag-paques"],"uagb_featured_image_src":{"full":["https:\/\/www.interflora.fr\/blog\/wp-content\/uploads\/2026\/02\/bouquet-de-saison-paques.jpg",800,450,false],"thumbnail":["https:\/\/www.interflora.fr\/blog\/wp-content\/uploads\/2026\/02\/bouquet-de-saison-paques-150x150.jpg",150,150,true],"medium":["https:\/\/www.interflora.fr\/blog\/wp-content\/uploads\/2026\/02\/bouquet-de-saison-paques-300x169.jpg",300,169,true],"medium_large":["https:\/\/www.interflora.fr\/blog\/wp-content\/uploads\/2026\/02\/bouquet-de-saison-paques-768x432.jpg",768,432,true],"large":["https:\/\/www.interflora.fr\/blog\/wp-content\/uploads\/2026\/02\/bouquet-de-saison-paques.jpg",800,450,false],"1536x1536":["https:\/\/www.interflora.fr\/blog\/wp-content\/uploads\/2026\/02\/bouquet-de-saison-paques.jpg",800,450,false],"2048x2048":["https:\/\/www.interflora.fr\/blog\/wp-content\/uploads\/2026\/02\/bouquet-de-saison-paques.jpg",800,450,false]},"uagb_author_info":{"display_name":"admin","author_link":"https:\/\/www.interflora.fr\/blog\/author\/admin\/"},"uagb_comment_info":0,"uagb_excerpt":"On l\u2019oublie parfois, mais P\u00e2ques n\u2019est pas seulement une merveilleuse occasion de se r\u00e9galer d\u2019\u0153ufs au chocolat en famille. C\u2019est [&hellip;]","yoast_meta":{"title":"P\u00e2ques, des origines \u00e0 aujourd'hui %%sep%% %%sitename%%","description":"Premi\u00e8re f\u00eate de l'ann\u00e9e liturgique chr\u00e9tienne, P\u00e2ques est avant tout connue pour ses \u0153ufs en chocolat. Mais d'o\u00f9 viennent-ils ?"},"_links":{"self":[{"href":"https:\/\/www.interflora.fr\/blog\/wp-json\/wp\/v2\/posts\/19144","targetHints":{"allow":["GET"]}}],"collection":[{"href":"https:\/\/www.interflora.fr\/blog\/wp-json\/wp\/v2\/posts"}],"about":[{"href":"https:\/\/www.interflora.fr\/blog\/wp-json\/wp\/v2\/types\/post"}],"author":[{"embeddable":true,"href":"https:\/\/www.interflora.fr\/blog\/wp-json\/wp\/v2\/users\/1"}],"replies":[{"embeddable":true,"href":"https:\/\/www.interflora.fr\/blog\/wp-json\/wp\/v2\/comments?post=19144"}],"version-history":[{"count":2,"href":"https:\/\/www.interflora.fr\/blog\/wp-json\/wp\/v2\/posts\/19144\/revisions"}],"predecessor-version":[{"id":58172,"href":"https:\/\/www.interflora.fr\/blog\/wp-json\/wp\/v2\/posts\/19144\/revisions\/58172"}],"wp:featuredmedia":[{"embeddable":true,"href":"https:\/\/www.interflora.fr\/blog\/wp-json\/wp\/v2\/media\/57813"}],"wp:attachment":[{"href":"https:\/\/www.interflora.fr\/blog\/wp-json\/wp\/v2\/media?parent=19144"}],"wp:term":[{"taxonomy":"category","embeddable":true,"href":"https:\/\/www.interflora.fr\/blog\/wp-json\/wp\/v2\/categories?post=19144"},{"taxonomy":"post_tag","embeddable":true,"href":"https:\/\/www.interflora.fr\/blog\/wp-json\/wp\/v2\/tags?post=19144"}],"curies":[{"name":"wp","href":"https:\/\/api.w.org\/{rel}","templated":true}]}}