{"id":19133,"date":"2026-03-04T10:51:00","date_gmt":"2026-03-04T09:51:00","guid":{"rendered":"https:\/\/blog.chocolats-louis.com\/?p=86"},"modified":"2026-03-04T12:20:29","modified_gmt":"2026-03-04T11:20:29","slug":"recette-comment-faire-un-gateau-au-chocolat-en-poudre","status":"publish","type":"post","link":"https:\/\/www.interflora.fr\/blog\/recette-comment-faire-un-gateau-au-chocolat-en-poudre\/","title":{"rendered":"Recette : comment faire un g\u00e2teau au chocolat en poudre"},"content":{"rendered":"\n<p class=\"has-drop-cap has-text-color has-background\" style=\"color:#fff6ce;background-color:#53412c\">Les recettes de g\u00e2teau au chocolat, dans les familles, c\u2019est un peu comme les bijoux et les secrets : on les garde jalousement ! Chacune et chacun poss\u00e8de, parfois depuis des g\u00e9n\u00e9rations, sa recette pr\u00e9f\u00e9r\u00e9e, plus ou moins fondante, moelleuse, cacaot\u00e9e: bref, c\u2019est une v\u00e9ritable Madeleine de Proust version chocolat, qu\u2019on adore r\u00e9aliser le dimanche avec les enfants ou pour l\u2019anniversaire d\u2019un ami. <\/p>\n\n\n\n<p>La plupart du temps, ces recettes requi\u00e8rent du chocolat en tablettes. Probl\u00e8me : on n\u2019en a pas toujours sous la main lorsque se profile une sacr\u00e9e envie de g\u00e2teau au chocolat. On peut aussi vouloir donner un go\u00fbt de cacao plus prononc\u00e9 \u00e0 son g\u00e2teau. C\u2019est l\u00e0 qu\u2019intervient la poudre de cacao, qui peut \u00eatre un excellent substitut au chocolat en carr\u00e9s. Focus sur le g\u00e2teau au chocolat en poudre, \u00e0 d\u00e9guster avec un <a href=\"https:\/\/www.interflora.fr\/blog\/\">bon chocolat chaud maison<\/a> !&nbsp;<\/p>\n\n\n\n<h2 class=\"wp-block-heading\"><strong>Le cacao en poudre, quels avantages pour un g\u00e2teau ?&nbsp;<\/strong><\/h2>\n\n\n\n<p>Il existe de multiples possibilit\u00e9s de g\u00e2teaux au chocolat en poudre et ils pr\u00e9sentent de nombreux bienfaits. Il est, par exemple, possible de r\u00e9aliser un g\u00e2teau d\u00e9licieux et tr\u00e8s gourmand avec les chocolat en poudre petit-d\u00e9jeuner, notamment dans le cas o\u00f9 on le d\u00e9niche au fond d\u2019un placard. <\/p>\n\n\n\n<div class=\"wp-block-media-text is-stacked-on-mobile\"><figure class=\"wp-block-media-text__media\"><img decoding=\"async\" src=\"https:\/\/www.interflora.fr\/blog\/wp-content\/uploads\/2020\/05\/poudre-de-cacao.jpg\" alt=\"poudre de cacao\" class=\"wp-image-29735 size-full\"\/><\/figure><div class=\"wp-block-media-text__content\">\n<p>N\u00e9anmoins, on peut aussi rechercher, dans le choix de la poudre, des bienfaits nutritionnels particuliers. Dans ce cas, il est conseill\u00e9 de s\u2019orienter vers la <strong>poudre de cacao<\/strong>. La poudre de cacao est en effet l\u2019un des produits de la f\u00e8ve de cacao le plus riche en cacao mais pauvre en lipides notamment. <strong>La poudre de cacao est disponible dans de nombreux magasins et en ligne, et contient de nombreux anti-oxydants ainsi que de la cat\u00e9chine<\/strong>. C\u2019est un produit \u00e0 forte teneur en cacao mais il est parfois n\u00e9cessaire de l\u2019employer avec des liquides, froids notamment, pour \u00e9viter que se forment des grumeaux dans la r\u00e9alisation du g\u00e2teau.<\/p>\n<\/div><\/div>\n\n\n\n<p>Petite astuce pour compenser le manque de glucides : allonger la poudre de cacao avec un excellent produit naturel comme un miel de qualit\u00e9, qui parfumera le g\u00e2teau au chocolat en poudre. Enfin, c\u00f4t\u00e9 conservation le cacao en poudre est un produit r\u00e9sistant, qui se conserve facilement et ne craint ni le froid&#8230;ni la chaleur. Il est donc possible de le mettre en r\u00e9serve en attendant le prochain g\u00e2teau.&nbsp;<\/p>\n\n\n<div class=\"lp-produits-grid\"><div class=\"lp-produit\"><div class=\"lp-thumbnail-wrapper\"><img loading=\"lazy\" decoding=\"async\" width=\"300\" height=\"300\" src=\"https:\/\/www.interflora.fr\/blog\/wp-content\/uploads\/2025\/05\/B2TULCL9-800Wx800H-0-1-300x300.jpg\" class=\"attachment-medium size-medium wp-post-image\" alt=\"\" srcset=\"https:\/\/www.interflora.fr\/blog\/wp-content\/uploads\/2025\/05\/B2TULCL9-800Wx800H-0-1-300x300.jpg 300w, https:\/\/www.interflora.fr\/blog\/wp-content\/uploads\/2025\/05\/B2TULCL9-800Wx800H-0-1-150x150.jpg 150w, https:\/\/www.interflora.fr\/blog\/wp-content\/uploads\/2025\/05\/B2TULCL9-800Wx800H-0-1-768x768.jpg 768w, https:\/\/www.interflora.fr\/blog\/wp-content\/uploads\/2025\/05\/B2TULCL9-800Wx800H-0-1.jpg 800w\" sizes=\"auto, (max-width: 300px) 100vw, 300px\" \/><img decoding=\"async\" class=\"lp-badge\" src=\"https:\/\/www.interflora.fr\/blog\/wp-content\/uploads\/2025\/06\/logo-circle.png\" alt=\"Livraison rapide Interflora\"><\/div><span>Brass\u00e9e de tulipes et ses chocolats<\/span><p>50.95 \u20ac<\/p><span class=\"obf-link lp-cta\" role=\"link\" tabindex=\"0\" data-b64=\"aHR0cHM6Ly93d3cuaW50ZXJmbG9yYS5mci9wL2JyYXNzZWUtZGUtdHVsaXBlcy1ldC1zZXMtY2hvY29sYXRzLzEvRlI\/dXRtX21lZGl1bT1vcmdhbmljJnV0bV9zb3VyY2U9YmxvZ19wcm9kdWN0cyZ1dG1fY2FtcGFpZ249QjJUVUxDTDk=\" data-target=\"_blank\"><svg xmlns=\"http:\/\/www.w3.org\/2000\/svg\" width=\"16\" height=\"16\" fill=\"currentColor\" class=\"bi bi-bag\" viewBox=\"0 0 16 16\"><path d=\"M8 1a2 2 0 0 1 2 2v1h2.5A1.5 1.5 0 0 1 14 5.5v8A1.5 1.5 0 0 1 12.5 15h-9A1.5 1.5 0 0 1 2 13.5v-8A1.5 1.5 0 0 1 3.5 3H6V2a2 2 0 0 1 2-1zm1 3V3a1 1 0 0 0-2 0v1h2z\"\/><\/svg>Voir le produit<\/span><p class=\"rapido\">Top produit<\/p><\/div><div class=\"lp-produit\"><div class=\"lp-thumbnail-wrapper\"><img loading=\"lazy\" decoding=\"async\" width=\"300\" height=\"300\" src=\"https:\/\/www.interflora.fr\/blog\/wp-content\/uploads\/2025\/09\/GF09-800Wx800H-0-1-300x300.jpg\" class=\"attachment-medium size-medium wp-post-image\" alt=\"\" srcset=\"https:\/\/www.interflora.fr\/blog\/wp-content\/uploads\/2025\/09\/GF09-800Wx800H-0-1-300x300.jpg 300w, https:\/\/www.interflora.fr\/blog\/wp-content\/uploads\/2025\/09\/GF09-800Wx800H-0-1-150x150.jpg 150w, https:\/\/www.interflora.fr\/blog\/wp-content\/uploads\/2025\/09\/GF09-800Wx800H-0-1-768x768.jpg 768w, https:\/\/www.interflora.fr\/blog\/wp-content\/uploads\/2025\/09\/GF09-800Wx800H-0-1.jpg 800w\" sizes=\"auto, (max-width: 300px) 100vw, 300px\" \/><img decoding=\"async\" class=\"lp-badge\" src=\"https:\/\/www.interflora.fr\/blog\/wp-content\/uploads\/2025\/06\/logo-circle.png\" alt=\"Livraison rapide Interflora\"><\/div><span>Duo vin et chocolats<\/span><p>45.95 \u20ac<\/p><span class=\"obf-link lp-cta\" role=\"link\" tabindex=\"0\" data-b64=\"aHR0cHM6Ly93d3cuaW50ZXJmbG9yYS5mci9wL2R1by12aW4tZXQtY2hvY29sYXRzLzAvRlI\/dXRtX21lZGl1bT1vcmdhbmljJnV0bV9zb3VyY2U9YmxvZ19wcm9kdWN0cyZ1dG1fY2FtcGFpZ249R0YwOQ==\" data-target=\"_blank\"><svg xmlns=\"http:\/\/www.w3.org\/2000\/svg\" width=\"16\" height=\"16\" fill=\"currentColor\" class=\"bi bi-bag\" viewBox=\"0 0 16 16\"><path d=\"M8 1a2 2 0 0 1 2 2v1h2.5A1.5 1.5 0 0 1 14 5.5v8A1.5 1.5 0 0 1 12.5 15h-9A1.5 1.5 0 0 1 2 13.5v-8A1.5 1.5 0 0 1 3.5 3H6V2a2 2 0 0 1 2-1zm1 3V3a1 1 0 0 0-2 0v1h2z\"\/><\/svg>Voir le produit<\/span><p class=\"rapido\">Livraison rapide<\/p><\/div><div class=\"lp-produit\"><div class=\"lp-thumbnail-wrapper\"><img loading=\"lazy\" decoding=\"async\" width=\"300\" height=\"300\" src=\"https:\/\/www.interflora.fr\/blog\/wp-content\/uploads\/2025\/05\/B2CH-800Wx800H-0-1-7-300x300.jpg\" class=\"attachment-medium size-medium wp-post-image\" alt=\"\" srcset=\"https:\/\/www.interflora.fr\/blog\/wp-content\/uploads\/2025\/05\/B2CH-800Wx800H-0-1-7-300x300.jpg 300w, https:\/\/www.interflora.fr\/blog\/wp-content\/uploads\/2025\/05\/B2CH-800Wx800H-0-1-7-150x150.jpg 150w, https:\/\/www.interflora.fr\/blog\/wp-content\/uploads\/2025\/05\/B2CH-800Wx800H-0-1-7-768x768.jpg 768w, https:\/\/www.interflora.fr\/blog\/wp-content\/uploads\/2025\/05\/B2CH-800Wx800H-0-1-7.jpg 800w\" sizes=\"auto, (max-width: 300px) 100vw, 300px\" \/><img decoding=\"async\" class=\"lp-badge\" src=\"https:\/\/www.interflora.fr\/blog\/wp-content\/uploads\/2025\/06\/logo-circle.png\" alt=\"Livraison rapide Interflora\"><\/div><span>Bouquet de chocolats<\/span><p>39.95 \u20ac<\/p><span class=\"obf-link lp-cta\" role=\"link\" tabindex=\"0\" data-b64=\"aHR0cHM6Ly93d3cuaW50ZXJmbG9yYS5mci9wL2NhZGVhdS1ib3VxdWV0LWNob2NvbGF0LzAvRlI\/dXRtX21lZGl1bT1vcmdhbmljJnV0bV9zb3VyY2U9YmxvZ19wcm9kdWN0cyZ1dG1fY2FtcGFpZ249QjJDSA==\" data-target=\"_blank\"><svg xmlns=\"http:\/\/www.w3.org\/2000\/svg\" width=\"16\" height=\"16\" fill=\"currentColor\" class=\"bi bi-bag\" viewBox=\"0 0 16 16\"><path d=\"M8 1a2 2 0 0 1 2 2v1h2.5A1.5 1.5 0 0 1 14 5.5v8A1.5 1.5 0 0 1 12.5 15h-9A1.5 1.5 0 0 1 2 13.5v-8A1.5 1.5 0 0 1 3.5 3H6V2a2 2 0 0 1 2-1zm1 3V3a1 1 0 0 0-2 0v1h2z\"\/><\/svg>Voir le produit<\/span><p class=\"rapido\">Top produit<\/p><\/div><div class=\"lp-produit\"><div class=\"lp-thumbnail-wrapper\"><img loading=\"lazy\" decoding=\"async\" width=\"300\" height=\"300\" src=\"https:\/\/www.interflora.fr\/blog\/wp-content\/uploads\/2025\/12\/GF21-800Wx800H-0-1-300x300.jpg\" class=\"attachment-medium size-medium wp-post-image\" alt=\"\" srcset=\"https:\/\/www.interflora.fr\/blog\/wp-content\/uploads\/2025\/12\/GF21-800Wx800H-0-1-300x300.jpg 300w, https:\/\/www.interflora.fr\/blog\/wp-content\/uploads\/2025\/12\/GF21-800Wx800H-0-1-150x150.jpg 150w, https:\/\/www.interflora.fr\/blog\/wp-content\/uploads\/2025\/12\/GF21-800Wx800H-0-1-768x768.jpg 768w, https:\/\/www.interflora.fr\/blog\/wp-content\/uploads\/2025\/12\/GF21-800Wx800H-0-1.jpg 800w\" sizes=\"auto, (max-width: 300px) 100vw, 300px\" \/><img decoding=\"async\" class=\"lp-badge\" src=\"https:\/\/www.interflora.fr\/blog\/wp-content\/uploads\/2025\/06\/logo-circle.png\" alt=\"Livraison rapide Interflora\"><\/div><span>Coffret cadeau whisky et chocolat<\/span><p>89.95 \u20ac<\/p><span class=\"obf-link lp-cta\" role=\"link\" tabindex=\"0\" data-b64=\"aHR0cHM6Ly93d3cuaW50ZXJmbG9yYS5mci9wL2NvZmZyZXQtYW1hdGV1ci1kZS13aGlza3kvMC9GUj91dG1fbWVkaXVtPW9yZ2FuaWMmdXRtX3NvdXJjZT1ibG9nX3Byb2R1Y3RzJnV0bV9jYW1wYWlnbj1HRjIx\" data-target=\"_blank\"><svg xmlns=\"http:\/\/www.w3.org\/2000\/svg\" width=\"16\" height=\"16\" fill=\"currentColor\" class=\"bi bi-bag\" viewBox=\"0 0 16 16\"><path d=\"M8 1a2 2 0 0 1 2 2v1h2.5A1.5 1.5 0 0 1 14 5.5v8A1.5 1.5 0 0 1 12.5 15h-9A1.5 1.5 0 0 1 2 13.5v-8A1.5 1.5 0 0 1 3.5 3H6V2a2 2 0 0 1 2-1zm1 3V3a1 1 0 0 0-2 0v1h2z\"\/><\/svg>Voir le produit<\/span><p class=\"rapido\">Top produit<\/p><\/div><\/div>\n\n\n\n<div style=\"height:10px\" aria-hidden=\"true\" class=\"wp-block-spacer\"><\/div>\n\n\n\n<div class=\"wp-block-buttons is-content-justification-center is-layout-flex wp-container-core-buttons-is-layout-a89b3969 wp-block-buttons-is-layout-flex\">\n<div class=\"wp-block-button\"><a class=\"wp-block-button__link has-text-align-center wp-element-button\" href=\"https:\/\/www.interflora.fr\/c\/chocolat\">Livraison de chocolats<\/a><\/div>\n<\/div>\n\n\n\n<p class=\"has-text-align-center\">La poudre de cacao est un aliment sain constituant une bonne base de travail pour vos recettes de g\u00e2teaux et autres<\/p>\n\n\n\n<h2 class=\"wp-block-heading\"><strong>Recette du g\u00e2teau au chocolat en poudre<\/strong><\/h2>\n\n\n\n<p>Tout le secret de la recette du g\u00e2teau au chocolat en poudre r\u00e9side dans l\u2019<strong>incorporation d\u00e9licate de la poudre de cacao<\/strong> : <\/p>\n\n\n\n<div class=\"wp-block-media-text alignwide has-media-on-the-right is-stacked-on-mobile\" style=\"grid-template-columns:auto 45%\"><div class=\"wp-block-media-text__content\">\n<ul class=\"wp-block-list\">\n<li>Il faut d\u2019abord <strong>m\u00e9langer quatre oeufs entiers avec 120 grammes de sucre<\/strong> (\u00e0 r\u00e9duire ou augmenter selon la poudre de chocolat utilis\u00e9e et selon les go\u00fbts bien s\u00fbr) et <strong>battre le tout jusqu\u2019\u00e0 ce que le m\u00e9lange obtenu blanchisse <\/strong>suffisamment. <\/li>\n\n\n\n<li>Ensuite il faut <strong>incorporer un sachet de levure<\/strong>, ainsi que de <strong>150 grammes de farine<\/strong> et une <strong>demie-plaquette de beurre<\/strong> (ou 100 grammes) que l\u2019on aura fait fondre pr\u00e9alablement. <\/li>\n\n\n\n<li>C\u2019est \u00e0 ce moment qu\u2019on ajoute <strong>20 cuill\u00e8res de cacao<\/strong>, \u00e9ventuellement avec un verre de lait. <\/li>\n\n\n\n<li>Ins\u00e9rez le m\u00e9lange dans un moule et apr\u00e8s <strong>30 minutes au four \u00e0 180 degr\u00e9s<\/strong>, on se r\u00e9gale d\u2019un succulent moelleux au chocolat en poudre !&nbsp;<\/li>\n<\/ul>\n<\/div><figure class=\"wp-block-media-text__media\"><img decoding=\"async\" src=\"https:\/\/www.interflora.fr\/blog\/wp-content\/uploads\/2020\/05\/gateau-au-chocolat-avec-cacao-en-poudre.jpg\" alt=\"g\u00e2teau au chocolat poudre de cacao\" class=\"wp-image-29731 size-full\"\/><\/figure><\/div>\n","protected":false},"excerpt":{"rendered":"<p>Les recettes de g\u00e2teau au chocolat, dans les familles, c\u2019est un peu comme les bijoux et les secrets : on [&hellip;]<\/p>\n","protected":false},"author":1,"featured_media":57971,"comment_status":"closed","ping_status":"closed","sticky":false,"template":"","format":"standard","meta":{"_uag_custom_page_level_css":"","site-sidebar-layout":"default","site-content-layout":"","ast-site-content-layout":"default","site-content-style":"default","site-sidebar-style":"default","ast-global-header-display":"","ast-banner-title-visibility":"","ast-main-header-display":"","ast-hfb-above-header-display":"","ast-hfb-below-header-display":"","ast-hfb-mobile-header-display":"","site-post-title":"","ast-breadcrumbs-content":"","ast-featured-img":"","footer-sml-layout":"","ast-disable-related-posts":"","theme-transparent-header-meta":"","adv-header-id-meta":"","stick-header-meta":"","header-above-stick-meta":"","header-main-stick-meta":"","header-below-stick-meta":"","astra-migrate-meta-layouts":"set","ast-page-background-enabled":"default","ast-page-background-meta":{"desktop":{"background-color":"var(--ast-global-color-5)","background-image":"","background-repeat":"repeat","background-position":"center center","background-size":"auto","background-attachment":"scroll","background-type":"","background-media":"","overlay-type":"","overlay-color":"","overlay-opacity":"","overlay-gradient":""},"tablet":{"background-color":"","background-image":"","background-repeat":"repeat","background-position":"center center","background-size":"auto","background-attachment":"scroll","background-type":"","background-media":"","overlay-type":"","overlay-color":"","overlay-opacity":"","overlay-gradient":""},"mobile":{"background-color":"","background-image":"","background-repeat":"repeat","background-position":"center center","background-size":"auto","background-attachment":"scroll","background-type":"","background-media":"","overlay-type":"","overlay-color":"","overlay-opacity":"","overlay-gradient":""}},"ast-content-background-meta":{"desktop":{"background-color":"var(--ast-global-color-4)","background-image":"","background-repeat":"repeat","background-position":"center center","background-size":"auto","background-attachment":"scroll","background-type":"","background-media":"","overlay-type":"","overlay-color":"","overlay-opacity":"","overlay-gradient":""},"tablet":{"background-color":"var(--ast-global-color-4)","background-image":"","background-repeat":"repeat","background-position":"center center","background-size":"auto","background-attachment":"scroll","background-type":"","background-media":"","overlay-type":"","overlay-color":"","overlay-opacity":"","overlay-gradient":""},"mobile":{"background-color":"var(--ast-global-color-4)","background-image":"","background-repeat":"repeat","background-position":"center center","background-size":"auto","background-attachment":"scroll","background-type":"","background-media":"","overlay-type":"","overlay-color":"","overlay-opacity":"","overlay-gradient":""}},"footnotes":""},"categories":[191],"tags":[192],"class_list":["post-19133","post","type-post","status-publish","format-standard","has-post-thumbnail","hentry","category-chocolat","tag-chocolat"],"uagb_featured_image_src":{"full":["https:\/\/www.interflora.fr\/blog\/wp-content\/uploads\/2025\/01\/chocolat-en-poudre.jpeg",1000,414,false],"thumbnail":["https:\/\/www.interflora.fr\/blog\/wp-content\/uploads\/2025\/01\/chocolat-en-poudre-150x150.jpeg",150,150,true],"medium":["https:\/\/www.interflora.fr\/blog\/wp-content\/uploads\/2025\/01\/chocolat-en-poudre-300x124.jpeg",300,124,true],"medium_large":["https:\/\/www.interflora.fr\/blog\/wp-content\/uploads\/2025\/01\/chocolat-en-poudre-768x318.jpeg",768,318,true],"large":["https:\/\/www.interflora.fr\/blog\/wp-content\/uploads\/2025\/01\/chocolat-en-poudre.jpeg",1000,414,false],"1536x1536":["https:\/\/www.interflora.fr\/blog\/wp-content\/uploads\/2025\/01\/chocolat-en-poudre.jpeg",1000,414,false],"2048x2048":["https:\/\/www.interflora.fr\/blog\/wp-content\/uploads\/2025\/01\/chocolat-en-poudre.jpeg",1000,414,false]},"uagb_author_info":{"display_name":"admin","author_link":"https:\/\/www.interflora.fr\/blog\/author\/admin\/"},"uagb_comment_info":0,"uagb_excerpt":"Les recettes de g\u00e2teau au chocolat, dans les familles, c\u2019est un peu comme les bijoux et les secrets : on [&hellip;]","yoast_meta":{"title":"","description":""},"_links":{"self":[{"href":"https:\/\/www.interflora.fr\/blog\/wp-json\/wp\/v2\/posts\/19133","targetHints":{"allow":["GET"]}}],"collection":[{"href":"https:\/\/www.interflora.fr\/blog\/wp-json\/wp\/v2\/posts"}],"about":[{"href":"https:\/\/www.interflora.fr\/blog\/wp-json\/wp\/v2\/types\/post"}],"author":[{"embeddable":true,"href":"https:\/\/www.interflora.fr\/blog\/wp-json\/wp\/v2\/users\/1"}],"replies":[{"embeddable":true,"href":"https:\/\/www.interflora.fr\/blog\/wp-json\/wp\/v2\/comments?post=19133"}],"version-history":[{"count":1,"href":"https:\/\/www.interflora.fr\/blog\/wp-json\/wp\/v2\/posts\/19133\/revisions"}],"predecessor-version":[{"id":57972,"href":"https:\/\/www.interflora.fr\/blog\/wp-json\/wp\/v2\/posts\/19133\/revisions\/57972"}],"wp:featuredmedia":[{"embeddable":true,"href":"https:\/\/www.interflora.fr\/blog\/wp-json\/wp\/v2\/media\/57971"}],"wp:attachment":[{"href":"https:\/\/www.interflora.fr\/blog\/wp-json\/wp\/v2\/media?parent=19133"}],"wp:term":[{"taxonomy":"category","embeddable":true,"href":"https:\/\/www.interflora.fr\/blog\/wp-json\/wp\/v2\/categories?post=19133"},{"taxonomy":"post_tag","embeddable":true,"href":"https:\/\/www.interflora.fr\/blog\/wp-json\/wp\/v2\/tags?post=19133"}],"curies":[{"name":"wp","href":"https:\/\/api.w.org\/{rel}","templated":true}]}}