{"id":1894,"date":"2012-05-28T14:58:07","date_gmt":"2012-05-28T12:58:07","guid":{"rendered":"http:\/\/www.interflora.fr\/blog\/?p=1894"},"modified":"2012-05-28T14:58:07","modified_gmt":"2012-05-28T12:58:07","slug":"violette","status":"publish","type":"post","link":"https:\/\/www.interflora.fr\/blog\/violette\/","title":{"rendered":"La violette"},"content":{"rendered":"\n<p><strong>Avec sa taille modeste et ses p\u00e9tales d\u00e9licats, la violette se donne des airs de dame timide qui n\u2019aime pas qu\u2019on la remarque. Mais pour s\u00e9duire, elle n\u2019h\u00e9site pas \u00e0 user de son plus grand atout : son parfum suave et enivrant, reconnaissable entre mille ! En la c\u00f4toyant depuis l\u2019Antiquit\u00e9 et en apprenant \u00e0 la conna\u00eetre, elle nous a d\u00e9voil\u00e9 de nombreuses qualit\u00e9s m\u00e9dicinales. Depuis un si\u00e8cle elle prend ses aises, au point de s\u2019inviter d\u00e9sormais dans nos cuisines pour enchanter nos papilles&#8230;<\/strong><\/p>\n\n\n<div class=\"lp-produits-grid\"><div class=\"lp-produit\"><div class=\"lp-thumbnail-wrapper\"><img loading=\"lazy\" decoding=\"async\" width=\"300\" height=\"300\" src=\"https:\/\/www.interflora.fr\/blog\/wp-content\/uploads\/2026\/01\/1BIU-800Wx800H-0-1-300x300.jpg\" class=\"attachment-medium size-medium wp-post-image\" alt=\"\" srcset=\"https:\/\/www.interflora.fr\/blog\/wp-content\/uploads\/2026\/01\/1BIU-800Wx800H-0-1-300x300.jpg 300w, https:\/\/www.interflora.fr\/blog\/wp-content\/uploads\/2026\/01\/1BIU-800Wx800H-0-1-150x150.jpg 150w, https:\/\/www.interflora.fr\/blog\/wp-content\/uploads\/2026\/01\/1BIU-800Wx800H-0-1-768x768.jpg 768w, https:\/\/www.interflora.fr\/blog\/wp-content\/uploads\/2026\/01\/1BIU-800Wx800H-0-1.jpg 800w\" sizes=\"auto, (max-width: 300px) 100vw, 300px\" \/><img decoding=\"async\" class=\"lp-badge\" src=\"https:\/\/www.interflora.fr\/blog\/wp-content\/uploads\/2025\/06\/logo-circle.png\" alt=\"Livraison rapide Interflora\"><\/div><span>Bisous et sa bulle d&rsquo;eau<\/span><p>41.95 \u20ac<\/p><span class=\"obf-link lp-cta\" role=\"link\" tabindex=\"0\" data-b64=\"aHR0cHM6Ly93d3cuaW50ZXJmbG9yYS5mci9wL3NhaW50LXZhbGVudGluLWplLXQtYWltZS1idWxsZS1lYXUvMS9GUj91dG1fbWVkaXVtPW9yZ2FuaWMmdXRtX3NvdXJjZT1ibG9nX3Byb2R1Y3RzJnV0bV9jYW1wYWlnbj0xQklV\" data-target=\"_blank\"><svg xmlns=\"http:\/\/www.w3.org\/2000\/svg\" width=\"16\" height=\"16\" fill=\"currentColor\" class=\"bi bi-bag\" viewBox=\"0 0 16 16\"><path d=\"M8 1a2 2 0 0 1 2 2v1h2.5A1.5 1.5 0 0 1 14 5.5v8A1.5 1.5 0 0 1 12.5 15h-9A1.5 1.5 0 0 1 2 13.5v-8A1.5 1.5 0 0 1 3.5 3H6V2a2 2 0 0 1 2-1zm1 3V3a1 1 0 0 0-2 0v1h2z\"\/><\/svg>Voir le produit<\/span><p class=\"rapido\">Livraison rapide<\/p><\/div><div class=\"lp-produit\"><div class=\"lp-thumbnail-wrapper\"><img loading=\"lazy\" decoding=\"async\" width=\"300\" height=\"300\" src=\"https:\/\/www.interflora.fr\/blog\/wp-content\/uploads\/2025\/05\/2TUFR-800Wx800H-0-1-25-300x300.jpg\" class=\"attachment-medium size-medium wp-post-image\" alt=\"\" srcset=\"https:\/\/www.interflora.fr\/blog\/wp-content\/uploads\/2025\/05\/2TUFR-800Wx800H-0-1-25-300x300.jpg 300w, https:\/\/www.interflora.fr\/blog\/wp-content\/uploads\/2025\/05\/2TUFR-800Wx800H-0-1-25-150x150.jpg 150w, https:\/\/www.interflora.fr\/blog\/wp-content\/uploads\/2025\/05\/2TUFR-800Wx800H-0-1-25-768x768.jpg 768w, https:\/\/www.interflora.fr\/blog\/wp-content\/uploads\/2025\/05\/2TUFR-800Wx800H-0-1-25.jpg 800w\" sizes=\"auto, (max-width: 300px) 100vw, 300px\" \/><img decoding=\"async\" class=\"lp-badge\" src=\"https:\/\/www.interflora.fr\/blog\/wp-content\/uploads\/2025\/06\/logo-circle.png\" alt=\"Livraison rapide Interflora\"><\/div><span>Tutti frutti<\/span><p>44.95 \u20ac<\/p><span class=\"obf-link lp-cta\" role=\"link\" tabindex=\"0\" data-b64=\"aHR0cHM6Ly93d3cuaW50ZXJmbG9yYS5mci9wL2JvdXF1ZXQtZmxldXJzLXR1dHRpLWZydXR0aS8xL0ZSP3V0bV9tZWRpdW09b3JnYW5pYyZ1dG1fc291cmNlPWJsb2dfcHJvZHVjdHMmdXRtX2NhbXBhaWduPTJUVUZS\" data-target=\"_blank\"><svg xmlns=\"http:\/\/www.w3.org\/2000\/svg\" width=\"16\" height=\"16\" fill=\"currentColor\" class=\"bi bi-bag\" viewBox=\"0 0 16 16\"><path d=\"M8 1a2 2 0 0 1 2 2v1h2.5A1.5 1.5 0 0 1 14 5.5v8A1.5 1.5 0 0 1 12.5 15h-9A1.5 1.5 0 0 1 2 13.5v-8A1.5 1.5 0 0 1 3.5 3H6V2a2 2 0 0 1 2-1zm1 3V3a1 1 0 0 0-2 0v1h2z\"\/><\/svg>Voir le produit<\/span><p class=\"rapido\">Top produit<\/p><\/div><div class=\"lp-produit\"><div class=\"lp-thumbnail-wrapper\"><img loading=\"lazy\" decoding=\"async\" width=\"300\" height=\"300\" src=\"https:\/\/www.interflora.fr\/blog\/wp-content\/uploads\/2025\/09\/2DP-800Wx800H-0-1-25-300x300.jpg\" class=\"attachment-medium size-medium wp-post-image\" alt=\"\" srcset=\"https:\/\/www.interflora.fr\/blog\/wp-content\/uploads\/2025\/09\/2DP-800Wx800H-0-1-25-300x300.jpg 300w, https:\/\/www.interflora.fr\/blog\/wp-content\/uploads\/2025\/09\/2DP-800Wx800H-0-1-25-150x150.jpg 150w, https:\/\/www.interflora.fr\/blog\/wp-content\/uploads\/2025\/09\/2DP-800Wx800H-0-1-25-768x768.jpg 768w, https:\/\/www.interflora.fr\/blog\/wp-content\/uploads\/2025\/09\/2DP-800Wx800H-0-1-25.jpg 800w\" sizes=\"auto, (max-width: 300px) 100vw, 300px\" \/><img decoding=\"async\" class=\"lp-badge\" src=\"https:\/\/www.interflora.fr\/blog\/wp-content\/uploads\/2025\/06\/logo-circle.png\" alt=\"Livraison rapide Interflora\"><\/div><span>Douceur poudr\u00e9e<\/span><p>31.95 \u20ac<\/p><span class=\"obf-link lp-cta\" role=\"link\" tabindex=\"0\" data-b64=\"aHR0cHM6Ly93d3cuaW50ZXJmbG9yYS5mci9wL2RvdWNldXItcG91ZHJlZS8xL0ZSP3V0bV9tZWRpdW09b3JnYW5pYyZ1dG1fc291cmNlPWJsb2dfcHJvZHVjdHMmdXRtX2NhbXBhaWduPTJEUA==\" data-target=\"_blank\"><svg xmlns=\"http:\/\/www.w3.org\/2000\/svg\" width=\"16\" height=\"16\" fill=\"currentColor\" class=\"bi bi-bag\" viewBox=\"0 0 16 16\"><path d=\"M8 1a2 2 0 0 1 2 2v1h2.5A1.5 1.5 0 0 1 14 5.5v8A1.5 1.5 0 0 1 12.5 15h-9A1.5 1.5 0 0 1 2 13.5v-8A1.5 1.5 0 0 1 3.5 3H6V2a2 2 0 0 1 2-1zm1 3V3a1 1 0 0 0-2 0v1h2z\"\/><\/svg>Voir le produit<\/span><p class=\"rapido\">Livraison rapide<\/p><\/div><div class=\"lp-produit\"><div class=\"lp-thumbnail-wrapper\"><img loading=\"lazy\" decoding=\"async\" width=\"300\" height=\"300\" src=\"https:\/\/www.interflora.fr\/blog\/wp-content\/uploads\/2026\/01\/1BIFF-800Wx800H-0-1-300x300.jpg\" class=\"attachment-medium size-medium wp-post-image\" alt=\"\" srcset=\"https:\/\/www.interflora.fr\/blog\/wp-content\/uploads\/2026\/01\/1BIFF-800Wx800H-0-1-300x300.jpg 300w, https:\/\/www.interflora.fr\/blog\/wp-content\/uploads\/2026\/01\/1BIFF-800Wx800H-0-1-150x150.jpg 150w, https:\/\/www.interflora.fr\/blog\/wp-content\/uploads\/2026\/01\/1BIFF-800Wx800H-0-1-768x768.jpg 768w, https:\/\/www.interflora.fr\/blog\/wp-content\/uploads\/2026\/01\/1BIFF-800Wx800H-0-1.jpg 800w\" sizes=\"auto, (max-width: 300px) 100vw, 300px\" \/><img decoding=\"async\" class=\"lp-badge\" src=\"https:\/\/www.interflora.fr\/blog\/wp-content\/uploads\/2025\/06\/logo-circle.png\" alt=\"Livraison rapide Interflora\"><\/div><span>Mon coeur<\/span><p>39.95 \u20ac<\/p><span class=\"obf-link lp-cta\" role=\"link\" tabindex=\"0\" data-b64=\"aHR0cHM6Ly93d3cuaW50ZXJmbG9yYS5mci9wL2JvdXF1ZXQtbW9uLWNvZXVyLzEvRlI\/dXRtX21lZGl1bT1vcmdhbmljJnV0bV9zb3VyY2U9YmxvZ19wcm9kdWN0cyZ1dG1fY2FtcGFpZ249MUJJRkY=\" data-target=\"_blank\"><svg xmlns=\"http:\/\/www.w3.org\/2000\/svg\" width=\"16\" height=\"16\" fill=\"currentColor\" class=\"bi bi-bag\" viewBox=\"0 0 16 16\"><path d=\"M8 1a2 2 0 0 1 2 2v1h2.5A1.5 1.5 0 0 1 14 5.5v8A1.5 1.5 0 0 1 12.5 15h-9A1.5 1.5 0 0 1 2 13.5v-8A1.5 1.5 0 0 1 3.5 3H6V2a2 2 0 0 1 2-1zm1 3V3a1 1 0 0 0-2 0v1h2z\"\/><\/svg>Voir le produit<\/span><p class=\"rapido\">Fleurs fra\u00eeches<\/p><\/div><\/div>\n\n\n\n<div style=\"height:18px\" aria-hidden=\"true\" class=\"wp-block-spacer\"><\/div>\n\n\n\n<h2 class=\"wp-block-heading\">Ses caract\u00e9ristiques<\/h2>\n\n\n\n<div class=\"wp-block-media-text alignwide is-stacked-on-mobile\" style=\"grid-template-columns:20% auto\"><figure class=\"wp-block-media-text__media\"><img decoding=\"async\" src=\"\/\/www.interflora.fr\/blog\/wp-content\/uploads\/2012\/06\/violette2-225x300.jpg\" alt=\"La violette : ses caract\u00e9ristiques\" class=\"wp-image-1899 size-full\"\/><\/figure><div class=\"wp-block-media-text__content\">\n<p>La violette est une h<strong>erbac\u00e9e vivace de la famille des Violac\u00e9es appartenant au genre Viola<\/strong>, tout comme la pens\u00e9e. Appel\u00e9e aussi \u00ab\u00a0herbe de la Trinit\u00e9\u00a0\u00bb, sa fleur est de petite taille et ses p\u00e9tales d\u00e9licats. Il existe plus de <strong>90 esp\u00e8ces europ\u00e9ennes<\/strong> dont 19 en France. Son parfum, m\u00eame s\u2019il ne dure qu\u2019un instant, est envo\u00fbtant au point d\u2019\u00eatre capable d\u2019endormir les nerfs olfactifs. On raconte que la violette aurait m\u00eame des vertus aphrodisiaques&#8230;<br>\u00a0<br><strong>La violette commune est la violette odorante<\/strong> (<em>viola odorata<\/em>), appel\u00e9e aussi \u00ab\u00a0violette de mars\u00a0\u00bb. Elle se caract\u00e9rise notamment par la disposition de ses p\u00e9tales : 2 vers le haut et 3 vers le bas. Sa floraison se produit depuis l\u2019hiver jusqu\u2019au d\u00e9but du printemps.<\/p>\n<\/div><\/div>\n\n\n\n<p><br>\u00a0<strong>Une des plus c\u00e9l\u00e8bres vari\u00e9t\u00e9s est la violette de Toulouse<\/strong>, de la famille des violettes de Parme, dont les produits d\u00e9riv\u00e9s (bonbons, confitures, fleurs cristallis\u00e9es, liqueurs, produits de beaut\u00e9) s\u2019exportent aujourd\u2019hui \u00e0 travers le monde. Elle compte deux fois plus de p\u00e9tales et fleurit d\u2019octobre \u00e0 mars.<br>On trouve aussi la violette cornue (viola cornuta), ressemblant davantage \u00e0 la pens\u00e9e ou la violette des chiens (viola canina).<br>\u00a0<br>Bien qu\u2019on associe la violette \u00e0 la couleur que son nom \u00e9voque, les esp\u00e8ces sont nombreuses et offrent une <strong>large palette de coloris<\/strong> : blanc, jaune, rose, bleu et m\u00eame rouge.<\/p>\n\n\n\n<blockquote class=\"wp-block-quote is-layout-flow wp-block-quote-is-layout-flow\">\n<p>Dans le langage des fleurs, la violette est associ\u00e9e \u00e0 la modestie, la timidit\u00e9 et la pudeur&#8230;<\/p>\n<\/blockquote>\n\n\n\n<figure class=\"wp-block-image aligncenter\"><img decoding=\"async\" src=\"\/\/www.interflora.fr\/blog\/wp-content\/uploads\/2012\/06\/violette4.jpg\" alt=\"La violette\" class=\"wp-image-1958\" title=\"La violette\"\/><\/figure>\n\n\n\n<p><\/p>\n\n\n\n<h2 class=\"wp-block-heading\">Un brin d&rsquo;histoire<\/h2>\n\n\n\n<p><strong>La violette trouve sa place dans plusieurs histoires de la mythologie.<\/strong> On raconte que la nymphe Io, courtis\u00e9e par Apollon, se refusa \u00e0 lui. Indign\u00e9, le dieu la condamna en la m\u00e9tamorphosant en une fleur chaste et pudique, la violette. On dit \u00e9galement que le dieu Vulcain, au physique repoussant, voulait plaire \u00e0 son \u00e9pouse V\u00e9nus. Pour ce faire, il eut l\u2019id\u00e9e de se couronner de violettes. Ensorcel\u00e9e par le parfum que les fleurs d\u00e9gageaient, V\u00e9nus ne put lui r\u00e9sister.<br>\u00a0<br><strong>D\u00e8s l\u2019Antiquit\u00e9, on transforme la violette en pommade et en tisane<\/strong> afin de lutter contre les probl\u00e8mes respiratoires et la toux. Apr\u00e8s leurs longues festivit\u00e9s, les Romains arborent une couronne de violettes, permettant d\u2019apaiser les migraines. <strong>La fleur conserve sa r\u00e9putation de fleur m\u00e9dicinale pendant le Moyen Age, puis les rois de France, \u00e0 partir de Henri IV, s\u2019en poudrent le corps afin d\u2019att\u00e9nuer les odeurs corporelles.<\/strong> Elle trouve naturellement sa place dans le potager du roi et orne les tables de r\u00e9ception.<br>La violette double et parfum\u00e9e, dite de Parme, s\u2019installe en 1755 dans la r\u00e9gion de Grasse o\u00f9 elle est alors utilis\u00e9e en parfumerie. Fleur dite \u00ab\u00a0parfaite\u00a0\u00bb &#8211; tant pour sa beaut\u00e9 que pour son parfum et ses bienfaits \u2013 elle est alors renomm\u00e9e dans toute l\u2019Europe et sa culture devient l\u2019une des plus importantes productions hivernales.<br>Pendant la R\u00e9volution Fran\u00e7aise \u00e0 Paris, la violette conna\u00eet un tel succ\u00e8s que les bouqueti\u00e8res qui en vendent au coin des rues sont tax\u00e9es et leur commerce tr\u00e8s r\u00e9glement\u00e9.<\/p>\n\n\n\n<div class=\"wp-block-media-text alignwide has-media-on-the-right is-stacked-on-mobile\" style=\"grid-template-columns:auto 15%\"><div class=\"wp-block-media-text__content\">\n<p><strong>Napol\u00e9on Bonaparte voue une passion pour cette fleur<\/strong> : on raconte que Jos\u00e9phine de Beauharnais, le jour de leur rencontre, en portait un bouquet \u00e0 la taille. Au d\u00e9part de son exil \u00e0 l\u2019\u00eele d\u2019Elbe, en 1814, il d\u00e9clare \u00e0 ses soldats qu\u2019il reviendra \u00ab\u00a0avec les violettes\u00a0\u00bb, c\u2019est-\u00e0-dire au printemps. Cette phrase lui vaut le nom de <strong>\u00ab P\u00e8re la Violette \u00bb<\/strong>, et la fleur deviendra le signe de ralliement des bonapartistes pendant les Cent Jours.<\/p>\n<\/div><figure class=\"wp-block-media-text__media\"><img decoding=\"async\" src=\"\/\/www.interflora.fr\/blog\/wp-content\/uploads\/2012\/06\/napoleon-bonaparte-240x300.jpg\" alt=\"Napoleon Bonaparte\" class=\"wp-image-1913 size-full\"\/><\/figure><\/div>\n\n\n\n<p><\/p>\n\n\n\n<p>A la fin de XIXe si\u00e8cle et d\u00e9but du XXe si\u00e8cle, le sud de Paris compte pr\u00e8s de deux cents hectares d\u00e9di\u00e9s \u00e0 la culture des violettes. On en d\u00e9nombre \u00e9galement plus de mille hectares dans la r\u00e9gion d\u2019Hy\u00e8res dont deux cents pour la fleur coup\u00e9e. Quant \u00e0 la <strong>violette de Toulouse<\/strong>, elle commence \u00e0 \u00eatre cultiv\u00e9e dans les ann\u00e9es 1850 au nord de la ville rose. Durant la premi\u00e8re moiti\u00e9 du XXe si\u00e8cle, <strong>elle fait un triomphe<\/strong> : on l\u2019exporte alors dans toute l\u2019Europe, au Maroc et m\u00eame en Russie. <strong>Mais le rigoureux hiver 1956 provoque de nombreux d\u00e9g\u00e2ts dans les cultures<\/strong>. Il faut attendre 1985 pour qu\u2019un programme mis en place par la r\u00e9gion la r\u00e9habilite. Quelques ann\u00e9es plus tard arrive la culture in vitro, qui redonne \u00e0 la violette de Toulouse ses lettres de noblesse.<\/p>\n\n\n<div class=\"lp-produits-grid\"><div class=\"lp-produit\"><div class=\"lp-thumbnail-wrapper\"><img loading=\"lazy\" decoding=\"async\" width=\"300\" height=\"300\" src=\"https:\/\/www.interflora.fr\/blog\/wp-content\/uploads\/2025\/10\/2IC-800Wx800H-0-1-14-300x300.jpg\" class=\"attachment-medium size-medium wp-post-image\" alt=\"\" srcset=\"https:\/\/www.interflora.fr\/blog\/wp-content\/uploads\/2025\/10\/2IC-800Wx800H-0-1-14-300x300.jpg 300w, https:\/\/www.interflora.fr\/blog\/wp-content\/uploads\/2025\/10\/2IC-800Wx800H-0-1-14-150x150.jpg 150w, https:\/\/www.interflora.fr\/blog\/wp-content\/uploads\/2025\/10\/2IC-800Wx800H-0-1-14-768x768.jpg 768w, https:\/\/www.interflora.fr\/blog\/wp-content\/uploads\/2025\/10\/2IC-800Wx800H-0-1-14.jpg 800w\" sizes=\"auto, (max-width: 300px) 100vw, 300px\" \/><img decoding=\"async\" class=\"lp-badge\" src=\"https:\/\/www.interflora.fr\/blog\/wp-content\/uploads\/2025\/06\/logo-circle.png\" alt=\"Livraison rapide Interflora\"><\/div><span>Instant complice<\/span><p>54.95 \u20ac<\/p><span class=\"obf-link lp-cta\" role=\"link\" tabindex=\"0\" data-b64=\"aHR0cHM6Ly93d3cuaW50ZXJmbG9yYS5mci9wL2JvdXF1ZXQtaW5zdGFudC1jb21wbGljZS8xL0ZSP3V0bV9tZWRpdW09b3JnYW5pYyZ1dG1fc291cmNlPWJsb2dfcHJvZHVjdHMmdXRtX2NhbXBhaWduPTJJQw==\" data-target=\"_blank\"><svg xmlns=\"http:\/\/www.w3.org\/2000\/svg\" width=\"16\" height=\"16\" fill=\"currentColor\" class=\"bi bi-bag\" viewBox=\"0 0 16 16\"><path d=\"M8 1a2 2 0 0 1 2 2v1h2.5A1.5 1.5 0 0 1 14 5.5v8A1.5 1.5 0 0 1 12.5 15h-9A1.5 1.5 0 0 1 2 13.5v-8A1.5 1.5 0 0 1 3.5 3H6V2a2 2 0 0 1 2-1zm1 3V3a1 1 0 0 0-2 0v1h2z\"\/><\/svg>Voir le produit<\/span><p class=\"rapido\">Livraison rapide<\/p><\/div><div class=\"lp-produit\"><div class=\"lp-thumbnail-wrapper\"><img loading=\"lazy\" decoding=\"async\" width=\"300\" height=\"300\" src=\"https:\/\/www.interflora.fr\/blog\/wp-content\/uploads\/2025\/12\/2BDT-800Wx800H-0-1-300x300.jpg\" class=\"attachment-medium size-medium wp-post-image\" alt=\"\" srcset=\"https:\/\/www.interflora.fr\/blog\/wp-content\/uploads\/2025\/12\/2BDT-800Wx800H-0-1-300x300.jpg 300w, https:\/\/www.interflora.fr\/blog\/wp-content\/uploads\/2025\/12\/2BDT-800Wx800H-0-1-150x150.jpg 150w, https:\/\/www.interflora.fr\/blog\/wp-content\/uploads\/2025\/12\/2BDT-800Wx800H-0-1-768x768.jpg 768w, https:\/\/www.interflora.fr\/blog\/wp-content\/uploads\/2025\/12\/2BDT-800Wx800H-0-1.jpg 800w\" sizes=\"auto, (max-width: 300px) 100vw, 300px\" \/><img decoding=\"async\" class=\"lp-badge\" src=\"https:\/\/www.interflora.fr\/blog\/wp-content\/uploads\/2025\/06\/logo-circle.png\" alt=\"Livraison rapide Interflora\"><\/div><span>Brass\u00e9e de tulipes multicolores<\/span><p>31.95 \u20ac<\/p><span class=\"obf-link lp-cta\" role=\"link\" tabindex=\"0\" data-b64=\"aHR0cHM6Ly93d3cuaW50ZXJmbG9yYS5mci9wL2JvdXF1ZXQtdHVsaXBlcy8xL0ZSP3V0bV9tZWRpdW09b3JnYW5pYyZ1dG1fc291cmNlPWJsb2dfcHJvZHVjdHMmdXRtX2NhbXBhaWduPTJCRFQ=\" data-target=\"_blank\"><svg xmlns=\"http:\/\/www.w3.org\/2000\/svg\" width=\"16\" height=\"16\" fill=\"currentColor\" class=\"bi bi-bag\" viewBox=\"0 0 16 16\"><path d=\"M8 1a2 2 0 0 1 2 2v1h2.5A1.5 1.5 0 0 1 14 5.5v8A1.5 1.5 0 0 1 12.5 15h-9A1.5 1.5 0 0 1 2 13.5v-8A1.5 1.5 0 0 1 3.5 3H6V2a2 2 0 0 1 2-1zm1 3V3a1 1 0 0 0-2 0v1h2z\"\/><\/svg>Voir le produit<\/span><p class=\"rapido\">Fleurs fra\u00eeches<\/p><\/div><div class=\"lp-produit\"><div class=\"lp-thumbnail-wrapper\"><img loading=\"lazy\" decoding=\"async\" width=\"300\" height=\"300\" src=\"https:\/\/www.interflora.fr\/blog\/wp-content\/uploads\/2026\/01\/1BIU-800Wx800H-0-1-300x300.jpg\" class=\"attachment-medium size-medium wp-post-image\" alt=\"\" srcset=\"https:\/\/www.interflora.fr\/blog\/wp-content\/uploads\/2026\/01\/1BIU-800Wx800H-0-1-300x300.jpg 300w, https:\/\/www.interflora.fr\/blog\/wp-content\/uploads\/2026\/01\/1BIU-800Wx800H-0-1-150x150.jpg 150w, https:\/\/www.interflora.fr\/blog\/wp-content\/uploads\/2026\/01\/1BIU-800Wx800H-0-1-768x768.jpg 768w, https:\/\/www.interflora.fr\/blog\/wp-content\/uploads\/2026\/01\/1BIU-800Wx800H-0-1.jpg 800w\" sizes=\"auto, (max-width: 300px) 100vw, 300px\" \/><img decoding=\"async\" class=\"lp-badge\" src=\"https:\/\/www.interflora.fr\/blog\/wp-content\/uploads\/2025\/06\/logo-circle.png\" alt=\"Livraison rapide Interflora\"><\/div><span>Bisous et sa bulle d&rsquo;eau<\/span><p>41.95 \u20ac<\/p><span class=\"obf-link lp-cta\" role=\"link\" tabindex=\"0\" data-b64=\"aHR0cHM6Ly93d3cuaW50ZXJmbG9yYS5mci9wL3NhaW50LXZhbGVudGluLWplLXQtYWltZS1idWxsZS1lYXUvMS9GUj91dG1fbWVkaXVtPW9yZ2FuaWMmdXRtX3NvdXJjZT1ibG9nX3Byb2R1Y3RzJnV0bV9jYW1wYWlnbj0xQklV\" data-target=\"_blank\"><svg xmlns=\"http:\/\/www.w3.org\/2000\/svg\" width=\"16\" height=\"16\" fill=\"currentColor\" class=\"bi bi-bag\" viewBox=\"0 0 16 16\"><path d=\"M8 1a2 2 0 0 1 2 2v1h2.5A1.5 1.5 0 0 1 14 5.5v8A1.5 1.5 0 0 1 12.5 15h-9A1.5 1.5 0 0 1 2 13.5v-8A1.5 1.5 0 0 1 3.5 3H6V2a2 2 0 0 1 2-1zm1 3V3a1 1 0 0 0-2 0v1h2z\"\/><\/svg>Voir le produit<\/span><p class=\"rapido\">Livraison rapide<\/p><\/div><div class=\"lp-produit\"><div class=\"lp-thumbnail-wrapper\"><img loading=\"lazy\" decoding=\"async\" width=\"300\" height=\"300\" src=\"https:\/\/www.interflora.fr\/blog\/wp-content\/uploads\/2025\/05\/W2BOROMO-800Wx800H-0-1-300x300.jpg\" class=\"attachment-medium size-medium wp-post-image\" alt=\"\" srcset=\"https:\/\/www.interflora.fr\/blog\/wp-content\/uploads\/2025\/05\/W2BOROMO-800Wx800H-0-1-300x300.jpg 300w, https:\/\/www.interflora.fr\/blog\/wp-content\/uploads\/2025\/05\/W2BOROMO-800Wx800H-0-1-150x150.jpg 150w, https:\/\/www.interflora.fr\/blog\/wp-content\/uploads\/2025\/05\/W2BOROMO-800Wx800H-0-1-768x768.jpg 768w, https:\/\/www.interflora.fr\/blog\/wp-content\/uploads\/2025\/05\/W2BOROMO-800Wx800H-0-1.jpg 800w\" sizes=\"auto, (max-width: 300px) 100vw, 300px\" \/><img decoding=\"async\" class=\"lp-badge\" src=\"https:\/\/www.interflora.fr\/blog\/wp-content\/uploads\/2025\/06\/logo-circle.png\" alt=\"Livraison rapide Interflora\"><\/div><span>Bois de rose et son vase offert<\/span><p>42.95 \u20ac<\/p><span class=\"obf-link lp-cta\" role=\"link\" tabindex=\"0\" data-b64=\"aHR0cHM6Ly93d3cuaW50ZXJmbG9yYS5mci9wL2JvaXMtZGUtcm9zZS1ldC1zb24tdmFzZS1vZmZlcnQvMS9GUj91dG1fbWVkaXVtPW9yZ2FuaWMmdXRtX3NvdXJjZT1ibG9nX3Byb2R1Y3RzJnV0bV9jYW1wYWlnbj1XMkJPUk9NTw==\" data-target=\"_blank\"><svg xmlns=\"http:\/\/www.w3.org\/2000\/svg\" width=\"16\" height=\"16\" fill=\"currentColor\" class=\"bi bi-bag\" viewBox=\"0 0 16 16\"><path d=\"M8 1a2 2 0 0 1 2 2v1h2.5A1.5 1.5 0 0 1 14 5.5v8A1.5 1.5 0 0 1 12.5 15h-9A1.5 1.5 0 0 1 2 13.5v-8A1.5 1.5 0 0 1 3.5 3H6V2a2 2 0 0 1 2-1zm1 3V3a1 1 0 0 0-2 0v1h2z\"\/><\/svg>Voir le produit<\/span><p class=\"rapido\">Livraison rapide<\/p><\/div><\/div>\n\n\n\n<div style=\"height:18px\" aria-hidden=\"true\" class=\"wp-block-spacer\"><\/div>\n\n\n\n<h2 class=\"wp-block-heading\">Le mot de la fleur<\/h2>\n\n\n\n<p>Dans le <a href=\"\/\/www.interflora.fr\/blog\/\">langage des fleurs<\/a>, la violette est associ\u00e9e \u00e0 la modestie, la timidit\u00e9 et la pudeur. <strong>Offrir un bouquet de violettes \u00e0 quelqu\u2019un signifie : \u00ab&nbsp;je t\u2019aime en secret&nbsp;\u00bb<\/strong>.<br>Autrefois, les jeunes gar\u00e7ons signalaient leur c\u00e9libat en portant \u00e0 la boutonni\u00e8re deux fleurs de violette.<\/p>\n\n\n\n<ul class=\"wp-block-list\">\n<li><strong>Violette est aussi un pr\u00e9nom f\u00e9minin<\/strong>, que l\u2019on f\u00eate le 5 octobre, jour de la Sainte-Fleur.<\/li>\n<\/ul>\n\n\n\n<ul class=\"wp-block-list\">\n<li>Dans le domaine de la parfumerie, ce sont principalement <strong>les feuilles de violettes<\/strong> qui sont utilis\u00e9es et non pas les fleurs ! Aujourd\u2019hui, l\u2019odeur de la violette est la plupart du temps reproduite chimiquement.<\/li>\n<\/ul>\n\n\n\n<ul class=\"wp-block-list\">\n<li>Si on la surnomme commun\u00e9ment \u00ab&nbsp;la ville rose&nbsp;\u00bb, <strong>on qualifie aussi Toulouse de \u00ab&nbsp;Cit\u00e9 des violettes&nbsp;\u00bb<\/strong>. La Violette y est \u00e9galement une r\u00e9compense d\u00e9cern\u00e9e par l\u2019Acad\u00e9mie des Jeux Floraux de Toulouse (une soci\u00e9t\u00e9 litt\u00e9raire fond\u00e9e au Moyen Age), qui distingue les plus beaux po\u00e8mes.<\/li>\n<\/ul>\n\n\n\n<ul class=\"wp-block-list\">\n<li>La violette \u00e9tait source d\u2019inspiration pour Edouard Manet : on la retrouve dans son tableau <em>Bouquet de violettes<\/em>, ainsi que dans son portrait <em>Berthe Morisot au bouquet de violettes<\/em>.<\/li>\n<\/ul>\n\n\n\n<ul class=\"wp-block-list\">\n<li>Connaissez-vous <strong>l&rsquo;expression \u00ab&nbsp;avoir les pieds en bouquet de violettes&nbsp;\u00bb<\/strong> ? Elle signifie passer du bon temps.<\/li>\n<\/ul>\n\n\n\n<ul class=\"wp-block-list\">\n<li>Pour parfumer subtilement votre champagne*, mettez au fond de votre fl\u00fbte <strong>une fleur de violette cristallis\u00e9e<\/strong>, disponible dans les \u00e9piceries fines. Effet garanti !<\/li>\n<\/ul>\n\n\n\n<ul class=\"wp-block-list\">\n<li>Pensez \u00e0 l\u2019huile essentielle de violette qui soulage efficacement les maux de gorge, la migraine, les affections cutan\u00e9es et respiratoires. Demandez conseil \u00e0 un professionnel pour une utilisation optimale.<\/li>\n<\/ul>\n\n\n\n<p>*<em>L\u2019abus d\u2019alcool est dangereux pour la sant\u00e9. A consommer avec mod\u00e9ration.<\/em><\/p>\n\n\n\n<h2 class=\"wp-block-heading\">Quelques conseils d\u2019entretien<\/h2>\n\n\n\n<p>En pot, la violette odorante peut se planter durant tout l\u2019automne et jusqu\u2019au commencement du printemps, et en semis au d\u00e9but de l\u2019automne. Rustique, <strong>elle r\u00e9siste bien au froid hivernal et s\u2019\u00e9panouit sur un sol neutre ou calcaire mais toujours bien drain\u00e9<\/strong>. Pensez simplement \u00e0 l\u2019arroser si le sol est sec, et \u00e0 supprimer les fleurs fan\u00e9es pour stimuler l\u2019arriv\u00e9e des suivantes.<br>&nbsp;<br>La violette a la particularit\u00e9 de fleurir en hiver ou au printemps selon les esp\u00e8ces, et m\u00eame au-del\u00e0. Vous pourrez donc profiter de son parfum et de ses magnifiques couleurs tout au long de l\u2019ann\u00e9e ! Elle \u00e9gaiera \u00e0 merveille votre jardin en massif et rocaille, ou votre balcon en jardini\u00e8re.<\/p>\n\n\n\n<p class=\"has-text-align-center\"><img loading=\"lazy\" decoding=\"async\" width=\"325\" height=\"380\" src=\"\/\/www.interflora.fr\/blog\/wp-content\/uploads\/2012\/06\/violette34.jpg\" alt=\"Les violettes cristalis\u00e9es\"><br>Envie de d\u00e9guster des violettes ? D\u00e9couvrez<br><a href=\"https:\/\/www.lamaisondelaviolette.com\/fr\/\">la Maison de la Violette et sa boutique en ligne<\/a> !<\/p>\n","protected":false},"excerpt":{"rendered":"<p>Avec sa taille modeste, la violette se donne des airs de dame timide. Mais pour s\u00e9duire, elle sait user de son plus grand atout&nbsp;: son parfum suave et enivrant&#8230;<\/p>\n","protected":false},"author":1,"featured_media":1968,"comment_status":"open","ping_status":"closed","sticky":false,"template":"","format":"standard","meta":{"_uag_custom_page_level_css":"","site-sidebar-layout":"default","site-content-layout":"","ast-site-content-layout":"default","site-content-style":"default","site-sidebar-style":"default","ast-global-header-display":"","ast-banner-title-visibility":"","ast-main-header-display":"","ast-hfb-above-header-display":"","ast-hfb-below-header-display":"","ast-hfb-mobile-header-display":"","site-post-title":"","ast-breadcrumbs-content":"","ast-featured-img":"","footer-sml-layout":"","ast-disable-related-posts":"","theme-transparent-header-meta":"","adv-header-id-meta":"","stick-header-meta":"","header-above-stick-meta":"","header-main-stick-meta":"","header-below-stick-meta":"","astra-migrate-meta-layouts":"default","ast-page-background-enabled":"default","ast-page-background-meta":{"desktop":{"background-color":"var(--ast-global-color-5)","background-image":"","background-repeat":"repeat","background-position":"center center","background-size":"auto","background-attachment":"scroll","background-type":"","background-media":"","overlay-type":"","overlay-color":"","overlay-opacity":"","overlay-gradient":""},"tablet":{"background-color":"","background-image":"","background-repeat":"repeat","background-position":"center center","background-size":"auto","background-attachment":"scroll","background-type":"","background-media":"","overlay-type":"","overlay-color":"","overlay-opacity":"","overlay-gradient":""},"mobile":{"background-color":"","background-image":"","background-repeat":"repeat","background-position":"center center","background-size":"auto","background-attachment":"scroll","background-type":"","background-media":"","overlay-type":"","overlay-color":"","overlay-opacity":"","overlay-gradient":""}},"ast-content-background-meta":{"desktop":{"background-color":"var(--ast-global-color-4)","background-image":"","background-repeat":"repeat","background-position":"center center","background-size":"auto","background-attachment":"scroll","background-type":"","background-media":"","overlay-type":"","overlay-color":"","overlay-opacity":"","overlay-gradient":""},"tablet":{"background-color":"var(--ast-global-color-4)","background-image":"","background-repeat":"repeat","background-position":"center center","background-size":"auto","background-attachment":"scroll","background-type":"","background-media":"","overlay-type":"","overlay-color":"","overlay-opacity":"","overlay-gradient":""},"mobile":{"background-color":"var(--ast-global-color-4)","background-image":"","background-repeat":"repeat","background-position":"center center","background-size":"auto","background-attachment":"scroll","background-type":"","background-media":"","overlay-type":"","overlay-color":"","overlay-opacity":"","overlay-gradient":""}},"footnotes":""},"categories":[196],"tags":[197],"class_list":["post-1894","post","type-post","status-publish","format-standard","has-post-thumbnail","hentry","category-fleurs-champs","tag-violette"],"uagb_featured_image_src":{"full":false,"thumbnail":false,"medium":false,"medium_large":false,"large":false,"1536x1536":false,"2048x2048":false},"uagb_author_info":{"display_name":"admin","author_link":"https:\/\/www.interflora.fr\/blog\/author\/admin\/"},"uagb_comment_info":6,"uagb_excerpt":"Avec sa taille modeste, la violette se donne des airs de dame timide. Mais pour s\u00e9duire, elle sait user de son plus grand atout&nbsp;: son parfum suave et enivrant...","yoast_meta":{"title":"","description":"La violette se donne des airs de dame timide. Mais pour s\u00e9duire, elle use de son plus grand atout : son parfum suave et enivrant..."},"_links":{"self":[{"href":"https:\/\/www.interflora.fr\/blog\/wp-json\/wp\/v2\/posts\/1894","targetHints":{"allow":["GET"]}}],"collection":[{"href":"https:\/\/www.interflora.fr\/blog\/wp-json\/wp\/v2\/posts"}],"about":[{"href":"https:\/\/www.interflora.fr\/blog\/wp-json\/wp\/v2\/types\/post"}],"author":[{"embeddable":true,"href":"https:\/\/www.interflora.fr\/blog\/wp-json\/wp\/v2\/users\/1"}],"replies":[{"embeddable":true,"href":"https:\/\/www.interflora.fr\/blog\/wp-json\/wp\/v2\/comments?post=1894"}],"version-history":[{"count":0,"href":"https:\/\/www.interflora.fr\/blog\/wp-json\/wp\/v2\/posts\/1894\/revisions"}],"wp:featuredmedia":[{"embeddable":true,"href":"https:\/\/www.interflora.fr\/blog\/wp-json\/"}],"wp:attachment":[{"href":"https:\/\/www.interflora.fr\/blog\/wp-json\/wp\/v2\/media?parent=1894"}],"wp:term":[{"taxonomy":"category","embeddable":true,"href":"https:\/\/www.interflora.fr\/blog\/wp-json\/wp\/v2\/categories?post=1894"},{"taxonomy":"post_tag","embeddable":true,"href":"https:\/\/www.interflora.fr\/blog\/wp-json\/wp\/v2\/tags?post=1894"}],"curies":[{"name":"wp","href":"https:\/\/api.w.org\/{rel}","templated":true}]}}