{"id":18307,"date":"2019-04-08T08:43:01","date_gmt":"2019-04-08T06:43:01","guid":{"rendered":"https:\/\/www.interflora.fr\/blog\/?p=18307"},"modified":"2019-04-08T08:43:01","modified_gmt":"2019-04-08T06:43:01","slug":"7-raisons-doffrir-des-fleurs-a-une-kine","status":"publish","type":"post","link":"https:\/\/www.interflora.fr\/blog\/7-raisons-doffrir-des-fleurs-a-une-kine\/","title":{"rendered":"7 raisons d\u2019offrir des fleurs \u00e0 un(e) kin\u00e9"},"content":{"rendered":"\n<p><span style=\"font-size: 14pt;\">C\u2019est simple, votre vie ne serait pas la m\u00eame sans ses <strong>doigts de f\u00e9e<\/strong>. Le rendez-vous en urgence du lundi matin apr\u00e8s le running de trop le dimanche ? Le <strong>d\u00e9blocage<\/strong> de dos qui vous \u00e9vite de ressembler au Bossu de Notre-Dame ? La r\u00e9\u00e9ducation tout en douceur qui vous redonne confiance en votre corps ? Pour votre <strong>kin\u00e9<\/strong>, il y a indiscutablement une place au paradis et une place \u00e0 part dans votre c\u0153ur. Dites-le lui avec des <strong>fleurs<\/strong>, et pas seulement parce que vous pouvez \u00e0 nouveau vous baisser pour les cueillir !<\/span><\/p>\n\n\n\n<figure class=\"wp-block-image aligncenter size-full is-resized\"><img decoding=\"async\" src=\"https:\/\/www.interflora.fr\/blog\/wp-content\/uploads\/offrir-des-fleurs-maitresse.jpg\" alt=\"\" class=\"wp-image-44759\" style=\"width:959px;height:auto\"\/><\/figure>\n\n\n\n<p><span style=\"color: #c9ad59; font-size: 14pt;\"><strong>Parce que, d\u2019habitude, les fleurs c\u2019est plut\u00f4t avant de se d\u00e9shabiller<\/strong><\/span><\/p>\n\n\n\n<p><span style=\"font-size: 14pt;\">La premi\u00e8re fois qu\u2019on vous a demand\u00e9 de vous allonger en <strong>soutien-gorge<\/strong> ou en <strong>cale\u00e7on<\/strong>, vous avez trouv\u00e9 \u00e7a un brin <strong>intimidant<\/strong>. Mais force est de constater que votre <strong>kin\u00e9<\/strong> conna\u00eet chaque recoin de vous mieux que votre +1 voir m\u00eame, presque mieux que vous-m\u00eame. \u00c7a m\u00e9rite des <strong>fleurs<\/strong>, non ?<\/span><\/p>\n\n\n\n<p><span style=\"color: #c9ad59; font-size: 14pt;\"><strong>Parce qu\u2019il a sauv\u00e9 vos vacances<\/strong><\/span><\/p>\n\n\n\n<p><span style=\"font-size: 14pt;\">La vilaine <strong>vert\u00e8bre<\/strong> qui avait d\u00e9cid\u00e9 que vos vacances au ski, r\u00e9serv\u00e9es depuis juillet, se finiraient plut\u00f4t en <strong>tartiflette<\/strong> qu\u2019en Super G, n\u2019a qu\u2019\u00e0 bien se tenir. Super Kin\u00e9 est pass\u00e9 par l\u00e0. Un petit <strong>bouquet de remerciement<\/strong> co\u00fbtera tellement moins cher qu\u2019une grosse <strong>p\u00e9nalit\u00e9<\/strong> d\u2019annulation !<\/span><\/p>\n\n\n\n<p><span style=\"color: #c9ad59; font-size: 14pt;\"><strong>Pour le changer des huiles essentielles<\/strong><\/span><\/p>\n\n\n\n<p><span style=\"font-size: 14pt;\">On ne va pas se le cacher : on adore les <strong>huiles v\u00e9g\u00e9tales<\/strong>. C\u00e8dre, lavande, eucalyptus&#8230;Votre kin\u00e9 les conna\u00eet bien et les ma\u00eetrise \u00e0 la perfection. Mais justement, une <strong>brass\u00e9e<\/strong> de superbes fleurs fra\u00eechement coup\u00e9es, \u00e7a le changera du travail !<\/span><\/p>\n\n\n\n<p><span style=\"color: #c9ad59; font-size: 14pt;\"><strong>Pour cr\u00e9er une ambiance relaxante<\/strong><\/span><\/p>\n\n\n\n<p><span style=\"font-size: 14pt;\">Un moment chez le <strong>kin\u00e9<\/strong>, c\u2019est certes un rendez-vous m\u00e9dical, mais c\u2019est souvent, avant tout un moment dont on veut ressortir <strong>d\u00e9tendu<\/strong> et soulag\u00e9. Un <strong>philodendron<\/strong> ou les belles rondeurs d\u2019un <strong>cactus<\/strong> ne permettront pas seulement de <strong>remercier<\/strong> votre kin\u00e9 pr\u00e9f\u00e9r\u00e9(e) pour son efficacit\u00e9, mais contribueront aussi \u00e0 l\u2019<strong>atmosph\u00e8re accueillante<\/strong> et apaisante de son cabinet. Allez, hop, on joint l\u2019utile \u00e0 l\u2019agr\u00e9able en offrant une <strong>plante<\/strong> !<\/span><\/p>\n\n\n\n<p><span style=\"color: #c9ad59; font-size: 14pt;\"><strong>Parce que vous avez arr\u00eat\u00e9 de fumer<\/strong><\/span><\/p>\n\n\n\n<p><span style=\"font-size: 14pt;\">C\u2019est le <strong>mois sans tabac<\/strong> et vous avez envie de tuer Thomas de la compta, qui vous demande 3 fois par jour \u201csi vous tenez le coup\u201d. On se d\u00e9tend et on file \u00e0 une s\u00e9ance kin\u00e9 qui permet de&nbsp;garder son <strong>zen<\/strong> et de faire des exercices respiratoires. Si \u00e7a marche, on lui offre un <strong>bouquet de fleurs<\/strong>.<\/span><\/p>\n\n\n\n<p><span style=\"color: #c9ad59; font-size: 14pt;\"><strong>Parce que vous l\u2019avez pris pour un ost\u00e9opathe<\/strong><\/span><\/p>\n\n\n\n<p><span style=\"font-size: 14pt;\">Les kin\u00e9s peuvent \u00eatre form\u00e9s \u00e0 <strong>l\u2019ost\u00e9opathie<\/strong>, qui est une v\u00e9ritable discipline \u00e0 part enti\u00e8re. Cependant ces professionnels de sant\u00e9 ont un dipl\u00f4me d\u2019Etat qui a n\u00e9cessit\u00e9 plusieurs ann\u00e9es <strong>d&rsquo;\u00e9tudes<\/strong>. Si vous avez commis ce petit impair, faites-le lui oublier avec un <strong>joli bouquet<\/strong>.<\/span><\/p>\n\n\n\n<p><span style=\"color: #c9ad59; font-size: 14pt;\"><strong>Parce qu\u2019il ne peut pas accepter n\u2019importe quel cadeau<\/strong><\/span><\/p>\n\n\n\n<p><span style=\"font-size: 14pt;\">Le saviez-vous ? La <strong>d\u00e9ontologie<\/strong> des soignants s\u2019applique \u00e0 votre kin\u00e9. Il n\u2019a pas le droit de recevoir de <strong>cadeaux trop chers<\/strong>. C\u2019est inscrit dans la loi, \u00e0 l\u2019article 909 du code civil, par exemple. M\u00eame si vous l\u2019aimez beaucoup, et que pour vous c\u2019est une paille, oubliez la <strong>Rolex<\/strong>, offrez-lui plut\u00f4t une belle <strong>composition florale<\/strong>, c&rsquo;est l\u00e9gal.<\/span><\/p>\n","protected":false},"excerpt":{"rendered":"<p>C\u2019est simple, votre vie ne serait pas la m\u00eame sans ses doigts de f\u00e9e. Le rendez-vous en urgence du lundi [&hellip;]<\/p>\n","protected":false},"author":1,"featured_media":18372,"comment_status":"open","ping_status":"closed","sticky":false,"template":"","format":"standard","meta":{"_uag_custom_page_level_css":"","site-sidebar-layout":"default","site-content-layout":"","ast-site-content-layout":"default","site-content-style":"default","site-sidebar-style":"default","ast-global-header-display":"","ast-banner-title-visibility":"","ast-main-header-display":"","ast-hfb-above-header-display":"","ast-hfb-below-header-display":"","ast-hfb-mobile-header-display":"","site-post-title":"","ast-breadcrumbs-content":"","ast-featured-img":"","footer-sml-layout":"","ast-disable-related-posts":"","theme-transparent-header-meta":"","adv-header-id-meta":"","stick-header-meta":"","header-above-stick-meta":"","header-main-stick-meta":"","header-below-stick-meta":"","astra-migrate-meta-layouts":"set","ast-page-background-enabled":"default","ast-page-background-meta":{"desktop":{"background-color":"var(--ast-global-color-5)","background-image":"","background-repeat":"repeat","background-position":"center center","background-size":"auto","background-attachment":"scroll","background-type":"","background-media":"","overlay-type":"","overlay-color":"","overlay-opacity":"","overlay-gradient":""},"tablet":{"background-color":"","background-image":"","background-repeat":"repeat","background-position":"center center","background-size":"auto","background-attachment":"scroll","background-type":"","background-media":"","overlay-type":"","overlay-color":"","overlay-opacity":"","overlay-gradient":""},"mobile":{"background-color":"","background-image":"","background-repeat":"repeat","background-position":"center center","background-size":"auto","background-attachment":"scroll","background-type":"","background-media":"","overlay-type":"","overlay-color":"","overlay-opacity":"","overlay-gradient":""}},"ast-content-background-meta":{"desktop":{"background-color":"var(--ast-global-color-4)","background-image":"","background-repeat":"repeat","background-position":"center center","background-size":"auto","background-attachment":"scroll","background-type":"","background-media":"","overlay-type":"","overlay-color":"","overlay-opacity":"","overlay-gradient":""},"tablet":{"background-color":"var(--ast-global-color-4)","background-image":"","background-repeat":"repeat","background-position":"center center","background-size":"auto","background-attachment":"scroll","background-type":"","background-media":"","overlay-type":"","overlay-color":"","overlay-opacity":"","overlay-gradient":""},"mobile":{"background-color":"var(--ast-global-color-4)","background-image":"","background-repeat":"repeat","background-position":"center center","background-size":"auto","background-attachment":"scroll","background-type":"","background-media":"","overlay-type":"","overlay-color":"","overlay-opacity":"","overlay-gradient":""}},"footnotes":""},"categories":[183],"tags":[237],"class_list":["post-18307","post","type-post","status-publish","format-standard","has-post-thumbnail","hentry","category-fleurs","tag-destinataire"],"uagb_featured_image_src":{"full":false,"thumbnail":false,"medium":false,"medium_large":false,"large":false,"1536x1536":false,"2048x2048":false},"uagb_author_info":{"display_name":"admin","author_link":"https:\/\/www.interflora.fr\/blog\/author\/admin\/"},"uagb_comment_info":0,"uagb_excerpt":"C\u2019est simple, votre vie ne serait pas la m\u00eame sans ses doigts de f\u00e9e. Le rendez-vous en urgence du lundi [&hellip;]","yoast_meta":{"title":"","description":""},"_links":{"self":[{"href":"https:\/\/www.interflora.fr\/blog\/wp-json\/wp\/v2\/posts\/18307","targetHints":{"allow":["GET"]}}],"collection":[{"href":"https:\/\/www.interflora.fr\/blog\/wp-json\/wp\/v2\/posts"}],"about":[{"href":"https:\/\/www.interflora.fr\/blog\/wp-json\/wp\/v2\/types\/post"}],"author":[{"embeddable":true,"href":"https:\/\/www.interflora.fr\/blog\/wp-json\/wp\/v2\/users\/1"}],"replies":[{"embeddable":true,"href":"https:\/\/www.interflora.fr\/blog\/wp-json\/wp\/v2\/comments?post=18307"}],"version-history":[{"count":0,"href":"https:\/\/www.interflora.fr\/blog\/wp-json\/wp\/v2\/posts\/18307\/revisions"}],"wp:featuredmedia":[{"embeddable":true,"href":"https:\/\/www.interflora.fr\/blog\/wp-json\/"}],"wp:attachment":[{"href":"https:\/\/www.interflora.fr\/blog\/wp-json\/wp\/v2\/media?parent=18307"}],"wp:term":[{"taxonomy":"category","embeddable":true,"href":"https:\/\/www.interflora.fr\/blog\/wp-json\/wp\/v2\/categories?post=18307"},{"taxonomy":"post_tag","embeddable":true,"href":"https:\/\/www.interflora.fr\/blog\/wp-json\/wp\/v2\/tags?post=18307"}],"curies":[{"name":"wp","href":"https:\/\/api.w.org\/{rel}","templated":true}]}}