{"id":18249,"date":"2019-02-25T12:13:39","date_gmt":"2019-02-25T11:13:39","guid":{"rendered":"https:\/\/www.interflora.fr\/blog\/?p=18249"},"modified":"2026-03-12T17:05:54","modified_gmt":"2026-03-12T16:05:54","slug":"la-coupe-du-monde-des-fleuristes-interflora","status":"publish","type":"post","link":"https:\/\/www.interflora.fr\/blog\/la-coupe-du-monde-des-fleuristes-interflora\/","title":{"rendered":"La Coupe du Monde des fleuristes Interflora"},"content":{"rendered":"<p><strong><span style=\"font-size: 14pt;\"><span style=\"color: #3366ff;\">La coupe du Monde des fleuristes Interflora 2019<\/span><\/span><\/strong><\/p>\n<p><span style=\"font-size: 12pt;\">Chaque discipline a ses comp\u00e9titions, ses grandes \u00e9ch\u00e9ances, o\u00f9 se rencontrent les meilleurs de leur domaine.<\/span><\/p>\n<p><span style=\"font-size: 12pt;\">En mati\u00e8re d&rsquo;art floral, <strong>la Coupe du Monde des Fleuristes Interflora<\/strong> est le plus prestigieux des troph\u00e9es.\u00a0<\/span><span style=\"font-size: 12pt;\">C&rsquo;est la r\u00e9compense supr\u00eame de l&rsquo;art floral. Elle voit se confronter des talents du monde entier dans le cadre d&rsquo;une comp\u00e9tition spectaculaire m\u00ealant cr\u00e9ativit\u00e9, empreinte culturelle, ma\u00eetrise technique, sensibilit\u00e9 artistique et grain de folie.<\/span><\/p>\n<p><span style=\"font-size: 12pt;\">Apr\u00e8s Berlin en 2015, c&rsquo;est Philadelphie qui accueillera la prochaine \u00e9dition en mars 2019.\u00a0<\/span><span style=\"font-size: 12pt;\"><strong>Une trentaine de designers floraux du monde entier<\/strong> s\u00e9lectionn\u00e9s dans leur pays d&rsquo;origine s&rsquo;affronteront dans le cadre de l\u2019\u00e9v\u00e9nement floral le plus important des Etats-Unis accueillant plus de 250 000 visiteurs : le PHS Philadelphia Flower Show.<\/span><\/p>\n<p><span style=\"font-size: 12pt;\">A l&rsquo;issue de quatre \u00e9preuves, dont 3 pr\u00e9par\u00e9es dans leur pays d&rsquo;origine, ils devront obtenir assez de points pour faire partie des dix s\u00e9lectionn\u00e9s pour la demi-finale, puis des cinq finalistes !<\/span><\/p>\n<p><span style=\"font-size: 12pt;\">Il n&rsquo;en restera qu&rsquo;un ! Qui sera le successeur d&rsquo;Alex Choi ?<\/span><\/p>\n<p>&nbsp;<\/p>\n<p><span style=\"font-size: 14pt; color: #3366ff;\"><strong>Herv\u00e9 Frezal et son \u00e9quipe repr\u00e9senteront la Franc<\/strong><strong>e\u00a0<\/strong><\/span><\/p>\n<p><img loading=\"lazy\" decoding=\"async\" class=\"wp-image-18265 alignright\" src=\"https:\/\/www.interflora.fr\/blog\/wp-content\/uploads\/2019\/02\/team-france-coupe-du-monde1.jpg\" alt=\"\" width=\"397\" height=\"410\" \/><\/p>\n<p><span style=\"font-size: 12pt;\">Pour cette \u00e9dition, c&rsquo;est Herv\u00e9 Frezal et son assistant Jullian Tonnelier qui vont repr\u00e9senter la France accompagn\u00e9s de leur \u00e9quipe de choc. <\/span><\/p>\n<p><span style=\"font-size: 12pt;\">Habitu\u00e9s des comp\u00e9titions, des d\u00e9monstrations, observateurs ou petites mains lors de pr\u00e9c\u00e9dentes Coupes du Monde, ils ont tous en commun <strong>la passion de la fleur et l\u2019envie\u00a0d\u2019emmener la France tr\u00e8s loin \u00e0\u00a0Philadelphie ! <\/strong><\/span><\/p>\n<p><span style=\"font-size: 12pt;\">Sous\u00a0la houlette de Gilles Pothier, ils ont pr\u00e9par\u00e9 les 3 sujets libres qui seront pr\u00e9sent\u00e9s dans quelques jours aux yeux du monde\u2026 Et du jury !<\/span><\/p>\n<p>&nbsp;<\/p>\n<p>&nbsp;<\/p>\n<p>&nbsp;<\/p>\n<p>&nbsp;<\/p>\n<p><strong><span style=\"font-size: 14pt;\">Les \u00e9preuves de la Coupe du Monde des Fleuristes Interflora 2019 :<\/span><\/strong><\/p>\n<p>&nbsp;<\/p>\n<p><img loading=\"lazy\" decoding=\"async\" class=\" wp-image-18252 alignleft\" src=\"https:\/\/www.interflora.fr\/blog\/wp-content\/uploads\/2019\/02\/coupe-1.png\" alt=\"\" width=\"326\" height=\"446\" \/> <img loading=\"lazy\" decoding=\"async\" class=\"alignnone wp-image-18253\" src=\"https:\/\/www.interflora.fr\/blog\/wp-content\/uploads\/2019\/02\/coupe-2.png\" alt=\"\" width=\"333\" height=\"468\" \/> <img loading=\"lazy\" decoding=\"async\" class=\"wp-image-18254 aligncenter\" src=\"https:\/\/www.interflora.fr\/blog\/wp-content\/uploads\/2019\/02\/coupe-3.png\" alt=\"\" width=\"295\" height=\"413\" \/><\/p>\n","protected":false},"excerpt":{"rendered":"<p>La coupe du Monde des fleuristes Interflora 2019 Chaque discipline a ses comp\u00e9titions, ses grandes \u00e9ch\u00e9ances, o\u00f9 se rencontrent les [&hellip;]<\/p>\n","protected":false},"author":1,"featured_media":18281,"comment_status":"open","ping_status":"closed","sticky":false,"template":"","format":"standard","meta":{"_uag_custom_page_level_css":"","site-sidebar-layout":"default","site-content-layout":"","ast-site-content-layout":"default","site-content-style":"default","site-sidebar-style":"default","ast-global-header-display":"","ast-banner-title-visibility":"","ast-main-header-display":"","ast-hfb-above-header-display":"","ast-hfb-below-header-display":"","ast-hfb-mobile-header-display":"","site-post-title":"","ast-breadcrumbs-content":"","ast-featured-img":"","footer-sml-layout":"","ast-disable-related-posts":"","theme-transparent-header-meta":"","adv-header-id-meta":"","stick-header-meta":"","header-above-stick-meta":"","header-main-stick-meta":"","header-below-stick-meta":"","astra-migrate-meta-layouts":"default","ast-page-background-enabled":"default","ast-page-background-meta":{"desktop":{"background-color":"var(--ast-global-color-5)","background-image":"","background-repeat":"repeat","background-position":"center center","background-size":"auto","background-attachment":"scroll","background-type":"","background-media":"","overlay-type":"","overlay-color":"","overlay-opacity":"","overlay-gradient":""},"tablet":{"background-color":"","background-image":"","background-repeat":"repeat","background-position":"center center","background-size":"auto","background-attachment":"scroll","background-type":"","background-media":"","overlay-type":"","overlay-color":"","overlay-opacity":"","overlay-gradient":""},"mobile":{"background-color":"","background-image":"","background-repeat":"repeat","background-position":"center center","background-size":"auto","background-attachment":"scroll","background-type":"","background-media":"","overlay-type":"","overlay-color":"","overlay-opacity":"","overlay-gradient":""}},"ast-content-background-meta":{"desktop":{"background-color":"var(--ast-global-color-4)","background-image":"","background-repeat":"repeat","background-position":"center center","background-size":"auto","background-attachment":"scroll","background-type":"","background-media":"","overlay-type":"","overlay-color":"","overlay-opacity":"","overlay-gradient":""},"tablet":{"background-color":"var(--ast-global-color-4)","background-image":"","background-repeat":"repeat","background-position":"center center","background-size":"auto","background-attachment":"scroll","background-type":"","background-media":"","overlay-type":"","overlay-color":"","overlay-opacity":"","overlay-gradient":""},"mobile":{"background-color":"var(--ast-global-color-4)","background-image":"","background-repeat":"repeat","background-position":"center center","background-size":"auto","background-attachment":"scroll","background-type":"","background-media":"","overlay-type":"","overlay-color":"","overlay-opacity":"","overlay-gradient":""}},"footnotes":""},"categories":[479,164],"tags":[175],"class_list":["post-18249","post","type-post","status-publish","format-standard","has-post-thumbnail","hentry","category-decouvrir-interflora","category-actualites-interflora","tag-interflora"],"uagb_featured_image_src":{"full":false,"thumbnail":false,"medium":false,"medium_large":false,"large":false,"1536x1536":false,"2048x2048":false},"uagb_author_info":{"display_name":"admin","author_link":"https:\/\/www.interflora.fr\/blog\/author\/admin\/"},"uagb_comment_info":0,"uagb_excerpt":"La coupe du Monde des fleuristes Interflora 2019 Chaque discipline a ses comp\u00e9titions, ses grandes \u00e9ch\u00e9ances, o\u00f9 se rencontrent les [&hellip;]","yoast_meta":{"title":"","description":""},"_links":{"self":[{"href":"https:\/\/www.interflora.fr\/blog\/wp-json\/wp\/v2\/posts\/18249","targetHints":{"allow":["GET"]}}],"collection":[{"href":"https:\/\/www.interflora.fr\/blog\/wp-json\/wp\/v2\/posts"}],"about":[{"href":"https:\/\/www.interflora.fr\/blog\/wp-json\/wp\/v2\/types\/post"}],"author":[{"embeddable":true,"href":"https:\/\/www.interflora.fr\/blog\/wp-json\/wp\/v2\/users\/1"}],"replies":[{"embeddable":true,"href":"https:\/\/www.interflora.fr\/blog\/wp-json\/wp\/v2\/comments?post=18249"}],"version-history":[{"count":1,"href":"https:\/\/www.interflora.fr\/blog\/wp-json\/wp\/v2\/posts\/18249\/revisions"}],"predecessor-version":[{"id":58439,"href":"https:\/\/www.interflora.fr\/blog\/wp-json\/wp\/v2\/posts\/18249\/revisions\/58439"}],"wp:featuredmedia":[{"embeddable":true,"href":"https:\/\/www.interflora.fr\/blog\/wp-json\/"}],"wp:attachment":[{"href":"https:\/\/www.interflora.fr\/blog\/wp-json\/wp\/v2\/media?parent=18249"}],"wp:term":[{"taxonomy":"category","embeddable":true,"href":"https:\/\/www.interflora.fr\/blog\/wp-json\/wp\/v2\/categories?post=18249"},{"taxonomy":"post_tag","embeddable":true,"href":"https:\/\/www.interflora.fr\/blog\/wp-json\/wp\/v2\/tags?post=18249"}],"curies":[{"name":"wp","href":"https:\/\/api.w.org\/{rel}","templated":true}]}}