{"id":18128,"date":"2018-10-22T13:50:35","date_gmt":"2018-10-22T11:50:35","guid":{"rendered":"https:\/\/www.interflora.fr\/blog\/?p=18128"},"modified":"2018-10-22T13:50:35","modified_gmt":"2018-10-22T11:50:35","slug":"9-raisons-qui-prouvent-que-vous-etes-formidable","status":"publish","type":"post","link":"https:\/\/www.interflora.fr\/blog\/9-raisons-qui-prouvent-que-vous-etes-formidable\/","title":{"rendered":"9 raisons qui prouvent que vous \u00eates formidable !"},"content":{"rendered":"<p><span style=\"font-size: 14pt;\">On ne vous le dit pas assez, et parfois vous l\u2019oubliez vous-m\u00eame&#8230;. mais vous \u00eates <strong>formidable<\/strong> ! Si, si, on vous l\u2019assure : pas juste \u201csympa\u201d ou banalement \u201ccool\u201d. FOR-MI-DA-BLE, on vous dit. Pas forc\u00e9ment besoin d&rsquo;\u00eatre l\u2019Abb\u00e9 Pierre ou M\u00e8re Teresa pour \u00eatre une tr\u00e8s <strong>belle personne<\/strong>. Vous avez encore un petit doute ? Allez, voici 9 raisons qui prouvent \u00e0 quel point vous \u00eates formidable.<\/span><\/p>\n<p>&nbsp;<\/p>\n<h4><span style=\"color: #c9ad59; font-size: 14pt;\"><strong>Vous n\u2019oubliez jamais un anniversaire<\/strong><\/span><\/h4>\n<p><span style=\"font-size: 14pt;\">Mamie, les copains, votre +1, personne n\u2019a jamais eu \u00e0 se plaindre : toujours un petit <strong>mot<\/strong>, un <strong>joli bouquet<\/strong> ou des <strong>chocolats<\/strong>. Et m\u00eame pas besoin de consulter <strong>Facebook<\/strong> pour vous en souvenir.<\/span><\/p>\n<p style=\"text-align: center;\"><iframe loading=\"lazy\" class=\"giphy-embed\" src=\"https:\/\/giphy.com\/embed\/3oEhn78T277GKAq6Gc\" width=\"480\" height=\"316\" frameborder=\"0\" allowfullscreen=\"allowfullscreen\"><\/iframe><\/p>\n<p>&nbsp;<\/p>\n<h4><span style=\"color: #c9ad59; font-size: 14pt;\"><strong>Vous \u00eates sympa m\u00eame quand vous \u00eates de mauvaise humeur<\/strong><\/span><\/h4>\n<p style=\"text-align: left;\"><span style=\"font-size: 14pt;\">Vous arrivez le <strong>lundi<\/strong> au bureau avec les <strong>croissants<\/strong> et le vendredi soir vous payez votre <strong>tourn\u00e9e<\/strong> aux coll\u00e8gues : on adore passer la semaine avec vous. M\u00eame quand vous avez de petits soucis, vous appliquez la devise de la Reine Elisabeth II \u201cnever complain, never explain\u201d. <strong>Styl\u00e9<\/strong>.<\/span><\/p>\n<p style=\"text-align: center;\"><iframe loading=\"lazy\" class=\"giphy-embed\" src=\"https:\/\/giphy.com\/embed\/EviEccBDTeNR6\" width=\"480\" height=\"281\" frameborder=\"0\" allowfullscreen=\"allowfullscreen\"><\/iframe><\/p>\n<p>&nbsp;<\/p>\n<p>&nbsp;<\/p>\n<h4><\/h4>\n<h4><span style=\"color: #c9ad59; font-size: 14pt;\"><strong>Vous n\u2019avez jamais dit non \u00e0 un d\u00e9m\u00e9nagement<\/strong><\/span><\/h4>\n<p><span style=\"font-size: 14pt;\">S\u2019il existait un <strong>prix Nobel des amis<\/strong>, il serait indiscutablement pour vous. Le 5e \u00e9tage sans ascenseur ne vous effraie pas quand il faut aider des copains. Quand d\u2019autres inventent syst\u00e9matiquement des <strong>grippes diplomatiques<\/strong>, on peut toujours compter sur vous. \u00c7a, c\u2019est <strong>formidable<\/strong>.<\/span><\/p>\n<p style=\"text-align: center;\"><iframe loading=\"lazy\" class=\"giphy-embed\" src=\"https:\/\/giphy.com\/embed\/3nfqWYzKrDHEI\" width=\"480\" height=\"353\" frameborder=\"0\" allowfullscreen=\"allowfullscreen\"><\/iframe><\/p>\n<p>&nbsp;<\/p>\n<p>&nbsp;<\/p>\n<h4><span style=\"color: #c9ad59; font-size: 14pt;\"><strong>Votre \u00ab\u00a0z\u00e9nitude\u00a0\u00bb r\u00e9siste \u00e0 tout<\/strong><\/span><\/h4>\n<p style=\"text-align: left;\"><span style=\"font-size: 14pt;\">La mamie qui compte ses pi\u00e8ces jaunes \u00e0 la caisse, les 5 heures de train avec le b\u00e9b\u00e9 qui pleure : une formalit\u00e9 pour votre esprit zen, qui est <strong>inalt\u00e9rable<\/strong>. Vous n\u2019avez rien \u00e0 envier au Dala\u00ef Lama. Vous m\u00e9ritez le <strong>Nirvana<\/strong>.<\/span><\/p>\n<p style=\"text-align: center;\"><iframe loading=\"lazy\" class=\"giphy-embed\" src=\"https:\/\/giphy.com\/embed\/3o7buiEVyi9GAXgzw4\" width=\"480\" height=\"227\" frameborder=\"0\" allowfullscreen=\"allowfullscreen\"><\/iframe><\/p>\n<p>&nbsp;<\/p>\n<h4><span style=\"color: #c9ad59; font-size: 14pt;\"><strong>Vous savez changer une roue<\/strong><\/span><\/h4>\n<p><span style=\"font-size: 14pt;\">Changer un pneu crev\u00e9, r\u00e9parer un grille-pain, d\u00e9boucher un \u00e9vier, monter un meuble en deux temps trois mouvements. Autant vous le dire, \u00e0 nos yeux cela fait de vous un \u00eatre <strong>exceptionnel<\/strong>, et un excellent parti. Ce cric vous donne un air trop <strong>craquant<\/strong> !<\/span><\/p>\n<p style=\"text-align: center;\"><iframe loading=\"lazy\" class=\"giphy-embed\" src=\"https:\/\/giphy.com\/embed\/xA28qUvHKigcE\" width=\"480\" height=\"288\" frameborder=\"0\" allowfullscreen=\"allowfullscreen\"><\/iframe><\/p>\n<p>&nbsp;<\/p>\n<p>&nbsp;<\/p>\n<h4><span style=\"color: #c9ad59; font-size: 14pt;\"><strong>Vous \u00eates fan de Charles Aznavour<\/strong><\/span><\/h4>\n<p><span style=\"font-size: 14pt;\"><em>\u201cYou are formi, formi, formi, formi, formidaaaaableuh\u201d<\/em>. Si m\u00eame le grand <strong>Charles<\/strong> vous le dit, c\u2019est que c\u2019est s\u00fbrement vrai, non ?<\/span><\/p>\n<p style=\"text-align: center;\"><iframe loading=\"lazy\" class=\"giphy-embed\" src=\"https:\/\/giphy.com\/embed\/ckeHl52mNtoq87veET\" width=\"480\" height=\"264\" frameborder=\"0\" allowfullscreen=\"allowfullscreen\"><\/iframe><\/p>\n<p>&nbsp;<\/p>\n<p>&nbsp;<\/p>\n<h4><span style=\"color: #c9ad59; font-size: 14pt;\"><strong>Parce que c\u2019est votre m\u00e8re qui le dit<\/strong><\/span><\/h4>\n<p><span style=\"font-size: 14pt;\">Rien de tel qu\u2019une <strong>maman<\/strong> pour vous rappeler \u00e0 quel point vous \u00eates <strong>formidable<\/strong>. Ado, elle vous a surpris en train de fumer derri\u00e8re le bahut, puis elle n\u2019a pas trop aim\u00e9 cette id\u00e9e de <strong>piercing<\/strong>, quant \u00e0 vos conqu\u00eates elle les d\u00e9testait syst\u00e9matiquement mais&#8230; \u00e0 ses yeux, rien n\u2019y fait, vous serez toujours <strong>formidable<\/strong>. Elle l\u2019est aussi d\u2019ailleurs, n\u2019oubliez pas de le lui dire <a href=\"https:\/\/www.interflora.fr\/c\/fleurs-fete-des-meres\">pour la F\u00eate des M\u00e8res le 26 Mai<\/a> !<\/span><br \/>\n<iframe loading=\"lazy\" class=\"giphy-embed\" src=\"https:\/\/giphy.com\/embed\/Vd5HK9o8hsoZG\" width=\"480\" height=\"270\" frameborder=\"0\" allowfullscreen=\"allowfullscreen\"><\/iframe><\/p>\n<p>&nbsp;<\/p>\n<p>&nbsp;<\/p>\n<p>&nbsp;<\/p>\n<h4><span style=\"color: #c9ad59; font-size: 14pt;\"><strong>Parce que vous connaissez l\u2019\u00e9tymologie du mot \u201cformidable\u201d<\/strong><\/span><\/h4>\n<p><span style=\"font-size: 14pt;\">Le saviez-vous ? \u201cFormidable\u201d vient de formido, \u00ab peur, effroi \u00bb, en latin. \u201cFormidable\u201d est donc synonyme d\u2019 \u201deffrayant\u201d. Si vous le saviez d\u00e9j\u00e0, vous \u00eates bien <strong>formidable<\/strong>, et un peu <strong>effrayant<\/strong> aussi, mais succ\u00e8s assur\u00e9 en soir\u00e9e !<\/span><\/p>\n<p style=\"text-align: center;\"><iframe loading=\"lazy\" class=\"giphy-embed\" src=\"https:\/\/giphy.com\/embed\/2xx76aWGM39zW\" width=\"480\" height=\"231\" frameborder=\"0\" allowfullscreen=\"allowfullscreen\"><\/iframe><\/p>\n<p>&nbsp;<\/p>\n<p>&nbsp;<\/p>\n<h4><span style=\"color: #c9ad59; font-size: 14pt;\"><strong>Parce que vous \u00eates unique<\/strong><\/span><\/h4>\n<p><span style=\"font-size: 14pt;\">On ne vous le dit pas assez, vous \u00eates <strong>unique<\/strong> et \u00e7a, \u00e7a fait de vous une personne formidable ! Des personnes comme vous, y&rsquo;en a pas deux (m\u00eame si vous avez un jumeau ou une jumelle). Vos d\u00e9fauts, vos qualit\u00e9s &#8230; peu importe, le plus important c&rsquo;est que vous <strong>soyez vous-m\u00eame<\/strong> car c&rsquo;est pour cela que vos proches vous <strong>aiment<\/strong>.<\/span><\/p>\n<p style=\"text-align: center;\"><iframe loading=\"lazy\" class=\"giphy-embed\" src=\"https:\/\/giphy.com\/embed\/26AHR777FSOFEHq0g\" width=\"480\" height=\"270\" frameborder=\"0\" allowfullscreen=\"allowfullscreen\"><\/iframe><\/p>\n<p>&nbsp;<\/p>\n<p>&nbsp;<\/p>\n<p>&nbsp;<\/p>\n","protected":false},"excerpt":{"rendered":"<p>On ne vous le dit pas assez, et parfois vous l\u2019oubliez vous-m\u00eame&#8230;. mais vous \u00eates formidable ! Si, si, on [&hellip;]<\/p>\n","protected":false},"author":1,"featured_media":0,"comment_status":"open","ping_status":"closed","sticky":false,"template":"","format":"standard","meta":{"_uag_custom_page_level_css":"","site-sidebar-layout":"default","site-content-layout":"","ast-site-content-layout":"default","site-content-style":"default","site-sidebar-style":"default","ast-global-header-display":"","ast-banner-title-visibility":"","ast-main-header-display":"","ast-hfb-above-header-display":"","ast-hfb-below-header-display":"","ast-hfb-mobile-header-display":"","site-post-title":"","ast-breadcrumbs-content":"","ast-featured-img":"","footer-sml-layout":"","ast-disable-related-posts":"","theme-transparent-header-meta":"","adv-header-id-meta":"","stick-header-meta":"","header-above-stick-meta":"","header-main-stick-meta":"","header-below-stick-meta":"","astra-migrate-meta-layouts":"default","ast-page-background-enabled":"default","ast-page-background-meta":{"desktop":{"background-color":"var(--ast-global-color-5)","background-image":"","background-repeat":"repeat","background-position":"center center","background-size":"auto","background-attachment":"scroll","background-type":"","background-media":"","overlay-type":"","overlay-color":"","overlay-opacity":"","overlay-gradient":""},"tablet":{"background-color":"","background-image":"","background-repeat":"repeat","background-position":"center center","background-size":"auto","background-attachment":"scroll","background-type":"","background-media":"","overlay-type":"","overlay-color":"","overlay-opacity":"","overlay-gradient":""},"mobile":{"background-color":"","background-image":"","background-repeat":"repeat","background-position":"center center","background-size":"auto","background-attachment":"scroll","background-type":"","background-media":"","overlay-type":"","overlay-color":"","overlay-opacity":"","overlay-gradient":""}},"ast-content-background-meta":{"desktop":{"background-color":"var(--ast-global-color-4)","background-image":"","background-repeat":"repeat","background-position":"center center","background-size":"auto","background-attachment":"scroll","background-type":"","background-media":"","overlay-type":"","overlay-color":"","overlay-opacity":"","overlay-gradient":""},"tablet":{"background-color":"var(--ast-global-color-4)","background-image":"","background-repeat":"repeat","background-position":"center center","background-size":"auto","background-attachment":"scroll","background-type":"","background-media":"","overlay-type":"","overlay-color":"","overlay-opacity":"","overlay-gradient":""},"mobile":{"background-color":"var(--ast-global-color-4)","background-image":"","background-repeat":"repeat","background-position":"center center","background-size":"auto","background-attachment":"scroll","background-type":"","background-media":"","overlay-type":"","overlay-color":"","overlay-opacity":"","overlay-gradient":""}},"footnotes":""},"categories":[164],"tags":[214],"class_list":["post-18128","post","type-post","status-publish","format-standard","hentry","category-actualites-interflora","tag-bonne-humeur"],"uagb_featured_image_src":{"full":false,"thumbnail":false,"medium":false,"medium_large":false,"large":false,"1536x1536":false,"2048x2048":false},"uagb_author_info":{"display_name":"admin","author_link":"https:\/\/www.interflora.fr\/blog\/author\/admin\/"},"uagb_comment_info":0,"uagb_excerpt":"On ne vous le dit pas assez, et parfois vous l\u2019oubliez vous-m\u00eame&#8230;. mais vous \u00eates formidable ! Si, si, on [&hellip;]","yoast_meta":{"title":"","description":""},"_links":{"self":[{"href":"https:\/\/www.interflora.fr\/blog\/wp-json\/wp\/v2\/posts\/18128","targetHints":{"allow":["GET"]}}],"collection":[{"href":"https:\/\/www.interflora.fr\/blog\/wp-json\/wp\/v2\/posts"}],"about":[{"href":"https:\/\/www.interflora.fr\/blog\/wp-json\/wp\/v2\/types\/post"}],"author":[{"embeddable":true,"href":"https:\/\/www.interflora.fr\/blog\/wp-json\/wp\/v2\/users\/1"}],"replies":[{"embeddable":true,"href":"https:\/\/www.interflora.fr\/blog\/wp-json\/wp\/v2\/comments?post=18128"}],"version-history":[{"count":0,"href":"https:\/\/www.interflora.fr\/blog\/wp-json\/wp\/v2\/posts\/18128\/revisions"}],"wp:attachment":[{"href":"https:\/\/www.interflora.fr\/blog\/wp-json\/wp\/v2\/media?parent=18128"}],"wp:term":[{"taxonomy":"category","embeddable":true,"href":"https:\/\/www.interflora.fr\/blog\/wp-json\/wp\/v2\/categories?post=18128"},{"taxonomy":"post_tag","embeddable":true,"href":"https:\/\/www.interflora.fr\/blog\/wp-json\/wp\/v2\/tags?post=18128"}],"curies":[{"name":"wp","href":"https:\/\/api.w.org\/{rel}","templated":true}]}}