{"id":1724,"date":"2023-08-10T09:30:00","date_gmt":"2023-08-10T07:30:00","guid":{"rendered":"https:\/\/blog.bebloom.com\/?p=1724"},"modified":"2023-08-10T09:30:00","modified_gmt":"2023-08-10T07:30:00","slug":"culture-framboisier-versailles","status":"publish","type":"post","link":"https:\/\/www.interflora.fr\/blog\/culture-framboisier-versailles\/","title":{"rendered":"Fiche vari\u00e9t\u00e9 : Les caract\u00e9ristiques du Framboisier Versailles"},"content":{"rendered":"\n<p class=\"has-drop-cap has-text-align-left\">Le framboisier Versailles est une vari\u00e9t\u00e9 <strong>remontante, vivace et sans \u00e9pines. <\/strong>Elle produit une <strong>framboise rouge d\u2019une grosseur impressionnante<\/strong> 2 fois dans l\u2019ann\u00e9e. Ces baies sucr\u00e9es et d\u2019excellente qualit\u00e9 gustative peuvent atteindre jusqu&rsquo;\u00e0 2&nbsp;cm de diam\u00e8tre. Comment planter le framboisier Versailles&nbsp;? Que faut-il savoir sur la taille du framboisier Versailles&nbsp;? <strong>Voici toutes les caract\u00e9ristiques de cet arbuste fruitier.&nbsp;<\/strong><\/p>\n\n\n\n<figure class=\"wp-block-image aligncenter size-full\"><img decoding=\"async\" src=\"https:\/\/blog.bebloom.com\/wp-content\/uploads\/2022\/01\/framboise-framboisier-versailles.jpg\" alt=\"Framboise d'un framboisier Versailles\" class=\"wp-image-1728\"\/><figcaption class=\"wp-element-caption\"><em>Les fruits produits par le framboisier Versailles sont assez impressionnant en raison de leur taille inhabituellement grande<\/em><\/figcaption><\/figure>\n\n\n\n<hr class=\"wp-block-separator has-css-opacity\"\/>\n\n\n\n<div class=\"wp-block-columns is-layout-flex wp-container-core-columns-is-layout-28f84493 wp-block-columns-is-layout-flex\">\n<div class=\"wp-block-column is-layout-flow wp-block-column-is-layout-flow\" style=\"flex-basis:66.66%\">\n<h2 class=\"wp-block-heading\" id=\"identite-framboisier-versailles\"><strong>Fiche d\u2019identit\u00e9 du framboisier Versailles<\/strong><\/h2>\n\n\n\n<p><strong>Rappel <\/strong>: les mots suivis de \ud83c\udf3b sont d\u00e9finis dans la colonne de droite (sur ordinateur) ou en fin d&rsquo;article (sur mobile)<\/p>\n\n\n\n<ul class=\"has-background wp-block-list\" style=\"background-color:#bb8e5f\">\n<li><strong>Nom :<\/strong>&nbsp;Framboisier Versailles<\/li>\n\n\n\n<li><strong>Nom latin :<\/strong><em><em><em> Rubus id\u00e6us var. Versailles<\/em><\/em><\/em><\/li>\n\n\n\n<li><strong>Famille : <\/strong>Rosac\u00e9es<\/li>\n\n\n\n<li><strong>Terre : <\/strong>Sol calcaire, sableux, caillouteux, terre de bruy\u00e8re et humus<\/li>\n\n\n\n<li><strong>Exposition :<\/strong> Soleil ou mi-ombre<\/li>\n\n\n\n<li><strong>Multiplication : <\/strong>Par division ou par bouturage<\/li>\n\n\n\n<li><strong>Mode de v\u00e9g\u00e9tation :<\/strong> Vivace<\/li>\n\n\n\n<li><strong style=\"color: initial;\">Hauteur :<\/strong><span style=\"color: initial;\"> 1,5 m.<\/span> \u00e0 2 m.<\/li>\n\n\n\n<li><strong>Etalement et distance de plantation :<\/strong>&nbsp;Il atteint 1,50&nbsp;m. d\u2019\u00e9talement. La plantation se fait \u00e0 une distance de 80&nbsp;cm entre chaque plant.<\/li>\n<\/ul>\n\n\n\n<div class=\"wp-block-columns is-layout-flex wp-container-core-columns-is-layout-28f84493 wp-block-columns-is-layout-flex\">\n<div class=\"wp-block-column is-layout-flow wp-block-column-is-layout-flow\">\n<h3 class=\"wp-block-heading has-text-align-center\" id=\"plantation\">Plantation<\/h3>\n\n\n\n<figure class=\"wp-block-table calendar\"><table><tbody><tr><td class=\"has-text-align-center\" data-align=\"center\"><mark style=\"background-color:rgba(0, 0, 0, 0)\" class=\"has-inline-color has-vivid-red-color\">J<\/mark><\/td><td class=\"has-text-align-center\" data-align=\"center\"><mark style=\"background-color:rgba(0, 0, 0, 0)\" class=\"has-inline-color has-vivid-red-color\">F<\/mark><\/td><td class=\"has-text-align-center\" data-align=\"center\"><mark style=\"background-color:rgba(0, 0, 0, 0)\" class=\"has-inline-color has-vivid-red-color\">M<\/mark><\/td><td class=\"has-text-align-center\" data-align=\"center\">A<\/td><td class=\"has-text-align-center\" data-align=\"center\">M<\/td><td class=\"has-text-align-center\" data-align=\"center\">J<\/td><\/tr><tr><td class=\"has-text-align-center\" data-align=\"center\">J<\/td><td class=\"has-text-align-center\" data-align=\"center\">A<\/td><td class=\"has-text-align-center\" data-align=\"center\">S<\/td><td class=\"has-text-align-center\" data-align=\"center\"><mark style=\"background-color:rgba(0, 0, 0, 0)\" class=\"has-inline-color has-vivid-red-color\">O<\/mark><\/td><td class=\"has-text-align-center\" data-align=\"center\"><mark style=\"background-color:rgba(0, 0, 0, 0)\" class=\"has-inline-color has-vivid-red-color\">N<\/mark><\/td><td class=\"has-text-align-center\" data-align=\"center\"><mark style=\"background-color:rgba(0, 0, 0, 0)\" class=\"has-inline-color has-vivid-red-color\">D<\/mark><\/td><\/tr><\/tbody><\/table><\/figure>\n<\/div>\n\n\n\n<div class=\"wp-block-column is-layout-flow wp-block-column-is-layout-flow\">\n<h3 class=\"wp-block-heading has-text-align-center\" id=\"floraison\">Floraison<\/h3>\n\n\n\n<figure class=\"wp-block-table calendar\"><table><tbody><tr><td class=\"has-text-align-center\" data-align=\"center\">J<\/td><td class=\"has-text-align-center\" data-align=\"center\">F<\/td><td class=\"has-text-align-center\" data-align=\"center\">M<\/td><td class=\"has-text-align-center\" data-align=\"center\"><mark style=\"background-color:rgba(0, 0, 0, 0)\" class=\"has-inline-color has-vivid-red-color\">A<\/mark><\/td><td class=\"has-text-align-center\" data-align=\"center\"><mark style=\"background-color:rgba(0, 0, 0, 0)\" class=\"has-inline-color has-vivid-red-color\">M<\/mark><\/td><td class=\"has-text-align-center\" data-align=\"center\">J<\/td><\/tr><tr><td class=\"has-text-align-center\" data-align=\"center\"><mark style=\"background-color:rgba(0, 0, 0, 0)\" class=\"has-inline-color has-vivid-red-color\">J<\/mark><\/td><td class=\"has-text-align-center\" data-align=\"center\">A<\/td><td class=\"has-text-align-center\" data-align=\"center\">S<\/td><td class=\"has-text-align-center\" data-align=\"center\">O<\/td><td class=\"has-text-align-center\" data-align=\"center\">N<\/td><td class=\"has-text-align-center\" data-align=\"center\">D<\/td><\/tr><\/tbody><\/table><\/figure>\n<\/div>\n<\/div>\n\n\n\n<h3 class=\"wp-block-heading has-text-align-center\" id=\"recolte\">R\u00e9colte<\/h3>\n\n\n\n<figure class=\"wp-block-table calendar\"><table><tbody><tr><td class=\"has-text-align-center\" data-align=\"center\">J<\/td><td class=\"has-text-align-center\" data-align=\"center\">F<\/td><td class=\"has-text-align-center\" data-align=\"center\">M<\/td><td class=\"has-text-align-center\" data-align=\"center\">A<\/td><td class=\"has-text-align-center\" data-align=\"center\">M<\/td><td class=\"has-text-align-center\" data-align=\"center\"><mark style=\"background-color:rgba(0, 0, 0, 0)\" class=\"has-inline-color has-vivid-red-color\">J<\/mark><\/td><\/tr><tr><td class=\"has-text-align-center\" data-align=\"center\"><mark style=\"background-color:rgba(0, 0, 0, 0)\" class=\"has-inline-color has-vivid-red-color\">J<\/mark><\/td><td class=\"has-text-align-center\" data-align=\"center\">A<\/td><td class=\"has-text-align-center\" data-align=\"center\"><mark style=\"background-color:rgba(0, 0, 0, 0)\" class=\"has-inline-color has-vivid-red-color\">S<\/mark><\/td><td class=\"has-text-align-center\" data-align=\"center\"><mark style=\"background-color:rgba(0, 0, 0, 0)\" class=\"has-inline-color has-vivid-red-color\">O<\/mark><\/td><td class=\"has-text-align-center\" data-align=\"center\">N<\/td><td class=\"has-text-align-center\" data-align=\"center\">D<\/td><\/tr><\/tbody><\/table><\/figure>\n\n\n\n<h2 class=\"wp-block-heading\" id=\"culture-framboisier-versailles\"><strong>Tout savoir sur le framboisier Versailles<\/strong><\/h2>\n\n\n\n<p>Voici une vari\u00e9t\u00e9 de framboisier <strong>tr\u00e8s satisfaisante \u00e0 cultiver&nbsp;<\/strong>! Avec peu de soins, elle produit des fruits en abondance <strong>au go\u00fbt parfaitement \u00e9quilibr\u00e9 entre le sucr\u00e9 et l\u2019acidit\u00e9<\/strong>. La chair de couleur rouge clair est juteuse et parfum\u00e9e. D\u2019excellentes tenues, les framboises se conservent plusieurs jours et supportent bien la cong\u00e9lation.&nbsp;Les gros fruits rouges en forme de c\u00f4nes <strong>peuvent peser presque 12&nbsp;g. lors de la premi\u00e8re r\u00e9colte<\/strong>, mais leur grosseur reste toutefois bien moins impressionnante que celle du <strong><a href=\"https:\/\/www.interflora.fr\/blog\/culture-framboisier-sumo\/\" target=\"_blank\" rel=\"noreferrer noopener\">Framboisier sumo<\/a><\/strong>, dont les fruits peuvent atteindre le diam\u00e8tre d&rsquo;une pi\u00e8ce de 2 \u20ac.<\/p>\n\n\n\n<p>Le framboisier Versailles est un <strong>cousin de la ronce et de l\u2019\u00e9glantier. <\/strong>C\u2019est une plante <strong>rustique <\/strong>qui supporte des temp\u00e9ratures plus froides pouvant descendre jusqu\u2019\u00e0 -20&nbsp;\u00b0C. Pr\u00e9coce, <strong>la fructification se fait 2 fois dans l\u2019ann\u00e9e<\/strong>, \u00e0 la fin du printemps et en \u00e9t\u00e9.&nbsp;<\/p>\n\n\n\n<p>Souhaitez-vous en savoir plus sur son arrosage et son entretien&nbsp;? Consultez notre Fiche Culture : <a href=\"https:\/\/www.interflora.fr\/blog\/culture-framboisier\/\" target=\"_blank\" rel=\"noreferrer noopener\">Tout savoir sur le Framboisier<\/a> !<\/p>\n\n\n\n<h2 class=\"wp-block-heading\" id=\"mise-en-place-framboisier-versailles\"><strong>Mise en place au Jardin du framboisier Versailles<\/strong><\/h2>\n\n\n\n<p>La plantation du framboisier Versailles requiert <strong>un sol bien humide qui garde la fra\u00eecheur m\u00eame en \u00e9t\u00e9<\/strong>. Voici comment planter votre framboisier Versailles.&nbsp;<\/p>\n\n\n\n<p><strong>O\u00f9 faut-il planter le framboisier Versailles&nbsp;?<\/strong><\/p>\n\n\n\n<p>M\u00eame s\u2019il pousse dans tous les types de sols,<strong> \u00e9vitez les terres trop s\u00e8ches ou trop riches en calcaire. <\/strong>Vous vous assurez ainsi d\u2019avoir de nombreux petits fruits savoureux \u00e0 d\u00e9guster. Choisissez un endroit en plein soleil ou l\u00e9g\u00e8rement ombrag\u00e9 pour les potagers des r\u00e9gions du Sud.&nbsp;<\/p>\n\n\n\n<p>G\u00e9n\u00e9ralement, les framboisiers sont install\u00e9s au niveau des <strong>bordures de jardins<\/strong>. Mais ils se plaisent aussi \u00e0 pousser<strong> en pots <\/strong>sur les terrasses et les balcons bien ensoleill\u00e9s.&nbsp;<\/p>\n\n\n\n<p><strong>Quand faut-il planter le framboisier Versailles&nbsp;?<\/strong><\/p>\n\n\n\n<p>Id\u00e9alement, je vous conseille de le <strong>planter entre le mois d\u2019octobre et le mois de d\u00e9cembre.<\/strong> Mais il est possible de la mettre en terre au mois de f\u00e9vrier ou mars. Dans tous les cas, <strong>\u00e9vitez les p\u00e9riodes de gel.<\/strong><\/p>\n\n\n\n<p><strong>Comment r\u00e9ussir la plantation d\u2019un framboisier Versailles&nbsp;?<\/strong><\/p>\n\n\n\n<ul class=\"wp-block-list\">\n<li>Pr\u00e9parez la terre de plantation de votre framboisier Versailles <strong>en l\u2019enrichissant avec du compost et de la corne broy\u00e9e<\/strong> (\ud83c\udf3b) que vous trouverez en jardinerie.&nbsp;<\/li>\n\n\n\n<li>Creusez des trous de <strong>30&nbsp;x&nbsp;30&nbsp;cm environ<\/strong> pour pouvoir y placer vos plants de framboisiers. Pensez \u00e0 les espacer de 80&nbsp;cm au minimum.<\/li>\n\n\n\n<li>D\u00e9compactez les racines de chaque plant et placez-les dans les trous.&nbsp;<\/li>\n\n\n\n<li>Recouvrez de votre m\u00e9lange de terre enrichie et tassez fermement.<\/li>\n\n\n\n<li>Arrosez vos plantations g\u00e9n\u00e9reusement la premi\u00e8re ann\u00e9e.&nbsp;<\/li>\n<\/ul>\n\n\n\n<figure class=\"wp-block-image aligncenter size-full\"><img decoding=\"async\" src=\"https:\/\/blog.bebloom.com\/wp-content\/uploads\/2022\/01\/plant-framboisier.jpg\" alt=\"Plantation d'un framboisier dans la terre\" class=\"wp-image-1726\"\/><\/figure>\n\n\n\n<p><\/p>\n<\/div>\n\n\n\n<div class=\"wp-block-column is-layout-flow wp-block-column-is-layout-flow\" style=\"flex-basis:33.33%\">\n<hr class=\"wp-block-separator has-css-opacity is-style-default\"\/>\n\n\n\n<figure class=\"wp-block-gallery aligncenter has-nested-images columns-1 is-cropped wp-block-gallery-1 is-layout-flex wp-block-gallery-is-layout-flex\">\n<figure class=\"wp-block-image aligncenter size-full\"><img decoding=\"async\" data-id=\"1731\" src=\"https:\/\/blog.bebloom.com\/wp-content\/uploads\/2022\/01\/framboises-versailles-poignee.jpg\" alt=\"Poign\u00e9e framboises framboisier Versailles\" class=\"wp-image-1731\"\/><\/figure>\n<\/figure>\n\n\n\n<hr class=\"wp-block-separator has-css-opacity\"\/>\n\n\n\n<h2 class=\"wp-block-heading\" id=\"definitions\">D\u00e9finitions (\ud83c\udf3b)<\/h2>\n\n\n\n<div class=\"wp-block-columns vocabulaire is-layout-flex wp-container-core-columns-is-layout-28f84493 wp-block-columns-is-layout-flex\">\n<div class=\"wp-block-column vocabulaire is-layout-flow wp-block-column-is-layout-flow\">\n<h5 class=\"wp-block-heading\" id=\"qu-est-ce-que-la-corne-broyee-ou-torrefiee\">&nbsp;<strong>Qu&rsquo;est-ce que la <strong><strong>CORNE BROY\u00c9E OU TORR\u00c9FI\u00c9E<\/strong><\/strong> ?<\/strong><\/h5>\n\n\n\n<p>La corne broy\u00e9e ou torr\u00e9fi\u00e9e est un <strong>engrais naturel qui provient des cornes des animaux d\u2019\u00e9levage.<\/strong> R\u00e9duite en poudre, la corne lib\u00e8re progressivement de l&rsquo;azote dans le sol, ce qui stimule la croissance des plantes.<\/p>\n<\/div>\n<\/div>\n\n\n\n<hr class=\"wp-block-separator has-css-opacity is-style-default\"\/>\n\n\n\n<h2 class=\"wp-block-heading\" id=\"le-saviez-vous\">Le saviez-vous ?<\/h2>\n\n\n\n<p>Vous pouvez <strong>r\u00e9colter les feuilles de framboisier pour les consommer sous forme de tisane.<\/strong> La feuille de framboisier est reconnue pour ses bienfaits sur notre organisme. Ses vertus m\u00e9dicinales agiraient, entre autres, sur <strong>le syst\u00e8me digestif et la gorge.<\/strong>&nbsp;<\/p>\n\n\n\n<p>Les feuilles de framboisier s\u00e9ch\u00e9es et infus\u00e9es dans l\u2019eau chaude <strong>soulageraient les maux intestinaux<\/strong> (diarrh\u00e9e et indigestion) gr\u00e2ce \u00e0 leur effet astringent. Et lorsqu\u2019elles sont utilis\u00e9es en bain de bouche, elles att\u00e9nueraient les maux de gorge.<\/p>\n\n\n\n<hr class=\"wp-block-separator has-css-opacity is-style-default\"\/>\n<\/div>\n<\/div>\n\n\n\n<h2 class=\"wp-block-heading\" id=\"les-petits-de-celestin\">Les petits + :<\/h2>\n\n\n\n<div class=\"wp-block-columns is-layout-flex wp-container-core-columns-is-layout-28f84493 wp-block-columns-is-layout-flex\">\n<div class=\"wp-block-column is-layout-flow wp-block-column-is-layout-flow\">\n<p class=\"has-background\" style=\"background-color:#5fbb5f\">Pour profiter d\u2019une r\u00e9colte abondante de petits fruits sucr\u00e9s pendant les beaux jours, <strong>voici mes conseils de jardinier&nbsp;!<\/strong><\/p>\n\n\n\n<ul class=\"wp-block-list\">\n<li>Vos framboisiers appr\u00e9cieront <strong>un apport de compost, \u00e0 l\u2019automne<\/strong>, apr\u00e8s avoir ramass\u00e9 vos derniers fruits rouges de la saison. Grattez un peu le sol en surface pour m\u00e9langer le compost avec votre terre de jardin.&nbsp;<\/li>\n<\/ul>\n\n\n\n<ul class=\"wp-block-list\">\n<li>Pensez \u00e0 <strong>tailler votre arbuste fruitier au mois d&rsquo;octobre ou de novembre<\/strong>. La taille du framboisier Versailles est indispensable pour profiter d\u2019une belle r\u00e9colte chaque ann\u00e9e. Pour cela, coupez simplement les rameaux morts ou secs au ras du sol et ne laissez que 7 \u00e0 10 jeunes pousses par pied.&nbsp;<\/li>\n<\/ul>\n<\/div>\n<\/div>\n\n\n\n<div style=\"height:18px\" aria-hidden=\"true\" class=\"wp-block-spacer\"><\/div>\n\n\n\n<p>Nous esp\u00e9rons que cette fiche vari\u00e9t\u00e9 vous a \u00e9t\u00e9 utile. Avez-vous besoin de poser une question&nbsp;? Laissez-nous vos commentaires et c\u2019est avec plaisir que nous y r\u00e9pondrons.&nbsp;<\/p>\n","protected":false},"excerpt":{"rendered":"<p>Le framboisier Versailles est une vari\u00e9t\u00e9 remontante, vivace et sans \u00e9pines. Elle produit une framboise rouge d\u2019une grosseur impressionnante 2 fois dans l\u2019ann\u00e9e. <\/p>\n","protected":false},"author":1,"featured_media":36459,"comment_status":"open","ping_status":"open","sticky":false,"template":"","format":"standard","meta":{"_uag_custom_page_level_css":"","site-sidebar-layout":"default","site-content-layout":"","ast-site-content-layout":"default","site-content-style":"default","site-sidebar-style":"default","ast-global-header-display":"","ast-banner-title-visibility":"","ast-main-header-display":"","ast-hfb-above-header-display":"","ast-hfb-below-header-display":"","ast-hfb-mobile-header-display":"","site-post-title":"","ast-breadcrumbs-content":"","ast-featured-img":"","footer-sml-layout":"","ast-disable-related-posts":"","theme-transparent-header-meta":"","adv-header-id-meta":"","stick-header-meta":"","header-above-stick-meta":"","header-main-stick-meta":"","header-below-stick-meta":"","astra-migrate-meta-layouts":"set","ast-page-background-enabled":"default","ast-page-background-meta":{"desktop":{"background-color":"var(--ast-global-color-5)","background-image":"","background-repeat":"repeat","background-position":"center center","background-size":"auto","background-attachment":"scroll","background-type":"","background-media":"","overlay-type":"","overlay-color":"","overlay-opacity":"","overlay-gradient":""},"tablet":{"background-color":"","background-image":"","background-repeat":"repeat","background-position":"center center","background-size":"auto","background-attachment":"scroll","background-type":"","background-media":"","overlay-type":"","overlay-color":"","overlay-opacity":"","overlay-gradient":""},"mobile":{"background-color":"","background-image":"","background-repeat":"repeat","background-position":"center center","background-size":"auto","background-attachment":"scroll","background-type":"","background-media":"","overlay-type":"","overlay-color":"","overlay-opacity":"","overlay-gradient":""}},"ast-content-background-meta":{"desktop":{"background-color":"var(--ast-global-color-4)","background-image":"","background-repeat":"repeat","background-position":"center center","background-size":"auto","background-attachment":"scroll","background-type":"","background-media":"","overlay-type":"","overlay-color":"","overlay-opacity":"","overlay-gradient":""},"tablet":{"background-color":"var(--ast-global-color-4)","background-image":"","background-repeat":"repeat","background-position":"center center","background-size":"auto","background-attachment":"scroll","background-type":"","background-media":"","overlay-type":"","overlay-color":"","overlay-opacity":"","overlay-gradient":""},"mobile":{"background-color":"var(--ast-global-color-4)","background-image":"","background-repeat":"repeat","background-position":"center center","background-size":"auto","background-attachment":"scroll","background-type":"","background-media":"","overlay-type":"","overlay-color":"","overlay-opacity":"","overlay-gradient":""}},"footnotes":""},"categories":[167,309],"tags":[308],"class_list":["post-1724","post","type-post","status-publish","format-standard","has-post-thumbnail","hentry","category-ete","category-fruits","tag-framboisier"],"uagb_featured_image_src":{"full":false,"thumbnail":false,"medium":false,"medium_large":false,"large":false,"1536x1536":false,"2048x2048":false},"uagb_author_info":{"display_name":"admin","author_link":"https:\/\/www.interflora.fr\/blog\/author\/admin\/"},"uagb_comment_info":0,"uagb_excerpt":"Le framboisier Versailles est une vari\u00e9t\u00e9 remontante, vivace et sans \u00e9pines. Elle produit une framboise rouge d\u2019une grosseur impressionnante 2 fois dans l\u2019ann\u00e9e.","yoast_meta":{"title":"Comment cultiver le Framboisier Versailles au jardin ? | Interflora","description":"Les framboises du Framboisier Versailles raviront les plus gourmands de leur bon go\u00fbt fruit\u00e9. Cette vari\u00e9t\u00e9 sans \u00e9pines facilite la r\u00e9colte des fruits."},"_links":{"self":[{"href":"https:\/\/www.interflora.fr\/blog\/wp-json\/wp\/v2\/posts\/1724","targetHints":{"allow":["GET"]}}],"collection":[{"href":"https:\/\/www.interflora.fr\/blog\/wp-json\/wp\/v2\/posts"}],"about":[{"href":"https:\/\/www.interflora.fr\/blog\/wp-json\/wp\/v2\/types\/post"}],"author":[{"embeddable":true,"href":"https:\/\/www.interflora.fr\/blog\/wp-json\/wp\/v2\/users\/1"}],"replies":[{"embeddable":true,"href":"https:\/\/www.interflora.fr\/blog\/wp-json\/wp\/v2\/comments?post=1724"}],"version-history":[{"count":0,"href":"https:\/\/www.interflora.fr\/blog\/wp-json\/wp\/v2\/posts\/1724\/revisions"}],"wp:featuredmedia":[{"embeddable":true,"href":"https:\/\/www.interflora.fr\/blog\/wp-json\/"}],"wp:attachment":[{"href":"https:\/\/www.interflora.fr\/blog\/wp-json\/wp\/v2\/media?parent=1724"}],"wp:term":[{"taxonomy":"category","embeddable":true,"href":"https:\/\/www.interflora.fr\/blog\/wp-json\/wp\/v2\/categories?post=1724"},{"taxonomy":"post_tag","embeddable":true,"href":"https:\/\/www.interflora.fr\/blog\/wp-json\/wp\/v2\/tags?post=1724"}],"curies":[{"name":"wp","href":"https:\/\/api.w.org\/{rel}","templated":true}]}}