{"id":1704,"date":"2023-08-10T09:30:00","date_gmt":"2023-08-10T07:30:00","guid":{"rendered":"https:\/\/blog.bebloom.com\/?p=1704"},"modified":"2023-08-10T09:30:00","modified_gmt":"2023-08-10T07:30:00","slug":"culture-framboisier-marastar","status":"publish","type":"post","link":"https:\/\/www.interflora.fr\/blog\/culture-framboisier-marastar\/","title":{"rendered":"Fiche vari\u00e9t\u00e9 : Les caract\u00e9ristiques du Framboisier Marastar"},"content":{"rendered":"\n<p class=\"has-drop-cap\">Le framboisier marastar fait partie des <strong>vari\u00e9t\u00e9s les plus r\u00e9centes<\/strong>, mais il a vite gagn\u00e9 le c\u0153ur des jardiniers&nbsp;! Avec ses <strong>gros fruits rouges tr\u00e8s parfum\u00e9s <\/strong>et son rendement abondant, il est vite devenu l\u2019une des <strong>stars du potager. <\/strong>Son port buissonnant et remontant fait de lui un arbuste fruitier id\u00e9al pour le jardin et la mise en pots sur les balcons ou les terrasses bien ensoleill\u00e9es. Comment faut-il planter un framboisier marastar&nbsp;? Comment r\u00e9aliser une taille de framboisier marastar&nbsp;? <strong>Retrouvez dans cette fiche toutes ses caract\u00e9ristiques.<\/strong><\/p>\n\n\n\n<figure class=\"wp-block-image aligncenter size-full\"><img decoding=\"async\" src=\"https:\/\/blog.bebloom.com\/wp-content\/uploads\/2022\/01\/framboises-marastar.jpg\" alt=\"Framboises marastar\" class=\"wp-image-1781\"\/><figcaption class=\"wp-element-caption\"><em>La framboise marastar est issue d&rsquo;une vari\u00e9t\u00e9 assez r\u00e9cente caract\u00e9ris\u00e9e par des gros fruits tr\u00e8s parfum\u00e9s<\/em><\/figcaption><\/figure>\n\n\n\n<hr class=\"wp-block-separator has-css-opacity\"\/>\n\n\n\n<div class=\"wp-block-columns is-layout-flex wp-container-core-columns-is-layout-28f84493 wp-block-columns-is-layout-flex\">\n<div class=\"wp-block-column is-layout-flow wp-block-column-is-layout-flow\" style=\"flex-basis:66.66%\">\n<h2 class=\"wp-block-heading\" id=\"identite-framboisier-marastar\"><strong>Fiche d\u2019identit\u00e9 du framboisier marastar<\/strong><\/h2>\n\n\n\n<p><strong>Rappel <\/strong>: les mots suivis de \ud83c\udf3b sont d\u00e9finis dans la colonne de droite (sur ordinateur) ou en fin d&rsquo;article (sur mobile)<\/p>\n\n\n\n<ul class=\"has-background wp-block-list\" style=\"background-color:#bb8e5f\">\n<li><strong>Nom :<\/strong>&nbsp;Framboisier marastar<\/li>\n\n\n\n<li><strong>Nom latin :<\/strong><em><em><em> Rubus id\u00e6us var. marastar<\/em><\/em><\/em><\/li>\n\n\n\n<li><strong>Famille : <\/strong>Rosac\u00e9es<\/li>\n\n\n\n<li><strong>Terre : <\/strong>Sol calcaire, sableux, caillouteux, terre de bruy\u00e8re et humus<\/li>\n\n\n\n<li><strong>Exposition :<\/strong> Soleil ou mi-ombre<\/li>\n\n\n\n<li><strong>Multiplication : <\/strong>Par division ou par bouturage<\/li>\n\n\n\n<li><strong>Mode de v\u00e9g\u00e9tation :<\/strong> Vivace<\/li>\n\n\n\n<li><strong style=\"color: initial;\">Hauteur :<\/strong><span style=\"color: initial;\"> Entre 1 m.<\/span> et 2 m.<\/li>\n\n\n\n<li><strong>Etalement et distance de plantation :<\/strong>&nbsp;La plantation se fait \u00e0 une distance de 50&nbsp;cm entre chaque plant.<\/li>\n<\/ul>\n\n\n\n<div class=\"wp-block-columns is-layout-flex wp-container-core-columns-is-layout-28f84493 wp-block-columns-is-layout-flex\">\n<div class=\"wp-block-column is-layout-flow wp-block-column-is-layout-flow\">\n<h3 class=\"wp-block-heading has-text-align-center\" id=\"plantation\">Plantation<\/h3>\n\n\n\n<figure class=\"wp-block-table calendar\"><table><tbody><tr><td class=\"has-text-align-center\" data-align=\"center\"><mark style=\"background-color:rgba(0, 0, 0, 0)\" class=\"has-inline-color has-vivid-red-color\">J<\/mark><\/td><td class=\"has-text-align-center\" data-align=\"center\"><mark style=\"background-color:rgba(0, 0, 0, 0)\" class=\"has-inline-color has-vivid-red-color\">F<\/mark><\/td><td class=\"has-text-align-center\" data-align=\"center\"><mark style=\"background-color:rgba(0, 0, 0, 0)\" class=\"has-inline-color has-vivid-red-color\">M<\/mark><\/td><td class=\"has-text-align-center\" data-align=\"center\">A<\/td><td class=\"has-text-align-center\" data-align=\"center\">M<\/td><td class=\"has-text-align-center\" data-align=\"center\">J<\/td><\/tr><tr><td class=\"has-text-align-center\" data-align=\"center\">J<\/td><td class=\"has-text-align-center\" data-align=\"center\">A<\/td><td class=\"has-text-align-center\" data-align=\"center\">S<\/td><td class=\"has-text-align-center\" data-align=\"center\"><mark style=\"background-color:rgba(0, 0, 0, 0)\" class=\"has-inline-color has-vivid-red-color\">O<\/mark><\/td><td class=\"has-text-align-center\" data-align=\"center\"><mark style=\"background-color:rgba(0, 0, 0, 0)\" class=\"has-inline-color has-vivid-red-color\">N<\/mark><\/td><td class=\"has-text-align-center\" data-align=\"center\"><mark style=\"background-color:rgba(0, 0, 0, 0)\" class=\"has-inline-color has-vivid-red-color\">D<\/mark><\/td><\/tr><\/tbody><\/table><\/figure>\n<\/div>\n\n\n\n<div class=\"wp-block-column is-layout-flow wp-block-column-is-layout-flow\">\n<h3 class=\"wp-block-heading has-text-align-center\" id=\"floraison\">Floraison<\/h3>\n\n\n\n<figure class=\"wp-block-table calendar\"><table><tbody><tr><td class=\"has-text-align-center\" data-align=\"center\">J<\/td><td class=\"has-text-align-center\" data-align=\"center\">F<\/td><td class=\"has-text-align-center\" data-align=\"center\">M<\/td><td class=\"has-text-align-center\" data-align=\"center\">A<\/td><td class=\"has-text-align-center\" data-align=\"center\"><mark style=\"background-color:rgba(0, 0, 0, 0)\" class=\"has-inline-color has-vivid-red-color\">M<\/mark><\/td><td class=\"has-text-align-center\" data-align=\"center\"><mark style=\"background-color:rgba(0, 0, 0, 0)\" class=\"has-inline-color has-vivid-red-color\">J<\/mark><\/td><\/tr><tr><td class=\"has-text-align-center\" data-align=\"center\"><mark style=\"background-color:rgba(0, 0, 0, 0)\" class=\"has-inline-color has-vivid-red-color\">J<\/mark><\/td><td class=\"has-text-align-center\" data-align=\"center\"><mark style=\"background-color:rgba(0, 0, 0, 0)\" class=\"has-inline-color has-vivid-red-color\">A<\/mark><\/td><td class=\"has-text-align-center\" data-align=\"center\">S<\/td><td class=\"has-text-align-center\" data-align=\"center\">O<\/td><td class=\"has-text-align-center\" data-align=\"center\">N<\/td><td class=\"has-text-align-center\" data-align=\"center\">D<\/td><\/tr><\/tbody><\/table><\/figure>\n<\/div>\n<\/div>\n\n\n\n<h3 class=\"wp-block-heading has-text-align-center\" id=\"recolte\">R\u00e9colte<\/h3>\n\n\n\n<figure class=\"wp-block-table calendar\"><table><tbody><tr><td class=\"has-text-align-center\" data-align=\"center\">J<\/td><td class=\"has-text-align-center\" data-align=\"center\">F<\/td><td class=\"has-text-align-center\" data-align=\"center\">M<\/td><td class=\"has-text-align-center\" data-align=\"center\">A<\/td><td class=\"has-text-align-center\" data-align=\"center\">M<\/td><td class=\"has-text-align-center\" data-align=\"center\"><mark style=\"background-color:rgba(0, 0, 0, 0)\" class=\"has-inline-color has-vivid-red-color\">J<\/mark><\/td><\/tr><tr><td class=\"has-text-align-center\" data-align=\"center\"><mark style=\"background-color:rgba(0, 0, 0, 0)\" class=\"has-inline-color has-vivid-red-color\">J<\/mark><\/td><td class=\"has-text-align-center\" data-align=\"center\"><mark style=\"background-color:rgba(0, 0, 0, 0)\" class=\"has-inline-color has-vivid-red-color\">A<\/mark><\/td><td class=\"has-text-align-center\" data-align=\"center\"><mark style=\"background-color:rgba(0, 0, 0, 0)\" class=\"has-inline-color has-vivid-red-color\">S<\/mark><\/td><td class=\"has-text-align-center\" data-align=\"center\">O<\/td><td class=\"has-text-align-center\" data-align=\"center\">N<\/td><td class=\"has-text-align-center\" data-align=\"center\">D<\/td><\/tr><\/tbody><\/table><\/figure>\n\n\n\n<h2 class=\"wp-block-heading\" id=\"culture-framboisier-marastar\"><strong>Tout savoir sur le framboisier marastar<\/strong><\/h2>\n\n\n\n<p>Cette plante fruiti\u00e8re vivace produit de nouvelles tiges tous les ans. Cela signifie qu\u2019une fois qu\u2019il sera plant\u00e9 dans votre jardin, le framboisier marastar<strong> vous apportera une production de d\u00e9licieux fruits rouges pour plusieurs ann\u00e9es.&nbsp;<\/strong><\/p>\n\n\n\n<p>Avec ses fruits form\u00e9s de petites drupes (\ud83c\udf3b) juteuses et sucr\u00e9es, cette vari\u00e9t\u00e9 de framboisier ravit tous les gourmands. <strong>Ses fleurs blanches apparaissent au printemps<\/strong> ; elles sont regroup\u00e9es en petits bouquets de 10 \u00e0 12 fleurs. Les fruits de couleur rouge vif, quant \u00e0 eux, <strong>murissent du d\u00e9but de l\u2019\u00e9t\u00e9 jusqu\u2019au d\u00e9but de l\u2019automne.<\/strong>&nbsp;Les framboises produites ont une grosseur assez importante, bien que moins impressionnante que celle du <strong><a href=\"https:\/\/www.interflora.fr\/blog\/culture-framboisier-sumo\/\" target=\"_blank\" rel=\"noreferrer noopener\">Framboisier sumo<\/a><\/strong>, dont le diam\u00e8tre des fruits \u00e9quivaut \u00e0 celui d&rsquo;une pi\u00e8ce de 2 \u20ac. <\/p>\n\n\n\n<p>Une fois les r\u00e9coltes termin\u00e9es, l\u2019entretien du framboisier marastar se limite \u00e0 <strong>une bonne taille de saison.&nbsp;<\/strong><\/p>\n\n\n\n<p><strong>C<\/strong><strong>omment tailler les framboisiers marastar ?<\/strong><\/p>\n\n\n\n<p>Au mois de f\u00e9vrier, <strong>coupez au ras du sol les tiges s\u00e8ches et mortes<\/strong>. Pour ce qui est des branches saines et vigoureuses, taillez-les \u00e0 60 cm du sol. Cette taille du framboisier marastar <strong>peut para\u00eetre s\u00e9v\u00e8re<\/strong>, mais en r\u00e9alit\u00e9 elle<strong> favorise la repousse<\/strong> de nouvelles tiges au printemps.&nbsp;&nbsp;<\/p>\n\n\n\n<p>Pour en savoir plus sur son entretien et sa multiplication, consultez notre Fiche Culture : <a href=\"https:\/\/www.interflora.fr\/blog\/culture-framboisier\/\" target=\"_blank\" rel=\"noreferrer noopener\">Tout savoir sur le framboisier<\/a> !<\/p>\n\n\n\n<h2 class=\"wp-block-heading\" id=\"mise-en-place-framboisier-marastar\"><strong>Mise en place au Jardin du framboisier marastar<\/strong><\/h2>\n\n\n\n<p>Vous verrez, la plantation du framboisier marastar est<strong> facile \u00e0 r\u00e9aliser une fois que vous aurez les outils de jardinage et les engrais naturels n\u00e9cessaires<\/strong>. Vous aurez besoin d\u2019une b\u00eache, d\u2019un sac de compost et de corne broy\u00e9e (\ud83c\udf3b). Et ce mat\u00e9riel se trouve dans toutes les jardineries.<\/p>\n\n\n\n<p><strong>Comment faut-il planter un framboisier marastar&nbsp;?<\/strong><\/p>\n\n\n\n<p>\u00c9tant donn\u00e9 que le framboisier est une <strong>plante un peu invasive,<\/strong> certains jardiniers <strong>pr\u00e9f\u00e8rent le planter en pot<\/strong>. Dans tous les cas, il aura besoin d\u2019un emplacement situ\u00e9 en plein soleil ou sous une ombre l\u00e9g\u00e8re.&nbsp;<\/p>\n\n\n\n<ul class=\"wp-block-list\">\n<li>Pr\u00e9voyez de faire vos plantations <strong>entre le mois d\u2019octobre et le mois de mars. <\/strong>Et \u00e9vitez toujours les p\u00e9riodes de gel.&nbsp;<\/li>\n\n\n\n<li>Commencez par pr\u00e9parer votre terreau maison en <strong>m\u00e9langeant la terre de votre terrain avec du compost<\/strong> et de la corne broy\u00e9e.<\/li>\n\n\n\n<li>Avec votre b\u00eache, creusez un trou de <strong>30&nbsp;x&nbsp;30&nbsp;cm environ <\/strong>et remplissez-le aux 2\/3 avec votre terreau maison.&nbsp;<\/li>\n\n\n\n<li>Placez votre jeune plant dans le trou. Faites attention \u00e0 ne <strong>pas trop enterrer le collet (\ud83c\udf3b) de la plante<\/strong> afin d\u2019assurer un bon \u00e9change entre le feuillage et les racines.&nbsp;<\/li>\n\n\n\n<li>Recouvrez ensuite de terreau et tassez fermement avec vos mains.&nbsp;<\/li>\n\n\n\n<li>Arrosez g\u00e9n\u00e9reusement votre plante en <strong>\u00e9vitant toujours de mettre de l\u2019eau sur les feuilles.&nbsp;<\/strong><\/li>\n<\/ul>\n\n\n\n<p>Il ne vous reste plus qu\u2019\u00e0 faire preuve de patience avant de pouvoir <strong>go\u00fbter vos premi\u00e8res framboises&nbsp;<\/strong>!<\/p>\n\n\n\n<figure class=\"wp-block-image aligncenter size-full\"><img decoding=\"async\" src=\"https:\/\/blog.bebloom.com\/wp-content\/uploads\/2022\/01\/plant-framboisier-1.jpg\" alt=\"Plantation d'un framboisier dans le sol\" class=\"wp-image-1730\"\/><\/figure>\n\n\n\n<p><\/p>\n<\/div>\n\n\n\n<div class=\"wp-block-column is-layout-flow wp-block-column-is-layout-flow\" style=\"flex-basis:33.33%\">\n<hr class=\"wp-block-separator has-css-opacity is-style-default\"\/>\n\n\n\n<figure class=\"wp-block-gallery aligncenter has-nested-images columns-1 is-cropped wp-block-gallery-1 is-layout-flex wp-block-gallery-is-layout-flex\">\n<figure class=\"wp-block-image aligncenter size-full\"><img decoding=\"async\" data-id=\"1783\" src=\"https:\/\/blog.bebloom.com\/wp-content\/uploads\/2022\/01\/framboises-branche-marastar.jpg\" alt=\"Framboises marastar sur une branche\" class=\"wp-image-1783\"\/><\/figure>\n<\/figure>\n\n\n\n<hr class=\"wp-block-separator has-css-opacity\"\/>\n\n\n\n<h2 class=\"wp-block-heading\" id=\"definitions\">D\u00e9finitions (\ud83c\udf3b)<\/h2>\n\n\n\n<div class=\"wp-block-columns vocabulaire is-layout-flex wp-container-core-columns-is-layout-28f84493 wp-block-columns-is-layout-flex\">\n<div class=\"wp-block-column vocabulaire is-layout-flow wp-block-column-is-layout-flow\">\n<h5 class=\"wp-block-heading\" id=\"qu-est-ce-qu-une-drupe\">&nbsp;<strong>Qu&rsquo;est-ce qu<strong>&lsquo;une DRUPE<\/strong> ?<\/strong><\/h5>\n\n\n\n<p>Dans le domaine du jardinage, la drupe est <strong>le fruit charnu contenant un noyau (cerise, abricot, etc.)<\/strong>. La framboise est une polydrupe puisqu\u2019elle est compos\u00e9e de plusieurs petites drupes ; appel\u00e9es plus particuli\u00e8rement les <strong>drup\u00e9oles<\/strong>.<\/p>\n\n\n\n<h5 class=\"wp-block-heading\" id=\"qu-est-ce-qu-une-corne-broyee\"><strong><strong><strong>Qu&rsquo;est-ce qu<strong>&lsquo;une CORNE BROYEE <\/strong>?<\/strong><\/strong><\/strong><\/h5>\n\n\n\n<p>La corne broy\u00e9e ou torr\u00e9fi\u00e9e est <strong>faite \u00e0 partir de la corne des animaux <\/strong>r\u00e9cup\u00e9r\u00e9s dans les abattoirs. Lorsqu\u2019elle est m\u00e9lang\u00e9e \u00e0 la terre, la corne constitue un excellent engrais naturellement riche en azote. L\u2019azote se diffuse progressivement dans le sol et nourrit les racines des plantes.<\/p>\n\n\n\n<h5 class=\"wp-block-heading\" id=\"qu-est-ce-qu-un-collet\"><strong><strong><strong>Qu&rsquo;est-ce qu<strong>&lsquo;un COLLET <\/strong>?<\/strong><\/strong><\/strong><\/h5>\n\n\n\n<p>Le collet est la <strong>partie de la plante qui fait la jonction entre ses parties a\u00e9riennes (tiges et feuillage) et ses parties souterraines (syst\u00e8me racinaire)<\/strong>. Selon les esp\u00e8ces v\u00e9g\u00e9tales, le collet doit \u00eatre plus ou moins enterr\u00e9 dans le sol afin de favoriser les \u00e9changes entre ces 2 parties.<\/p>\n<\/div>\n<\/div>\n\n\n\n<hr class=\"wp-block-separator has-css-opacity is-style-default\"\/>\n\n\n\n<h2 class=\"wp-block-heading\" id=\"le-saviez-vous\">Le saviez-vous ?<\/h2>\n\n\n\n<p>En changeant de place vos framboisiers tous les 7 ans, vous vous assurez de <strong>ne pas appauvrir votre sol<\/strong>. Cette technique de <strong>rotation des cultures limite l\u2019apparition des maladies sur des plantes.<\/strong> En effet, dans un sol appauvri, les plantes finissent par manquer de certains \u00e9l\u00e9ments nutritifs. Elles sont aussi moins r\u00e9sistantes aux maladies et aux esp\u00e8ces invasives.&nbsp;<\/p>\n\n\n\n<hr class=\"wp-block-separator has-css-opacity is-style-default\"\/>\n<\/div>\n<\/div>\n\n\n\n<h2 class=\"wp-block-heading\" id=\"les-petits-de-celestin\">Les petits + :<\/h2>\n\n\n\n<div class=\"wp-block-columns is-layout-flex wp-container-core-columns-is-layout-28f84493 wp-block-columns-is-layout-flex\">\n<div class=\"wp-block-column is-layout-flow wp-block-column-is-layout-flow\">\n<p class=\"has-background\" style=\"background-color:#5fbb5f\">Voici mes conseils pour vous assurer une<strong> belle r\u00e9colte de framboises&nbsp;!<\/strong><\/p>\n\n\n\n<ul class=\"wp-block-list\">\n<li>Au pied de vos arbustes fruitiers ou en bout de rang, <strong>plantez du myosotis ou de la tanaisie<\/strong>. Ces plantes agissent comme des r\u00e9pulsifs sur le ver du framboisier.<\/li>\n<\/ul>\n\n\n\n<ul class=\"wp-block-list\">\n<li>Ne sous-estimez pas les b\u00e9n\u00e9fices <strong>d\u2019une bonne taille de votre framboisier marastar<\/strong>. Il est important de r\u00e9aliser cette \u00e9tape \u00e0 l\u2019automne.&nbsp;<\/li>\n<\/ul>\n<\/div>\n<\/div>\n\n\n\n<div style=\"height:18px\" aria-hidden=\"true\" class=\"wp-block-spacer\"><\/div>\n\n\n\n<p>\u00c0 pr\u00e9sent, la plantation du framboisier marastar n\u2019a plus de secrets pour vous&nbsp;! Commencez-vous \u00e0 avoir le pouce vert&nbsp;ou \u00eates-vous plut\u00f4t \u00e0 vos d\u00e9buts&nbsp;en jardinage&nbsp;? Partagez avec nous, vos r\u00e9ussites, vos exp\u00e9riences et vos questions en commentaires.&nbsp;&nbsp;<\/p>\n","protected":false},"excerpt":{"rendered":"<p>Le framboisier marastar fait partie des vari\u00e9t\u00e9s les plus r\u00e9centes, mais il a vite gagn\u00e9 le c\u0153ur des jardiniers\u00a0! Avec ses gros fruits rouges tr\u00e8s parfum\u00e9s et son rendement abondant, il est vite devenu l\u2019une des stars du potager.<\/p>\n","protected":false},"author":1,"featured_media":36450,"comment_status":"open","ping_status":"open","sticky":false,"template":"","format":"standard","meta":{"_uag_custom_page_level_css":"","site-sidebar-layout":"default","site-content-layout":"","ast-site-content-layout":"default","site-content-style":"default","site-sidebar-style":"default","ast-global-header-display":"","ast-banner-title-visibility":"","ast-main-header-display":"","ast-hfb-above-header-display":"","ast-hfb-below-header-display":"","ast-hfb-mobile-header-display":"","site-post-title":"","ast-breadcrumbs-content":"","ast-featured-img":"","footer-sml-layout":"","ast-disable-related-posts":"","theme-transparent-header-meta":"","adv-header-id-meta":"","stick-header-meta":"","header-above-stick-meta":"","header-main-stick-meta":"","header-below-stick-meta":"","astra-migrate-meta-layouts":"set","ast-page-background-enabled":"default","ast-page-background-meta":{"desktop":{"background-color":"var(--ast-global-color-5)","background-image":"","background-repeat":"repeat","background-position":"center center","background-size":"auto","background-attachment":"scroll","background-type":"","background-media":"","overlay-type":"","overlay-color":"","overlay-opacity":"","overlay-gradient":""},"tablet":{"background-color":"","background-image":"","background-repeat":"repeat","background-position":"center center","background-size":"auto","background-attachment":"scroll","background-type":"","background-media":"","overlay-type":"","overlay-color":"","overlay-opacity":"","overlay-gradient":""},"mobile":{"background-color":"","background-image":"","background-repeat":"repeat","background-position":"center center","background-size":"auto","background-attachment":"scroll","background-type":"","background-media":"","overlay-type":"","overlay-color":"","overlay-opacity":"","overlay-gradient":""}},"ast-content-background-meta":{"desktop":{"background-color":"var(--ast-global-color-4)","background-image":"","background-repeat":"repeat","background-position":"center center","background-size":"auto","background-attachment":"scroll","background-type":"","background-media":"","overlay-type":"","overlay-color":"","overlay-opacity":"","overlay-gradient":""},"tablet":{"background-color":"var(--ast-global-color-4)","background-image":"","background-repeat":"repeat","background-position":"center center","background-size":"auto","background-attachment":"scroll","background-type":"","background-media":"","overlay-type":"","overlay-color":"","overlay-opacity":"","overlay-gradient":""},"mobile":{"background-color":"var(--ast-global-color-4)","background-image":"","background-repeat":"repeat","background-position":"center center","background-size":"auto","background-attachment":"scroll","background-type":"","background-media":"","overlay-type":"","overlay-color":"","overlay-opacity":"","overlay-gradient":""}},"footnotes":""},"categories":[167,309],"tags":[308],"class_list":["post-1704","post","type-post","status-publish","format-standard","has-post-thumbnail","hentry","category-ete","category-fruits","tag-framboisier"],"uagb_featured_image_src":{"full":false,"thumbnail":false,"medium":false,"medium_large":false,"large":false,"1536x1536":false,"2048x2048":false},"uagb_author_info":{"display_name":"admin","author_link":"https:\/\/www.interflora.fr\/blog\/author\/admin\/"},"uagb_comment_info":0,"uagb_excerpt":"Le framboisier marastar fait partie des vari\u00e9t\u00e9s les plus r\u00e9centes, mais il a vite gagn\u00e9 le c\u0153ur des jardiniers\u00a0! Avec ses gros fruits rouges tr\u00e8s parfum\u00e9s et son rendement abondant, il est vite devenu l\u2019une des stars du potager.","yoast_meta":{"title":"Framboisier Marastar : conseils plantation et entretien | Interflora","description":"Le Framboisier Marastar est une vari\u00e9t\u00e9 r\u00e9cente de framboisier extr\u00eamement productive ! Ses plus ? Il est facile d'entretien et r\u00e9siste tr\u00e8s bien aux maladies."},"_links":{"self":[{"href":"https:\/\/www.interflora.fr\/blog\/wp-json\/wp\/v2\/posts\/1704","targetHints":{"allow":["GET"]}}],"collection":[{"href":"https:\/\/www.interflora.fr\/blog\/wp-json\/wp\/v2\/posts"}],"about":[{"href":"https:\/\/www.interflora.fr\/blog\/wp-json\/wp\/v2\/types\/post"}],"author":[{"embeddable":true,"href":"https:\/\/www.interflora.fr\/blog\/wp-json\/wp\/v2\/users\/1"}],"replies":[{"embeddable":true,"href":"https:\/\/www.interflora.fr\/blog\/wp-json\/wp\/v2\/comments?post=1704"}],"version-history":[{"count":0,"href":"https:\/\/www.interflora.fr\/blog\/wp-json\/wp\/v2\/posts\/1704\/revisions"}],"wp:featuredmedia":[{"embeddable":true,"href":"https:\/\/www.interflora.fr\/blog\/wp-json\/"}],"wp:attachment":[{"href":"https:\/\/www.interflora.fr\/blog\/wp-json\/wp\/v2\/media?parent=1704"}],"wp:term":[{"taxonomy":"category","embeddable":true,"href":"https:\/\/www.interflora.fr\/blog\/wp-json\/wp\/v2\/categories?post=1704"},{"taxonomy":"post_tag","embeddable":true,"href":"https:\/\/www.interflora.fr\/blog\/wp-json\/wp\/v2\/tags?post=1704"}],"curies":[{"name":"wp","href":"https:\/\/api.w.org\/{rel}","templated":true}]}}