{"id":1638,"date":"2023-08-10T09:30:00","date_gmt":"2023-08-10T07:30:00","guid":{"rendered":"https:\/\/blog.bebloom.com\/?p=1638"},"modified":"2023-08-10T09:30:00","modified_gmt":"2023-08-10T07:30:00","slug":"culture-gardenia-jasminoides","status":"publish","type":"post","link":"https:\/\/www.interflora.fr\/blog\/culture-gardenia-jasminoides\/","title":{"rendered":"Fiche vari\u00e9t\u00e9 : Les caract\u00e9ristiques du gard\u00e9nia jasminoides"},"content":{"rendered":"\n<p class=\"has-drop-cap has-text-align-left\">Le gard\u00e9nia jasminoides est une plante qui<strong> se cultive principalement en int\u00e9rieur<\/strong>, car elle n\u2019est pas rustique. Celui qu\u2019on appelle volontiers le jasmin du Cap <strong>est \u00e0 l\u2019origine une plante tropicale, c\u2019est pourquoi il craint le froid<\/strong>. Il produit de magnifiques fleurs blanches parfum\u00e9es qui fleurissent du printemps jusqu\u2019\u00e0 l\u2019\u00e9t\u00e9. Que devez-vous savoir sur la culture du jasmin du Cap&nbsp;? Comment favoriser la floraison de votre gard\u00e9nia jasminoides&nbsp;? <strong>D\u00e9couvrez toutes les r\u00e9ponses dans cette fiche vari\u00e9t\u00e9&nbsp;!<\/strong><\/p>\n\n\n\n<figure class=\"wp-block-image aligncenter size-full\"><img decoding=\"async\" src=\"https:\/\/blog.bebloom.com\/wp-content\/uploads\/2022\/01\/gardenia-jasminoides-en-fleur.jpg\" alt=\"Massif de gard\u00e9nia jasminoides en fleurs\" class=\"wp-image-1631\"\/><figcaption class=\"wp-element-caption\"><em>Le gard\u00e9nia jasminoides produit de magnifiques fleurs blanches une fois celles-ci \u00e9closes<\/em><\/figcaption><\/figure>\n\n\n\n<hr class=\"wp-block-separator has-css-opacity\"\/>\n\n\n\n<div class=\"wp-block-columns is-layout-flex wp-container-core-columns-is-layout-28f84493 wp-block-columns-is-layout-flex\">\n<div class=\"wp-block-column is-layout-flow wp-block-column-is-layout-flow\" style=\"flex-basis:66.66%\">\n<h2 class=\"wp-block-heading\" id=\"identite-gardenia-jasminoides\"><strong>Fiche d\u2019identit\u00e9 du gard\u00e9nia jasminoides<\/strong><\/h2>\n\n\n\n<p><strong>Rappel <\/strong>: les mots suivis de \ud83c\udf3b sont d\u00e9finis dans la colonne de droite (sur ordinateur) ou en fin d&rsquo;article (sur mobile)<\/p>\n\n\n\n<ul class=\"has-background wp-block-list\" style=\"background-color:#bb8e5f\">\n<li><strong>Nom :<\/strong>&nbsp;Gard\u00e9nia jasminoides<\/li>\n\n\n\n<li><strong>Nom latin :<\/strong><em><em><em>&nbsp;Gardenia augusta<\/em><\/em><\/em><\/li>\n\n\n\n<li><strong>Famille : <\/strong>Rubiac\u00e9es<\/li>\n\n\n\n<li><strong>Terre :<\/strong>&nbsp;Riche en mati\u00e8res organiques, l\u00e9g\u00e8re et bien drainante.&nbsp;<\/li>\n\n\n\n<li><strong>Exposition :<\/strong> Mi-ombre<\/li>\n\n\n\n<li><strong>Multiplication : <\/strong>Par bouturage<\/li>\n\n\n\n<li><strong>Mode de v\u00e9g\u00e9tation :<\/strong> Vivace au feuillage persistant<\/li>\n\n\n\n<li><strong style=\"color: initial;\">Hauteur :<\/strong><span style=\"color: initial;\"> Entre 50 cm. et 1 m.<\/span><\/li>\n\n\n\n<li><strong>Etalement et distance de plantation :<\/strong>&nbsp;Il peut atteindre 1&nbsp;m. d\u2019\u00e9talement. Il est possible de planter 3 gard\u00e9nias au m\u00e8tre carr\u00e9.<\/li>\n<\/ul>\n\n\n\n<div class=\"wp-block-columns is-layout-flex wp-container-core-columns-is-layout-28f84493 wp-block-columns-is-layout-flex\">\n<div class=\"wp-block-column is-layout-flow wp-block-column-is-layout-flow\">\n<h3 class=\"wp-block-heading has-text-align-center\" id=\"plantation\">Plantation<\/h3>\n\n\n\n<figure class=\"wp-block-table calendar\"><table><tbody><tr><td class=\"has-text-align-center\" data-align=\"center\">J<\/td><td class=\"has-text-align-center\" data-align=\"center\">F<\/td><td class=\"has-text-align-center\" data-align=\"center\"><mark style=\"background-color:rgba(0, 0, 0, 0)\" class=\"has-inline-color has-luminous-vivid-amber-color\">M<\/mark><\/td><td class=\"has-text-align-center\" data-align=\"center\"><mark style=\"background-color:rgba(0, 0, 0, 0)\" class=\"has-inline-color has-luminous-vivid-amber-color\">A<\/mark><\/td><td class=\"has-text-align-center\" data-align=\"center\">M<\/td><td class=\"has-text-align-center\" data-align=\"center\">J<\/td><\/tr><tr><td class=\"has-text-align-center\" data-align=\"center\">J<\/td><td class=\"has-text-align-center\" data-align=\"center\">A<\/td><td class=\"has-text-align-center\" data-align=\"center\">S<\/td><td class=\"has-text-align-center\" data-align=\"center\">O<\/td><td class=\"has-text-align-center\" data-align=\"center\">N<\/td><td class=\"has-text-align-center\" data-align=\"center\">D<\/td><\/tr><\/tbody><\/table><\/figure>\n<\/div>\n\n\n\n<div class=\"wp-block-column is-layout-flow wp-block-column-is-layout-flow\">\n<h3 class=\"wp-block-heading has-text-align-center\" id=\"floraison\">Floraison<\/h3>\n\n\n\n<figure class=\"wp-block-table calendar\"><table><tbody><tr><td class=\"has-text-align-center\" data-align=\"center\">J<\/td><td class=\"has-text-align-center\" data-align=\"center\">F<\/td><td class=\"has-text-align-center\" data-align=\"center\">M<\/td><td class=\"has-text-align-center\" data-align=\"center\">A<\/td><td class=\"has-text-align-center\" data-align=\"center\"><mark style=\"background-color:rgba(0, 0, 0, 0)\" class=\"has-inline-color has-luminous-vivid-amber-color\">M<\/mark><\/td><td class=\"has-text-align-center\" data-align=\"center\"><mark style=\"background-color:rgba(0, 0, 0, 0)\" class=\"has-inline-color has-luminous-vivid-amber-color\">J<\/mark><\/td><\/tr><tr><td class=\"has-text-align-center\" data-align=\"center\"><mark style=\"background-color:rgba(0, 0, 0, 0)\" class=\"has-inline-color has-luminous-vivid-amber-color\">J<\/mark><\/td><td class=\"has-text-align-center\" data-align=\"center\">A<\/td><td class=\"has-text-align-center\" data-align=\"center\">S<\/td><td class=\"has-text-align-center\" data-align=\"center\">O<\/td><td class=\"has-text-align-center\" data-align=\"center\">N<\/td><td class=\"has-text-align-center\" data-align=\"center\">D<\/td><\/tr><\/tbody><\/table><\/figure>\n<\/div>\n<\/div>\n\n\n\n<h2 class=\"wp-block-heading\" id=\"culture-gardenia-jasminoides\"><strong>Tout savoir sur le <strong>gard\u00e9nia jasminoides<\/strong><\/strong><\/h2>\n\n\n\n<p>Le gard\u00e9nia jasminoides est un arbuste floral \u00e0 la forme buissonnante qui <strong>s&rsquo;\u00e9panouit mieux dans un sol au pH l\u00e9g\u00e8rement acide<\/strong>. La fleur d\u2019un blanc pur diffuse un parfum enivrant qui rappelle celui du jasmin. Voil\u00e0 pourquoi il est <strong>couramment appel\u00e9&nbsp;le jasmin du Cap.&nbsp;<\/strong><\/p>\n\n\n\n<p>Les fleurs, \u00e0 la texture l\u00e9g\u00e8rement cireuse, peuvent atteindre 8&nbsp;cm de diam\u00e8tre. Quant aux feuilles brillantes et vert fonc\u00e9, elles ont une forme lanc\u00e9ol\u00e9e (\ud83c\udf3b) des plus \u00e9l\u00e9gantes. Elles peuvent atteindre 15&nbsp;cm de longueur.&nbsp;<\/p>\n\n\n\n<p>Il fait partie des<strong> plantes d\u2019int\u00e9rieur qui se cultivent facilement.<\/strong> Le plus important est de lui offrir une exposition optimale&nbsp;: lumineuse sans rayons directs du soleil. \u00c0 l\u2019ext\u00e9rieur, vous pouvez le <strong>planter \u00e0 la mi-ombre<\/strong>, sous le couvert d\u2019un rosier par exemple.&nbsp;<\/p>\n\n\n\n<p>En pot comme en pleine terre, le gard\u00e9nia jasminoides <strong>n\u2019aime pas les exc\u00e8s d\u2019eau<\/strong>. Toutefois, ses racines ont besoin d&rsquo;humidit\u00e9 et de fra\u00eecheur. Il faut toujours veiller \u00e0 ce <strong>que la terre ne se dess\u00e8che pas entre 2 arrosages.&nbsp;<\/strong><\/p>\n\n\n\n<p>Chez vous ou dans votre jardin, vous appr\u00e9cierez le jasmin du Cap parfum\u00e9 ainsi que<strong> la beaut\u00e9 de cette plante au feuillage persistant<\/strong>. Pour en savoir plus sur son entretien, consultez notre Fiche Culture : <a href=\"https:\/\/www.interflora.fr\/blog\/culture-jasmin\/\" target=\"_blank\" rel=\"noreferrer noopener\">Tout savoir sur le jasmin<\/a> !<\/p>\n\n\n\n<figure class=\"wp-block-image aligncenter size-full\"><img decoding=\"async\" src=\"https:\/\/blog.bebloom.com\/wp-content\/uploads\/2022\/01\/fleur-gardenia-jasminoides-eclot.jpg\" alt=\"Fleur de gard\u00e9nia jasminoides en train d'\u00e9clore\" class=\"wp-image-1633\"\/><figcaption class=\"wp-element-caption\"><em>Fleur de gard\u00e9nia jasminoides en train d&rsquo;\u00e9clore<\/em><\/figcaption><\/figure>\n\n\n\n<h2 class=\"wp-block-heading\" id=\"mise-en-place-gardenia-jasminoides\"><strong>Mise en place au Jardin du gard\u00e9nia jasminoides<\/strong><\/h2>\n\n\n\n<p>Avant de planter votre gard\u00e9nia jasminoides,<strong> choisissez avec soin l\u2019endroit o\u00f9 vous allez le placer.<\/strong> Cet arbuste a besoin d\u2019un emplacement lumineux, mais sans soleil direct. En effet,<strong> le rayonnement solaire peut br\u00fbler son feuillage ainsi que ses boutons floraux<\/strong>. Pr\u00e9f\u00e9rez un endroit \u00e0 l&rsquo;abri du vent et \u00e0 la mi-ombre <strong>ou expos\u00e9 au soleil du matin uniquement.&nbsp;<\/strong><\/p>\n\n\n\n<p>Sachez \u00e9galement qu\u2019au m\u00eame titre que son cong\u00e9n\u00e8re le <a href=\"https:\/\/www.interflora.fr\/blog\/culture-jasmin-officinal\/\" target=\"_blank\" rel=\"noreferrer noopener\">Jasmin officinal<\/a>, il est possible de le planter <strong>dans votre jardin uniquement dans les r\u00e9gions les plus chaudes.<\/strong> Il ne r\u00e9siste pas au gel de l\u2019hiver.&nbsp;<\/p>\n\n\n\n<p>Voici quelles sont les diff\u00e9rentes \u00e9tapes de plantation&nbsp;:<\/p>\n\n\n\n<ul class=\"wp-block-list\">\n<li>Pour une plantation en pot, choisissez du terreau pour plantes fleuries.&nbsp;<\/li>\n\n\n\n<li>Pour le jardin, m\u00e9langez votre terre de jardin avec de la terre de bruy\u00e8re qui est \u00e0 la fois l\u00e9g\u00e8re, acide et perm\u00e9able. L\u2019id\u00e9al pour tous les gard\u00e9nias&nbsp;!<\/li>\n\n\n\n<li>Creusez un trou avec un diam\u00e8tre plus large que celui de la motte que vous allez planter.<\/li>\n\n\n\n<li>Mettez votre jeune plant en place et recouvrez-le de terre.&nbsp;&nbsp;<\/li>\n\n\n\n<li>Tassez l\u00e9g\u00e8rement la terre avec vos mains puis arrosez g\u00e9n\u00e9reusement, mais sans exc\u00e8s.&nbsp;<\/li>\n<\/ul>\n\n\n\n<figure class=\"wp-block-image aligncenter size-full\"><img decoding=\"async\" src=\"https:\/\/blog.bebloom.com\/wp-content\/uploads\/2022\/01\/gardenia-jasminoide-massif.jpg\" alt=\"Fleurs de gard\u00e9nia jasminoides avec leurs feuilles\" class=\"wp-image-1634\"\/><\/figure>\n\n\n\n<p><\/p>\n<\/div>\n\n\n\n<div class=\"wp-block-column is-layout-flow wp-block-column-is-layout-flow\" style=\"flex-basis:33.33%\">\n<hr class=\"wp-block-separator has-css-opacity is-style-default\"\/>\n\n\n\n<figure class=\"wp-block-gallery aligncenter has-nested-images columns-1 is-cropped wp-block-gallery-1 is-layout-flex wp-block-gallery-is-layout-flex\">\n<figure class=\"wp-block-image aligncenter size-large\"><img decoding=\"async\" data-id=\"1636\" src=\"https:\/\/blog.bebloom.com\/wp-content\/uploads\/2022\/01\/feuilles-gardenia-jasminoides.jpg\" alt=\"Feuilles du gard\u00e9nia jasminoides\" class=\"wp-image-1636\"\/><figcaption class=\"wp-element-caption\"><em>Feuilles du gard\u00e9nia jasminoides<\/em><\/figcaption><\/figure>\n<\/figure>\n\n\n\n<hr class=\"wp-block-separator has-css-opacity\"\/>\n\n\n\n<h2 class=\"wp-block-heading\" id=\"definitions\">D\u00e9finitions (\ud83c\udf3b)<\/h2>\n\n\n\n<div class=\"wp-block-columns vocabulaire is-layout-flex wp-container-core-columns-is-layout-28f84493 wp-block-columns-is-layout-flex\">\n<div class=\"wp-block-column vocabulaire is-layout-flow wp-block-column-is-layout-flow\">\n<h5 class=\"wp-block-heading\" id=\"qu-est-ce-qu-une-feuille-lanceolee\">&nbsp;<strong>Qu&rsquo;est-ce qu&rsquo;une FEUILLE <strong>LANC\u00c9OL\u00c9E<\/strong><\/strong> <strong>?<\/strong><\/h5>\n\n\n\n<p>Une feuille lanc\u00e9ol\u00e9e pr\u00e9sente <strong>une forme allong\u00e9e et ovale<\/strong> et se termine en pointe.<\/p>\n<\/div>\n<\/div>\n\n\n\n<hr class=\"wp-block-separator has-css-opacity is-style-default\"\/>\n\n\n\n<h2 class=\"wp-block-heading\" id=\"le-saviez-vous\">Le saviez-vous ?<\/h2>\n\n\n\n<p>Le nom du gard\u00e9nia a \u00e9t\u00e9 cr\u00e9\u00e9 \u00e0 partir de celui du botaniste \u00e9cossais <strong>Alexander Garden<\/strong>, qui a v\u00e9cu au XVIIIe si\u00e8cle.&nbsp;<\/p>\n\n\n\n<p>En<strong> langage des fleurs<\/strong>, le gard\u00e9nia symbolise la <strong>timidit\u00e9<\/strong> ainsi que <strong>l&rsquo;amour inavou\u00e9<\/strong>.<\/p>\n\n\n\n<hr class=\"wp-block-separator has-css-opacity is-style-default\"\/>\n<\/div>\n<\/div>\n\n\n\n<h2 class=\"wp-block-heading\" id=\"les-petits-de-celestin\">Les petits + :<\/h2>\n\n\n\n<div class=\"wp-block-columns is-layout-flex wp-container-core-columns-is-layout-28f84493 wp-block-columns-is-layout-flex\">\n<div class=\"wp-block-column is-layout-flow wp-block-column-is-layout-flow\">\n<p class=\"has-background\" style=\"background-color:#5fbb5f\">Voici mes conseils de jardinier \u00e0 appliquer \u00e0 votre jasmin du Cap <strong>pour une floraison abondante !<\/strong><\/p>\n\n\n\n<ul class=\"wp-block-list\">\n<li>Cet arbuste floral <strong>n\u2019appr\u00e9cie pas du tout le calcaire. <\/strong>Pour l\u2019arrosage, utilisez de l\u2019eau de pluie ou assurez-vous que votre source d\u2019eau <strong>contient peu de calcaire.&nbsp;<\/strong><\/li>\n<\/ul>\n\n\n\n<ul class=\"wp-block-list\">\n<li><strong>N\u2019arrosez jamais le feuillage <\/strong>au risque de voir les fleurs changer de couleur et se recouvrir de taches.&nbsp;<\/li>\n<\/ul>\n\n\n\n<ul class=\"wp-block-list\">\n<li><strong>Taillez votre plante apr\u00e8s la floraison pour entretenir sa belle forme compacte<\/strong>. Une bonne taille consiste \u00e0 couper les branches sur environ 1\/3 de leur longueur. Toutefois, il est possible de couper uniquement les tiges qui montrent des signes de faiblesse.&nbsp;<\/li>\n<\/ul>\n<\/div>\n<\/div>\n\n\n\n<div style=\"height:18px\" aria-hidden=\"true\" class=\"wp-block-spacer\"><\/div>\n\n\n\n<p>Avez-vous des questions ou des remarques&nbsp;? Laissez-nous vos commentaires, mais aussi les t\u00e9moignages de vos succ\u00e8s dans votre potager&nbsp;!<\/p>\n","protected":false},"excerpt":{"rendered":"<p>Le gard\u00e9nia jasminoides est une plante qui se cultive principalement en int\u00e9rieur, car elle n\u2019est pas rustique. Celui qu\u2019on appelle volontiers le jasmin du Cap est \u00e0 l\u2019origine une plante tropicale, c\u2019est pourquoi il craint le froid.<\/p>\n","protected":false},"author":1,"featured_media":36473,"comment_status":"open","ping_status":"open","sticky":false,"template":"","format":"standard","meta":{"_uag_custom_page_level_css":"","site-sidebar-layout":"default","site-content-layout":"","ast-site-content-layout":"default","site-content-style":"default","site-sidebar-style":"default","ast-global-header-display":"","ast-banner-title-visibility":"","ast-main-header-display":"","ast-hfb-above-header-display":"","ast-hfb-below-header-display":"","ast-hfb-mobile-header-display":"","site-post-title":"","ast-breadcrumbs-content":"","ast-featured-img":"","footer-sml-layout":"","ast-disable-related-posts":"","theme-transparent-header-meta":"","adv-header-id-meta":"","stick-header-meta":"","header-above-stick-meta":"","header-main-stick-meta":"","header-below-stick-meta":"","astra-migrate-meta-layouts":"set","ast-page-background-enabled":"default","ast-page-background-meta":{"desktop":{"background-color":"var(--ast-global-color-5)","background-image":"","background-repeat":"repeat","background-position":"center center","background-size":"auto","background-attachment":"scroll","background-type":"","background-media":"","overlay-type":"","overlay-color":"","overlay-opacity":"","overlay-gradient":""},"tablet":{"background-color":"","background-image":"","background-repeat":"repeat","background-position":"center center","background-size":"auto","background-attachment":"scroll","background-type":"","background-media":"","overlay-type":"","overlay-color":"","overlay-opacity":"","overlay-gradient":""},"mobile":{"background-color":"","background-image":"","background-repeat":"repeat","background-position":"center center","background-size":"auto","background-attachment":"scroll","background-type":"","background-media":"","overlay-type":"","overlay-color":"","overlay-opacity":"","overlay-gradient":""}},"ast-content-background-meta":{"desktop":{"background-color":"var(--ast-global-color-4)","background-image":"","background-repeat":"repeat","background-position":"center center","background-size":"auto","background-attachment":"scroll","background-type":"","background-media":"","overlay-type":"","overlay-color":"","overlay-opacity":"","overlay-gradient":""},"tablet":{"background-color":"var(--ast-global-color-4)","background-image":"","background-repeat":"repeat","background-position":"center center","background-size":"auto","background-attachment":"scroll","background-type":"","background-media":"","overlay-type":"","overlay-color":"","overlay-opacity":"","overlay-gradient":""},"mobile":{"background-color":"var(--ast-global-color-4)","background-image":"","background-repeat":"repeat","background-position":"center center","background-size":"auto","background-attachment":"scroll","background-type":"","background-media":"","overlay-type":"","overlay-color":"","overlay-opacity":"","overlay-gradient":""}},"footnotes":""},"categories":[173,167],"tags":[180],"class_list":["post-1638","post","type-post","status-publish","format-standard","has-post-thumbnail","hentry","category-arbustes-fleuris","category-ete","tag-jasmin"],"uagb_featured_image_src":{"full":false,"thumbnail":false,"medium":false,"medium_large":false,"large":false,"1536x1536":false,"2048x2048":false},"uagb_author_info":{"display_name":"admin","author_link":"https:\/\/www.interflora.fr\/blog\/author\/admin\/"},"uagb_comment_info":0,"uagb_excerpt":"Le gard\u00e9nia jasminoides est une plante qui se cultive principalement en int\u00e9rieur, car elle n\u2019est pas rustique. Celui qu\u2019on appelle volontiers le jasmin du Cap est \u00e0 l\u2019origine une plante tropicale, c\u2019est pourquoi il craint le froid.","yoast_meta":{"title":"Gardenia Jasminoides : le Jasmin du Cap | Interflora","description":"Le Gadenia Jasminoides, aussi appel\u00e9 Jasmin du Cap est un petit Jasmin buissonnant qui se pare de grosses fleurs blanches immacul\u00e9es tout l'\u00e9t\u00e9. \ud83d\udcae"},"_links":{"self":[{"href":"https:\/\/www.interflora.fr\/blog\/wp-json\/wp\/v2\/posts\/1638","targetHints":{"allow":["GET"]}}],"collection":[{"href":"https:\/\/www.interflora.fr\/blog\/wp-json\/wp\/v2\/posts"}],"about":[{"href":"https:\/\/www.interflora.fr\/blog\/wp-json\/wp\/v2\/types\/post"}],"author":[{"embeddable":true,"href":"https:\/\/www.interflora.fr\/blog\/wp-json\/wp\/v2\/users\/1"}],"replies":[{"embeddable":true,"href":"https:\/\/www.interflora.fr\/blog\/wp-json\/wp\/v2\/comments?post=1638"}],"version-history":[{"count":0,"href":"https:\/\/www.interflora.fr\/blog\/wp-json\/wp\/v2\/posts\/1638\/revisions"}],"wp:featuredmedia":[{"embeddable":true,"href":"https:\/\/www.interflora.fr\/blog\/wp-json\/"}],"wp:attachment":[{"href":"https:\/\/www.interflora.fr\/blog\/wp-json\/wp\/v2\/media?parent=1638"}],"wp:term":[{"taxonomy":"category","embeddable":true,"href":"https:\/\/www.interflora.fr\/blog\/wp-json\/wp\/v2\/categories?post=1638"},{"taxonomy":"post_tag","embeddable":true,"href":"https:\/\/www.interflora.fr\/blog\/wp-json\/wp\/v2\/tags?post=1638"}],"curies":[{"name":"wp","href":"https:\/\/api.w.org\/{rel}","templated":true}]}}