{"id":15841,"date":"2016-08-11T12:01:24","date_gmt":"2016-08-11T10:01:24","guid":{"rendered":"http:\/\/www.interflora.fr\/blog\/?p=15841"},"modified":"2026-04-07T16:01:34","modified_gmt":"2026-04-07T14:01:34","slug":"rose-bonbon","status":"publish","type":"post","link":"https:\/\/www.interflora.fr\/blog\/rose-bonbon\/","title":{"rendered":"Pastel bonbon : la tendresse donne le ton"},"content":{"rendered":"<p><strong>Durant tout l\u2019\u00e9t\u00e9, la douceur de vivre et la tendresse sont \u00e0 la mode ! Dans un style sobre et raffin\u00e9, les fleurs aux tonalit\u00e9s pastel rivalisent d\u2019\u00e9l\u00e9gance pour sugg\u00e9rer l\u2019\u00e9motion et la g\u00e9n\u00e9rosit\u00e9. Une invitation florale \u00e0 profiter de la vie, en toute simplicit\u00e9.<\/strong><\/p>\n<p><img loading=\"lazy\" decoding=\"async\" class=\"alignright size-full wp-image-15844\" src=\"\/\/www.interflora.fr\/blog\/wp-content\/uploads\/2016\/08\/Tendance-Rose-5.jpg\" alt=\"Tendance Rose 5\" width=\"200\" height=\"281\" \/><br \/>\nPastel bonbon, c\u2019est le r\u00eave \u00e9veill\u00e9 d\u2019un enfant, un plaisir simple comme une d\u00e9licieuse sucrerie, l\u2019insouciance d\u2019un conte de f\u00e9es. Cette douceur de vivre s\u2019installe confortablement dans les <a href=\"https:\/\/www.interflora.fr\/tendances-et-inspiration-ete-2016\" target=\"_blank\" rel=\"noopener\">tendances<\/a> de cet \u00e9t\u00e9. Entre vert menthe et rose poudr\u00e9, les lignes se veulent \u00e9l\u00e9gantes, tendres et \u00e9pur\u00e9es.<br \/>\nDans un d\u00e9cor scandinave, les fleurs pastel se composent en toute simplicit\u00e9. Mises en valeur par un feuillage naturel, les compositions florales exhalent un doux parfum, d\u00e9voilent des p\u00e9tales d\u2019une parfaite beaut\u00e9.<br \/>\nCet \u00e9t\u00e9, les tendances se pr\u00eatent au r\u00eave et \u00e0 la complicit\u00e9. Une invitation \u00e0 vivre au rythme de la tendresse, que <a title=\"Les plus grands fleuristes de France\" href=\"https:\/\/www.interflora.fr\/blog\/les-plus-grands-fleuristes-de-france\/\">les plus grands fleuristes<\/a> expriment avec un bon go\u00fbt certain et une vraie g\u00e9n\u00e9rosit\u00e9.<\/p>\n<h2>Le rose en toute l\u00e9g\u00e8ret\u00e9<\/h2>\n<p><img loading=\"lazy\" decoding=\"async\" class=\"alignright size-full wp-image-15843\" src=\"\/\/www.interflora.fr\/blog\/wp-content\/uploads\/2016\/08\/Tendance-Rose-3.jpg\" alt=\"Tendance Rose 3\" width=\"200\" height=\"280\" \/><br \/>\nCandide et espi\u00e8gle, le rose nous replonge dans les souvenirs de l\u2019enfance. C\u2019est l\u2019innocence d\u2019un conte de f\u00e9es, le plaisir juv\u00e9nile d\u2019une sucrerie, du diabolo fraise ou du lait grenadine, des guimauves et des pralines, la douceur d\u2019un ourson en peluche&#8230; Apr\u00e8s avoir \u00e9t\u00e9 historiquement associ\u00e9 aux petits gar\u00e7ons, le rose est aujourd\u2019hui devenu une couleur utilis\u00e9e comme outil commercial pour s\u00e9duire les petites filles.<br \/>\nPar rapport aux autres couleurs principales, l\u2019histoire du rose est r\u00e9cente et fait \u00e9videmment r\u00e9f\u00e9rence \u00e0 la fleur. On parle en effet de \u00ab couleur de rose \u00bb durant la Renaissance avant d\u2019utiliser \u00ab rose \u00bb comme un terme \u00e0 part enti\u00e8re au milieu du XIXe si\u00e8cle. En 1837, l\u2019\u00e9rudit Portal est l\u2019un des premiers \u00e0 \u00e9voquer le rose comme une vraie couleur.<br \/>\nEn r\u00e9f\u00e9rence \u00e0 la reine des fleurs, le rose est associ\u00e9 \u00e0 la contemplation, \u00e0 l\u2019\u00e9ph\u00e9m\u00e8re et \u00e0 la po\u00e9sie. Pl\u00e9biscit\u00e9 par les artistes, le rose est \u00e0 l\u2019origine de nombreux dictons et expressions : de \u00ab voir la vie en rose \u00bb \u00e0 \u00ab tout n&rsquo;est pas rose \u00bb en passant par \u00ab \u00e0 l\u2019eau de rose \u00bb.<br \/>\nDans la peinture, on r\u00e9pertorie plusieurs variantes de rose : pastel, rose p\u00e2le, poudr\u00e9, vieux rose, rose ancien, rose vif ou fluo, parmi les principaux. La langue fran\u00e7aise accorde quant \u00e0 elle le mot \u00ab rose \u00bb en nombre alors que les autres couleurs provenant de noms d&rsquo;objets sont habituellement invariables.<\/p>\n<h2>La signification du rose dans le langage des fleurs<\/h2>\n<p><img loading=\"lazy\" decoding=\"async\" class=\"alignright size-full wp-image-15845\" src=\"\/\/www.interflora.fr\/blog\/wp-content\/uploads\/2016\/08\/Tendance-Rose-4.jpg\" alt=\"Tendance Rose 4\" width=\"200\" height=\"300\" \/><br \/>\nDans le langage des fleurs, le rose est associ\u00e9 \u00e0 l\u2019\u00e9motion, \u00e0 la douceur de vivre et \u00e0 la tendresse des sentiments. C\u2019est la couleur pr\u00e9f\u00e9r\u00e9e des fleuristes, qui la composent en bouquets, en compositions ou en assemblages de fleurs piqu\u00e9es.<br \/>\nDe nombreuses fleurs existent dans une vari\u00e9t\u00e9 rose, y compris les plus populaires comme le <a title=\"Le lys\" href=\"https:\/\/www.interflora.fr\/c\/bouquets-lys\">lys<\/a>, la <a title=\"La rose, reine des fleurs\" href=\"https:\/\/www.interflora.fr\/blog\/la-rose\/\">rose<\/a> ou l\u2019<a title=\"L\u2019orchid\u00e9e Phalaenopsis\" href=\"https:\/\/www.interflora.fr\/c\/plantes\/orchidees\">orchid\u00e9e<\/a>. On peut \u00e9galement citer l\u2019<a title=\"L\u2019hortensia, merveille du jardin\" href=\"https:\/\/www.interflora.fr\/c\/bouquet-hortensia\">hortensia<\/a>, qui est un symbole d\u2019amour filial et de gentillesse. La spectaculaire <a title=\"L\u2019amaryllis, la magnifique !\" href=\"https:\/\/www.interflora.fr\/c\/fleurs-amaryllis\">amaryllis<\/a> lance de son c\u00f4t\u00e9 une invitation subtile \u00e0 c\u00e9der aux plaisirs de l\u2019amour. Avec ses rameaux amoureusement enlac\u00e9s, la <a title=\"La glycine, f\u00e9\u00e9rie des jardins\" href=\"https:\/\/www.interflora.fr\/blog\/la-glycine-feerie-du-jardin\/\">glycine<\/a> est enfin la messag\u00e8re de sentiments forts et intemporels.<br \/>\nA la maison comme au jardin, le rose est partout, toujours discret, tendre et d\u00e9licat. Pour le contempler, il faut cependant \u00eatre attentif. C\u2019est la finesse et l\u2019\u00e9l\u00e9gance de l\u2019\u0153illet du po\u00e8te, l\u2019insouciance de l\u2019ancolie ou la douce m\u00e9lancolie du myosotis.<br \/>\nSi les fleurs de couleur rose se composent souvent en bouquet uni, il est possible de les admirer dans des cr\u00e9ations vari\u00e9es dans un d\u00e9grad\u00e9 qui va du pastel jusqu\u2019au rose vif. Le rose s\u2019accommode tr\u00e8s bien d\u2019autres couleurs : le bleu, le blanc et le rouge.<\/p>\n<div class=\"encadre\">\n<div><img loading=\"lazy\" decoding=\"async\" class=\"alignright size-full wp-image-15846\" src=\"\/\/www.interflora.fr\/blog\/wp-content\/uploads\/2016\/08\/Tendance-Rose-6.jpg\" alt=\"Tendance Rose 6\" width=\"200\" height=\"266\" \/><\/p>\n<h2>La couleur rose,<br \/>\ngrande favorite des artistes<\/h2>\n<p><em>\u00ab Quand il me prend dans ses bras, qu\u2019il me parle tout bas, je vois la vie en rose \u00bb<\/em>, Edith Piaf.<br \/>\n<em>\u00ab L\u2019amour est aveugle et sa canne est rose \u00bb<\/em>, Serge Gainsbourg.<br \/>\n<em>\u00ab Si la mati\u00e8re grise \u00e9tait plus rose, le monde aurait moins les id\u00e9es noires \u00bb<\/em>, Pierre Dac.<br \/>\n<em>\u00ab La vieillesse serait vraiment trop triste si le rose essaim des pens\u00e9es polissonnes ne venait parfois la consoler \u00bb<\/em>, Anatole France.<br \/>\n<em>\u00ab Rien ne fait voir l\u2019avenir couleur de rose comme de le contempler \u00e0 travers un verre de chambertin \u00bb<\/em>, Alexandre Dumas.<br \/>\n<em>\u00ab De rose et de lumi\u00e8re comme le go\u00fbt de ta bouche \u00bb<\/em>, Serge Reggiani.<br \/>\n<em>\u00ab J&rsquo;adore les films \u00e0 l&rsquo;eau de rose. J&rsquo;ai le souvenir de moments g\u00e9niaux au cin\u00e9ma \u00bb<\/em>, Sophie Marceau.<br \/>\n<em>\u00ab Un baiser, qu&rsquo;est-ce ? Un serment fait d&rsquo;un peu plus pr\u00e8s, un aveu qui veut se confirmer, un point rose qu&rsquo;on met sur l\u2019i du verbe aimer ; c&rsquo;est un secret qui prend la bouche pour oreille \u00bb<\/em>, Edmond Rostand.<br \/>\n<em>\u00ab C&rsquo;est peut-\u00eatre pour \u00e7a malgr\u00e9 ton rouge et noir, c&rsquo;est peut-\u00eatre pour \u00e7a qu&rsquo;on te dit ville rose \u00bb<\/em>, Claude Nougaro.<\/p>\n<\/div>\n<\/div>\n<p><img loading=\"lazy\" decoding=\"async\" class=\"alignnone size-full wp-image-15847\" src=\"\/\/www.interflora.fr\/blog\/wp-content\/uploads\/2016\/08\/Tendance-Rose-7.jpg\" alt=\"Tendance Rose 7\" width=\"800\" height=\"381\" \/><br \/>\n-&gt; <em>D\u00e9couvrez la nouvelle <a href=\"https:\/\/www.interflora.fr\/tendances-et-inspiration-pastel-bonbon\" target=\"_blank\" rel=\"noopener\">collection Pastel Bonbon<\/a><\/em><\/p>\n","protected":false},"excerpt":{"rendered":"<p>Durant tout l\u2019\u00e9t\u00e9, la douceur de vivre et la tendresse sont \u00e0 la mode ! Dans un style sobre et [&hellip;]<\/p>\n","protected":false},"author":1,"featured_media":15842,"comment_status":"open","ping_status":"closed","sticky":false,"template":"","format":"standard","meta":{"_uag_custom_page_level_css":"","site-sidebar-layout":"default","site-content-layout":"","ast-site-content-layout":"default","site-content-style":"default","site-sidebar-style":"default","ast-global-header-display":"","ast-banner-title-visibility":"","ast-main-header-display":"","ast-hfb-above-header-display":"","ast-hfb-below-header-display":"","ast-hfb-mobile-header-display":"","site-post-title":"","ast-breadcrumbs-content":"","ast-featured-img":"","footer-sml-layout":"","ast-disable-related-posts":"","theme-transparent-header-meta":"","adv-header-id-meta":"","stick-header-meta":"","header-above-stick-meta":"","header-main-stick-meta":"","header-below-stick-meta":"","astra-migrate-meta-layouts":"default","ast-page-background-enabled":"default","ast-page-background-meta":{"desktop":{"background-color":"var(--ast-global-color-5)","background-image":"","background-repeat":"repeat","background-position":"center center","background-size":"auto","background-attachment":"scroll","background-type":"","background-media":"","overlay-type":"","overlay-color":"","overlay-opacity":"","overlay-gradient":""},"tablet":{"background-color":"","background-image":"","background-repeat":"repeat","background-position":"center center","background-size":"auto","background-attachment":"scroll","background-type":"","background-media":"","overlay-type":"","overlay-color":"","overlay-opacity":"","overlay-gradient":""},"mobile":{"background-color":"","background-image":"","background-repeat":"repeat","background-position":"center center","background-size":"auto","background-attachment":"scroll","background-type":"","background-media":"","overlay-type":"","overlay-color":"","overlay-opacity":"","overlay-gradient":""}},"ast-content-background-meta":{"desktop":{"background-color":"var(--ast-global-color-4)","background-image":"","background-repeat":"repeat","background-position":"center center","background-size":"auto","background-attachment":"scroll","background-type":"","background-media":"","overlay-type":"","overlay-color":"","overlay-opacity":"","overlay-gradient":""},"tablet":{"background-color":"var(--ast-global-color-4)","background-image":"","background-repeat":"repeat","background-position":"center center","background-size":"auto","background-attachment":"scroll","background-type":"","background-media":"","overlay-type":"","overlay-color":"","overlay-opacity":"","overlay-gradient":""},"mobile":{"background-color":"var(--ast-global-color-4)","background-image":"","background-repeat":"repeat","background-position":"center center","background-size":"auto","background-attachment":"scroll","background-type":"","background-media":"","overlay-type":"","overlay-color":"","overlay-opacity":"","overlay-gradient":""}},"footnotes":""},"categories":[164],"tags":[175],"class_list":["post-15841","post","type-post","status-publish","format-standard","has-post-thumbnail","hentry","category-actualites-interflora","tag-interflora"],"uagb_featured_image_src":{"full":false,"thumbnail":false,"medium":false,"medium_large":false,"large":false,"1536x1536":false,"2048x2048":false},"uagb_author_info":{"display_name":"admin","author_link":"https:\/\/www.interflora.fr\/blog\/author\/admin\/"},"uagb_comment_info":1,"uagb_excerpt":"Durant tout l\u2019\u00e9t\u00e9, la douceur de vivre et la tendresse sont \u00e0 la mode ! Dans un style sobre et [&hellip;]","yoast_meta":{"title":"","description":"Durant tout l\u2019\u00e9t\u00e9, la douceur de vivre et la tendresse sont \u00e0 la mode. Dans un style sobre et raffin\u00e9, les fleurs roses et pastel rivalisent d\u2019\u00e9l\u00e9gance."},"_links":{"self":[{"href":"https:\/\/www.interflora.fr\/blog\/wp-json\/wp\/v2\/posts\/15841","targetHints":{"allow":["GET"]}}],"collection":[{"href":"https:\/\/www.interflora.fr\/blog\/wp-json\/wp\/v2\/posts"}],"about":[{"href":"https:\/\/www.interflora.fr\/blog\/wp-json\/wp\/v2\/types\/post"}],"author":[{"embeddable":true,"href":"https:\/\/www.interflora.fr\/blog\/wp-json\/wp\/v2\/users\/1"}],"replies":[{"embeddable":true,"href":"https:\/\/www.interflora.fr\/blog\/wp-json\/wp\/v2\/comments?post=15841"}],"version-history":[{"count":1,"href":"https:\/\/www.interflora.fr\/blog\/wp-json\/wp\/v2\/posts\/15841\/revisions"}],"predecessor-version":[{"id":58650,"href":"https:\/\/www.interflora.fr\/blog\/wp-json\/wp\/v2\/posts\/15841\/revisions\/58650"}],"wp:featuredmedia":[{"embeddable":true,"href":"https:\/\/www.interflora.fr\/blog\/wp-json\/"}],"wp:attachment":[{"href":"https:\/\/www.interflora.fr\/blog\/wp-json\/wp\/v2\/media?parent=15841"}],"wp:term":[{"taxonomy":"category","embeddable":true,"href":"https:\/\/www.interflora.fr\/blog\/wp-json\/wp\/v2\/categories?post=15841"},{"taxonomy":"post_tag","embeddable":true,"href":"https:\/\/www.interflora.fr\/blog\/wp-json\/wp\/v2\/tags?post=15841"}],"curies":[{"name":"wp","href":"https:\/\/api.w.org\/{rel}","templated":true}]}}