{"id":15396,"date":"2026-02-02T10:42:40","date_gmt":"2026-02-02T09:42:40","guid":{"rendered":"http:\/\/www.interflora.fr\/blog\/?p=15396"},"modified":"2026-02-17T10:42:40","modified_gmt":"2026-02-17T09:42:40","slug":"grand-mere-prend-le-pouvoir","status":"publish","type":"post","link":"https:\/\/www.interflora.fr\/blog\/grand-mere-prend-le-pouvoir\/","title":{"rendered":"D\u00e9couvrez les mamies les plus connues !"},"content":{"rendered":"\n<p><strong>De la m\u00e9m\u00e9 traditionnelle \u00e0 la cyber mamie, le statut de la grand-m\u00e8re n\u2019a eu de cesse de se moderniser depuis le si\u00e8cle dernier. Une \u00e9volution des m\u0153urs et de notre soci\u00e9t\u00e9 qui s\u2019exprime largement \u00e0 travers la litt\u00e9rature, le cin\u00e9ma ou la publicit\u00e9. Depuis la fin des ann\u00e9es 80, nos mamies sont officiellement consacr\u00e9es par le calendrier avec la <a href=\"https:\/\/www.interflora.fr\/blog\/la-fete-des-grand-meres\/\" target=\"_blank\" rel=\"noreferrer noopener\">F\u00eate des Grands-M\u00e8res<\/a>, qui est c\u00e9l\u00e9br\u00e9e chaque premier dimanche du mois de mars.<\/strong><\/p>\n\n\n\n<h2 class=\"wp-block-heading\">1698 : \u00ab Ma m\u00e8re-grand, que vous avez de grandes dents ! \u00bb<\/h2>\n\n\n\n<p class=\"has-text-align-left\"><img loading=\"lazy\" decoding=\"async\" class=\"alignnone size-full wp-image-15403\" src=\"\/\/www.interflora.fr\/blog\/wp-content\/uploads\/2016\/03\/Grand-mere-conte.jpg\" alt=\"Grand-mere conte\" width=\"800\" height=\"345\"><br><em>Le Petit Chaperon rouge<\/em> est un conte fran\u00e7ais de tradition orale aux multiples versions, que Charles Perrault est le premier \u00e0 fixer sur le papier en 1698. Dans les r\u00f4les principaux, une fillette et sa grand-m\u00e8re sont victimes de la ruse d\u2019un loup, dont l\u2019objectif n\u2019est autre que de les d\u00e9vorer. Pour parvenir \u00e0 ses fins, la b\u00eate se pr\u00e9sente devant la maison de la vieille femme : <em>\u00ab Tire la chevillette, la bobinette cherra \u00bb<\/em>, lui dit-elle avant de se faire manger. C\u2019est ainsi que la petit Chaperon rouge se fait berner par une \u00ab m\u00e8re-grand \u00bb qui a de grandes oreilles et de grandes dents. La premi\u00e8re version du conte finit par la victoire du loup.<\/p>\n\n\n\n<h2 class=\"wp-block-heading\">1940 : Grand-m\u00e8re Donald, la mamie g\u00e2teau<\/h2>\n\n\n\n<p><img loading=\"lazy\" decoding=\"async\" class=\"alignnone size-full wp-image-15404\" src=\"\/\/www.interflora.fr\/blog\/wp-content\/uploads\/2016\/03\/Grand-mere-Gateau.jpg\" alt=\"Grand-mere Gateau\" width=\"800\" height=\"389\"><br>Apparue pour la premi\u00e8re fois en 1940, Grand-m\u00e8re Donald est un personnage cr\u00e9\u00e9 par Al Taliaferro pour Walt Disney. Membre \u00e9minent de la c\u00e9l\u00e8bre tribu des canards, Grandma Duck est la grand-m\u00e8re de Donald et l\u2019arri\u00e8re-grand-m\u00e8re de Riri, Fifi et Loulou. Bien qu\u2019elle soit un personnage de fiction, on lui attribue une v\u00e9ritable histoire. N\u00e9e en 1855, Elvire Duck (de son vrai nom) serait la petite fille du fondateur de Donaldville, Corn\u00e9lious Ecoutum. Veuve \u00e0 partir de 1920, elle aurait vendu ses terres \u00e0 Balthazar Picsou pour ne conserver que sa ferme, o\u00f9 son emploi du temps consiste \u00e0 pr\u00e9parer de d\u00e9licieux petits plats pour ses neveux.<\/p>\n\n\n\n<h2 class=\"wp-block-heading\">1949 : Mamie Nova : \u00ab Merci qui ? \u00bb<\/h2>\n\n\n\n<p><img loading=\"lazy\" decoding=\"async\" class=\"alignnone size-full wp-image-15405\" src=\"\/\/www.interflora.fr\/blog\/wp-content\/uploads\/2016\/03\/Grand-mere-yaourt.jpg\" alt=\"Grand-mere yaourt\" width=\"799\" height=\"327\"><br>Cr\u00e9\u00e9e en 1949, Mamie Nova est une marque commerciale fran\u00e7aise qui propose des yaourts, des g\u00e2teaux et des cr\u00e8mes desserts. Son embl\u00e8me a particuli\u00e8rement marqu\u00e9 les esprits dans les ann\u00e9es 80 avec une publicit\u00e9 mettant en sc\u00e8ne une grand-m\u00e8re tr\u00e8s traditionnelle qui se pr\u00e9sente comme une experte des produits laitiers transform\u00e9s. Incarn\u00e9e un temps par l&rsquo;actrice Ren\u00e9e Faure, Mamie Nova est populaire pour ses slogans chocs : \u00ab Merci qui ? \u00bb, \u00ab Les mamies ne lui disent pas merci \u00bb ou le malheureux \u00ab La mamie que je pr\u00e9f\u00e8re, elle est dans le Frigidaire \u00bb, un slogan douteux qui a sign\u00e9 la fin du succ\u00e8s publicitaire pour la nonag\u00e9naire.<\/p>\n\n\n\n<h2 class=\"wp-block-heading\">1954 : \u00ab Grand&rsquo;M\u00e8re sait faire un bon caf\u00e9 \u00bb<\/h2>\n\n\n\n<p><img loading=\"lazy\" decoding=\"async\" width=\"800\" height=\"359\" class=\"alignnone size-full wp-image-15406\" src=\"\/\/www.interflora.fr\/blog\/wp-content\/uploads\/2016\/03\/Grand-mere-Cafe.jpg\" alt=\"Grand-mere Cafe\"><br>Le Caf\u00e9 Grand\u2019M\u00e8re est une marque fran\u00e7aise de caf\u00e9 n\u00e9e en 1954 dans le Nord de la France. Outre la graphie du mot grand-m\u00e8re qui est assez inhabituelle, Caf\u00e9 Grand\u2019M\u00e8re a surtout marqu\u00e9 les esprits par son embl\u00e8me en cartoon et son slogan devenu culte : \u00ab Grand&rsquo;M\u00e8re sait faire un bon caf\u00e9 \u00bb. Le Caf\u00e9 Grand\u2019M\u00e8re est \u00e0 l\u2019origine de la cr\u00e9ation de la <a href=\"https:\/\/www.interflora.fr\/blog\/la-fete-des-grand-meres\/\">F\u00eate des grands-m\u00e8res<\/a> en 1987, une initiative jug\u00e9e tr\u00e8s commerciale qui a mis du temps \u00e0 trouver un \u00e9cho positif aupr\u00e8s du grand public. Aujourd\u2019hui, les grands-m\u00e8res sont officiellement c\u00e9l\u00e9br\u00e9es chaque premier dimanche du mois de mars.<\/p>\n\n\n\n<h2 class=\"wp-block-heading\">1972 : La M\u00e8re Denis : \u00ab C&rsquo;est ben vrai \u00e7a ! \u00bb<\/h2>\n\n\n\n<p><iframe loading=\"lazy\" src=\"https:\/\/www.youtube.com\/embed\/pbvMnq0ZeR8?rel=0\" width=\"640\" height=\"360\" frameborder=\"0\" allowfullscreen=\"allowfullscreen\"><\/iframe><br>Elle est l\u2019une des personnalit\u00e9s les plus embl\u00e9matiques de la publicit\u00e9 fran\u00e7aise. La M\u00e8re Denis, de son vrai nom Jeanne Marie Le Calv\u00e9, est une vraie grand-m\u00e8re du terroir, avec sa joie de vivre, ses joues roses et son accent du Calvados. A l\u2019initiative du publicitaire Pierre Baton, elle investit le petit \u00e9cran en 1972 pour repr\u00e9senter la marque de machines \u00e0 laver Vedette durant une bonne d\u00e9cennie. Les slogans \u00ab C&rsquo;est ben vrai \u00e7a ! \u00bb et \u00ab \u00c7a c&rsquo;est vrai \u00e7a !! \u00bb sont rest\u00e9s c\u00e9l\u00e8bres. Jeanne Marie Le Calv\u00e9, qui est d\u00e9c\u00e9d\u00e9e en 1989 \u00e0 Pont-l&rsquo;\u00c9v\u00eaque, fait partie des personnalit\u00e9s pr\u00e9f\u00e9r\u00e9es des Fran\u00e7aises en 1976.<\/p>\n\n\n\n<h2 class=\"wp-block-heading\">1984 : \u00ab Et c&rsquo;est tant mieux parce que je ferai pas \u00e7a tous les jours&#8230; \u00bb<\/h2>\n\n\n\n<p><iframe loading=\"lazy\" src=\"https:\/\/www.youtube.com\/embed\/fhI1zeDwoI0?rel=0\" width=\"640\" height=\"480\" frameborder=\"0\" allowfullscreen=\"allowfullscreen\"><\/iframe><br>Le grand public la conna\u00eet pour son r\u00f4le \u00ab glissant \u00bb dans la publicit\u00e9 pour la promotion du d\u00e9poussi\u00e9rant de la marque Pliz. En 1984, Marie-Pierre Casey s\u2019accapare le petit \u00e9cran avec un slogan d\u00e9sormais c\u00e9l\u00e8bre : \u00ab Et c&rsquo;est tant mieux parce que je ferai pas \u00e7a tous les jours&#8230; \u00bb L\u2019actrice n\u2019en est alors pas \u00e0 son premier essai puisqu\u2019elle a particip\u00e9 \u00e0 plusieurs \u00e9missions de divertissement comme <em>Cocoricocoboy<\/em> ou <em>Cluedo<\/em>. Apr\u00e8s une courte parenth\u00e8se dans la chanson et le one woman show, Marie-Pierre Casey a \u00e9galement \u00e9t\u00e9 remarqu\u00e9e \u00e0 la fin des ann\u00e9es 80 dans la s\u00e9rie t\u00e9l\u00e9vis\u00e9e <em>Marc et Sophie<\/em>.<\/p>\n\n\n\n<h2 class=\"wp-block-heading\">1984 : Gis\u00e8le et Lucienne, les m\u00e9m\u00e9s vamps<\/h2>\n\n\n\n<p><iframe loading=\"lazy\" src=\"https:\/\/www.youtube.com\/embed\/TTs8TZvrStc?rel=0\" width=\"640\" height=\"360\" frameborder=\"0\" allowfullscreen=\"allowfullscreen\"><br>Si les Vamps ont connu leurs plus gros succ\u00e8s dans les ann\u00e9es 90, l\u2019histoire de ce duo comique compos\u00e9 par Nicole Avezard et Dominique de Lacoste d\u00e9bute r\u00e9ellement en 1984. C\u2019est l\u2019histoire de deux vieilles m\u00e9nag\u00e8res, Gis\u00e8le et Lucienne, dont les principales occupations sont de dire du mal de leurs voisines, commenter les s\u00e9ries t\u00e9l\u00e9vis\u00e9es et se critiquer entre elles. Un duo tr\u00e8s populaire qui ne manque pas d\u2019\u00e9gratigner le style vestimentaire des femmes \u00e2g\u00e9es des ann\u00e9es 50. Cette parodie atteint d\u2019ailleurs son apog\u00e9e en 1989 avec l\u2019organisation d\u2019un faux d\u00e9fil\u00e9 de mode intitul\u00e9 \u00ab La basse couture \u00bb.<\/p><\/iframe><\/p>\n\n\n<div class=\"lp-produits-grid\"><div class=\"lp-produit\"><div class=\"lp-thumbnail-wrapper\"><img loading=\"lazy\" decoding=\"async\" width=\"300\" height=\"300\" src=\"https:\/\/www.interflora.fr\/blog\/wp-content\/uploads\/2025\/12\/2BDT-800Wx800H-0-1-300x300.jpg\" class=\"attachment-medium size-medium wp-post-image\" alt=\"\" srcset=\"https:\/\/www.interflora.fr\/blog\/wp-content\/uploads\/2025\/12\/2BDT-800Wx800H-0-1-300x300.jpg 300w, https:\/\/www.interflora.fr\/blog\/wp-content\/uploads\/2025\/12\/2BDT-800Wx800H-0-1-150x150.jpg 150w, https:\/\/www.interflora.fr\/blog\/wp-content\/uploads\/2025\/12\/2BDT-800Wx800H-0-1-768x768.jpg 768w, https:\/\/www.interflora.fr\/blog\/wp-content\/uploads\/2025\/12\/2BDT-800Wx800H-0-1.jpg 800w\" sizes=\"auto, (max-width: 300px) 100vw, 300px\" \/><img decoding=\"async\" class=\"lp-badge\" src=\"https:\/\/www.interflora.fr\/blog\/wp-content\/uploads\/2025\/06\/logo-circle.png\" alt=\"Livraison rapide Interflora\"><\/div><span>Brass\u00e9e de tulipes multicolores<\/span><p>31.95 \u20ac<\/p><span class=\"obf-link lp-cta\" role=\"link\" tabindex=\"0\" data-b64=\"aHR0cHM6Ly93d3cuaW50ZXJmbG9yYS5mci9wL2JvdXF1ZXQtdHVsaXBlcy8xL0ZSP3V0bV9tZWRpdW09b3JnYW5pYyZ1dG1fc291cmNlPWJsb2dfcHJvZHVjdHMmdXRtX2NhbXBhaWduPTJCRFQ=\" data-target=\"_blank\"><svg xmlns=\"http:\/\/www.w3.org\/2000\/svg\" width=\"16\" height=\"16\" fill=\"currentColor\" class=\"bi bi-bag\" viewBox=\"0 0 16 16\"><path d=\"M8 1a2 2 0 0 1 2 2v1h2.5A1.5 1.5 0 0 1 14 5.5v8A1.5 1.5 0 0 1 12.5 15h-9A1.5 1.5 0 0 1 2 13.5v-8A1.5 1.5 0 0 1 3.5 3H6V2a2 2 0 0 1 2-1zm1 3V3a1 1 0 0 0-2 0v1h2z\"\/><\/svg>Voir le produit<\/span><p class=\"rapido\">Top produit<\/p><\/div><div class=\"lp-produit\"><div class=\"lp-thumbnail-wrapper\"><img loading=\"lazy\" decoding=\"async\" width=\"300\" height=\"300\" src=\"https:\/\/www.interflora.fr\/blog\/wp-content\/uploads\/2025\/09\/2BFS-800Wx800H-0-1-25-300x300.jpg\" class=\"attachment-medium size-medium wp-post-image\" alt=\"\" srcset=\"https:\/\/www.interflora.fr\/blog\/wp-content\/uploads\/2025\/09\/2BFS-800Wx800H-0-1-25-300x300.jpg 300w, https:\/\/www.interflora.fr\/blog\/wp-content\/uploads\/2025\/09\/2BFS-800Wx800H-0-1-25-150x150.jpg 150w, https:\/\/www.interflora.fr\/blog\/wp-content\/uploads\/2025\/09\/2BFS-800Wx800H-0-1-25-768x768.jpg 768w, https:\/\/www.interflora.fr\/blog\/wp-content\/uploads\/2025\/09\/2BFS-800Wx800H-0-1-25.jpg 800w\" sizes=\"auto, (max-width: 300px) 100vw, 300px\" \/><img decoding=\"async\" class=\"lp-badge\" src=\"https:\/\/www.interflora.fr\/blog\/wp-content\/uploads\/2025\/06\/logo-circle.png\" alt=\"Livraison rapide Interflora\"><\/div><span>Le bouquet cr\u00e9atif du fleuriste de saison<\/span><p>36.95 \u20ac<\/p><span class=\"obf-link lp-cta\" role=\"link\" tabindex=\"0\" data-b64=\"aHR0cHM6Ly93d3cuaW50ZXJmbG9yYS5mci9wL2JvdXF1ZXQtZmxldXJpc3RlLWRlLXNhaXNvbi8xL0ZSP3V0bV9tZWRpdW09b3JnYW5pYyZ1dG1fc291cmNlPWJsb2dfcHJvZHVjdHMmdXRtX2NhbXBhaWduPTJCRlM=\" data-target=\"_blank\"><svg xmlns=\"http:\/\/www.w3.org\/2000\/svg\" width=\"16\" height=\"16\" fill=\"currentColor\" class=\"bi bi-bag\" viewBox=\"0 0 16 16\"><path d=\"M8 1a2 2 0 0 1 2 2v1h2.5A1.5 1.5 0 0 1 14 5.5v8A1.5 1.5 0 0 1 12.5 15h-9A1.5 1.5 0 0 1 2 13.5v-8A1.5 1.5 0 0 1 3.5 3H6V2a2 2 0 0 1 2-1zm1 3V3a1 1 0 0 0-2 0v1h2z\"\/><\/svg>Voir le produit<\/span><p class=\"rapido\">Livraison rapide<\/p><\/div><div class=\"lp-produit\"><div class=\"lp-thumbnail-wrapper\"><img loading=\"lazy\" decoding=\"async\" width=\"300\" height=\"300\" src=\"https:\/\/www.interflora.fr\/blog\/wp-content\/uploads\/2025\/05\/2RB-800Wx800H-0-1-25-300x300.jpg\" class=\"attachment-medium size-medium wp-post-image\" alt=\"\" srcset=\"https:\/\/www.interflora.fr\/blog\/wp-content\/uploads\/2025\/05\/2RB-800Wx800H-0-1-25-300x300.jpg 300w, https:\/\/www.interflora.fr\/blog\/wp-content\/uploads\/2025\/05\/2RB-800Wx800H-0-1-25-150x150.jpg 150w, https:\/\/www.interflora.fr\/blog\/wp-content\/uploads\/2025\/05\/2RB-800Wx800H-0-1-25-768x768.jpg 768w, https:\/\/www.interflora.fr\/blog\/wp-content\/uploads\/2025\/05\/2RB-800Wx800H-0-1-25.jpg 800w\" sizes=\"auto, (max-width: 300px) 100vw, 300px\" \/><img decoding=\"async\" class=\"lp-badge\" src=\"https:\/\/www.interflora.fr\/blog\/wp-content\/uploads\/2025\/06\/logo-circle.png\" alt=\"Livraison rapide Interflora\"><\/div><span>Rosa Bella<\/span><p>49.95 \u20ac<\/p><span class=\"obf-link lp-cta\" role=\"link\" tabindex=\"0\" data-b64=\"aHR0cHM6Ly93d3cuaW50ZXJmbG9yYS5mci9wL3Jvc2EtYmVsbGEvMS9GUj91dG1fbWVkaXVtPW9yZ2FuaWMmdXRtX3NvdXJjZT1ibG9nX3Byb2R1Y3RzJnV0bV9jYW1wYWlnbj0yUkI=\" data-target=\"_blank\"><svg xmlns=\"http:\/\/www.w3.org\/2000\/svg\" width=\"16\" height=\"16\" fill=\"currentColor\" class=\"bi bi-bag\" viewBox=\"0 0 16 16\"><path d=\"M8 1a2 2 0 0 1 2 2v1h2.5A1.5 1.5 0 0 1 14 5.5v8A1.5 1.5 0 0 1 12.5 15h-9A1.5 1.5 0 0 1 2 13.5v-8A1.5 1.5 0 0 1 3.5 3H6V2a2 2 0 0 1 2-1zm1 3V3a1 1 0 0 0-2 0v1h2z\"\/><\/svg>Voir le produit<\/span><p class=\"rapido\">Livraison rapide<\/p><\/div><div class=\"lp-produit\"><div class=\"lp-thumbnail-wrapper\"><img loading=\"lazy\" decoding=\"async\" width=\"300\" height=\"300\" src=\"https:\/\/www.interflora.fr\/blog\/wp-content\/uploads\/2025\/05\/5PFDF-800Wx800H-0-1-13-300x300.jpg\" class=\"attachment-medium size-medium wp-post-image\" alt=\"\" srcset=\"https:\/\/www.interflora.fr\/blog\/wp-content\/uploads\/2025\/05\/5PFDF-800Wx800H-0-1-13-300x300.jpg 300w, https:\/\/www.interflora.fr\/blog\/wp-content\/uploads\/2025\/05\/5PFDF-800Wx800H-0-1-13-150x150.jpg 150w, https:\/\/www.interflora.fr\/blog\/wp-content\/uploads\/2025\/05\/5PFDF-800Wx800H-0-1-13-768x768.jpg 768w, https:\/\/www.interflora.fr\/blog\/wp-content\/uploads\/2025\/05\/5PFDF-800Wx800H-0-1-13.jpg 800w\" sizes=\"auto, (max-width: 300px) 100vw, 300px\" \/><img decoding=\"async\" class=\"lp-badge\" src=\"https:\/\/www.interflora.fr\/blog\/wp-content\/uploads\/2025\/06\/logo-circle.png\" alt=\"Livraison rapide Interflora\"><\/div><span>La plante fleurie du fleuriste<\/span><p>26.95 \u20ac<\/p><span class=\"obf-link lp-cta\" role=\"link\" tabindex=\"0\" data-b64=\"aHR0cHM6Ly93d3cuaW50ZXJmbG9yYS5mci9wL2ZldGUtZ3JhbmQtbWVyZS1wbGFudGUtZmxldXJpc3RlLzEvRlI\/dXRtX21lZGl1bT1vcmdhbmljJnV0bV9zb3VyY2U9YmxvZ19wcm9kdWN0cyZ1dG1fY2FtcGFpZ249NVBGREY=\" data-target=\"_blank\"><svg xmlns=\"http:\/\/www.w3.org\/2000\/svg\" width=\"16\" height=\"16\" fill=\"currentColor\" class=\"bi bi-bag\" viewBox=\"0 0 16 16\"><path d=\"M8 1a2 2 0 0 1 2 2v1h2.5A1.5 1.5 0 0 1 14 5.5v8A1.5 1.5 0 0 1 12.5 15h-9A1.5 1.5 0 0 1 2 13.5v-8A1.5 1.5 0 0 1 3.5 3H6V2a2 2 0 0 1 2-1zm1 3V3a1 1 0 0 0-2 0v1h2z\"\/><\/svg>Voir le produit<\/span><p class=\"rapido\">Top produit<\/p><\/div><\/div>\n\n\n\n<div style=\"height:18px\" aria-hidden=\"true\" class=\"wp-block-spacer\"><\/div>\n\n\n\n<h2 class=\"wp-block-heading\">1987 : Mona, la grand-m\u00e8re s\u00e9ductrice<\/h2>\n\n\n\n<p>Diffus\u00e9e aux Etats-Unis d\u00e8s 1984, la c\u00e9l\u00e8bre s\u00e9rie t\u00e9l\u00e9vis\u00e9e <em>Madame est servie<\/em> arrive sur les \u00e9crans fran\u00e7ais en 1987. Cette com\u00e9die am\u00e9ricaine raconte l\u2019histoire de l\u2019ex-champion de base-ball Tony Micelli, qui s\u2019installe en tant qu\u2019homme de m\u00e9nage avec sa fille Samantha chez la femme d\u2019affaires Angela Bower et son fils Jonathan. Parmi les r\u00f4les principaux, la grand-m\u00e8re de Jonathan, Mona Robinson (alias Katherine Helmond) est une s\u00e9ductrice avertie qui affiche clairement ses pulsions \u00e9rotiques. Pour la premi\u00e8re fois sur le petit \u00e9cran, la grand-m\u00e8re est pr\u00e9sent\u00e9e comme une femme sensuelle, provocatrice et compl\u00e8tement d\u00e9lur\u00e9e.<\/p>\n\n\n\n<h2 class=\"wp-block-heading\">1990 : \u00ab Vous ne la connaissez pas encore, mais elle vous d\u00e9teste d\u00e9j\u00e0 ! \u00bb<\/h2>\n\n\n\n<p><iframe loading=\"lazy\" src=\"https:\/\/www.youtube.com\/embed\/byIfeoF4M3Q?rel=0\" width=\"640\" height=\"480\" frameborder=\"0\" allowfullscreen=\"allowfullscreen\"><\/iframe><br>En 1990, Etienne Chatiliez cr\u00e9e l\u2019\u00e9v\u00e9nement sur grand \u00e9cran avec la sortie de la com\u00e9die <em>Tatie Danielle<\/em> et son slogan \u00e9vocateur : \u00ab Vous ne la connaissez pas encore, mais elle vous d\u00e9teste d\u00e9j\u00e0 ! \u00bb Dans le r\u00f4le principal du film, une nonag\u00e9naire odieuse, capricieuse, menteuse mais \u00e9galement voleuse, vient bouleverser l\u2019image gentillette de la grand-m\u00e8re traditionnelle. C\u2019est l\u2019histoire de Danielle Billard, 82 ans, qui va s\u2019installer chez ses neveux parisiens pour leur faire vivre\u2026 un v\u00e9ritable enfer ! Un challenge r\u00e9ussi puisque le film a \u00e9t\u00e9 r\u00e9compens\u00e9 par trois C\u00e9sars en 1991, dont celui de la meilleure actrice pour Tsilla Chelton.<\/p>\n\n\n\n<h2 class=\"wp-block-heading\">1993 : Madame Doubtfire, la mamie travestie<\/h2>\n\n\n\n<p><iframe loading=\"lazy\" src=\"https:\/\/www.youtube.com\/embed\/AqNEZ_QgvI4?rel=0\" width=\"560\" height=\"315\" frameborder=\"0\" allowfullscreen=\"allowfullscreen\"><\/iframe><br>R\u00e9alis\u00e9 par Chris Columbus en 1993, <em>Madame Doubtfire<\/em> est une com\u00e9die am\u00e9ricaine adapt\u00e9e du roman d\u2019Anne Fine paru quelques ann\u00e9es plus t\u00f4t : <em>Quand papa \u00e9tait femme de m\u00e9nage<\/em>. C\u2019est l\u2019histoire de Daniel Hillard, divorc\u00e9 de sa femme Miranda, qui d\u00e9cide de se travestir en vieille gouvernante \u00e9cossaise pour revoir ses enfants. Emmen\u00e9 par le talentueux Robin Williams, la supercherie fonctionne et permet au film de se classer parmi les plus gros succ\u00e8s cin\u00e9matographiques de l\u2019ann\u00e9e 1993. <em>Madame Doubtfire<\/em> a \u00e9t\u00e9 r\u00e9compens\u00e9e aux Golden Globes ainsi qu\u2019aux Oscars.<\/p>\n\n\n\n<h2 class=\"wp-block-heading\">1997 : Super Mamie<\/h2>\n\n\n\n<p><img loading=\"lazy\" decoding=\"async\" class=\"alignnone size-full wp-image-15407\" src=\"\/\/www.interflora.fr\/blog\/wp-content\/uploads\/2016\/03\/Grand-mere-concours.jpg\" alt=\"Grand-mere concours\" width=\"800\" height=\"371\"><br>En 1997, le public fran\u00e7ais d\u00e9couvre un concours de miss d\u2019un genre nouveau : l\u2019\u00e9lection de Super Mamie, un rendez-vous tr\u00e8s familial que les organisateurs pr\u00e9sentent comme un retour <em>\u00ab aux vraies valeurs \u00bb<\/em> afin de mettre en lumi\u00e8re <em>\u00ab des femmes extraordinaires \u00bb<\/em>. Pour \u00eatre retenues, ces candidates du troisi\u00e8me \u00e2ge doivent ainsi r\u00e9pondre \u00e0 des crit\u00e8res qui sont aux antipodes de la miss traditionnelle : \u00eatre \u00e2g\u00e9e de 45 \u00e0 80 ans et avoir su trouver un \u00e9quilibre entre vie familiale, professionnelle et sociale. La premi\u00e8re Super Mamie est Odette Petit (Champagne-Ardenne), qui a \u00e9t\u00e9 \u00e9lue au Th\u00e9\u00e2tre de la Mutualit\u00e9 \u00e0 Paris.<\/p>\n\n\n\n<h3 class=\"wp-block-heading\">Des mamies tr\u00e8s \u00ab people \u00bb !<\/h3>\n\n\n\n<p>De nombreuses grands-m\u00e8res ont rencontr\u00e9 le succ\u00e8s en tant que femmes \u00e2g\u00e9es. On pense notamment \u00e0 Lucienne, la mamie reporter sur Canal+, ou Mamika, la grand-m\u00e8re hyperactive qui est aussi top model.<br>Mais la presse people pr\u00e9f\u00e8re g\u00e9n\u00e9ralement afficher \u00e0 la Une des femmes dont la notori\u00e9t\u00e9 \u00e9tait acquise bien avant qu\u2019elles ne deviennent grands-m\u00e8res, faisant de ce statut un nouvel outil commercial. Parmi les plus populaires, les actrices fran\u00e7aise Catherine Deneuve et italienne Sophia Loren, toutes les deux grands-m\u00e8res de quatre petits-enfants, mais aussi Brigitte Bardot, Jane Fonda, Susan Sarandon, Jane Birkin ou Sylvie Vartan.<\/p>\n\n\n\n<p>\u00a9 SENS Agence \/ DR<\/p>\n\n\n<div class=\"lp-produits-grid\"><div class=\"lp-produit\"><div class=\"lp-thumbnail-wrapper\"><img loading=\"lazy\" decoding=\"async\" width=\"300\" height=\"300\" src=\"https:\/\/www.interflora.fr\/blog\/wp-content\/uploads\/2025\/09\/2BFS-800Wx800H-0-1-25-300x300.jpg\" class=\"attachment-medium size-medium wp-post-image\" alt=\"\" srcset=\"https:\/\/www.interflora.fr\/blog\/wp-content\/uploads\/2025\/09\/2BFS-800Wx800H-0-1-25-300x300.jpg 300w, https:\/\/www.interflora.fr\/blog\/wp-content\/uploads\/2025\/09\/2BFS-800Wx800H-0-1-25-150x150.jpg 150w, https:\/\/www.interflora.fr\/blog\/wp-content\/uploads\/2025\/09\/2BFS-800Wx800H-0-1-25-768x768.jpg 768w, https:\/\/www.interflora.fr\/blog\/wp-content\/uploads\/2025\/09\/2BFS-800Wx800H-0-1-25.jpg 800w\" sizes=\"auto, (max-width: 300px) 100vw, 300px\" \/><img decoding=\"async\" class=\"lp-badge\" src=\"https:\/\/www.interflora.fr\/blog\/wp-content\/uploads\/2025\/06\/logo-circle.png\" alt=\"Livraison rapide Interflora\"><\/div><span>Le bouquet cr\u00e9atif du fleuriste de saison<\/span><p>36.95 \u20ac<\/p><span class=\"obf-link lp-cta\" role=\"link\" tabindex=\"0\" data-b64=\"aHR0cHM6Ly93d3cuaW50ZXJmbG9yYS5mci9wL2JvdXF1ZXQtZmxldXJpc3RlLWRlLXNhaXNvbi8xL0ZSP3V0bV9tZWRpdW09b3JnYW5pYyZ1dG1fc291cmNlPWJsb2dfcHJvZHVjdHMmdXRtX2NhbXBhaWduPTJCRlM=\" data-target=\"_blank\"><svg xmlns=\"http:\/\/www.w3.org\/2000\/svg\" width=\"16\" height=\"16\" fill=\"currentColor\" class=\"bi bi-bag\" viewBox=\"0 0 16 16\"><path d=\"M8 1a2 2 0 0 1 2 2v1h2.5A1.5 1.5 0 0 1 14 5.5v8A1.5 1.5 0 0 1 12.5 15h-9A1.5 1.5 0 0 1 2 13.5v-8A1.5 1.5 0 0 1 3.5 3H6V2a2 2 0 0 1 2-1zm1 3V3a1 1 0 0 0-2 0v1h2z\"\/><\/svg>Voir le produit<\/span><p class=\"rapido\">Fleurs fra\u00eeches<\/p><\/div><div class=\"lp-produit\"><div class=\"lp-thumbnail-wrapper\"><img loading=\"lazy\" decoding=\"async\" width=\"300\" height=\"300\" src=\"https:\/\/www.interflora.fr\/blog\/wp-content\/uploads\/2025\/05\/2RB-800Wx800H-0-1-25-300x300.jpg\" class=\"attachment-medium size-medium wp-post-image\" alt=\"\" srcset=\"https:\/\/www.interflora.fr\/blog\/wp-content\/uploads\/2025\/05\/2RB-800Wx800H-0-1-25-300x300.jpg 300w, https:\/\/www.interflora.fr\/blog\/wp-content\/uploads\/2025\/05\/2RB-800Wx800H-0-1-25-150x150.jpg 150w, https:\/\/www.interflora.fr\/blog\/wp-content\/uploads\/2025\/05\/2RB-800Wx800H-0-1-25-768x768.jpg 768w, https:\/\/www.interflora.fr\/blog\/wp-content\/uploads\/2025\/05\/2RB-800Wx800H-0-1-25.jpg 800w\" sizes=\"auto, (max-width: 300px) 100vw, 300px\" \/><img decoding=\"async\" class=\"lp-badge\" src=\"https:\/\/www.interflora.fr\/blog\/wp-content\/uploads\/2025\/06\/logo-circle.png\" alt=\"Livraison rapide Interflora\"><\/div><span>Rosa Bella<\/span><p>49.95 \u20ac<\/p><span class=\"obf-link lp-cta\" role=\"link\" tabindex=\"0\" data-b64=\"aHR0cHM6Ly93d3cuaW50ZXJmbG9yYS5mci9wL3Jvc2EtYmVsbGEvMS9GUj91dG1fbWVkaXVtPW9yZ2FuaWMmdXRtX3NvdXJjZT1ibG9nX3Byb2R1Y3RzJnV0bV9jYW1wYWlnbj0yUkI=\" data-target=\"_blank\"><svg xmlns=\"http:\/\/www.w3.org\/2000\/svg\" width=\"16\" height=\"16\" fill=\"currentColor\" class=\"bi bi-bag\" viewBox=\"0 0 16 16\"><path d=\"M8 1a2 2 0 0 1 2 2v1h2.5A1.5 1.5 0 0 1 14 5.5v8A1.5 1.5 0 0 1 12.5 15h-9A1.5 1.5 0 0 1 2 13.5v-8A1.5 1.5 0 0 1 3.5 3H6V2a2 2 0 0 1 2-1zm1 3V3a1 1 0 0 0-2 0v1h2z\"\/><\/svg>Voir le produit<\/span><p class=\"rapido\">Top produit<\/p><\/div><div class=\"lp-produit\"><div class=\"lp-thumbnail-wrapper\"><img loading=\"lazy\" decoding=\"async\" width=\"300\" height=\"300\" src=\"https:\/\/www.interflora.fr\/blog\/wp-content\/uploads\/2025\/12\/2BDT-800Wx800H-0-1-300x300.jpg\" class=\"attachment-medium size-medium wp-post-image\" alt=\"\" srcset=\"https:\/\/www.interflora.fr\/blog\/wp-content\/uploads\/2025\/12\/2BDT-800Wx800H-0-1-300x300.jpg 300w, https:\/\/www.interflora.fr\/blog\/wp-content\/uploads\/2025\/12\/2BDT-800Wx800H-0-1-150x150.jpg 150w, https:\/\/www.interflora.fr\/blog\/wp-content\/uploads\/2025\/12\/2BDT-800Wx800H-0-1-768x768.jpg 768w, https:\/\/www.interflora.fr\/blog\/wp-content\/uploads\/2025\/12\/2BDT-800Wx800H-0-1.jpg 800w\" sizes=\"auto, (max-width: 300px) 100vw, 300px\" \/><img decoding=\"async\" class=\"lp-badge\" src=\"https:\/\/www.interflora.fr\/blog\/wp-content\/uploads\/2025\/06\/logo-circle.png\" alt=\"Livraison rapide Interflora\"><\/div><span>Brass\u00e9e de tulipes multicolores<\/span><p>31.95 \u20ac<\/p><span class=\"obf-link lp-cta\" role=\"link\" tabindex=\"0\" data-b64=\"aHR0cHM6Ly93d3cuaW50ZXJmbG9yYS5mci9wL2JvdXF1ZXQtdHVsaXBlcy8xL0ZSP3V0bV9tZWRpdW09b3JnYW5pYyZ1dG1fc291cmNlPWJsb2dfcHJvZHVjdHMmdXRtX2NhbXBhaWduPTJCRFQ=\" data-target=\"_blank\"><svg xmlns=\"http:\/\/www.w3.org\/2000\/svg\" width=\"16\" height=\"16\" fill=\"currentColor\" class=\"bi bi-bag\" viewBox=\"0 0 16 16\"><path d=\"M8 1a2 2 0 0 1 2 2v1h2.5A1.5 1.5 0 0 1 14 5.5v8A1.5 1.5 0 0 1 12.5 15h-9A1.5 1.5 0 0 1 2 13.5v-8A1.5 1.5 0 0 1 3.5 3H6V2a2 2 0 0 1 2-1zm1 3V3a1 1 0 0 0-2 0v1h2z\"\/><\/svg>Voir le produit<\/span><p class=\"rapido\">Livraison rapide<\/p><\/div><div class=\"lp-produit\"><div class=\"lp-thumbnail-wrapper\"><img loading=\"lazy\" decoding=\"async\" width=\"300\" height=\"300\" src=\"https:\/\/www.interflora.fr\/blog\/wp-content\/uploads\/2025\/05\/5PFDF-800Wx800H-0-1-13-300x300.jpg\" class=\"attachment-medium size-medium wp-post-image\" alt=\"\" srcset=\"https:\/\/www.interflora.fr\/blog\/wp-content\/uploads\/2025\/05\/5PFDF-800Wx800H-0-1-13-300x300.jpg 300w, https:\/\/www.interflora.fr\/blog\/wp-content\/uploads\/2025\/05\/5PFDF-800Wx800H-0-1-13-150x150.jpg 150w, https:\/\/www.interflora.fr\/blog\/wp-content\/uploads\/2025\/05\/5PFDF-800Wx800H-0-1-13-768x768.jpg 768w, https:\/\/www.interflora.fr\/blog\/wp-content\/uploads\/2025\/05\/5PFDF-800Wx800H-0-1-13.jpg 800w\" sizes=\"auto, (max-width: 300px) 100vw, 300px\" \/><img decoding=\"async\" class=\"lp-badge\" src=\"https:\/\/www.interflora.fr\/blog\/wp-content\/uploads\/2025\/06\/logo-circle.png\" alt=\"Livraison rapide Interflora\"><\/div><span>La plante fleurie du fleuriste<\/span><p>26.95 \u20ac<\/p><span class=\"obf-link lp-cta\" role=\"link\" tabindex=\"0\" data-b64=\"aHR0cHM6Ly93d3cuaW50ZXJmbG9yYS5mci9wL2ZldGUtZ3JhbmQtbWVyZS1wbGFudGUtZmxldXJpc3RlLzEvRlI\/dXRtX21lZGl1bT1vcmdhbmljJnV0bV9zb3VyY2U9YmxvZ19wcm9kdWN0cyZ1dG1fY2FtcGFpZ249NVBGREY=\" data-target=\"_blank\"><svg xmlns=\"http:\/\/www.w3.org\/2000\/svg\" width=\"16\" height=\"16\" fill=\"currentColor\" class=\"bi bi-bag\" viewBox=\"0 0 16 16\"><path d=\"M8 1a2 2 0 0 1 2 2v1h2.5A1.5 1.5 0 0 1 14 5.5v8A1.5 1.5 0 0 1 12.5 15h-9A1.5 1.5 0 0 1 2 13.5v-8A1.5 1.5 0 0 1 3.5 3H6V2a2 2 0 0 1 2-1zm1 3V3a1 1 0 0 0-2 0v1h2z\"\/><\/svg>Voir le produit<\/span><p class=\"rapido\">Livraison rapide<\/p><\/div><\/div>\n","protected":false},"excerpt":{"rendered":"<p>De la m\u00e9m\u00e9 traditionnelle \u00e0 la cyber mamie, le statut de la grand-m\u00e8re en France n\u2019a eu de cesse de se moderniser depuis le si\u00e8cle dernier.<\/p>\n","protected":false},"author":1,"featured_media":57484,"comment_status":"open","ping_status":"closed","sticky":false,"template":"","format":"standard","meta":{"_uag_custom_page_level_css":"","site-sidebar-layout":"default","site-content-layout":"","ast-site-content-layout":"default","site-content-style":"default","site-sidebar-style":"default","ast-global-header-display":"","ast-banner-title-visibility":"","ast-main-header-display":"","ast-hfb-above-header-display":"","ast-hfb-below-header-display":"","ast-hfb-mobile-header-display":"","site-post-title":"","ast-breadcrumbs-content":"","ast-featured-img":"","footer-sml-layout":"","ast-disable-related-posts":"","theme-transparent-header-meta":"","adv-header-id-meta":"","stick-header-meta":"","header-above-stick-meta":"","header-main-stick-meta":"","header-below-stick-meta":"","astra-migrate-meta-layouts":"set","ast-page-background-enabled":"default","ast-page-background-meta":{"desktop":{"background-color":"var(--ast-global-color-5)","background-image":"","background-repeat":"repeat","background-position":"center center","background-size":"auto","background-attachment":"scroll","background-type":"","background-media":"","overlay-type":"","overlay-color":"","overlay-opacity":"","overlay-gradient":""},"tablet":{"background-color":"","background-image":"","background-repeat":"repeat","background-position":"center center","background-size":"auto","background-attachment":"scroll","background-type":"","background-media":"","overlay-type":"","overlay-color":"","overlay-opacity":"","overlay-gradient":""},"mobile":{"background-color":"","background-image":"","background-repeat":"repeat","background-position":"center center","background-size":"auto","background-attachment":"scroll","background-type":"","background-media":"","overlay-type":"","overlay-color":"","overlay-opacity":"","overlay-gradient":""}},"ast-content-background-meta":{"desktop":{"background-color":"var(--ast-global-color-4)","background-image":"","background-repeat":"repeat","background-position":"center center","background-size":"auto","background-attachment":"scroll","background-type":"","background-media":"","overlay-type":"","overlay-color":"","overlay-opacity":"","overlay-gradient":""},"tablet":{"background-color":"var(--ast-global-color-4)","background-image":"","background-repeat":"repeat","background-position":"center center","background-size":"auto","background-attachment":"scroll","background-type":"","background-media":"","overlay-type":"","overlay-color":"","overlay-opacity":"","overlay-gradient":""},"mobile":{"background-color":"var(--ast-global-color-4)","background-image":"","background-repeat":"repeat","background-position":"center center","background-size":"auto","background-attachment":"scroll","background-type":"","background-media":"","overlay-type":"","overlay-color":"","overlay-opacity":"","overlay-gradient":""}},"footnotes":""},"categories":[268,186],"tags":[269],"class_list":["post-15396","post","type-post","status-publish","format-standard","has-post-thumbnail","hentry","category-fete-des-grands-meres","category-printemps","tag-fete-des-grands-meres"],"uagb_featured_image_src":{"full":["https:\/\/www.interflora.fr\/blog\/wp-content\/uploads\/2026\/01\/tulipes-doubles.jpg",533,800,false],"thumbnail":["https:\/\/www.interflora.fr\/blog\/wp-content\/uploads\/2026\/01\/tulipes-doubles-150x150.jpg",150,150,true],"medium":["https:\/\/www.interflora.fr\/blog\/wp-content\/uploads\/2026\/01\/tulipes-doubles-200x300.jpg",200,300,true],"medium_large":["https:\/\/www.interflora.fr\/blog\/wp-content\/uploads\/2026\/01\/tulipes-doubles.jpg",533,800,false],"large":["https:\/\/www.interflora.fr\/blog\/wp-content\/uploads\/2026\/01\/tulipes-doubles.jpg",533,800,false],"1536x1536":["https:\/\/www.interflora.fr\/blog\/wp-content\/uploads\/2026\/01\/tulipes-doubles.jpg",533,800,false],"2048x2048":["https:\/\/www.interflora.fr\/blog\/wp-content\/uploads\/2026\/01\/tulipes-doubles.jpg",533,800,false]},"uagb_author_info":{"display_name":"admin","author_link":"https:\/\/www.interflora.fr\/blog\/author\/admin\/"},"uagb_comment_info":2,"uagb_excerpt":"De la m\u00e9m\u00e9 traditionnelle \u00e0 la cyber mamie, le statut de la grand-m\u00e8re en France n\u2019a eu de cesse de se moderniser depuis le si\u00e8cle dernier.","yoast_meta":{"title":"Les mamies les plus connues, les plus c\u00e9l\u00e8bres ! | Interflora","description":"De la m\u00e9m\u00e9 traditionnelle \u00e0 la cyber mamie, le statut de la grand-m\u00e8re en France n\u2019a eu de cesse de se moderniser depuis le si\u00e8cle dernier."},"_links":{"self":[{"href":"https:\/\/www.interflora.fr\/blog\/wp-json\/wp\/v2\/posts\/15396","targetHints":{"allow":["GET"]}}],"collection":[{"href":"https:\/\/www.interflora.fr\/blog\/wp-json\/wp\/v2\/posts"}],"about":[{"href":"https:\/\/www.interflora.fr\/blog\/wp-json\/wp\/v2\/types\/post"}],"author":[{"embeddable":true,"href":"https:\/\/www.interflora.fr\/blog\/wp-json\/wp\/v2\/users\/1"}],"replies":[{"embeddable":true,"href":"https:\/\/www.interflora.fr\/blog\/wp-json\/wp\/v2\/comments?post=15396"}],"version-history":[{"count":1,"href":"https:\/\/www.interflora.fr\/blog\/wp-json\/wp\/v2\/posts\/15396\/revisions"}],"predecessor-version":[{"id":57567,"href":"https:\/\/www.interflora.fr\/blog\/wp-json\/wp\/v2\/posts\/15396\/revisions\/57567"}],"wp:featuredmedia":[{"embeddable":true,"href":"https:\/\/www.interflora.fr\/blog\/wp-json\/wp\/v2\/media\/57484"}],"wp:attachment":[{"href":"https:\/\/www.interflora.fr\/blog\/wp-json\/wp\/v2\/media?parent=15396"}],"wp:term":[{"taxonomy":"category","embeddable":true,"href":"https:\/\/www.interflora.fr\/blog\/wp-json\/wp\/v2\/categories?post=15396"},{"taxonomy":"post_tag","embeddable":true,"href":"https:\/\/www.interflora.fr\/blog\/wp-json\/wp\/v2\/tags?post=15396"}],"curies":[{"name":"wp","href":"https:\/\/api.w.org\/{rel}","templated":true}]}}