{"id":1483,"date":"2023-08-08T09:30:00","date_gmt":"2023-08-08T07:30:00","guid":{"rendered":"https:\/\/blog.bebloom.com\/?p=1483"},"modified":"2023-08-08T09:30:00","modified_gmt":"2023-08-08T07:30:00","slug":"culture-courgette-ortolana-di-faenza","status":"publish","type":"post","link":"https:\/\/www.interflora.fr\/blog\/culture-courgette-ortolana-di-faenza\/","title":{"rendered":"Fiche vari\u00e9t\u00e9 : Les caract\u00e9ristiques de la courgette Ortolana Di Faenza"},"content":{"rendered":"\n<p class=\"has-drop-cap has-text-align-left\">Originaire d\u2019Italie, ce l\u00e9gume estival est <strong>parfait pour faire ses premiers pas en jardinage&nbsp;!<\/strong> La courgette Ortolana Di Faenza est une vari\u00e9t\u00e9 rustique tr\u00e8s ancienne qui poss\u00e8de de nombreux avantages&nbsp;! Une fois arriv\u00e9s \u00e0 maturit\u00e9, les fruits assez courts poss\u00e8dent une<strong> peau vert clair stri\u00e9e de vert fonc\u00e9<\/strong>. La chair blanche poss\u00e8de une saveur douce appr\u00e9ci\u00e9e de toute la famille. <strong>D\u00e9couvrez comment cultiver&nbsp;la courgette Ortolana Di Faenza de plantation de la graine \u00e0 la r\u00e9colte&nbsp;<\/strong>!<\/p>\n\n\n\n<figure class=\"wp-block-image aligncenter size-full\"><img decoding=\"async\" src=\"https:\/\/blog.bebloom.com\/wp-content\/uploads\/2022\/01\/courgette-ortolana-di-faenza.jpg\" alt=\"Plant de courgettes ortolana di faenza\" class=\"wp-image-1513\"\/><figcaption class=\"wp-element-caption\"><em>Plant de courgettes Ortolana di Faenza, avec leurs fleurs<\/em><\/figcaption><\/figure>\n\n\n\n<hr class=\"wp-block-separator has-css-opacity\"\/>\n\n\n\n<div class=\"wp-block-columns is-layout-flex wp-container-core-columns-is-layout-28f84493 wp-block-columns-is-layout-flex\">\n<div class=\"wp-block-column is-layout-flow wp-block-column-is-layout-flow\" style=\"flex-basis:66.66%\">\n<h2 class=\"wp-block-heading\" id=\"identite-courgette-ortolana-di-faenza\"><strong>Fiche d\u2019identit\u00e9 de la courgette<\/strong> <strong><strong>Ortolana Di Faenza<\/strong><\/strong><\/h2>\n\n\n\n<p><strong>Rappel <\/strong>: les mots suivis de \ud83c\udf3b sont d\u00e9finis dans la colonne de droite (sur ordinateur) ou en fin d&rsquo;article (sur mobile)<\/p>\n\n\n\n<ul class=\"has-black-color has-text-color has-background wp-block-list\" style=\"background-color:#bb8e5f\">\n<li><strong>Nom : <\/strong>Courgette&nbsp;Ortolana Di Faenza<\/li>\n\n\n\n<li><strong>Nom latin <\/strong>: <em>Curcubita pepo var. Ortolana Di Faenza<\/em><\/li>\n\n\n\n<li><strong>Famille : <\/strong>Cucurbitac\u00e9es<\/li>\n\n\n\n<li><strong>Terre : <\/strong>Terre riche en mati\u00e8res organiques<\/li>\n\n\n\n<li><strong>Exposition :<\/strong> Plein soleil<\/li>\n\n\n\n<li><strong>Multiplication : <\/strong>Par semis<\/li>\n\n\n\n<li><strong>Mode de v\u00e9g\u00e9tation : <\/strong>Annuelle<\/li>\n\n\n\n<li><strong>Hauteur : <\/strong>45&nbsp;cm. \u00e0 1 m.<\/li>\n\n\n\n<li><strong>Etalement et distance de plantation :<\/strong> Environ 1&nbsp;m. d\u2019envergure \u00e0 maturit\u00e9. Pr\u00e9voir une distance de 1&nbsp;m. entre 2 plants<\/li>\n<\/ul>\n\n\n\n<div class=\"wp-block-columns is-layout-flex wp-container-core-columns-is-layout-28f84493 wp-block-columns-is-layout-flex\">\n<div class=\"wp-block-column is-layout-flow wp-block-column-is-layout-flow\">\n<h3 class=\"wp-block-heading has-text-align-center\" id=\"semis\">Semis<\/h3>\n\n\n\n<figure class=\"wp-block-table calendar\"><table><tbody><tr><td class=\"has-text-align-center\" data-align=\"center\">J<\/td><td class=\"has-text-align-center\" data-align=\"center\"><mark style=\"background-color:rgba(0, 0, 0, 0)\" class=\"has-inline-color has-vivid-green-cyan-color\">F<\/mark><\/td><td class=\"has-text-align-center\" data-align=\"center\"><mark style=\"background-color:rgba(0, 0, 0, 0)\" class=\"has-inline-color has-vivid-green-cyan-color\">M<\/mark><\/td><td class=\"has-text-align-center\" data-align=\"center\"><mark style=\"background-color:rgba(0, 0, 0, 0)\" class=\"has-inline-color has-vivid-green-cyan-color\">A<\/mark><\/td><td class=\"has-text-align-center\" data-align=\"center\"><mark style=\"background-color:rgba(0, 0, 0, 0)\" class=\"has-inline-color has-vivid-green-cyan-color\">M<\/mark><\/td><td class=\"has-text-align-center\" data-align=\"center\"><mark style=\"background-color:rgba(0, 0, 0, 0)\" class=\"has-inline-color has-vivid-green-cyan-color\">J<\/mark><\/td><\/tr><tr><td class=\"has-text-align-center\" data-align=\"center\">J<\/td><td class=\"has-text-align-center\" data-align=\"center\">A<\/td><td class=\"has-text-align-center\" data-align=\"center\">S<\/td><td class=\"has-text-align-center\" data-align=\"center\">O<\/td><td class=\"has-text-align-center\" data-align=\"center\">N<\/td><td class=\"has-text-align-center\" data-align=\"center\">D<\/td><\/tr><\/tbody><\/table><\/figure>\n<\/div>\n\n\n\n<div class=\"wp-block-column is-layout-flow wp-block-column-is-layout-flow\">\n<h3 class=\"wp-block-heading has-text-align-center\" id=\"plantation\">Plantation<\/h3>\n\n\n\n<figure class=\"wp-block-table calendar\"><table><tbody><tr><td class=\"has-text-align-center\" data-align=\"center\">J<\/td><td class=\"has-text-align-center\" data-align=\"center\">F<\/td><td class=\"has-text-align-center\" data-align=\"center\">M<\/td><td class=\"has-text-align-center\" data-align=\"center\"><mark style=\"background-color:rgba(0, 0, 0, 0)\" class=\"has-inline-color has-vivid-green-cyan-color\">A<\/mark><\/td><td class=\"has-text-align-center\" data-align=\"center\"><mark style=\"background-color:rgba(0, 0, 0, 0)\" class=\"has-inline-color has-vivid-green-cyan-color\">M<\/mark><\/td><td class=\"has-text-align-center\" data-align=\"center\"><mark style=\"background-color:rgba(0, 0, 0, 0)\" class=\"has-inline-color has-vivid-green-cyan-color\">J<\/mark><\/td><\/tr><tr><td class=\"has-text-align-center\" data-align=\"center\"><mark style=\"background-color:rgba(0, 0, 0, 0)\" class=\"has-inline-color has-vivid-green-cyan-color\">J<\/mark><\/td><td class=\"has-text-align-center\" data-align=\"center\"><mark style=\"background-color:rgba(0, 0, 0, 0)\" class=\"has-inline-color has-vivid-green-cyan-color\">A<\/mark><\/td><td class=\"has-text-align-center\" data-align=\"center\">S<\/td><td class=\"has-text-align-center\" data-align=\"center\">O<\/td><td class=\"has-text-align-center\" data-align=\"center\">N<\/td><td class=\"has-text-align-center\" data-align=\"center\">D<\/td><\/tr><\/tbody><\/table><\/figure>\n<\/div>\n<\/div>\n\n\n\n<h3 class=\"wp-block-heading has-text-align-center\" id=\"recolte\">R\u00e9colte<\/h3>\n\n\n\n<figure class=\"wp-block-table calendar\"><table><tbody><tr><td class=\"has-text-align-center\" data-align=\"center\">J<\/td><td class=\"has-text-align-center\" data-align=\"center\">F<\/td><td class=\"has-text-align-center\" data-align=\"center\">M<\/td><td class=\"has-text-align-center\" data-align=\"center\">A<\/td><td class=\"has-text-align-center\" data-align=\"center\"><mark style=\"background-color:rgba(0, 0, 0, 0)\" class=\"has-inline-color has-vivid-green-cyan-color\">M<\/mark><\/td><td class=\"has-text-align-center\" data-align=\"center\"><mark style=\"background-color:rgba(0, 0, 0, 0)\" class=\"has-inline-color has-vivid-green-cyan-color\">J<\/mark><\/td><\/tr><tr><td class=\"has-text-align-center\" data-align=\"center\"><mark style=\"background-color:rgba(0, 0, 0, 0)\" class=\"has-inline-color has-vivid-green-cyan-color\">J<\/mark><\/td><td class=\"has-text-align-center\" data-align=\"center\"><mark style=\"background-color:rgba(0, 0, 0, 0)\" class=\"has-inline-color has-vivid-green-cyan-color\">A<\/mark><\/td><td class=\"has-text-align-center\" data-align=\"center\"><mark style=\"background-color:rgba(0, 0, 0, 0)\" class=\"has-inline-color has-vivid-green-cyan-color\">S<\/mark><\/td><td class=\"has-text-align-center\" data-align=\"center\"><mark style=\"background-color:rgba(0, 0, 0, 0)\" class=\"has-inline-color has-vivid-green-cyan-color\">O<\/mark><\/td><td class=\"has-text-align-center\" data-align=\"center\">N<\/td><td class=\"has-text-align-center\" data-align=\"center\">D<\/td><\/tr><\/tbody><\/table><\/figure>\n\n\n\n<h2 class=\"wp-block-heading\" id=\"tout-savoir-courgette-ortolana-di-faenza\"><strong>Tout savoir sur le courgette <strong>Ortolana Di Faenza<\/strong><\/strong><\/h2>\n\n\n\n<p>Au m\u00eame titre que sa cousine la <a href=\"https:\/\/www.interflora.fr\/blog\/culture-courgette-grisette-de-provence\/\" target=\"_blank\" rel=\"noreferrer noopener\"><strong>Courgette greyzini<\/strong><\/a>, La courgette Ortolana Di Faenza nous vient d\u2019Italie. Toutefois, \u00e0 l&rsquo;inverse de celle ci, ce l\u00e9gume ancien a d\u00e9velopp\u00e9 une <strong>bonne r\u00e9sistance aux p\u00e9riodes de froid<\/strong> \u00e0 travers le temps. C\u2019est d&rsquo;ailleurs la raison pour laquelle, la courgette Ortolana Di Faenzaest<strong> cultiv\u00e9e du printemps jusqu\u2019\u00e0 l\u2019automne.<\/strong>&nbsp;<\/p>\n\n\n\n<p>Cette plante potag\u00e8re non coureuse a l\u2019avantage de <strong>grandir en port buissonnant<\/strong>. Cette forme se pr\u00eate bien \u00e0 la culture dans les petits potagers. Les fruits \u00e0 la forme allong\u00e9e sont pr\u00e9coces. Ils mesurent de 20 \u00e0 30&nbsp;cm de long et leur couleur vert clair est stri\u00e9e de vert fonc\u00e9. <strong>La chair poss\u00e8de une grande qualit\u00e9 gustative<\/strong>. Elle se r\u00e9v\u00e8le aussi savoureuse que croquante&nbsp;!<\/p>\n\n\n\n<p>La courgette Ortolana Di Faenza convient parfaitement <strong>pour confectionner des recettes traditionnelles du Midi et des petits plats faits maison<\/strong>. En ratatouille avec de la tomate, du basilic et de l\u2019ail frais, dans une salade, dans une soupe ou un velout\u00e9, vous pouvez en ajouter \u00e0 tous les repas.&nbsp;<\/p>\n\n\n\n<p><strong>Les fleurs se mangent aussi<\/strong>&nbsp;! R\u00e9alisez de succulents beignets de fleurs de courgette cet \u00e9t\u00e9. Vous verrez, c\u2019est facile.<\/p>\n\n\n\n<p>Pour obtenir plus d\u2019informations sur l\u2019entretien et l\u2019arrosage de la courgette, consultez notre Fiche Culture : <strong><a href=\"https:\/\/www.interflora.fr\/blog\/culture-courgette\/\" target=\"_blank\" rel=\"noreferrer noopener\">Tout savoir sur la Courgette<\/a> !<\/strong><\/p>\n\n\n\n<figure class=\"wp-block-image aligncenter size-full\"><img decoding=\"async\" src=\"https:\/\/blog.bebloom.com\/wp-content\/uploads\/2022\/01\/courgettes-ortolana.jpg\" alt=\"Courgettes ortolana di faenza avec leurs fleurs\" class=\"wp-image-1545\"\/><figcaption class=\"wp-element-caption\"><em>La courgette Ortolana di Faenza est l&rsquo;une des rares vari\u00e9t\u00e9s \u00e0 avoir d\u00e9velopp\u00e9 une r\u00e9sistance au froid<\/em><\/figcaption><\/figure>\n\n\n\n<h2 class=\"wp-block-heading\" id=\"mise-en-place-courgette-ortolana-di-faenza\"><strong>Mise en place au jardin de la courgette <strong>Ortolana Di Faenza<\/strong><\/strong><\/h2>\n\n\n\n<p>Vous pourrez facilement commencer la culture de cette vari\u00e9t\u00e9 en <strong>achetant directement les semences dans une jardinerie<\/strong>. Les plants pr\u00eats \u00e0 \u00eatre transplant\u00e9s (\ud83c\udf3b) sont plus difficiles \u00e0 trouver. Mais vous verrez qu\u2019une pousse de courgette ne met pas plus de 10 jours \u00e0 lever&nbsp;!<\/p>\n\n\n\n<p>Id\u00e9alement, <strong>choisissez un sachet de graines biologiques<\/strong>. Les semenciers bio n\u2019utilisent pas de produits issus de la p\u00e9trochimie.&nbsp;<\/p>\n\n\n\n<p>Semez vos graines dans des<strong> godets de terreau \u00e0 partir du mois de f\u00e9vrier.<\/strong> Gardez-les au chaud, car la temp\u00e9rature ne doit pas descendre en dessous de 12&nbsp;\u00b0C. Et si vous souhaitez que la germination <strong>soit plus rapide, maintenez une temp\u00e9rature de 18 \u00e0 20&nbsp;\u00b0C<\/strong>.<\/p>\n\n\n\n<p>\u00c0 partir de la mi-mai, vous pourrez <strong>transplanter les jeunes plantes dans votre potager<\/strong>. Laissez au minimum 1&nbsp;m entre chaque pied pour permettre au feuillage de cro\u00eetre. Choisissez un endroit qui profite bien du soleil et privil\u00e9giez, si possible, <strong>une exposition plein sud.<\/strong>&nbsp;<\/p>\n\n\n\n<p>Surveillez l\u2019arrosage afin que vos l\u00e9gumes <strong>ne manquent pas d\u2019eau pendant leur croissance<\/strong>. Vous pouvez prot\u00e9ger le sol des rayons du soleil en \u00e9talant des feuilles s\u00e9ch\u00e9es ou de la tonte de gazon tout autour des pieds.<\/p>\n\n\n\n<p>Vous ne tarderez pas \u00e0 voir appara\u00eetre la premi\u00e8re fleur. <strong>Et 3 mois apr\u00e8s avoir r\u00e9alis\u00e9 vos semis<\/strong>, vous pourrez commencer \u00e0 <strong>r\u00e9colter vos premiers l\u00e9gumes d\u2019\u00e9t\u00e9<\/strong>&nbsp;!<\/p>\n<\/div>\n\n\n\n<div class=\"wp-block-column is-layout-flow wp-block-column-is-layout-flow\" style=\"flex-basis:33.33%\">\n<hr class=\"wp-block-separator has-css-opacity is-style-default\"\/>\n\n\n\n<figure class=\"wp-block-image aligncenter size-full\"><img decoding=\"async\" src=\"https:\/\/blog.bebloom.com\/wp-content\/uploads\/2022\/01\/courgettes-ortolana-di-faenza.jpg\" alt=\"Courgettes ortolana di faenza\" class=\"wp-image-1543\"\/><\/figure>\n\n\n\n<hr class=\"wp-block-separator has-css-opacity\"\/>\n\n\n\n<h2 class=\"wp-block-heading\" id=\"definitions-classees-a-z\"><strong>D\u00e9finitions (<\/strong>\ud83c\udf3b<strong>) class\u00e9es A &#8211; Z<\/strong><\/h2>\n\n\n\n<div class=\"wp-block-columns vocabulaire is-layout-flex wp-container-core-columns-is-layout-28f84493 wp-block-columns-is-layout-flex\">\n<div class=\"wp-block-column vocabulaire is-layout-flow wp-block-column-is-layout-flow\">\n<h5 class=\"wp-block-heading\" id=\"qu-est-ce-qu-une-transplantation\"><strong><strong>Qu&rsquo;est-ce qu\u2019une TRANSPLANTATION <\/strong>?<\/strong><\/h5>\n\n\n\n<p>Transplanter les v\u00e9g\u00e9taux <strong>consiste \u00e0 les d\u00e9terrer pour les replanter dans un autre endroit.<\/strong> Cette technique est \u00e9galement appel\u00e9e le <strong>repiquage<\/strong>. Les arbres et les plantes sont souvent transplant\u00e9s dans un m\u00e9lange de terre et de compost.&nbsp;<\/p>\n\n\n\n<h5 class=\"wp-block-heading\" id=\"qu-est-ce-qu-une-maladie-fongique\"><strong>Qu&rsquo;est-ce qu&rsquo;une MALADIE FONGIQUE ?<\/strong><\/h5>\n\n\n\n<p>La maladie fongique<strong> ou cryptogamique <\/strong>est <strong>caus\u00e9e par le d\u00e9veloppement de champignons ou d\u2019autres organismes filamenteux<\/strong>. Elle se d\u00e9veloppe dans des milieux humides et elle conduit le plus souvent au pourrissement des v\u00e9g\u00e9taux.<\/p>\n<\/div>\n<\/div>\n\n\n\n<hr class=\"wp-block-separator has-css-opacity is-style-default\"\/>\n\n\n\n<h2 class=\"wp-block-heading\" id=\"le-saviez-vous\"><strong>Le saviez-vous ?<\/strong><\/h2>\n\n\n\n<p>Les courgettes tout comme les courges <strong>sont de grandes gourmandes&nbsp;<\/strong>! Elles utilisent pour leurs diff\u00e9rentes \u00e9tapes de croissance, de floraison et de fructification beaucoup de potassium et de phosphore. C\u00e9lestin vous conseille de <strong>ne pas les planter 2 ann\u00e9es de suite au m\u00eame endroit dans votre jardin<\/strong>. Id\u00e9alement, il faut attendre un cycle de 3 ans avant de les replanter dans la m\u00eame parcelle de culture.&nbsp;<\/p>\n\n\n\n<hr class=\"wp-block-separator has-css-opacity is-style-default\"\/>\n<\/div>\n<\/div>\n\n\n\n<h2 class=\"wp-block-heading\" id=\"les-petits-de-celestin\">Les petits + :<\/h2>\n\n\n\n<div class=\"wp-block-columns is-layout-flex wp-container-core-columns-is-layout-28f84493 wp-block-columns-is-layout-flex\">\n<div class=\"wp-block-column is-layout-flow wp-block-column-is-layout-flow\" style=\"flex-basis:100%\">\n<p class=\"has-black-color has-text-color has-background\" style=\"background-color:#5fbb5f\">Voici quelques astuces \u00e0 suivre pour vous garantir une r\u00e9colte abondante :<\/p>\n\n\n\n<ul class=\"wp-block-list\">\n<li><strong>\u00c9vitez <\/strong>de faire votre plantation <strong>\u00e0 c\u00f4t\u00e9 de celle des pommes de terre ou des concombres<\/strong>.&nbsp;<\/li>\n<\/ul>\n\n\n\n<ul class=\"wp-block-list\">\n<li><strong>Arrosez g\u00e9n\u00e9reusement<\/strong> vos courgettes Ortolana Di Faenza.<strong> L\u2019eau et le soleil sont les 2 indispensables<\/strong> pour faire pousser de beaux l\u00e9gumes&nbsp;!<\/li>\n<\/ul>\n\n\n\n<ul class=\"wp-block-list\">\n<li><strong>\u00c9vitez toujours d\u2019arroser les feuilles<\/strong> au risque d\u2019attirer les maladies fongiques (\ud83c\udf3b).&nbsp;<\/li>\n<\/ul>\n\n\n\n<ul class=\"wp-block-list\">\n<li>Au cours de l\u2019\u00e9t\u00e9, vous pouvez <strong>ajouter un engrais naturel <\/strong>\u00e0 base d\u2019ortie ou de consoude pour <strong>apporter encore plus de nutriments aux racine<\/strong>s. Les engrais liquides \u00e0 base d&rsquo;extraits de plantes se trouvent facilement dans les jardineries.<\/li>\n<\/ul>\n<\/div>\n<\/div>\n\n\n\n<div style=\"height:18px\" aria-hidden=\"true\" class=\"wp-block-spacer\"><\/div>\n\n\n\n<p>Commencez-vous \u00e0 avoir le pouce vert&nbsp;ou \u00eates-vous plut\u00f4t \u00e0 vos d\u00e9buts&nbsp;? Vos exp\u00e9riences de jardinage nous int\u00e9ressent&nbsp;! Laissez-nous un commentaire ou posez-nous une question.<\/p>\n","protected":false},"excerpt":{"rendered":"<p>Originaire d\u2019Italie, ce l\u00e9gume estival est parfait pour faire ses premiers pas en jardinage\u00a0! La courgette Ortolana Di Faenza est une vari\u00e9t\u00e9 rustique tr\u00e8s ancienne qui poss\u00e8de de nombreux avantages\u00a0!<\/p>\n","protected":false},"author":1,"featured_media":36382,"comment_status":"open","ping_status":"open","sticky":false,"template":"","format":"standard","meta":{"_uag_custom_page_level_css":"","site-sidebar-layout":"default","site-content-layout":"","ast-site-content-layout":"default","site-content-style":"default","site-sidebar-style":"default","ast-global-header-display":"","ast-banner-title-visibility":"","ast-main-header-display":"","ast-hfb-above-header-display":"","ast-hfb-below-header-display":"","ast-hfb-mobile-header-display":"","site-post-title":"","ast-breadcrumbs-content":"","ast-featured-img":"","footer-sml-layout":"","ast-disable-related-posts":"","theme-transparent-header-meta":"","adv-header-id-meta":"","stick-header-meta":"","header-above-stick-meta":"","header-main-stick-meta":"","header-below-stick-meta":"","astra-migrate-meta-layouts":"set","ast-page-background-enabled":"default","ast-page-background-meta":{"desktop":{"background-color":"var(--ast-global-color-5)","background-image":"","background-repeat":"repeat","background-position":"center center","background-size":"auto","background-attachment":"scroll","background-type":"","background-media":"","overlay-type":"","overlay-color":"","overlay-opacity":"","overlay-gradient":""},"tablet":{"background-color":"","background-image":"","background-repeat":"repeat","background-position":"center center","background-size":"auto","background-attachment":"scroll","background-type":"","background-media":"","overlay-type":"","overlay-color":"","overlay-opacity":"","overlay-gradient":""},"mobile":{"background-color":"","background-image":"","background-repeat":"repeat","background-position":"center center","background-size":"auto","background-attachment":"scroll","background-type":"","background-media":"","overlay-type":"","overlay-color":"","overlay-opacity":"","overlay-gradient":""}},"ast-content-background-meta":{"desktop":{"background-color":"var(--ast-global-color-4)","background-image":"","background-repeat":"repeat","background-position":"center center","background-size":"auto","background-attachment":"scroll","background-type":"","background-media":"","overlay-type":"","overlay-color":"","overlay-opacity":"","overlay-gradient":""},"tablet":{"background-color":"var(--ast-global-color-4)","background-image":"","background-repeat":"repeat","background-position":"center center","background-size":"auto","background-attachment":"scroll","background-type":"","background-media":"","overlay-type":"","overlay-color":"","overlay-opacity":"","overlay-gradient":""},"mobile":{"background-color":"var(--ast-global-color-4)","background-image":"","background-repeat":"repeat","background-position":"center center","background-size":"auto","background-attachment":"scroll","background-type":"","background-media":"","overlay-type":"","overlay-color":"","overlay-opacity":"","overlay-gradient":""}},"footnotes":""},"categories":[216,304],"tags":[303],"class_list":["post-1483","post","type-post","status-publish","format-standard","has-post-thumbnail","hentry","category-automne","category-curcubitacees","tag-courgette"],"uagb_featured_image_src":{"full":false,"thumbnail":false,"medium":false,"medium_large":false,"large":false,"1536x1536":false,"2048x2048":false},"uagb_author_info":{"display_name":"admin","author_link":"https:\/\/www.interflora.fr\/blog\/author\/admin\/"},"uagb_comment_info":0,"uagb_excerpt":"Originaire d\u2019Italie, ce l\u00e9gume estival est parfait pour faire ses premiers pas en jardinage\u00a0! La courgette Ortolana Di Faenza est une vari\u00e9t\u00e9 rustique tr\u00e8s ancienne qui poss\u00e8de de nombreux avantages\u00a0!","yoast_meta":{"title":"Cultivez la Courgette Ortolana Di Faenza | Interflora","description":"Ajoutez un air d'Italie \u00e0 votre jardin en cultivant des Courgettes Ortolana Di Faenza gr\u00e2ce \u00e0 nos conseils jardinage sur les courgettes."},"_links":{"self":[{"href":"https:\/\/www.interflora.fr\/blog\/wp-json\/wp\/v2\/posts\/1483","targetHints":{"allow":["GET"]}}],"collection":[{"href":"https:\/\/www.interflora.fr\/blog\/wp-json\/wp\/v2\/posts"}],"about":[{"href":"https:\/\/www.interflora.fr\/blog\/wp-json\/wp\/v2\/types\/post"}],"author":[{"embeddable":true,"href":"https:\/\/www.interflora.fr\/blog\/wp-json\/wp\/v2\/users\/1"}],"replies":[{"embeddable":true,"href":"https:\/\/www.interflora.fr\/blog\/wp-json\/wp\/v2\/comments?post=1483"}],"version-history":[{"count":0,"href":"https:\/\/www.interflora.fr\/blog\/wp-json\/wp\/v2\/posts\/1483\/revisions"}],"wp:featuredmedia":[{"embeddable":true,"href":"https:\/\/www.interflora.fr\/blog\/wp-json\/"}],"wp:attachment":[{"href":"https:\/\/www.interflora.fr\/blog\/wp-json\/wp\/v2\/media?parent=1483"}],"wp:term":[{"taxonomy":"category","embeddable":true,"href":"https:\/\/www.interflora.fr\/blog\/wp-json\/wp\/v2\/categories?post=1483"},{"taxonomy":"post_tag","embeddable":true,"href":"https:\/\/www.interflora.fr\/blog\/wp-json\/wp\/v2\/tags?post=1483"}],"curies":[{"name":"wp","href":"https:\/\/api.w.org\/{rel}","templated":true}]}}