{"id":1470,"date":"2023-08-04T09:30:00","date_gmt":"2023-08-04T07:30:00","guid":{"rendered":"https:\/\/blog.bebloom.com\/?p=1470"},"modified":"2023-08-04T09:30:00","modified_gmt":"2023-08-04T07:30:00","slug":"culture-courgette-verte-noire-maraichere","status":"publish","type":"post","link":"https:\/\/www.interflora.fr\/blog\/culture-courgette-verte-noire-maraichere\/","title":{"rendered":"Fiche vari\u00e9t\u00e9 : Les caract\u00e9ristiques de la  courgette verte noire mara\u00eech\u00e8re"},"content":{"rendered":"\n<p class=\"has-text-align-left\">La courgette verte noire mara\u00eech\u00e8re est <strong>tr\u00e8s appr\u00e9ci\u00e9e par les mara\u00eechers, mais aussi par les jardiniers d\u00e9butants<\/strong>&nbsp;! Cette vari\u00e9t\u00e9 produit des fruits verts de couleur sombre<strong> tr\u00e8s t\u00f4t dans la saison estivale<\/strong>. Et en plus d\u2019\u00eatre pr\u00e9coce, elle est \u00e9galement tr\u00e8s productive&nbsp;! <strong>Voici toutes les caract\u00e9ristiques de la courgette verte noire mara\u00eech\u00e8re.<\/strong>  <\/p>\n\n\n\n<figure class=\"wp-block-image size-full\"><img decoding=\"async\" src=\"https:\/\/blog.bebloom.com\/wp-content\/uploads\/2022\/01\/courgette-verte-noire-maraichere.jpg\" alt=\"Courgettes vertes noires mara\u00eech\u00e8res ramass\u00e9es dans un jardin\" class=\"wp-image-1549\"\/><figcaption class=\"wp-element-caption\"><em>Plant de courgettes vertes noires mara\u00eech\u00e8res <\/em><\/figcaption><\/figure>\n\n\n\n<hr class=\"wp-block-separator has-css-opacity\"\/>\n\n\n\n<div class=\"wp-block-columns is-layout-flex wp-container-core-columns-is-layout-28f84493 wp-block-columns-is-layout-flex\">\n<div class=\"wp-block-column is-layout-flow wp-block-column-is-layout-flow\" style=\"flex-basis:66.66%\">\n<h2 class=\"wp-block-heading\" id=\"identite-courgette-verte-noire-maraichere\"><strong>Fiche d\u2019identit\u00e9 de la courgette<\/strong> <strong>verte noire mara\u00eech\u00e8re<\/strong><\/h2>\n\n\n\n<p><strong>Rappel <\/strong>: les mots suivis de \ud83c\udf3b sont d\u00e9finis dans la colonne de droite (sur ordinateur) ou en fin d&rsquo;article (sur mobile)<\/p>\n\n\n\n<ul class=\"has-black-color has-text-color has-background wp-block-list\" style=\"background-color:#bb8e5f\">\n<li><strong>Nom : <\/strong>Courgette&nbsp;verte noire mara\u00eech\u00e8re<\/li>\n\n\n\n<li><strong>Nom latin : <\/strong><em>Curcubita pepo var. verte noire<\/em><\/li>\n\n\n\n<li><strong>Famille : <\/strong>Cucurbitac\u00e9es<\/li>\n\n\n\n<li><strong>Terre : <\/strong>Terre riche en mati\u00e8res organiques<\/li>\n\n\n\n<li><strong>Exposition :<\/strong> Plein soleil<\/li>\n\n\n\n<li><strong>Multiplication : <\/strong>Par semis<\/li>\n\n\n\n<li><strong>Mode de v\u00e9g\u00e9tation : <\/strong>Annuelle<\/li>\n\n\n\n<li><strong>Hauteur : <\/strong>50&nbsp;cm.<\/li>\n\n\n\n<li><strong>Etalement et distance de plantation :<\/strong> Environ 1&nbsp;m. d\u2019envergure \u00e0 maturit\u00e9. Pr\u00e9voir une distance de 1&nbsp;m. entre 2 plants<\/li>\n<\/ul>\n\n\n\n<div class=\"wp-block-columns is-layout-flex wp-container-core-columns-is-layout-28f84493 wp-block-columns-is-layout-flex\">\n<div class=\"wp-block-column is-layout-flow wp-block-column-is-layout-flow\">\n<h3 class=\"wp-block-heading has-text-align-center\" id=\"semis\">Semis<\/h3>\n\n\n\n<figure class=\"wp-block-table calendar\"><table><tbody><tr><td class=\"has-text-align-center\" data-align=\"center\">J<\/td><td class=\"has-text-align-center\" data-align=\"center\">F<\/td><td class=\"has-text-align-center\" data-align=\"center\"><mark style=\"background-color:rgba(0, 0, 0, 0)\" class=\"has-inline-color has-vivid-green-cyan-color\">M<\/mark><\/td><td class=\"has-text-align-center\" data-align=\"center\"><mark style=\"background-color:rgba(0, 0, 0, 0)\" class=\"has-inline-color has-vivid-green-cyan-color\">A<\/mark><\/td><td class=\"has-text-align-center\" data-align=\"center\"><mark style=\"background-color:rgba(0, 0, 0, 0)\" class=\"has-inline-color has-vivid-green-cyan-color\">M<\/mark><\/td><td class=\"has-text-align-center\" data-align=\"center\">J<\/td><\/tr><tr><td class=\"has-text-align-center\" data-align=\"center\">J<\/td><td class=\"has-text-align-center\" data-align=\"center\">A<\/td><td class=\"has-text-align-center\" data-align=\"center\">S<\/td><td class=\"has-text-align-center\" data-align=\"center\">O<\/td><td class=\"has-text-align-center\" data-align=\"center\">N<\/td><td class=\"has-text-align-center\" data-align=\"center\">D<\/td><\/tr><\/tbody><\/table><\/figure>\n<\/div>\n\n\n\n<div class=\"wp-block-column is-layout-flow wp-block-column-is-layout-flow\">\n<h3 class=\"wp-block-heading has-text-align-center\" id=\"plantation\">Plantation<\/h3>\n\n\n\n<figure class=\"wp-block-table calendar\"><table><tbody><tr><td class=\"has-text-align-center\" data-align=\"center\">J<\/td><td class=\"has-text-align-center\" data-align=\"center\">F<\/td><td class=\"has-text-align-center\" data-align=\"center\">M<\/td><td class=\"has-text-align-center\" data-align=\"center\"><mark style=\"background-color:rgba(0, 0, 0, 0)\" class=\"has-inline-color has-vivid-green-cyan-color\">A<\/mark><\/td><td class=\"has-text-align-center\" data-align=\"center\"><mark style=\"background-color:rgba(0, 0, 0, 0)\" class=\"has-inline-color has-vivid-green-cyan-color\">M<\/mark><\/td><td class=\"has-text-align-center\" data-align=\"center\"><mark style=\"background-color:rgba(0, 0, 0, 0)\" class=\"has-inline-color has-vivid-green-cyan-color\">J<\/mark><\/td><\/tr><tr><td class=\"has-text-align-center\" data-align=\"center\"><mark style=\"background-color:rgba(0, 0, 0, 0)\" class=\"has-inline-color has-vivid-green-cyan-color\">J<\/mark><\/td><td class=\"has-text-align-center\" data-align=\"center\">A<\/td><td class=\"has-text-align-center\" data-align=\"center\">S<\/td><td class=\"has-text-align-center\" data-align=\"center\">O<\/td><td class=\"has-text-align-center\" data-align=\"center\">N<\/td><td class=\"has-text-align-center\" data-align=\"center\">D<\/td><\/tr><\/tbody><\/table><\/figure>\n<\/div>\n<\/div>\n\n\n\n<h3 class=\"wp-block-heading has-text-align-center\" id=\"recolte\">R\u00e9colte<\/h3>\n\n\n\n<figure class=\"wp-block-table calendar\"><table><tbody><tr><td class=\"has-text-align-center\" data-align=\"center\">J<\/td><td class=\"has-text-align-center\" data-align=\"center\">F<\/td><td class=\"has-text-align-center\" data-align=\"center\">M<\/td><td class=\"has-text-align-center\" data-align=\"center\">A<\/td><td class=\"has-text-align-center\" data-align=\"center\">M<\/td><td class=\"has-text-align-center\" data-align=\"center\"><mark style=\"background-color:rgba(0, 0, 0, 0)\" class=\"has-inline-color has-vivid-green-cyan-color\">J<\/mark><\/td><\/tr><tr><td class=\"has-text-align-center\" data-align=\"center\"><mark style=\"background-color:rgba(0, 0, 0, 0)\" class=\"has-inline-color has-vivid-green-cyan-color\">J<\/mark><\/td><td class=\"has-text-align-center\" data-align=\"center\"><mark style=\"background-color:rgba(0, 0, 0, 0)\" class=\"has-inline-color has-vivid-green-cyan-color\">A<\/mark><\/td><td class=\"has-text-align-center\" data-align=\"center\"><mark style=\"background-color:rgba(0, 0, 0, 0)\" class=\"has-inline-color has-vivid-green-cyan-color\">S<\/mark><\/td><td class=\"has-text-align-center\" data-align=\"center\">O<\/td><td class=\"has-text-align-center\" data-align=\"center\">N<\/td><td class=\"has-text-align-center\" data-align=\"center\">D<\/td><\/tr><\/tbody><\/table><\/figure>\n\n\n\n<h2 class=\"wp-block-heading\" id=\"tout-savoir-courgette-verte-noire-maraichere\"><strong>Tout savoir sur le courgette verte noire mara\u00eech\u00e8re<\/strong><\/h2>\n\n\n\n<p>La courgette verte noire mara\u00eech\u00e8re pr\u00e9sente des caract\u00e9ristiques <strong>int\u00e9ressantes pour les jardiniers d\u00e9butants<\/strong>, au m\u00eame titre que la <a href=\"https:\/\/www.interflora.fr\/blog\/culture-courgette-diamant\/\" target=\"_blank\" rel=\"noreferrer noopener\"><strong>Courgette diamant<\/strong><\/a>, qui lui ressemble \u00e9galement un peu par sa couleur.<\/p>\n\n\n\n<p><strong>La courgette est une plante g\u00e9n\u00e9ralement coureuse.<\/strong> C\u2019est-\u00e0-dire qu\u2019elle d\u00e9veloppe des tiges en vrilles qui lui permettent de s\u2019accrocher partout<strong> <\/strong>(grillage, tuteurs, autres plantes, etc.). Mais <strong>cette vari\u00e9t\u00e9 de courgettes est non coureuse<\/strong>.<\/p>\n\n\n\n<p>Une fois en terre, <strong>les plants de la courgette verte noire mara\u00eech\u00e8re grandissent rapidement<\/strong>. Les fruits ont \u00e9galement une croissance rapide, il est donc recommand\u00e9 d\u2019aller faire un tour dans votre potager <strong>tous les deux jours. <\/strong>En effet, quand ce l\u00e9gume commence \u00e0 se former, il ne lui faut que <strong>peu de temps pour atteindre 30&nbsp;cm<\/strong> de longueur.<\/p>\n\n\n\n<p>Vous souhaitez en savoir plus sur la mani\u00e8re de cultiver ce l\u00e9gume et comment l\u2019entretenir&nbsp;? Consultez notre Fiche Culture : <strong><a href=\"https:\/\/www.interflora.fr\/blog\/culture-courgette\/\" target=\"_blank\" rel=\"noreferrer noopener\">Tout savoir sur la courgette<\/a>&nbsp;!<\/strong><\/p>\n\n\n\n<figure class=\"wp-block-image aligncenter size-full is-resized\"><img loading=\"lazy\" decoding=\"async\" src=\"https:\/\/blog.bebloom.com\/wp-content\/uploads\/2022\/01\/courgette-verte-noire-maraichaire-panier.jpg\" alt=\"Courgettes vertes noires mara\u00eech\u00e8res dans un panier\" class=\"wp-image-1548\" style=\"width:539px;height:359px\" width=\"539\" height=\"359\"\/><figcaption class=\"wp-element-caption\"><em>La courgette verte noire mara\u00eech\u00e8re pr\u00e9sente des caract\u00e9ristiques int\u00e9ressantes pour les jardiniers d\u00e9butants<\/em><\/figcaption><\/figure>\n\n\n\n<h2 class=\"wp-block-heading\" id=\"mise-en-place-courgette-verte-noire-maraichere\"><strong>Mise en place au jardin de la courgette verte noire mara\u00eech\u00e8re<\/strong><\/h2>\n\n\n\n<p>La<strong> <\/strong>courgette verte noire mara\u00eech\u00e8re peut \u00eatre <strong>sem\u00e9e sous abri d\u00e8s le mois de mars<\/strong>. Il est aussi possible de r\u00e9aliser vos <strong>semis en poquets<\/strong> (\ud83c\udf3b) apr\u00e8s les gel\u00e9es, en avril ou en mai en fonction des r\u00e9gions. <strong>D\u00e9couvrez toutes mes astuces pour r\u00e9ussir vos plantations<\/strong>&nbsp;!<\/p>\n\n\n\n<p><strong>Semis sous abri&nbsp;:<\/strong><\/p>\n\n\n\n<ul class=\"wp-block-list\">\n<li>Dans une serre ou dans une pi\u00e8ce chauff\u00e9e \u00e0 20 \u00b0C, r\u00e9alisez vos semis dans des <strong>godets de terreau<\/strong>.&nbsp;&nbsp;<\/li>\n\n\n\n<li>Dans chaque godet, placez <strong>3 graines par pot<\/strong> \u00e0 2&nbsp;cm de profondeur.<\/li>\n\n\n\n<li>Recouvrez de terre, <strong>tassez fermement et arrosez g\u00e9n\u00e9reusement<\/strong>.&nbsp;<\/li>\n\n\n\n<li>Apr\u00e8s 10 jours, vous verrez les premi\u00e8res pousses sortir.&nbsp;<\/li>\n\n\n\n<li>Attendez <strong>la fin des gel\u00e9es avant de repiquer vos plants<\/strong> de courgettes dans votre jardin.&nbsp;<\/li>\n<\/ul>\n\n\n\n<p><strong>Semis en poquets :<\/strong><\/p>\n\n\n\n<ul class=\"wp-block-list\">\n<li>Apr\u00e8s les derni\u00e8res gel\u00e9es, creusez des poquets <strong>directement dans votre jardin.&nbsp;<\/strong><\/li>\n\n\n\n<li>Pour cela, creusez des trous de <strong>20&nbsp;cm de profondeur.&nbsp;<\/strong><\/li>\n\n\n\n<li>Respectez <strong>1&nbsp;m de distance<\/strong> entre chaque poquet.&nbsp;<\/li>\n\n\n\n<li>Remplissez les trous aux <strong>2\/3 avec du compost<\/strong> ou de la terre riche en mati\u00e8res organiques.&nbsp;&nbsp;<\/li>\n\n\n\n<li>Placez 3 graines de <strong>courgette verte noire mara\u00eech\u00e8re <\/strong>par poquet.<\/li>\n\n\n\n<li>Recouvrez, <strong>tassez fermement et arrosez g\u00e9n\u00e9reusement.&nbsp;<\/strong><\/li>\n\n\n\n<li>Gardez le <strong>sol toujours humide <\/strong>pour que les racines soient bien au frais.&nbsp;<\/li>\n\n\n\n<li>Vous pourrez r\u00e9colter<strong> d\u00e8s le mois de juillet.<\/strong><\/li>\n<\/ul>\n<\/div>\n\n\n\n<div class=\"wp-block-column is-layout-flow wp-block-column-is-layout-flow\" style=\"flex-basis:33.33%\">\n<hr class=\"wp-block-separator has-css-opacity is-style-default\"\/>\n\n\n\n<figure class=\"wp-block-image size-full is-resized\"><img loading=\"lazy\" decoding=\"async\" src=\"https:\/\/blog.bebloom.com\/wp-content\/uploads\/2022\/01\/courgette-verte-noire-maraichere-coupee.jpg\" alt=\"Courgette verte noire mara\u00eech\u00e8re coup\u00e9e en morceaux\" class=\"wp-image-1551\" style=\"width:301px;height:199px\" width=\"301\" height=\"199\"\/><\/figure>\n\n\n\n<hr class=\"wp-block-separator has-css-opacity\"\/>\n\n\n\n<h2 class=\"wp-block-heading\" id=\"definitions-classees-a-z\"><strong>D\u00e9finitions (<\/strong>\ud83c\udf3b<strong>) class\u00e9es A &#8211; Z<\/strong><\/h2>\n\n\n\n<div class=\"wp-block-columns vocabulaire is-layout-flex wp-container-core-columns-is-layout-28f84493 wp-block-columns-is-layout-flex\">\n<div class=\"wp-block-column vocabulaire is-layout-flow wp-block-column-is-layout-flow\">\n<h5 class=\"wp-block-heading\" id=\"qu-est-ce-qu-un-poquet\"><strong><strong>Qu&rsquo;est-ce qu\u2019un POQUET <\/strong>?<\/strong><\/h5>\n\n\n\n<p>Le semis en poquet est <strong>une technique de plantation<\/strong>. Les poquets sont creus\u00e9s directement dans la terre afin d\u2019y placer les graines. Le semis en poquet permet de <strong>gagner du temps puisque les plants n&rsquo;ont pas besoin d&rsquo;\u00eatre repiqu\u00e9s<\/strong>. Par contre, il faut obligatoirement attendre la fin des gel\u00e9es pour pouvoir commencer \u00e0 semer.&nbsp;<\/p>\n<\/div>\n<\/div>\n\n\n\n<hr class=\"wp-block-separator has-css-opacity is-style-default\"\/>\n\n\n\n<h2 class=\"wp-block-heading\" id=\"le-saviez-vous\"><strong>Le saviez-vous ?<\/strong><\/h2>\n\n\n\n<p>Pour en profiter encore pendant l\u2019hiver, <strong>vous pouvez conserver la courgette. <\/strong>Elle se conserve <strong>uniquement congel\u00e9e<\/strong>, car sa peau d\u00e9licate ne permet pas \u00e0 ce l\u00e9gume d\u2019\u00e9t\u00e9 d\u2019\u00eatre entrepos\u00e9. Coupez-la en morceaux ou en rondelles. Mettez-la ensuite \u00e0 congeler sur une plaque pendant 1&nbsp;h. Une fois durs, les morceaux de l\u00e9gumes se mettent dans des contenants allant au cong\u00e9lateur. Ainsi pr\u00e9par\u00e9s pour la cong\u00e9lation, <strong>les l\u00e9gumes se conservent 1 ann\u00e9e.<\/strong><\/p>\n\n\n\n<hr class=\"wp-block-separator has-css-opacity is-style-default\"\/>\n<\/div>\n<\/div>\n\n\n\n<h2 class=\"wp-block-heading\" id=\"les-petits-de-celestin\">Les petits + :<\/h2>\n\n\n\n<div class=\"wp-block-columns is-layout-flex wp-container-core-columns-is-layout-28f84493 wp-block-columns-is-layout-flex\">\n<div class=\"wp-block-column is-layout-flow wp-block-column-is-layout-flow\">\n<p class=\"has-black-color has-text-color has-background\" style=\"background-color:#5fbb5f\">\u00c0 cause des <strong>caract\u00e9ristiques de la courgette verte noire mara\u00eech\u00e8re<\/strong>, je vous donne quelques conseils pour bien vous en occuper&nbsp;:<\/p>\n\n\n\n<ul class=\"wp-block-list\">\n<li>Un plant<strong> <\/strong>de courgette verte noire mara\u00eech\u00e8re doit \u00eatre<strong> plac\u00e9 en plein soleil et id\u00e9alement expos\u00e9 au sud<\/strong>. Puisque ce l\u00e9gume pousse rapidement, il a besoin d&rsquo;une <strong>grande quantit\u00e9 de lumi\u00e8re<\/strong> indispensable \u00e0 sa croissance et au d\u00e9veloppement de son go\u00fbt.<\/li>\n<\/ul>\n\n\n\n<ul class=\"wp-block-list\">\n<li>Pour les m\u00eames raisons, <strong>les pieds ne doivent jamais se d\u00e9shydrater<\/strong>. Le sol doit toujours rester humide, m\u00eame entre deux arrosages.<\/li>\n<\/ul>\n\n\n\n<ul class=\"wp-block-list\">\n<li>Pensez \u00e0 <strong>retirer les feuilles ab\u00eem\u00e9es ou jaunissantes au fur et \u00e0 mesure qu\u2019elles apparaissent<\/strong>. La plante garde ainsi toute son \u00e9nergie pour la fructification.&nbsp;<\/li>\n<\/ul>\n<\/div>\n<\/div>\n\n\n\n<div style=\"height:18px\" aria-hidden=\"true\" class=\"wp-block-spacer\"><\/div>\n\n\n\n<p>Vos exp\u00e9riences de jardinage nous int\u00e9ressent&nbsp;! Laissez-nous un commentaire ou posez-nous vos questions.<\/p>\n","protected":false},"excerpt":{"rendered":"<p>La courgette verte noire mara\u00eech\u00e8re est tr\u00e8s appr\u00e9ci\u00e9e par les mara\u00eechers, mais aussi par les jardiniers d\u00e9butants\u00a0! Cette vari\u00e9t\u00e9 produit des fruits verts de couleur sombre tr\u00e8s t\u00f4t dans la saison estivale.<\/p>\n","protected":false},"author":1,"featured_media":36285,"comment_status":"open","ping_status":"open","sticky":false,"template":"","format":"standard","meta":{"_uag_custom_page_level_css":"","site-sidebar-layout":"default","site-content-layout":"","ast-site-content-layout":"default","site-content-style":"default","site-sidebar-style":"default","ast-global-header-display":"","ast-banner-title-visibility":"","ast-main-header-display":"","ast-hfb-above-header-display":"","ast-hfb-below-header-display":"","ast-hfb-mobile-header-display":"","site-post-title":"","ast-breadcrumbs-content":"","ast-featured-img":"","footer-sml-layout":"","ast-disable-related-posts":"","theme-transparent-header-meta":"","adv-header-id-meta":"","stick-header-meta":"","header-above-stick-meta":"","header-main-stick-meta":"","header-below-stick-meta":"","astra-migrate-meta-layouts":"set","ast-page-background-enabled":"default","ast-page-background-meta":{"desktop":{"background-color":"var(--ast-global-color-5)","background-image":"","background-repeat":"repeat","background-position":"center center","background-size":"auto","background-attachment":"scroll","background-type":"","background-media":"","overlay-type":"","overlay-color":"","overlay-opacity":"","overlay-gradient":""},"tablet":{"background-color":"","background-image":"","background-repeat":"repeat","background-position":"center center","background-size":"auto","background-attachment":"scroll","background-type":"","background-media":"","overlay-type":"","overlay-color":"","overlay-opacity":"","overlay-gradient":""},"mobile":{"background-color":"","background-image":"","background-repeat":"repeat","background-position":"center center","background-size":"auto","background-attachment":"scroll","background-type":"","background-media":"","overlay-type":"","overlay-color":"","overlay-opacity":"","overlay-gradient":""}},"ast-content-background-meta":{"desktop":{"background-color":"var(--ast-global-color-4)","background-image":"","background-repeat":"repeat","background-position":"center center","background-size":"auto","background-attachment":"scroll","background-type":"","background-media":"","overlay-type":"","overlay-color":"","overlay-opacity":"","overlay-gradient":""},"tablet":{"background-color":"var(--ast-global-color-4)","background-image":"","background-repeat":"repeat","background-position":"center center","background-size":"auto","background-attachment":"scroll","background-type":"","background-media":"","overlay-type":"","overlay-color":"","overlay-opacity":"","overlay-gradient":""},"mobile":{"background-color":"var(--ast-global-color-4)","background-image":"","background-repeat":"repeat","background-position":"center center","background-size":"auto","background-attachment":"scroll","background-type":"","background-media":"","overlay-type":"","overlay-color":"","overlay-opacity":"","overlay-gradient":""}},"footnotes":""},"categories":[216,304],"tags":[303],"class_list":["post-1470","post","type-post","status-publish","format-standard","has-post-thumbnail","hentry","category-automne","category-curcubitacees","tag-courgette"],"uagb_featured_image_src":{"full":false,"thumbnail":false,"medium":false,"medium_large":false,"large":false,"1536x1536":false,"2048x2048":false},"uagb_author_info":{"display_name":"admin","author_link":"https:\/\/www.interflora.fr\/blog\/author\/admin\/"},"uagb_comment_info":0,"uagb_excerpt":"La courgette verte noire mara\u00eech\u00e8re est tr\u00e8s appr\u00e9ci\u00e9e par les mara\u00eechers, mais aussi par les jardiniers d\u00e9butants\u00a0! Cette vari\u00e9t\u00e9 produit des fruits verts de couleur sombre tr\u00e8s t\u00f4t dans la saison estivale.","yoast_meta":{"title":"Courgette Verte Noire Mara\u00eech\u00e8re : conseils de culture | Interflora","description":"D\u00e9couvrez la courgette Verte Noire Mara\u00eech\u00e8re, une vari\u00e9t\u00e9 classique de courgette facile \u00e0 cultiver et tr\u00e8s productive !"},"_links":{"self":[{"href":"https:\/\/www.interflora.fr\/blog\/wp-json\/wp\/v2\/posts\/1470","targetHints":{"allow":["GET"]}}],"collection":[{"href":"https:\/\/www.interflora.fr\/blog\/wp-json\/wp\/v2\/posts"}],"about":[{"href":"https:\/\/www.interflora.fr\/blog\/wp-json\/wp\/v2\/types\/post"}],"author":[{"embeddable":true,"href":"https:\/\/www.interflora.fr\/blog\/wp-json\/wp\/v2\/users\/1"}],"replies":[{"embeddable":true,"href":"https:\/\/www.interflora.fr\/blog\/wp-json\/wp\/v2\/comments?post=1470"}],"version-history":[{"count":0,"href":"https:\/\/www.interflora.fr\/blog\/wp-json\/wp\/v2\/posts\/1470\/revisions"}],"wp:featuredmedia":[{"embeddable":true,"href":"https:\/\/www.interflora.fr\/blog\/wp-json\/"}],"wp:attachment":[{"href":"https:\/\/www.interflora.fr\/blog\/wp-json\/wp\/v2\/media?parent=1470"}],"wp:term":[{"taxonomy":"category","embeddable":true,"href":"https:\/\/www.interflora.fr\/blog\/wp-json\/wp\/v2\/categories?post=1470"},{"taxonomy":"post_tag","embeddable":true,"href":"https:\/\/www.interflora.fr\/blog\/wp-json\/wp\/v2\/tags?post=1470"}],"curies":[{"name":"wp","href":"https:\/\/api.w.org\/{rel}","templated":true}]}}