{"id":13617,"date":"2014-11-28T12:59:31","date_gmt":"2014-11-28T11:59:31","guid":{"rendered":"http:\/\/www.interflora.fr\/blog\/?p=13617"},"modified":"2025-06-17T15:47:35","modified_gmt":"2025-06-17T13:47:35","slug":"decembre-retour-au-naturel","status":"publish","type":"post","link":"https:\/\/www.interflora.fr\/blog\/decembre-retour-au-naturel\/","title":{"rendered":"D\u00e9cembre : retour au naturel"},"content":{"rendered":"<p><strong>Au mois de d\u00e9cembre, les tendances florales rev\u00eatent leurs plus beaux p\u00e9tales blancs et signent le retour au naturel. Une Collection Cr\u00e9ateur dessin\u00e9e par le champion de France des fleuristes Micha\u00ebl Rault, artisan Interflora dans le Morbihan et membre du Coll\u00e8ge d\u2019Art Floral Interflora.<\/strong><\/p>\n<figure id=\"attachment_13621\" aria-describedby=\"caption-attachment-13621\" style=\"width: 300px\" class=\"wp-caption alignright\"><img loading=\"lazy\" decoding=\"async\" class=\"size-medium wp-image-13621\" title=\"Micka\u00ebl Rault\" src=\"\/\/www.interflora.fr\/blog\/wp-content\/uploads\/2014\/11\/Micka\u00ebl-Rault-300x300.jpg\" alt=\"\" width=\"300\" height=\"300\" \/><figcaption id=\"caption-attachment-13621\" class=\"wp-caption-text\">Le champion de France Micha\u00ebl Rault,<br \/>fleuriste Interflora \u00e0 Pontivy (56).<\/figcaption><\/figure>\n<p>\u00ab D\u00e9cembre, ses f\u00eates de fin d\u2019ann\u00e9e, les gens qui se re\u00e7oivent pour finir le mois en beaut\u00e9 autour de plats gourmands. En y pensant, on sent d\u00e9j\u00e0 le parfum de cannelle et de pain d\u2019\u00e9pices. L\u2019ambiance est chaleureuse, avec un go\u00fbt prononc\u00e9 pour les \u00e9l\u00e9ments naturels, sans artifice \u00bb, explique Micka\u00ebl Rault.<\/p>\n<p>\u00ab L\u2019id\u00e9e est d\u2019utiliser ces codes traditionnels et de les revisiter en proposant des cr\u00e9ations modernes dans leurs styles et dans leurs lignes. C\u2019est aussi un retour aux valeurs s\u00fbres, avec des fleurs nobles comme les orchid\u00e9es (phalaenopsis, cymbidiums, dendrobiums\u2026), les jacinthes et leur doux parfum, les amaryllis, les roses&#8230; \u00bb<\/p>\n<p><em><a href=\"https:\/\/www.interflora.fr\/tendances-florales-decembre\" target=\"_blank\" rel=\"noopener\">-&gt; D\u00e9couvrir la Collection Cr\u00e9ateur Interflora<\/a><\/em><br \/>\n<img loading=\"lazy\" decoding=\"async\" class=\"alignnone size-full wp-image-13624\" title=\"Fleuriste Interflora\" src=\"\/\/www.interflora.fr\/blog\/wp-content\/uploads\/2014\/11\/Fleuriste-Interflora.jpg\" alt=\"\" width=\"800\" height=\"255\" \/><\/p>\n<p><img loading=\"lazy\" decoding=\"async\" class=\"alignnone size-full wp-image-13625\" title=\"Collection Cr\u00e9ateur D\u00e9cembre\" src=\"\/\/www.interflora.fr\/blog\/wp-content\/uploads\/2014\/11\/Collection-Cr\u00e9ateur-D\u00e9cembre.jpg\" alt=\"\" width=\"794\" height=\"200\" \/><\/p>\n<p><img loading=\"lazy\" decoding=\"async\" class=\"aligncenter size-full wp-image-13629\" title=\"Cr\u00e9ation pour No\u00ebl\" src=\"\/\/www.interflora.fr\/blog\/wp-content\/uploads\/2014\/11\/Cr\u00e9ation-pour-No\u00ebl.jpg\" alt=\"\" width=\"636\" height=\"453\" \/><br \/>\nDans cette cr\u00e9ation Fantasque, \u00ab les branches de phalaenopsis et de <a title=\"Bien choisir son sapin de No\u00ebl\" href=\"https:\/\/www.interflora.fr\/blog\/tradition-sapin-noel\/\">sapin<\/a> s\u00e9ch\u00e9 servent de plateau naturel \u00e0 cette composition que je souhaitais actuelle, a\u00e9rienne et l\u00e9g\u00e8re. Elle comprend des b\u00e2tons de cannelle pour la structure, des renoncules, des baies d\u2019hyp\u00e9ricum, des mini phalaenopsis, du vaccinium, des pommes de pin, du pandanus s\u00e9ch\u00e9, mais aussi des rubans et des perles. \u00bb<\/p>\n<p><a href=\"https:\/\/www.interflora.fr\/fleurs-saison\/bouquet-saison-precieux\/PRIX-UNIQUE\/FR\" target=\"_blank\" rel=\"noopener\"><img loading=\"lazy\" decoding=\"async\" class=\"aligncenter size-full wp-image-13631\" title=\"D\u00e9coration No\u00ebl\" src=\"\/\/www.interflora.fr\/blog\/wp-content\/uploads\/2014\/11\/D\u00e9coration-No\u00ebl.jpg\" alt=\"\" width=\"447\" height=\"347\" \/><\/a><br \/>\nUn petit cadeau d\u00e9licat. Cette timbale de bois abrite pr\u00e9cieusement un jeu d&rsquo;arums callas et de phalaenopsis. Une unit\u00e9 blanche rehauss\u00e9e par les baies d&rsquo;hypericum rouges, les \u00e9corces et le pandanus s\u00e9ch\u00e9 blond.<\/p>\n<p><a href=\"https:\/\/www.interflora.fr\/fleurs-saison\/bouquet-saison-christmas\/PRIX-UNIQUE\/FR\" target=\"_blank\" rel=\"noopener\"><img loading=\"lazy\" decoding=\"async\" class=\"aligncenter size-full wp-image-13632\" title=\"Bouquet de No\u00ebl\" src=\"\/\/www.interflora.fr\/blog\/wp-content\/uploads\/2014\/11\/Bouquet-de-No\u00ebl.jpg\" alt=\"\" width=\"360\" height=\"509\" \/><\/a><br \/>\nLes bouquets en hauteur sont \u00e0 l\u2019honneur, celui-ci en impose avec sa branche de <a title=\"L\u2019orchid\u00e9e Phalaenopsis\" href=\"https:\/\/www.interflora.fr\/blog\/culture-orchidee-phalaenopsis\/\">phalaenopsis<\/a>, sa <a title=\"La  jacinthe, un avant-go\u00fbt du printemps\" href=\"https:\/\/www.interflora.fr\/blog\/la-jacinthe\/\">jacinthe<\/a> et son <a title=\"L\u2019amaryllis, la magnifique !\" href=\"https:\/\/www.interflora.fr\/c\/fleurs-amaryllis\">amaryllis<\/a> immacul\u00e9s\u2026 Des feuillages graphiques, une boule unique rouge en son centre, voici un No\u00ebl classe et hors du commun.<\/p>\n<p><a href=\"https:\/\/www.interflora.fr\/fleurs-saison\/bouquet-saison-foodista\/PRIX-UNIQUE\/FR\" target=\"_blank\" rel=\"noopener\"><img loading=\"lazy\" decoding=\"async\" class=\"aligncenter size-full wp-image-13630\" title=\"Centre de table pour No\u00ebl\" src=\"\/\/www.interflora.fr\/blog\/wp-content\/uploads\/2014\/11\/Centre-de-table-pour-No\u00ebl.jpg\" alt=\"\" width=\"563\" height=\"231\" \/><\/a><br \/>\nUn centre de table, naturel, in\u00e9dit et \u00ab so tendance \u00bb pour les r\u00e9veillons de d\u00e9cembre, avec mini roses rouges et b\u00e2tons de cannelle. Un festival d&rsquo;<a title=\"Des orchid\u00e9es au pays des Incas\" href=\"https:\/\/www.interflora.fr\/c\/plantes\/orchidees\">orchid\u00e9es<\/a> blanches avec les branches l\u00e9g\u00e8res de phalaenopsis au centre et les lignes de dendrobiums de part et d\u2019autre de la cr\u00e9ation.<\/p>\n<p>@ Matthieu Langrand \/ Eric Le Brun<\/p>\n","protected":false},"excerpt":{"rendered":"<p>Au mois de d\u00e9cembre, les tendances florales rev\u00eatent leurs plus beaux p\u00e9tales blancs et signent le retour au naturel. Une [&hellip;]<\/p>\n","protected":false},"author":1,"featured_media":13618,"comment_status":"open","ping_status":"closed","sticky":false,"template":"","format":"standard","meta":{"_uag_custom_page_level_css":"","site-sidebar-layout":"default","site-content-layout":"","ast-site-content-layout":"default","site-content-style":"default","site-sidebar-style":"default","ast-global-header-display":"","ast-banner-title-visibility":"","ast-main-header-display":"","ast-hfb-above-header-display":"","ast-hfb-below-header-display":"","ast-hfb-mobile-header-display":"","site-post-title":"","ast-breadcrumbs-content":"","ast-featured-img":"","footer-sml-layout":"","ast-disable-related-posts":"","theme-transparent-header-meta":"","adv-header-id-meta":"","stick-header-meta":"","header-above-stick-meta":"","header-main-stick-meta":"","header-below-stick-meta":"","astra-migrate-meta-layouts":"set","ast-page-background-enabled":"default","ast-page-background-meta":{"desktop":{"background-color":"var(--ast-global-color-5)","background-image":"","background-repeat":"repeat","background-position":"center center","background-size":"auto","background-attachment":"scroll","background-type":"","background-media":"","overlay-type":"","overlay-color":"","overlay-opacity":"","overlay-gradient":""},"tablet":{"background-color":"","background-image":"","background-repeat":"repeat","background-position":"center center","background-size":"auto","background-attachment":"scroll","background-type":"","background-media":"","overlay-type":"","overlay-color":"","overlay-opacity":"","overlay-gradient":""},"mobile":{"background-color":"","background-image":"","background-repeat":"repeat","background-position":"center center","background-size":"auto","background-attachment":"scroll","background-type":"","background-media":"","overlay-type":"","overlay-color":"","overlay-opacity":"","overlay-gradient":""}},"ast-content-background-meta":{"desktop":{"background-color":"var(--ast-global-color-4)","background-image":"","background-repeat":"repeat","background-position":"center center","background-size":"auto","background-attachment":"scroll","background-type":"","background-media":"","overlay-type":"","overlay-color":"","overlay-opacity":"","overlay-gradient":""},"tablet":{"background-color":"var(--ast-global-color-4)","background-image":"","background-repeat":"repeat","background-position":"center center","background-size":"auto","background-attachment":"scroll","background-type":"","background-media":"","overlay-type":"","overlay-color":"","overlay-opacity":"","overlay-gradient":""},"mobile":{"background-color":"var(--ast-global-color-4)","background-image":"","background-repeat":"repeat","background-position":"center center","background-size":"auto","background-attachment":"scroll","background-type":"","background-media":"","overlay-type":"","overlay-color":"","overlay-opacity":"","overlay-gradient":""}},"footnotes":""},"categories":[202,164],"tags":[175],"class_list":["post-13617","post","type-post","status-publish","format-standard","has-post-thumbnail","hentry","category-hiver","category-actualites-interflora","tag-interflora"],"uagb_featured_image_src":{"full":false,"thumbnail":false,"medium":false,"medium_large":false,"large":false,"1536x1536":false,"2048x2048":false},"uagb_author_info":{"display_name":"admin","author_link":"https:\/\/www.interflora.fr\/blog\/author\/admin\/"},"uagb_comment_info":1,"uagb_excerpt":"Au mois de d\u00e9cembre, les tendances florales rev\u00eatent leurs plus beaux p\u00e9tales blancs et signent le retour au naturel. Une [&hellip;]","yoast_meta":{"title":"","description":"Au mois de d\u00e9cembre, les tendances florales rev\u00eatent leurs plus beaux p\u00e9tales et signent le retour au naturel. Une collection dessin\u00e9e par Micha\u00ebl Rault."},"_links":{"self":[{"href":"https:\/\/www.interflora.fr\/blog\/wp-json\/wp\/v2\/posts\/13617","targetHints":{"allow":["GET"]}}],"collection":[{"href":"https:\/\/www.interflora.fr\/blog\/wp-json\/wp\/v2\/posts"}],"about":[{"href":"https:\/\/www.interflora.fr\/blog\/wp-json\/wp\/v2\/types\/post"}],"author":[{"embeddable":true,"href":"https:\/\/www.interflora.fr\/blog\/wp-json\/wp\/v2\/users\/1"}],"replies":[{"embeddable":true,"href":"https:\/\/www.interflora.fr\/blog\/wp-json\/wp\/v2\/comments?post=13617"}],"version-history":[{"count":0,"href":"https:\/\/www.interflora.fr\/blog\/wp-json\/wp\/v2\/posts\/13617\/revisions"}],"wp:featuredmedia":[{"embeddable":true,"href":"https:\/\/www.interflora.fr\/blog\/wp-json\/"}],"wp:attachment":[{"href":"https:\/\/www.interflora.fr\/blog\/wp-json\/wp\/v2\/media?parent=13617"}],"wp:term":[{"taxonomy":"category","embeddable":true,"href":"https:\/\/www.interflora.fr\/blog\/wp-json\/wp\/v2\/categories?post=13617"},{"taxonomy":"post_tag","embeddable":true,"href":"https:\/\/www.interflora.fr\/blog\/wp-json\/wp\/v2\/tags?post=13617"}],"curies":[{"name":"wp","href":"https:\/\/api.w.org\/{rel}","templated":true}]}}