{"id":13168,"date":"2014-10-08T18:03:47","date_gmt":"2014-10-08T16:03:47","guid":{"rendered":"http:\/\/www.interflora.fr\/blog\/?p=13168"},"modified":"2025-06-24T10:05:36","modified_gmt":"2025-06-24T08:05:36","slug":"gilles-pothier-lart-floral-au-sommet","status":"publish","type":"post","link":"https:\/\/www.interflora.fr\/blog\/gilles-pothier-lart-floral-au-sommet\/","title":{"rendered":"Gilles Pothier, l\u2019art floral au sommet"},"content":{"rendered":"<p><strong>Dans cette Collection Cr\u00e9ateur Interflora du mois d\u2019octobre, la mode florale se pare des plus belles couleurs de l\u2019automne. Une nature en feu imagin\u00e9e par Gilles Pothier, artisan r\u00e9put\u00e9 du XVIe arrondissement de Paris. Portrait d\u2019un ma\u00eetre fleuriste dont la notori\u00e9t\u00e9 a d\u00e9pass\u00e9 nos fronti\u00e8res.<\/strong><br \/>\n<img loading=\"lazy\" decoding=\"async\" class=\"alignright size-full wp-image-13170\" title=\"Gilles Pothier\" src=\"\/\/www.interflora.fr\/blog\/wp-content\/uploads\/2014\/10\/Gilles-Pothier-2.jpg\" alt=\"\" width=\"250\" height=\"249\" \/><br \/>\nA 18 ans, Gilles Pothier ach\u00e8te son premier magasin en province avec pour seul bagage sa passion pour les fleurs et la nature, que sa famille lui a transmise. S\u2019il avoue des d\u00e9buts parfois difficiles, les formations lui permettent d\u2019\u00e9voluer rapidement dans le m\u00e9tier.<br \/>\nQuand se lance dans une comp\u00e9tition, c\u2019est pour monter sur la plus haute marche du podium. Il d\u00e9croche ainsi sa premi\u00e8re m\u00e9daille en 1986 en remportant la Coupe de France des fleuristes. Trois ans plus tard, il r\u00e9it\u00e8re l\u2019exploit au niveau europ\u00e9en.<\/p>\n<h2>Gilles Pothier rapporte la Coupe du monde \u00e0 la France<\/h2>\n<p>Mais la cons\u00e9cration a v\u00e9ritablement lieu en 1997, lorsqu\u2019il est proclam\u00e9 champion du monde lors d\u2019une comp\u00e9tition qui se d\u00e9roule \u00e0 Amsterdam. Apr\u00e8s Jean-Michel Mertens en 1979, c\u2019est le second et dernier Fran\u00e7ais \u00e0 avoir d\u00e9croch\u00e9 le troph\u00e9e supr\u00eame.<br \/>\nD\u00e8s lors, les titres honorifiques s\u2019encha\u00eenent pour ce Meilleur Ouvrier de France. Gilles Pothier est notamment nomm\u00e9 Chevalier de l\u2019Ordre des Arts et des Lettres en 2002, Officier de l\u2019Ordre du M\u00e9rite agricole en 2007 et Pr\u00e9sident d\u2019Interflora France en juin dernier.<br \/>\nLe responsable du prestigieux Groupe d\u2019Art Floral est aujourd\u2019hui invit\u00e9 \u00e0 transmettre son savoir dans le monde entier. Son objectif le plus cher reste cependant de <em>\u00ab tout faire pour qu\u2019un comp\u00e9titeur fran\u00e7ais puisse de nouveau ramener la Coupe du monde \u00e0 la France ! \u00bb<\/em><\/p>\n<figure id=\"attachment_13171\" aria-describedby=\"caption-attachment-13171\" style=\"width: 800px\" class=\"wp-caption alignright\"><img loading=\"lazy\" decoding=\"async\" class=\"size-full wp-image-13171\" title=\"Collection Createur Interflora\" src=\"\/\/www.interflora.fr\/blog\/wp-content\/uploads\/2014\/10\/Collection-Createur-Interflora1.jpg\" alt=\"\" width=\"800\" height=\"299\" \/><figcaption id=\"caption-attachment-13171\" class=\"wp-caption-text\">-&gt; D\u00e9couvrez les cr\u00e9ations in\u00e9dites de la Collection Cr\u00e9ateur Interflora du mois d\u2019octobre.<\/figcaption><\/figure>\n<div class=\"encadre\">\n<div><img loading=\"lazy\" decoding=\"async\" class=\"alignright size-full wp-image-13183\" title=\"Gilles Pothier\" src=\"\/\/www.interflora.fr\/blog\/wp-content\/uploads\/2014\/10\/Gilles-Pothier-3.jpg\" alt=\"\" width=\"201\" height=\"250\" \/><\/p>\n<h2>\u00ab\u00a0La vie en g\u00e9n\u00e9ral me passionne\u00a0\u00bb<\/h2>\n<p><strong>&#8211; Quel est le secret d\u2019un tel succ\u00e8s ?<\/strong><br \/>\nLa passion ! Pas seulement pour mon m\u00e9tier, qui continue aujourd\u2019hui de me faire vibrer. Le sport, la lecture, les expositions, la sculpture \u2013 je me suis inscrit aux Beaux-arts pour prendre des cours\u2026 La vie en g\u00e9n\u00e9ral me passionne.<\/p>\n<p><strong>&#8211; Votre parcours hors norme ne vous donne pas un sentiment d\u2019isolement ?<\/strong><br \/>\nJ\u2019ai la chance de vivre dans un joli univers, notamment gr\u00e2ce \u00e0 ma femme, une autre passion. Elle travaille dans la d\u00e9coration int\u00e9rieure et nous \u00e9changeons beaucoup. Elle m\u2019apporte beaucoup de s\u00e9r\u00e9nit\u00e9.<\/p>\n<p><strong>&#8211; D\u00e9crocher l\u2019or en Coupe du monde, tout de m\u00eame, ce n\u2019est pas rien ?<\/strong><br \/>\nToutes les r\u00e9compenses sont importantes, \u00e0 chaque moment de sa vie. Cette coupe du monde, j\u2019avais tout entrepris pour la gagner mais j\u2019ai mis du temps \u00e0 r\u00e9aliser. On n\u2019est jamais pr\u00eat \u00e0 recevoir un tel honneur. Je suis parti pour une aventure\u2026 pas pour devenir une c\u00e9l\u00e9brit\u00e9. C\u2019est une grande chance, un tr\u00e8s beau moment, mais il faut savoir s\u2019armer d\u2019humilit\u00e9 pour \u00eatre acceptable.<\/p>\n<p><strong>&#8211; Quel conseil donneriez-vous \u00e0 la nouvelle g\u00e9n\u00e9ration ?<\/strong><br \/>\nSe mettre \u00e0 son compte tr\u00e8s jeune, comme je l\u2019ai fait, n\u2019est pas toujours un avantage. Il faut se former et apprendre de ses a\u00een\u00e9s, notamment en travaillant dans de grandes maisons, avant de se lancer.<\/p>\n<p><strong>&#8211; Afin de ramener enfin une troisi\u00e8me Coupe du monde \u00e0 la France ?<\/strong><br \/>\nIl faut rappeler que nous ne sommes que deux ou trois nations \u00e0 avoir remport\u00e9 cette coupe deux fois ! Nous avons toutes nos chances !<\/p>\n<\/div>\n<\/div>\n<p>\u00a9 Mathieu Langrand \/ Thomas Dhellemmes \/ Aline Perier<\/p>\n","protected":false},"excerpt":{"rendered":"<p>Dans cette Collection Cr\u00e9ateur Interflora du mois d\u2019octobre, la mode florale se pare des plus belles couleurs de l\u2019automne. Une [&hellip;]<\/p>\n","protected":false},"author":1,"featured_media":13169,"comment_status":"open","ping_status":"closed","sticky":false,"template":"","format":"standard","meta":{"_uag_custom_page_level_css":"","site-sidebar-layout":"default","site-content-layout":"","ast-site-content-layout":"default","site-content-style":"default","site-sidebar-style":"default","ast-global-header-display":"","ast-banner-title-visibility":"","ast-main-header-display":"","ast-hfb-above-header-display":"","ast-hfb-below-header-display":"","ast-hfb-mobile-header-display":"","site-post-title":"","ast-breadcrumbs-content":"","ast-featured-img":"","footer-sml-layout":"","ast-disable-related-posts":"","theme-transparent-header-meta":"","adv-header-id-meta":"","stick-header-meta":"","header-above-stick-meta":"","header-main-stick-meta":"","header-below-stick-meta":"","astra-migrate-meta-layouts":"default","ast-page-background-enabled":"default","ast-page-background-meta":{"desktop":{"background-color":"var(--ast-global-color-5)","background-image":"","background-repeat":"repeat","background-position":"center center","background-size":"auto","background-attachment":"scroll","background-type":"","background-media":"","overlay-type":"","overlay-color":"","overlay-opacity":"","overlay-gradient":""},"tablet":{"background-color":"","background-image":"","background-repeat":"repeat","background-position":"center center","background-size":"auto","background-attachment":"scroll","background-type":"","background-media":"","overlay-type":"","overlay-color":"","overlay-opacity":"","overlay-gradient":""},"mobile":{"background-color":"","background-image":"","background-repeat":"repeat","background-position":"center center","background-size":"auto","background-attachment":"scroll","background-type":"","background-media":"","overlay-type":"","overlay-color":"","overlay-opacity":"","overlay-gradient":""}},"ast-content-background-meta":{"desktop":{"background-color":"var(--ast-global-color-4)","background-image":"","background-repeat":"repeat","background-position":"center center","background-size":"auto","background-attachment":"scroll","background-type":"","background-media":"","overlay-type":"","overlay-color":"","overlay-opacity":"","overlay-gradient":""},"tablet":{"background-color":"var(--ast-global-color-4)","background-image":"","background-repeat":"repeat","background-position":"center center","background-size":"auto","background-attachment":"scroll","background-type":"","background-media":"","overlay-type":"","overlay-color":"","overlay-opacity":"","overlay-gradient":""},"mobile":{"background-color":"var(--ast-global-color-4)","background-image":"","background-repeat":"repeat","background-position":"center center","background-size":"auto","background-attachment":"scroll","background-type":"","background-media":"","overlay-type":"","overlay-color":"","overlay-opacity":"","overlay-gradient":""}},"footnotes":""},"categories":[169],"tags":[211],"class_list":["post-13168","post","type-post","status-publish","format-standard","has-post-thumbnail","hentry","category-art-floral-diy","tag-fleuriste"],"uagb_featured_image_src":{"full":false,"thumbnail":false,"medium":false,"medium_large":false,"large":false,"1536x1536":false,"2048x2048":false},"uagb_author_info":{"display_name":"admin","author_link":"https:\/\/www.interflora.fr\/blog\/author\/admin\/"},"uagb_comment_info":1,"uagb_excerpt":"Dans cette Collection Cr\u00e9ateur Interflora du mois d\u2019octobre, la mode florale se pare des plus belles couleurs de l\u2019automne. Une [&hellip;]","yoast_meta":{"title":"","description":"La mode florale se pare des plus belles couleurs de l\u2019automne. Une nature en feu imagin\u00e9e par Gilles Pothier, artisan r\u00e9put\u00e9 du XVIe arrondissement de Paris"},"_links":{"self":[{"href":"https:\/\/www.interflora.fr\/blog\/wp-json\/wp\/v2\/posts\/13168","targetHints":{"allow":["GET"]}}],"collection":[{"href":"https:\/\/www.interflora.fr\/blog\/wp-json\/wp\/v2\/posts"}],"about":[{"href":"https:\/\/www.interflora.fr\/blog\/wp-json\/wp\/v2\/types\/post"}],"author":[{"embeddable":true,"href":"https:\/\/www.interflora.fr\/blog\/wp-json\/wp\/v2\/users\/1"}],"replies":[{"embeddable":true,"href":"https:\/\/www.interflora.fr\/blog\/wp-json\/wp\/v2\/comments?post=13168"}],"version-history":[{"count":0,"href":"https:\/\/www.interflora.fr\/blog\/wp-json\/wp\/v2\/posts\/13168\/revisions"}],"wp:featuredmedia":[{"embeddable":true,"href":"https:\/\/www.interflora.fr\/blog\/wp-json\/"}],"wp:attachment":[{"href":"https:\/\/www.interflora.fr\/blog\/wp-json\/wp\/v2\/media?parent=13168"}],"wp:term":[{"taxonomy":"category","embeddable":true,"href":"https:\/\/www.interflora.fr\/blog\/wp-json\/wp\/v2\/categories?post=13168"},{"taxonomy":"post_tag","embeddable":true,"href":"https:\/\/www.interflora.fr\/blog\/wp-json\/wp\/v2\/tags?post=13168"}],"curies":[{"name":"wp","href":"https:\/\/api.w.org\/{rel}","templated":true}]}}