{"id":13001,"date":"2016-08-22T13:33:47","date_gmt":"2016-08-22T11:33:47","guid":{"rendered":"http:\/\/www.interflora.fr\/blog\/?p=13001"},"modified":"2016-08-22T13:33:47","modified_gmt":"2016-08-22T11:33:47","slug":"votre-agenda-floral-sortir-a-paris","status":"publish","type":"post","link":"https:\/\/www.interflora.fr\/blog\/votre-agenda-floral-sortir-a-paris\/","title":{"rendered":"A la d\u00e9couverte des jardins de Paris"},"content":{"rendered":"<p><strong>Si la capitale fran\u00e7aise est la plus visit\u00e9e au monde, c\u2019est bien s\u00fbr gr\u00e2ce \u00e0 la richesse exceptionnelle de son patrimoine. Histoire, architecture, gastronomie, arts et culture, il y en a pour tous les go\u00fbts. Mais qu\u2019en est-il du tourisme \u00ab vert \u00bb ? Comme toutes les grandes agglom\u00e9rations, Paris est sujette \u00e0 la pollution et les amateurs de fleurs et de nature sont en mal d\u2019espaces verts. Voici une visite guid\u00e9e des parcs et des jardins parisiens qui devrait leur permettre, enfin, de s\u2019a\u00e9rer.<\/strong><\/p>\n<p>&nbsp;<br \/>\n<img loading=\"lazy\" decoding=\"async\" src=\"\/\/www.interflora.fr\/blog\/wp-content\/uploads\/2014\/08\/Parc-de-la-Villette.jpg\" alt=\"Parc de la Villette\" title=\"Parc de la Villette\" width=\"200\" height=\"200\" class=\"alignleft size-full wp-image-13004\" \/><\/p>\n<h2>Le Parc de la Villette<\/h2>\n<p>Dans le quartier du Pont-de-Flandre (XIXe arrondissement), c\u2019est l\u2019un des plus grands parcs de Paris avec plus de 50 hectares dont une trentaine r\u00e9serv\u00e9e aux espaces verts. S\u00e9par\u00e9 du nord au sud par un canal, le Parc de la Villette pr\u00e9sente de nombreux jardins \u00e0 th\u00e8me et autant d\u2019activit\u00e9s li\u00e9es \u00e0 la musique, au th\u00e9\u00e2tre, au cirque, \u00e0 la danse ou au cin\u00e9ma. Le parc accueille en effet de nombreuses structures d\u00e9di\u00e9es \u00e0 la culture, du Z\u00e9nith au Cabaret sauvage en passant par la Cit\u00e9 des sciences et de l&rsquo;industrie ou le Conservatoire national sup\u00e9rieur de musique et de danse de Paris.<br \/>\n&nbsp;<br \/>\n&nbsp;<br \/>\n&nbsp;<br \/>\n<img loading=\"lazy\" decoding=\"async\" src=\"\/\/www.interflora.fr\/blog\/wp-content\/uploads\/2014\/08\/Jardin-des-Tuileries.jpg\" alt=\"Jardin des Tuileries\" title=\"Jardin des Tuileries\" width=\"200\" height=\"200\" class=\"alignright size-full wp-image-13005\" \/><\/p>\n<h2>Le Jardin des Tuileries<\/h2>\n<p>Il a \u00e9t\u00e9 cr\u00e9\u00e9 au XVIe si\u00e8cle et tire son nom des fabriques de tuiles qui occupaient autrefois ce quartier de Paris. Class\u00e9 sur la liste des monuments historiques et au patrimoine mondial de l\u2019Unesco, le Jardin des Tuileries fut \u00e0 une \u00e9poque celui du palais royal. Grand de plus de 20 hectares, c\u2019est aujourd\u2019hui le plus ancien jardin \u00e0 la fran\u00e7aise de la capitale, accessible depuis les stations de m\u00e9tro Concorde et Tuileries. Situ\u00e9 sur la rive droite de la Seine, \u00e0 proximit\u00e9 du Louvre, le Jardin des Tuileries int\u00e9resse autant les f\u00e9rus d\u2019architecture et d\u2019histoire que les passionn\u00e9s de botanique.<br \/>\n&nbsp;<br \/>\n&nbsp;<br \/>\n&nbsp;<br \/>\n<img loading=\"lazy\" decoding=\"async\" src=\"\/\/www.interflora.fr\/blog\/wp-content\/uploads\/2014\/08\/Parc-Monceau.jpg\" alt=\"Parc Monceau\" title=\"Parc Monceau\" width=\"200\" height=\"200\" class=\"alignleft size-full wp-image-13006\" \/><\/p>\n<h2>Le Parc Monceau<\/h2>\n<p>Dans le VIIIe arrondissement de Paris, le Parc Monceau est un jardin d\u2019agr\u00e9ment qui offre un d\u00e9cor somptueux aux immeubles de luxe et aux h\u00f4tels particuliers avoisinants. Malgr\u00e9 son petit kilom\u00e8tre de circonf\u00e9rence, le parc ne manque pas d\u2019attirer la curiosit\u00e9 avec sa rotonde, sa colonnade corinthienne et son arcade de style Renaissance. Les amateurs de litt\u00e9rature et de musique classique seront agr\u00e9ablement surpris d\u2019y croiser des statues de Maupassant, de Musset ou Chopin. Le Parc Monceau est desservi par le m\u00e9tro 2 ainsi que par les lignes de bus 30 et 84.<br \/>\n&nbsp;<br \/>\n&nbsp;<br \/>\n&nbsp;<br \/>\n<img loading=\"lazy\" decoding=\"async\" src=\"\/\/www.interflora.fr\/blog\/wp-content\/uploads\/2014\/08\/Bois-de-Boulogne.jpg\" alt=\"Bois de Boulogne\" title=\"Bois de Boulogne\" width=\"199\" height=\"200\" class=\"alignright size-full wp-image-13008\" \/><\/p>\n<h2>Le Bois de Boulogne<\/h2>\n<p>Avec plus de 800 hectares de verdure, il est l\u2019un des principaux poumons urbains de la capitale. Situ\u00e9 dans le XVIe arrondissement, \u00e0 l\u2019ouest de Paris, le Bois de Boulogne pr\u00e9sente de nombreuses curiosit\u00e9s v\u00e9g\u00e9tales : les jardins d\u2019acclimatation et du Pr\u00e9-Catalan, les serres d\u2019Auteuil ou le parc de Bagatelle. Propri\u00e9t\u00e9 de la Mairie de Paris depuis le si\u00e8cle dernier, le bois offre aux visiteurs de tr\u00e8s nombreuses attractions, notamment sportives avec ses hippodromes. A la nuit tomb\u00e9e, il se transforme toutefois en haut-lieu de la prostitution parisienne.<br \/>\n&nbsp;<br \/>\n&nbsp;<br \/>\n&nbsp;<br \/>\n<img loading=\"lazy\" decoding=\"async\" src=\"\/\/www.interflora.fr\/blog\/wp-content\/uploads\/2014\/08\/Parc-de-Belleville.jpg\" alt=\"Parc de Belleville\" title=\"Parc de Belleville\" width=\"200\" height=\"200\" class=\"alignleft size-full wp-image-13009\" \/><\/p>\n<h2>Le Parc de Belleville<\/h2>\n<p>Entre les Buttes-Chaumont et le cimeti\u00e8re du P\u00e8re-Lachaise, le parc de Belleville est situ\u00e9 dans le XXe arrondissement de Paris. D&rsquo;une superficie de 45 000 m2, il est am\u00e9nag\u00e9 sur d\u2019anciennes terres vinicoles qui culminent \u00e0 une centaine de m\u00e8tres d\u2019altitude. Le parc offre donc une vue agr\u00e9able sur la capitale. On y admire une fontaine qui s\u2019\u00e9coule en cascades le long des pelouses. Les activit\u00e9s s\u2019y d\u00e9roulent en plein air : th\u00e9\u00e2tre, ping-pong avec un large espace r\u00e9serv\u00e9 aux familles avec enfants. Le Parc de Belleville est desservi par le m\u00e9tro Pyr\u00e9n\u00e9es, Couronnes et Belleville.<br \/>\n&nbsp;<br \/>\n&nbsp;<br \/>\n&nbsp;<br \/>\n<img loading=\"lazy\" decoding=\"async\" src=\"\/\/www.interflora.fr\/blog\/wp-content\/uploads\/2014\/08\/Jardin-du-Luxembourg.jpg\" alt=\"Jardin du Luxembourg\" title=\"Jardin du Luxembourg\" width=\"202\" height=\"200\" class=\"alignright size-full wp-image-13010\" \/><\/p>\n<h2>Le Jardin du Luxembourg<\/h2>\n<p>Situ\u00e9 dans le VIe arrondissement de Paris, le Jardin du Luxembourg a \u00e9t\u00e9 cr\u00e9\u00e9 au XVIIe si\u00e8cle \u00e0 l\u2019initiative de Marie de M\u00e9dicis. Au c\u0153ur du quartier latin, il attire des touristes venus du monde entier mais aussi les Parisiens, qui le surnomment \u00ab Luco \u00bb. On y trouve notamment le palais du Luxembourg, qui abrite le S\u00e9nat, un mus\u00e9e, des jardins, des serres ainsi qu\u2019une orangerie. Le jardin propose de nombreuses activit\u00e9s sportives, des arts martiaux au tennis en passant le basket, des expositions de sculpture et de photographie, des concerts et des activit\u00e9s pour enfants.<br \/>\n&nbsp;<br \/>\n&nbsp;<br \/>\n&nbsp;<br \/>\n<img loading=\"lazy\" decoding=\"async\" src=\"\/\/www.interflora.fr\/blog\/wp-content\/uploads\/2014\/08\/Parc-Montsouris.jpg\" alt=\"Parc Montsouris\" title=\"Parc Montsouris\" width=\"200\" height=\"200\" class=\"alignleft size-full wp-image-13011\" \/><\/p>\n<h2>Le Parc Montsouris<\/h2>\n<p>Entre les portes de Gentilly et d&rsquo;Arcueil, le Parc Montsouris est un jardin public situ\u00e9 dans le quartier \u00e9ponyme du XIVe arrondissement. Am\u00e9nag\u00e9 au XIXe si\u00e8cle, ce parc \u00e0 l\u2019anglaise int\u00e9resse tout d\u2019abord par la diversit\u00e9 de ses esp\u00e8ces v\u00e9g\u00e9tales. Arbre-parasol de Chine, kaki exotique, tulipier de Virginie, h\u00eatre tortillard ou c\u00e8dre du Liban, plus d\u2019un millier d\u2019arbres rares ou centenaires se laissent admirer en \u00e9coutant le chant des oiseaux. Fort d\u2019un patrimoine historique particuli\u00e8rement riche, le parc abrite encore divers b\u00e2timents d\u00e9di\u00e9s \u00e0 la m\u00e9t\u00e9orologie.<br \/>\n&nbsp;<br \/>\n&nbsp;<br \/>\n&nbsp;<br \/>\n<img loading=\"lazy\" decoding=\"async\" src=\"\/\/www.interflora.fr\/blog\/wp-content\/uploads\/2014\/08\/Jardin-des-Plantes-de-Paris.jpg\" alt=\"Jardin des Plantes de Paris\" title=\"Jardin des Plantes de Paris\" width=\"200\" height=\"200\" class=\"alignright size-full wp-image-13012\" \/><\/p>\n<h2>Le Jardin des Plantes<\/h2>\n<p>Dans le Ve arrondissement de Paris, entre la gare d\u2019Austerlitz et la Seine, le Jardin des Plantes est l\u2019un des plus anciens de la capitale.  Il s\u2019\u00e9tend sur plus de 23 hectares. La partie nord est compos\u00e9e de jardins \u00e0 l\u2019anglaise, tandis que la partie sud offre des perspectives \u00e0 la fran\u00e7aise. Les serres, rouvertes depuis peu au public, permettent aux visiteurs de d\u00e9couvrir un jardin d\u2019hiver ou une roseraie. Le jardin abrite \u00e9galement une \u00e9cole de botanique, une m\u00e9nagerie et un jardin \u00e9cologique. Il est desservi par les RER C et plusieurs lignes de bus et de m\u00e9tro.<br \/>\n&nbsp;<br \/>\n&nbsp;<br \/>\n&nbsp;<br \/>\n<img loading=\"lazy\" decoding=\"async\" src=\"\/\/www.interflora.fr\/blog\/wp-content\/uploads\/2014\/08\/Parc-des-Buttes-Chaumont.jpg\" alt=\"Parc des Buttes-Chaumont\" title=\"Parc des Buttes-Chaumont\" width=\"200\" height=\"200\" class=\"alignleft size-full wp-image-13013\" \/><\/p>\n<h2>Le Parc des Buttes-Chaumont<\/h2>\n<p>Au nord-est de Paris, dans le sud du XIXe arrondissement, le Parc des Buttes-Chaumont est le cinqui\u00e8me plus grand espace vert de la capitale. Ses 25 hectares sont accessibles par six entr\u00e9es, toutes \u00e9tant consid\u00e9r\u00e9es comme principales, et quatre stations de m\u00e9tro : Buttes-Chaumont, Botzaris, Bolivar et Laumi\u00e8re. L\u2019une des particularit\u00e9s du parc est de poss\u00e9der un lac dont le centre est occup\u00e9 par une \u00eele, ainsi qu\u2019une grotte. Il int\u00e9resse \u00e9galement gr\u00e2ce \u00e0 une riche vari\u00e9t\u00e9 de plantations et d\u2019essences : sophora, platane d&rsquo;Orient, f\u00e9vier d&rsquo;Am\u00e9rique ou noisetier de Byzance.<br \/>\n&nbsp;<br \/>\n&nbsp;<br \/>\n&nbsp;<br \/>\n<img loading=\"lazy\" decoding=\"async\" src=\"\/\/www.interflora.fr\/blog\/wp-content\/uploads\/2014\/08\/Bois-de-Vincennes.jpg\" alt=\"Bois de Vincennes\" title=\"Bois de Vincennes\" width=\"200\" height=\"200\" class=\"alignright size-full wp-image-13014\" \/><\/p>\n<h2>Le Bois de Vincennes<\/h2>\n<p>Avec pr\u00e8s de 1 000 hectares, il est sans conteste le plus grand espace vert de Paris. Situ\u00e9 \u00e0 l\u2019est de la capitale, il s\u2019\u00e9panche sur sept autres communes : Charenton-le-Pont, Fontenay-sous-Bois, Joinville-le-Pont, Nogent-sur-Marne, Saint-Mand\u00e9, Saint-Maurice et Vincennes. Tr\u00e8s bois\u00e9 et pourvu de plusieurs lacs, le bois offre de nombreuses attractions : le parc floral, le jardin tropical, le parc zoologique ou la ferme Georges-Ville, sans oublier l\u2019hippodrome et le ch\u00e2teau de Vincennes. Son acc\u00e8s est desservi par le RER et de nombreuses lignes de bus ou de m\u00e9tro.<br \/>\n&nbsp;<br \/>\n&nbsp;<br \/>\n&nbsp;<br \/>\n<img loading=\"lazy\" decoding=\"async\" src=\"\/\/www.interflora.fr\/blog\/wp-content\/uploads\/2014\/08\/Parc-de-Bercy.jpg\" alt=\"Parc de Bercy\" title=\"Parc de Bercy\" width=\"199\" height=\"200\" class=\"alignleft size-full wp-image-13015\" \/><\/p>\n<h2>Le Parc de Bercy<\/h2>\n<p>Le Parc de Bercy (14 hectares) est situ\u00e9 dans le quartier \u00e9ponyme du XIIe arrondissement. Il est am\u00e9nag\u00e9 selon trois th\u00e9matiques : le jardin romantique et ses bassins, les prairies avec leurs arbres et leurs pelouses, et le parc c\u00f4t\u00e9 sud. L\u2019architecture et l\u2019histoire du Parc de Bercy sont \u00e9troitement li\u00e9es au pass\u00e9 vinicole du site. Des vignes y ont d\u2019ailleurs \u00e9t\u00e9 plant\u00e9es et c\u2019est tout logiquement que la station de m\u00e9tro la plus proche est celle de Cours Saint-Emilion.  Le parc accueille \u00e9galement une roseraie, un jardin potager ainsi qu\u2019un mus\u00e9e des arts forains.<br \/>\n&nbsp;<br \/>\n&nbsp;<br \/>\n&nbsp;<br \/>\n<img loading=\"lazy\" decoding=\"async\" src=\"\/\/www.interflora.fr\/blog\/wp-content\/uploads\/2014\/08\/Champ-de-Mars.jpg\" alt=\"Champ de Mars\" title=\"Champ de Mars\" width=\"200\" height=\"201\" class=\"alignright size-full wp-image-13016\" \/><\/p>\n<h2>Le Champ de Mars<\/h2>\n<p>Entre la tour Eiffel et l&rsquo;\u00c9cole militaire, dans le VIIe arrondissement de Paris, le Champ de Mars poss\u00e8de un patrimoine historique particuli\u00e8rement riche et est l\u2019un des espaces verts les plus attractifs de la capitale. Pl\u00e9biscit\u00e9 par les touristes autant que par les Parisiens, il offre de tr\u00e8s nombreuses activit\u00e9s tout au long de l\u2019ann\u00e9e. Le champ dispose de terrains de sports, des aires de jeux, mais aussi un kiosque et un th\u00e9\u00e2tre, sans oublier la promenade \u00e0 poney. Parmi les principaux monuments : le mur de la paix et monument des Droits de l&rsquo;Homme d&rsquo;Ivan Theimer.<br \/>\n&nbsp;<br \/>\n&nbsp;<br \/>\n&nbsp;<br \/>\n<img loading=\"lazy\" decoding=\"async\" src=\"\/\/www.interflora.fr\/blog\/wp-content\/uploads\/2014\/08\/Parc-Georges-Brassens.jpg\" alt=\"\" title=\"\" width=\"200\" height=\"200\" class=\"alignleft size-full wp-image-13017\" \/><\/p>\n<h2>Le Parc Georges-Brassens<\/h2>\n<p>Dans le XVe arrondissement de Paris, le parc Georges-Brassens est b\u00e2ti dans les ann\u00e9es 80 sur les anciens abattoirs de Vaugirard. Il doit son nom au c\u00e9l\u00e8bre artiste s\u00e9tois Georges Brassens, qui a v\u00e9cu dans ce quartier durant plusieurs ann\u00e9es. Le parc est \u00e9galement marqu\u00e9 par son pass\u00e9 vinicole. La vigne est d\u2019ailleurs encore exploit\u00e9e et on y produit m\u00eame du vin. Outre des statues, le parc accueille le th\u00e9\u00e2tre Silvia-Monfort et un march\u00e9 du livre ancien.<br \/>\nIl est accessible par le m\u00e9tro (stations Porte de Vanves et Convention), le bus (89 et 95) et le tramway (station Georges Brassens).<br \/>\n&nbsp;<br \/>\n&nbsp;<br \/>\n&nbsp;<br \/>\n<img loading=\"lazy\" decoding=\"async\" src=\"\/\/www.interflora.fr\/blog\/wp-content\/uploads\/2014\/08\/Cimeti\u00e8re-du-P\u00e8re-Lachaise.jpg\" alt=\"Cimeti\u00e8re du P\u00e8re-Lachaise\" title=\"Cimeti\u00e8re du P\u00e8re-Lachaise\" width=\"200\" height=\"200\" class=\"alignright size-full wp-image-13018\" \/><\/p>\n<h2>Les cimeti\u00e8res parisiens<\/h2>\n<p>Autrefois parsem\u00e9s aux abords de Paris, les cimeti\u00e8res de la capitale ont depuis \u00e9t\u00e9 int\u00e9gr\u00e9 au paysage urbain et offrent m\u00eame aux citadins de petits havres de verdure et de tranquillit\u00e9 au milieu de l\u2019effervescence de la ville. Outre les c\u00e9l\u00e8bres catacombes, Paris intra-muros accueille des cimeti\u00e8res de renom, comme celui du P\u00e8re-Lachaise o\u00f9 repose nombre de personnalit\u00e9s, ainsi que les cimeti\u00e8res de Montmartre, de Montparnasse ou de Passy. Les cimeti\u00e8res de Saint-Ouen, de Pantin, d&rsquo;Ivry ou de Bagneux sont quant \u00e0 eux situ\u00e9s en dehors de la capitale.<br \/>\n&nbsp;<br \/>\n&nbsp;<br \/>\n&nbsp;<br \/>\n<img loading=\"lazy\" decoding=\"async\" src=\"\/\/www.interflora.fr\/blog\/wp-content\/uploads\/2014\/08\/Parc-Clichy-Batignolles-X.jpg\" alt=\"\" title=\"\" width=\"198\" height=\"200\" class=\"alignleft size-full wp-image-13019\" \/><\/p>\n<h2>Le Parc Clichy-Batignolles<\/h2>\n<p>Situ\u00e9 dans le quartier des Batignolles, dans le XVIIe arrondissement de la capitale, le Parc Clichy-Batignolles &#8211; Martin Luther King est en cours d\u2019am\u00e9nagement et se veut un mod\u00e8le dans sa gestion de l\u2019environnement. Les esp\u00e8ces v\u00e9g\u00e9tales notamment, ont \u00e9t\u00e9 choisies pour leur capacit\u00e9 \u00e0 se d\u00e9velopper avec peu d\u2019eau, sans engrais ni pesticides. B\u00e2ti sur l\u2019ancienne halle de la gare des Batignolles, le parc est parsem\u00e9 d\u2019extraits de voies ferr\u00e9es. Il devrait accueillir \u00e0 terme des jardins compos\u00e9s sur les th\u00e8mes de l\u2019eau, du sport et des saisons.<br \/>\n&nbsp;<br \/>\n&nbsp;<br \/>\n&nbsp;<br \/>\n<img loading=\"lazy\" decoding=\"async\" src=\"\/\/www.interflora.fr\/blog\/wp-content\/uploads\/2014\/08\/Jardins-d\u2019Eole-X.jpg\" alt=\"\" title=\"\" width=\"200\" height=\"200\" class=\"alignright size-full wp-image-13020\" \/><\/p>\n<h2>Les Jardins d\u2019Eole<\/h2>\n<p>Inaugur\u00e9 en 2007 dans le XVIIIe arrondissement, les jardins d\u2019\u00c9ole sont l\u2019un des plus r\u00e9cents parcs am\u00e9nag\u00e9 \u00e0 Paris. Install\u00e9 sur une ancienne friche ferroviaire, il est le fruit d\u2019une concertation entre \u00e9lus, habitants et associations pour r\u00e9pondre au besoin d\u2019espaces verts dans ce quartier de la capitale. Le parc se veut contemporain et \u00e9cologique. La gestion du sol, de l\u2019eau et de l\u2019air est ainsi \u00e9tudi\u00e9e, le choix de la flore s\u2019est fait en concordance avec celui de la faune et des am\u00e9nagements ont \u00e9t\u00e9 pr\u00e9vus pour accueillir les personnes \u00e0 mobilit\u00e9 r\u00e9duite.<br \/>\n&nbsp;<br \/>\n&nbsp;<br \/>\n&nbsp;<br \/>\n<img loading=\"lazy\" decoding=\"async\" src=\"\/\/www.interflora.fr\/blog\/wp-content\/uploads\/2014\/08\/Parc-Andr\u00e9-Citro\u00ebn-X.jpg\" alt=\"\" title=\"\" width=\"200\" height=\"200\" class=\"alignleft size-full wp-image-13021\" \/><\/p>\n<h2>Le Parc Andr\u00e9-Citro\u00ebn<\/h2>\n<p>Il doit son nom \u00e0 l\u2019ancienne usine Citro\u00ebn, sur laquelle il est situ\u00e9. Sur les rives de la Seine, dans le XVe arrondissement de Paris, le Parc Andr\u00e9-Citro\u00ebn a \u00e9t\u00e9 am\u00e9nag\u00e9 dans les ann\u00e9es 90. On y acc\u00e8de gr\u00e2ce au m\u00e9tro (station Javel &#8211; Andr\u00e9 Citro\u00ebn), le tramway (station Pont du Garigliano), le RER C (gares Pont du Garigliano et Javel) et le bus (lignes 42 et 88). Il se distingue par une v\u00e9g\u00e9tation luxuriante et des am\u00e9nagements li\u00e9s \u00e0 l\u2019eau : une \u00eele artificielle, une bambouseraie, mais \u00e9galement des jardins \u00e0 th\u00e8mes. Un ballon permet de profiter d\u2019une vue a\u00e9rienne de Paris.<br \/>\n&nbsp;<br \/>\n&nbsp;<br \/>\n&nbsp;<br \/>\n&nbsp;<br \/>\n&nbsp;<br \/>\n<a href=\"https:\/\/www.interflora.fr\/fleuristes\/Paris-75\" target=\"_blank\" rel=\"noopener\"><img loading=\"lazy\" decoding=\"async\" src=\"\/\/www.interflora.fr\/blog\/wp-content\/uploads\/2014\/08\/Offrir-des-fleurs-\u00e0-Paris.jpg\" alt=\"Offrir des fleurs \u00e0 Paris\" title=\"Offrir des fleurs \u00e0 Paris\" width=\"800\" height=\"200\" class=\"alignnone size-full wp-image-13022\" \/><br \/>\n<em>-> Faire livrer des fleurs \u00e0 Paris<\/em><\/a><br \/>\n&nbsp;<br \/>\n&nbsp;<br \/>\n\u00a9 Interflora \/ Shutterstock \/ DR<\/p>\n","protected":false},"excerpt":{"rendered":"<p>Si la capitale fran\u00e7aise est la plus visit\u00e9e au monde, c\u2019est bien s\u00fbr gr\u00e2ce \u00e0 la richesse exceptionnelle de son [&hellip;]<\/p>\n","protected":false},"author":1,"featured_media":13003,"comment_status":"open","ping_status":"closed","sticky":false,"template":"","format":"standard","meta":{"_uag_custom_page_level_css":"","site-sidebar-layout":"default","site-content-layout":"","ast-site-content-layout":"default","site-content-style":"default","site-sidebar-style":"default","ast-global-header-display":"","ast-banner-title-visibility":"","ast-main-header-display":"","ast-hfb-above-header-display":"","ast-hfb-below-header-display":"","ast-hfb-mobile-header-display":"","site-post-title":"","ast-breadcrumbs-content":"","ast-featured-img":"","footer-sml-layout":"","ast-disable-related-posts":"","theme-transparent-header-meta":"","adv-header-id-meta":"","stick-header-meta":"","header-above-stick-meta":"","header-main-stick-meta":"","header-below-stick-meta":"","astra-migrate-meta-layouts":"default","ast-page-background-enabled":"default","ast-page-background-meta":{"desktop":{"background-color":"var(--ast-global-color-5)","background-image":"","background-repeat":"repeat","background-position":"center center","background-size":"auto","background-attachment":"scroll","background-type":"","background-media":"","overlay-type":"","overlay-color":"","overlay-opacity":"","overlay-gradient":""},"tablet":{"background-color":"","background-image":"","background-repeat":"repeat","background-position":"center center","background-size":"auto","background-attachment":"scroll","background-type":"","background-media":"","overlay-type":"","overlay-color":"","overlay-opacity":"","overlay-gradient":""},"mobile":{"background-color":"","background-image":"","background-repeat":"repeat","background-position":"center center","background-size":"auto","background-attachment":"scroll","background-type":"","background-media":"","overlay-type":"","overlay-color":"","overlay-opacity":"","overlay-gradient":""}},"ast-content-background-meta":{"desktop":{"background-color":"var(--ast-global-color-4)","background-image":"","background-repeat":"repeat","background-position":"center center","background-size":"auto","background-attachment":"scroll","background-type":"","background-media":"","overlay-type":"","overlay-color":"","overlay-opacity":"","overlay-gradient":""},"tablet":{"background-color":"var(--ast-global-color-4)","background-image":"","background-repeat":"repeat","background-position":"center center","background-size":"auto","background-attachment":"scroll","background-type":"","background-media":"","overlay-type":"","overlay-color":"","overlay-opacity":"","overlay-gradient":""},"mobile":{"background-color":"var(--ast-global-color-4)","background-image":"","background-repeat":"repeat","background-position":"center center","background-size":"auto","background-attachment":"scroll","background-type":"","background-media":"","overlay-type":"","overlay-color":"","overlay-opacity":"","overlay-gradient":""}},"footnotes":""},"categories":[194],"tags":[195],"class_list":["post-13001","post","type-post","status-publish","format-standard","has-post-thumbnail","hentry","category-fleurs-et-culture","tag-histoire"],"uagb_featured_image_src":{"full":false,"thumbnail":false,"medium":false,"medium_large":false,"large":false,"1536x1536":false,"2048x2048":false},"uagb_author_info":{"display_name":"admin","author_link":"https:\/\/www.interflora.fr\/blog\/author\/admin\/"},"uagb_comment_info":1,"uagb_excerpt":"Si la capitale fran\u00e7aise est la plus visit\u00e9e au monde, c\u2019est bien s\u00fbr gr\u00e2ce \u00e0 la richesse exceptionnelle de son [&hellip;]","yoast_meta":{"title":"","description":"Si la capitale fran\u00e7aise est la plus visit\u00e9e au monde, c\u2019est bien s\u00fbr gr\u00e2ce \u00e0 la richesse exceptionnelle de son patrimoine et de ses parcs et jardins."},"_links":{"self":[{"href":"https:\/\/www.interflora.fr\/blog\/wp-json\/wp\/v2\/posts\/13001","targetHints":{"allow":["GET"]}}],"collection":[{"href":"https:\/\/www.interflora.fr\/blog\/wp-json\/wp\/v2\/posts"}],"about":[{"href":"https:\/\/www.interflora.fr\/blog\/wp-json\/wp\/v2\/types\/post"}],"author":[{"embeddable":true,"href":"https:\/\/www.interflora.fr\/blog\/wp-json\/wp\/v2\/users\/1"}],"replies":[{"embeddable":true,"href":"https:\/\/www.interflora.fr\/blog\/wp-json\/wp\/v2\/comments?post=13001"}],"version-history":[{"count":0,"href":"https:\/\/www.interflora.fr\/blog\/wp-json\/wp\/v2\/posts\/13001\/revisions"}],"wp:featuredmedia":[{"embeddable":true,"href":"https:\/\/www.interflora.fr\/blog\/wp-json\/"}],"wp:attachment":[{"href":"https:\/\/www.interflora.fr\/blog\/wp-json\/wp\/v2\/media?parent=13001"}],"wp:term":[{"taxonomy":"category","embeddable":true,"href":"https:\/\/www.interflora.fr\/blog\/wp-json\/wp\/v2\/categories?post=13001"},{"taxonomy":"post_tag","embeddable":true,"href":"https:\/\/www.interflora.fr\/blog\/wp-json\/wp\/v2\/tags?post=13001"}],"curies":[{"name":"wp","href":"https:\/\/api.w.org\/{rel}","templated":true}]}}