{"id":12823,"date":"2016-08-06T15:14:29","date_gmt":"2016-08-06T13:14:29","guid":{"rendered":"http:\/\/www.interflora.fr\/blog\/?p=12823"},"modified":"2026-02-25T14:32:49","modified_gmt":"2026-02-25T13:32:49","slug":"cheverny-lautre-chateau-de-moulinsart-2","status":"publish","type":"post","link":"https:\/\/www.interflora.fr\/blog\/cheverny-lautre-chateau-de-moulinsart-2\/","title":{"rendered":"Cheverny, l\u2019autre ch\u00e2teau de Moulinsart"},"content":{"rendered":"<p><strong>Le ch\u00e2teau de Cheverny, dans le Loir-et-Cher, est l\u2019un des monuments historiques les plus visit\u00e9s de la r\u00e9gion Centre. Entre chasse \u00e0 courre et jardins \u00e0 la fran\u00e7aise, le ch\u00e2teau a \u00e9galement inspir\u00e9 Herg\u00e9 pour la cr\u00e9ation de Moulinsart, fief de Tintin et du Capitaine Haddock.<\/strong><\/p>\n<p><img loading=\"lazy\" decoding=\"async\" class=\"alignright size-full wp-image-12826\" title=\"\" src=\"\/\/www.interflora.fr\/blog\/wp-content\/uploads\/2014\/08\/Ch\u00e2teau-de-Cheverny-22.jpg\" alt=\"\" width=\"200\" height=\"300\" \/><br \/>Elev\u00e9 au XVIIe si\u00e8cle sur un domaine \u00e0 l\u2019histoire tumultueuse, le ch\u00e2teau de Cheverny int\u00e9resse tout d\u2019abord par la noblesse de ses formes et le faste de ses int\u00e9rieurs. De la chambre du roi \u00e0 la salle d\u2019armes en passant par la biblioth\u00e8que ou le salon des tapisseries, le visiteur d\u00e9couvre un d\u00e9cor majestueux, que la R\u00e9volution fran\u00e7aise a \u00e9pargn\u00e9.<br \/>Tout autour du ch\u00e2teau, le parc de 100 hectares est tout aussi remarquable. A commencer par son jardin \u00e0 la fran\u00e7aise et son all\u00e9e principale, longue de plusieurs kilom\u00e8tres. On y trouve un jardin \u00e0 l\u2019anglaise, un potager ou encore un cours d\u2019eau. L\u2019orangerie, plant\u00e9e au XVIIIe si\u00e8cle, accueille aujourd\u2019hui de somptueuses r\u00e9ceptions.<\/p>\n<h2>Le ch\u00e2teau sert de mod\u00e8le \u00e0 Herg\u00e9<\/h2>\n<p>Ouvert au public au d\u00e9but du si\u00e8cle dernier, le ch\u00e2teau de Cheverny est r\u00e9put\u00e9 pour ses parties de chasse \u00e0 courre. Bois de cerfs et tableaux de chasse tr\u00f4nent d\u2019ailleurs fi\u00e8rement au-dessus des chemin\u00e9es du ch\u00e2teau. A l\u2019ext\u00e9rieur, un bruyant chenil occup\u00e9 par une bonne centaine de chiens retient \u00e9videmment l\u2019attention du visiteur, surtout \u00e0 l\u2019heure du repas.<br \/>Le ch\u00e2teau est enfin c\u00e9l\u00e8bre pour avoir servi de mod\u00e8le \u00e0 Herg\u00e9 pour la cr\u00e9ation de Moulinsart, demeure du Capitaine Haddock et pied-\u00e0-terre de Tintin. Le dessinateur s\u2019est inspir\u00e9 des b\u00e2timents mais aussi du mobilier pr\u00e9sent \u00e0 l\u2019int\u00e9rieur du ch\u00e2teau. Une exposition permanente sur l\u2019\u0153uvre du cr\u00e9ateur des aventures de Tintin est d\u2019ailleurs propos\u00e9e. Les portes du ch\u00e2teau sont ouvertes au public tout au long de l\u2019ann\u00e9e.<\/p>\n<p><img loading=\"lazy\" decoding=\"async\" class=\"alignnone size-full wp-image-12813\" title=\"Ch\u00e2teau de Cheverny\" src=\"\/\/www.interflora.fr\/blog\/wp-content\/uploads\/2014\/08\/Ch\u00e2teau-de-Cheverny-3.jpg\" alt=\"\" width=\"800\" height=\"311\" \/><br \/>-&gt; Plus d\u2019information sur le site officiel du <a href=\"https:\/\/www.chateau-cheverny.fr\/informations-pratiques\/tarifs\" target=\"_blank\" rel=\"noopener\">ch\u00e2teau de Cheverny<\/a><\/p>\n\n\n<p><\/p>\n","protected":false},"excerpt":{"rendered":"<p>Le ch\u00e2teau de Cheverny, dans le Loir-et-Cher, est l\u2019un des monuments historiques les plus visit\u00e9s de la r\u00e9gion Centre. Entre [&hellip;]<\/p>\n","protected":false},"author":1,"featured_media":12811,"comment_status":"open","ping_status":"closed","sticky":false,"template":"","format":"standard","meta":{"_uag_custom_page_level_css":"","site-sidebar-layout":"default","site-content-layout":"","ast-site-content-layout":"default","site-content-style":"default","site-sidebar-style":"default","ast-global-header-display":"","ast-banner-title-visibility":"","ast-main-header-display":"","ast-hfb-above-header-display":"","ast-hfb-below-header-display":"","ast-hfb-mobile-header-display":"","site-post-title":"","ast-breadcrumbs-content":"","ast-featured-img":"","footer-sml-layout":"","ast-disable-related-posts":"","theme-transparent-header-meta":"","adv-header-id-meta":"","stick-header-meta":"","header-above-stick-meta":"","header-main-stick-meta":"","header-below-stick-meta":"","astra-migrate-meta-layouts":"default","ast-page-background-enabled":"default","ast-page-background-meta":{"desktop":{"background-color":"var(--ast-global-color-5)","background-image":"","background-repeat":"repeat","background-position":"center center","background-size":"auto","background-attachment":"scroll","background-type":"","background-media":"","overlay-type":"","overlay-color":"","overlay-opacity":"","overlay-gradient":""},"tablet":{"background-color":"","background-image":"","background-repeat":"repeat","background-position":"center center","background-size":"auto","background-attachment":"scroll","background-type":"","background-media":"","overlay-type":"","overlay-color":"","overlay-opacity":"","overlay-gradient":""},"mobile":{"background-color":"","background-image":"","background-repeat":"repeat","background-position":"center center","background-size":"auto","background-attachment":"scroll","background-type":"","background-media":"","overlay-type":"","overlay-color":"","overlay-opacity":"","overlay-gradient":""}},"ast-content-background-meta":{"desktop":{"background-color":"var(--ast-global-color-4)","background-image":"","background-repeat":"repeat","background-position":"center center","background-size":"auto","background-attachment":"scroll","background-type":"","background-media":"","overlay-type":"","overlay-color":"","overlay-opacity":"","overlay-gradient":""},"tablet":{"background-color":"var(--ast-global-color-4)","background-image":"","background-repeat":"repeat","background-position":"center center","background-size":"auto","background-attachment":"scroll","background-type":"","background-media":"","overlay-type":"","overlay-color":"","overlay-opacity":"","overlay-gradient":""},"mobile":{"background-color":"var(--ast-global-color-4)","background-image":"","background-repeat":"repeat","background-position":"center center","background-size":"auto","background-attachment":"scroll","background-type":"","background-media":"","overlay-type":"","overlay-color":"","overlay-opacity":"","overlay-gradient":""}},"footnotes":""},"categories":[164],"tags":[195],"class_list":["post-12823","post","type-post","status-publish","format-standard","has-post-thumbnail","hentry","category-actualites-interflora","tag-histoire"],"uagb_featured_image_src":{"full":false,"thumbnail":false,"medium":false,"medium_large":false,"large":false,"1536x1536":false,"2048x2048":false},"uagb_author_info":{"display_name":"admin","author_link":"https:\/\/www.interflora.fr\/blog\/author\/admin\/"},"uagb_comment_info":1,"uagb_excerpt":"Le ch\u00e2teau de Cheverny, dans le Loir-et-Cher, est l\u2019un des monuments historiques les plus visit\u00e9s de la r\u00e9gion Centre. Entre [&hellip;]","yoast_meta":{"title":"","description":"Entre chasse \u00e0 courre et jardins \u00e0 la fran\u00e7aise, le ch\u00e2teau de Cheverny a inspir\u00e9 Herg\u00e9 pour la cr\u00e9ation de Moulinsart, fief de Tintin et du Capitaine Haddock."},"_links":{"self":[{"href":"https:\/\/www.interflora.fr\/blog\/wp-json\/wp\/v2\/posts\/12823","targetHints":{"allow":["GET"]}}],"collection":[{"href":"https:\/\/www.interflora.fr\/blog\/wp-json\/wp\/v2\/posts"}],"about":[{"href":"https:\/\/www.interflora.fr\/blog\/wp-json\/wp\/v2\/types\/post"}],"author":[{"embeddable":true,"href":"https:\/\/www.interflora.fr\/blog\/wp-json\/wp\/v2\/users\/1"}],"replies":[{"embeddable":true,"href":"https:\/\/www.interflora.fr\/blog\/wp-json\/wp\/v2\/comments?post=12823"}],"version-history":[{"count":1,"href":"https:\/\/www.interflora.fr\/blog\/wp-json\/wp\/v2\/posts\/12823\/revisions"}],"predecessor-version":[{"id":58109,"href":"https:\/\/www.interflora.fr\/blog\/wp-json\/wp\/v2\/posts\/12823\/revisions\/58109"}],"wp:featuredmedia":[{"embeddable":true,"href":"https:\/\/www.interflora.fr\/blog\/wp-json\/"}],"wp:attachment":[{"href":"https:\/\/www.interflora.fr\/blog\/wp-json\/wp\/v2\/media?parent=12823"}],"wp:term":[{"taxonomy":"category","embeddable":true,"href":"https:\/\/www.interflora.fr\/blog\/wp-json\/wp\/v2\/categories?post=12823"},{"taxonomy":"post_tag","embeddable":true,"href":"https:\/\/www.interflora.fr\/blog\/wp-json\/wp\/v2\/tags?post=12823"}],"curies":[{"name":"wp","href":"https:\/\/api.w.org\/{rel}","templated":true}]}}