{"id":12625,"date":"2015-07-04T10:58:33","date_gmt":"2015-07-04T08:58:33","guid":{"rendered":"http:\/\/www.interflora.fr\/blog\/?p=12625"},"modified":"2026-04-07T14:53:55","modified_gmt":"2026-04-07T12:53:55","slug":"nicolas-rosiere-lart-du-vegetal","status":"publish","type":"post","link":"https:\/\/www.interflora.fr\/blog\/nicolas-rosiere-lart-du-vegetal\/","title":{"rendered":"Nicolas Rosi\u00e8re : l\u2019art du v\u00e9g\u00e9tal"},"content":{"rendered":"<p><strong>Cet \u00e9t\u00e9, la mode v\u00e9g\u00e9tale se pare de ses plus belles fleurs estivales pour nous offrir des vacances au bord de la mer. Une \u00ab <a href=\"https:\/\/www.interflora.fr\/tendances-florales-juillet\" target=\"_blank\" rel=\"noopener\">Collection Cr\u00e9ateur<\/a> \u00bb ensoleill\u00e9e sign\u00e9e Nicolas Rosi\u00e8re, fleuriste chez Gil Boyard \u00e0 Maisons-Alfort et membre du Coll\u00e8ge d\u2019Art Floral Interflora. Portrait d\u2019un jeune artisan \u00e0 l\u2019avenir prometteur !<\/strong><br \/>\n<img loading=\"lazy\" decoding=\"async\" class=\"alignnone size-full wp-image-12627\" title=\"Collection Cr\u00e9ateur Interflora\" src=\"\/\/www.interflora.fr\/blog\/wp-content\/uploads\/2014\/07\/Collection-Cr\u00e9ateur.jpg\" alt=\"Collection Cr\u00e9ateur Interflora\" width=\"800\" height=\"533\" \/><\/p>\n<figure id=\"attachment_12630\" aria-describedby=\"caption-attachment-12630\" style=\"width: 200px\" class=\"wp-caption alignright\"><img loading=\"lazy\" decoding=\"async\" class=\"size-full wp-image-12630\" title=\"Nicolas Rosi\u00e8re\" src=\"\/\/www.interflora.fr\/blog\/wp-content\/uploads\/2014\/07\/Nicolas-Rosi\u00e8re.jpg\" alt=\"Nicolas Rosi\u00e8re\" width=\"200\" height=\"250\" \/><figcaption id=\"caption-attachment-12630\" class=\"wp-caption-text\">Nicolas Rosi\u00e8re.<\/figcaption><\/figure>\n<p>Pour Nicolas Rosi\u00e8re, la passion du v\u00e9g\u00e9tal commence en famille. A Argenteuil, ses grands-parents \u00e9taient grainetiers et sa maman, d\u00e9j\u00e0, r\u00eavait de devenir fleuriste. <em>\u00ab Adolescent, je passais mon temps \u00e0 entretenir leur jardin. C\u2019est mon univers \u00bb, <\/em>explique-t-il.<br \/>\nColl\u00e9gien, Nicolas effectue son premier stage chez la fleuriste de son village \u00e0 Bonneval, dans l\u2019Eure-et-Loir. <em>\u00ab Cela m\u2019a tellement plu que j\u2019y retournais \u00e0 chaque f\u00eate pour les aider ! \u00bb<\/em> Il s\u2019engage alors dans une formation de fleuriste, jusqu\u2019\u00e0 d\u00e9crocher son brevet professionnel.<\/p>\n<h2>La nouvelle g\u00e9n\u00e9ration a du talent<\/h2>\n<p>Le talent du jeune <a title=\"S\u00e9bastien Ravot : passion fleuriste\" href=\"https:\/\/www.interflora.fr\/blog\/avis-fleuriste-metier-realite\/\">fleuriste<\/a> ne passe pas inaper\u00e7u. Apr\u00e8s avoir \u00e9t\u00e9 rep\u00e9r\u00e9 par le champion du monde Jean-Michel Mertens*, Nicolas rejoint l\u2019\u00e9quipe du MOF Gil Boyard dans son magasin de Maisons-Alfort. <em>\u00ab C\u2019est mon patron, mais aussi mon meilleur ami \u00bb, <\/em>dit-il.<br \/>\nD\u00e9sormais form\u00e9 par les plus grands ma\u00eetres de l\u2019art v\u00e9g\u00e9tal, Nicolas encha\u00eene les comp\u00e9titions florales et accumule les m\u00e9dailles, de la Coupe Espoir Interflora \u00e0 la Coupe de France des fleuristes. Il fait tr\u00e8s logiquement son entr\u00e9e au Coll\u00e8ge d\u2019Art Floral.<br \/>\nEntre les podiums et des compositions pour des personnalit\u00e9s comme Bernadette Chirac ou Vanessa Paradis, Nicolas aime aussi profiter des joies de la capitale, mais surtout au mois d\u2019ao\u00fbt,<em> \u00ab quand Paris est calme \u00bb. <\/em>F\u00e9ru de peinture, d\u2019architecture ou de photographie, le jeune homme voue une autre passion pour la g\u00e9n\u00e9alogie, qu\u2019il pratique depuis l\u2019\u00e2ge de 13 ans.<\/p>\n<p><em>* En 1979, Jean-Michel Mertens remporte la Coupe du monde des Fleuristes en Australie et re\u00e7oit les honneurs du gouvernement fran\u00e7ais. <\/em><\/p>\n<p><img loading=\"lazy\" decoding=\"async\" class=\"alignnone size-full wp-image-12637\" title=\"Collection Et\u00e9 Interflora\" src=\"\/\/www.interflora.fr\/blog\/wp-content\/uploads\/2014\/07\/Collection-Et\u00e9.jpg\" alt=\"Collection Et\u00e9 Interflora\" width=\"800\" height=\"370\" \/><br \/>\n<em>-&gt; D\u00e9couvrir la <a href=\"https:\/\/www.interflora.fr\/tendances-florales-juillet\" target=\"_blank\" rel=\"noopener\">Collection Cr\u00e9ateur<\/a> de l&rsquo;\u00e9t\u00e9.<\/em><\/p>\n<div class=\"encadre\">\n<div><img loading=\"lazy\" decoding=\"async\" class=\"alignright size-full wp-image-12639\" title=\"Nicolas Rosi\u00e8re\" src=\"\/\/www.interflora.fr\/blog\/wp-content\/uploads\/2014\/07\/Nicolas-Rosi\u00e8re-2.jpg\" alt=\"Nicolas Rosi\u00e8re\" width=\"250\" height=\"249\" \/><\/p>\n<h2>\u00ab C\u2019est un m\u00e9tier qui demande beaucoup de technique \u00bb<\/h2>\n<p><strong>&#8211; Quel est l\u2019\u00e9v\u00e9nement le plus marquant de votre jeune carri\u00e8re ?<\/strong><br \/>\nC\u2019\u00e9tait en 2010, lors de la Coupe du monde des fleuristes \u00e0 Shanghai. J&rsquo;ai eu l&rsquo;honneur d&rsquo;\u00eatre l&rsquo;aide officiel de <a title=\"Gil Boyard : le fleuriste comp\u00e9titeur\" href=\"https:\/\/www.interflora.fr\/blog\/gil-boyard-le-competiteur\/\">Gil Boyard<\/a>, le fleuriste qui repr\u00e9sentait la France. Un moment tr\u00e8s enrichissant et surtout tr\u00e8s stressant !<\/p>\n<p><strong>&#8211; Comment faites-vous pour rester au top ?<\/strong><br \/>\nCela para\u00eet simple mais c\u2019est un m\u00e9tier qui demande beaucoup de pratique et de technique avant d\u2019obtenir des r\u00e9sultats. Je me souviens de mon tout premier bouquet, que j\u2019ai d\u00fb recommencer une bonne quinzaine de fois avant de le r\u00e9ussir !<\/p>\n<p><strong>&#8211; Quels sont vos prochains d\u00e9fis ?<\/strong><br \/>\nContinuer \u00e0 \u00e9voluer dans mon m\u00e9tier en suivant de pr\u00e8s les \u00e9v\u00e9nements comme la Coupe de France ou les Meilleurs Ouvriers de France. Un projet me tient particuli\u00e8rement \u00e0 c\u0153ur : ouvrir ma propre boutique ! J\u2019esp\u00e8re y parvenir dans les deux ann\u00e9es \u00e0 venir.<\/p>\n<\/div>\n<\/div>\n<p>\u00a9 Richard Baron &#8211; Light Motiv<\/p>\n","protected":false},"excerpt":{"rendered":"<p>Cet \u00e9t\u00e9, la mode v\u00e9g\u00e9tale se pare de ses plus belles fleurs estivales pour nous offrir des vacances au bord [&hellip;]<\/p>\n","protected":false},"author":1,"featured_media":12645,"comment_status":"open","ping_status":"closed","sticky":false,"template":"","format":"standard","meta":{"_uag_custom_page_level_css":"","site-sidebar-layout":"default","site-content-layout":"","ast-site-content-layout":"default","site-content-style":"default","site-sidebar-style":"default","ast-global-header-display":"","ast-banner-title-visibility":"","ast-main-header-display":"","ast-hfb-above-header-display":"","ast-hfb-below-header-display":"","ast-hfb-mobile-header-display":"","site-post-title":"","ast-breadcrumbs-content":"","ast-featured-img":"","footer-sml-layout":"","ast-disable-related-posts":"","theme-transparent-header-meta":"","adv-header-id-meta":"","stick-header-meta":"","header-above-stick-meta":"","header-main-stick-meta":"","header-below-stick-meta":"","astra-migrate-meta-layouts":"default","ast-page-background-enabled":"default","ast-page-background-meta":{"desktop":{"background-color":"var(--ast-global-color-5)","background-image":"","background-repeat":"repeat","background-position":"center center","background-size":"auto","background-attachment":"scroll","background-type":"","background-media":"","overlay-type":"","overlay-color":"","overlay-opacity":"","overlay-gradient":""},"tablet":{"background-color":"","background-image":"","background-repeat":"repeat","background-position":"center center","background-size":"auto","background-attachment":"scroll","background-type":"","background-media":"","overlay-type":"","overlay-color":"","overlay-opacity":"","overlay-gradient":""},"mobile":{"background-color":"","background-image":"","background-repeat":"repeat","background-position":"center center","background-size":"auto","background-attachment":"scroll","background-type":"","background-media":"","overlay-type":"","overlay-color":"","overlay-opacity":"","overlay-gradient":""}},"ast-content-background-meta":{"desktop":{"background-color":"var(--ast-global-color-4)","background-image":"","background-repeat":"repeat","background-position":"center center","background-size":"auto","background-attachment":"scroll","background-type":"","background-media":"","overlay-type":"","overlay-color":"","overlay-opacity":"","overlay-gradient":""},"tablet":{"background-color":"var(--ast-global-color-4)","background-image":"","background-repeat":"repeat","background-position":"center center","background-size":"auto","background-attachment":"scroll","background-type":"","background-media":"","overlay-type":"","overlay-color":"","overlay-opacity":"","overlay-gradient":""},"mobile":{"background-color":"var(--ast-global-color-4)","background-image":"","background-repeat":"repeat","background-position":"center center","background-size":"auto","background-attachment":"scroll","background-type":"","background-media":"","overlay-type":"","overlay-color":"","overlay-opacity":"","overlay-gradient":""}},"footnotes":""},"categories":[169],"tags":[211],"class_list":["post-12625","post","type-post","status-publish","format-standard","has-post-thumbnail","hentry","category-art-floral-diy","tag-fleuriste"],"uagb_featured_image_src":{"full":false,"thumbnail":false,"medium":false,"medium_large":false,"large":false,"1536x1536":false,"2048x2048":false},"uagb_author_info":{"display_name":"admin","author_link":"https:\/\/www.interflora.fr\/blog\/author\/admin\/"},"uagb_comment_info":4,"uagb_excerpt":"Cet \u00e9t\u00e9, la mode v\u00e9g\u00e9tale se pare de ses plus belles fleurs estivales pour nous offrir des vacances au bord [&hellip;]","yoast_meta":{"title":"","description":"Cet \u00e9t\u00e9, le v\u00e9g\u00e9tal se pare des plus belles fleurs pour nous offrir des vacances au bord de la mer. Une collection ensoleill\u00e9e sign\u00e9e Nicolas Rosi\u00e8re."},"_links":{"self":[{"href":"https:\/\/www.interflora.fr\/blog\/wp-json\/wp\/v2\/posts\/12625","targetHints":{"allow":["GET"]}}],"collection":[{"href":"https:\/\/www.interflora.fr\/blog\/wp-json\/wp\/v2\/posts"}],"about":[{"href":"https:\/\/www.interflora.fr\/blog\/wp-json\/wp\/v2\/types\/post"}],"author":[{"embeddable":true,"href":"https:\/\/www.interflora.fr\/blog\/wp-json\/wp\/v2\/users\/1"}],"replies":[{"embeddable":true,"href":"https:\/\/www.interflora.fr\/blog\/wp-json\/wp\/v2\/comments?post=12625"}],"version-history":[{"count":1,"href":"https:\/\/www.interflora.fr\/blog\/wp-json\/wp\/v2\/posts\/12625\/revisions"}],"predecessor-version":[{"id":58638,"href":"https:\/\/www.interflora.fr\/blog\/wp-json\/wp\/v2\/posts\/12625\/revisions\/58638"}],"wp:featuredmedia":[{"embeddable":true,"href":"https:\/\/www.interflora.fr\/blog\/wp-json\/"}],"wp:attachment":[{"href":"https:\/\/www.interflora.fr\/blog\/wp-json\/wp\/v2\/media?parent=12625"}],"wp:term":[{"taxonomy":"category","embeddable":true,"href":"https:\/\/www.interflora.fr\/blog\/wp-json\/wp\/v2\/categories?post=12625"},{"taxonomy":"post_tag","embeddable":true,"href":"https:\/\/www.interflora.fr\/blog\/wp-json\/wp\/v2\/tags?post=12625"}],"curies":[{"name":"wp","href":"https:\/\/api.w.org\/{rel}","templated":true}]}}