{"id":12519,"date":"2015-06-26T10:23:39","date_gmt":"2015-06-26T08:23:39","guid":{"rendered":"http:\/\/www.interflora.fr\/blog\/?p=12519"},"modified":"2015-06-26T10:23:39","modified_gmt":"2015-06-26T08:23:39","slug":"nathalie-fleurs-fete-ses-30-ans","status":"publish","type":"post","link":"https:\/\/www.interflora.fr\/blog\/nathalie-fleurs-fete-ses-30-ans\/","title":{"rendered":"Nathalie Fleurs f\u00eate ses 30 ans !"},"content":{"rendered":"<p><strong>Tr\u00e8s populaire \u00e0 Ch\u00e2teauneuf-sur-Loire et ses environs, Nathalie Fleurs nous ouvre aujourd\u2019hui ses portes. Histoire d\u2019un magasin qui repr\u00e9sente la marque Interflora depuis son ouverture, il y a 30 ans.<\/strong><\/p>\n<p><figure id=\"attachment_12523\" aria-describedby=\"caption-attachment-12523\" style=\"width: 200px\" class=\"wp-caption alignright\"><img loading=\"lazy\" decoding=\"async\" src=\"\/\/www.interflora.fr\/blog\/wp-content\/uploads\/2014\/06\/Nathalie-Fleurs-2.jpg\" alt=\"Nathalie Fleurs\" title=\"Nathalie Fleurs\" width=\"200\" height=\"300\" class=\"size-full wp-image-12523\" \/><figcaption id=\"caption-attachment-12523\" class=\"wp-caption-text\">Nathalie est passionn\u00e9e<br \/>\npar les fleurs<br \/>\ndepuis son enfance.<\/figcaption><\/figure><br \/>\nA Ch\u00e2teauneuf-sur-Loire, au beau milieu du Loiret, tout le monde conna\u00eet Nathalie Nioche. En 1983, l\u2019enfant du pays ouvrait les portes de son magasin de fleurs dans le centre-ville de cette cit\u00e9 du XIe si\u00e8cle, dont le patrimoine naturel est marqu\u00e9 par les ch\u00e2teaux de la Loire, la for\u00eat d\u2019Orl\u00e9ans et la Sologne.<br \/>\nNathalie se souvient encore du jour d\u2019ouverture. C\u2019\u00e9tait un 28 octobre, trois jours avant la Toussaint. <em>\u00ab Nous avons termin\u00e9 les travaux dans la nuit et mis les vases en place vers 4 heures du matin, sans m\u00eame un fond de caisse. Ma s\u0153ur, qui \u00e9tait venue pour l\u2019ouverture, est finalement rest\u00e9e toute la journ\u00e9e car je ne m\u2019en sortais pas. Tout le monde voulait assister \u00e0 l\u2019\u00e9v\u00e9nement ! \u00bb<\/em><\/p>\n<h2>Un succ\u00e8s imm\u00e9diat<\/h2>\n<p>Cette jeune femme est passionn\u00e9e par les fleurs depuis l\u2019\u00e2ge de 8 ans et a fait ses armes \u00e0 la maison Chapelin-Fretz de Saint-Cloud, o\u00f9 elle a servi quelques stars comme l\u2019acteur Lino Ventura. Dans son nouveau magasin, la client\u00e8le se montre fid\u00e8le et le succ\u00e8s est imm\u00e9diat.<br \/>\n<em>\u00ab J\u2019ai tout de suite int\u00e9gr\u00e9 le r\u00e9seau Interflora, gr\u00e2ce \u00e0 Roland Barrol, alors pr\u00e9sident de r\u00e9gion et ami de toujours. \u00bb<\/em> C\u2019\u00e9tait il y a tout juste 30 ans !<br \/>\n&nbsp;<br \/>\n<figure id=\"attachment_12524\" aria-describedby=\"caption-attachment-12524\" style=\"width: 200px\" class=\"wp-caption alignleft\"><img loading=\"lazy\" decoding=\"async\" src=\"\/\/www.interflora.fr\/blog\/wp-content\/uploads\/2014\/06\/Nathalie-Fleurs-3.jpg\" alt=\"Nathalie Fleurs\" title=\"Nathalie Fleurs\" width=\"200\" height=\"300\" class=\"size-full wp-image-12524\" \/><figcaption id=\"caption-attachment-12524\" class=\"wp-caption-text\">Nathalie Fleurs vous accueille<br \/>\nau 11 Grande rue<br \/>\n\u00e0 Ch\u00e2teauneuf-sur-Loire.<\/figcaption><\/figure><br \/>\nAutant dire qu\u2019entre Nathalie Fleurs et Interflora, c\u2019est une longue histoire ! <em>\u00ab A l\u2019\u00e9poque, il y avait des bons jaunes \u00e0 renvoyer tous les mois. Puis il y a eu le minitel, l\u2019ordinateur, Internet. Que du bonheur ! \u00bb<\/em> Nathalie avoue toutefois que si les nouvelles technologies facilitent la qualit\u00e9 de la transmission florale, elles ne favorisent pas toujours le dialogue entre fleuristes.<\/p>\n<h2>\u00ab\u00a0Des valeurs reconnues<br \/>\ndans le monde entier\u00a0\u00bb<\/h2>\n<p><em>\u00ab Je suis tr\u00e8s fi\u00e8re de repr\u00e9senter la marque Interflora ! C\u2019est un gage de s\u00e9rieux par rapport \u00e0 la concurrence \u00bb, confie-t-elle. \u00ab Les valeurs d\u2019Interflora sont reconnues dans le monde entier ! \u00bb <\/em><br \/>\nNathalie Fleurs continue aujourd\u2019hui de faire la Une de la presse locale. <em>\u00ab Je souhaite remercier du fond du c\u0153ur mes clients qui me suivent depuis tant d\u2019ann\u00e9es \u00bb, d\u00e9clare Nathalie, dont l\u2019un des projets est \u00e0 pr\u00e9sent de transmettre son exp\u00e9rience \u00e0 la nouvelle g\u00e9n\u00e9ration ; et pourquoi pas \u00ab c\u00e9der mon affaire \u00e0 ma petite vendeuse. C\u2019est mon clone : une professionnelle passionn\u00e9e ! \u00bb<\/em><br \/>\n&nbsp;<br \/>\n<em>\u00a9 Eric Dogniez<\/em><\/p>\n<div class=\"encadre\">\n<div>\n<img loading=\"lazy\" decoding=\"async\" src=\"\/\/www.interflora.fr\/blog\/wp-content\/uploads\/2014\/06\/Nathalie-Fleurs-4.jpg\" alt=\"Nathalie Fleurs\" title=\"Nathalie Fleurs\" width=\"200\" height=\"286\" class=\"alignright size-full wp-image-12525\" \/><\/p>\n<h2>Un mariage qui ne ressemble<br \/>\n\u00e0 aucun autre<\/h2>\n<p>Si Nathalie Fleurs met un point d\u2019honneur \u00e0 satisfaire sa client\u00e8le en proposant des compositions florales pour tous les \u00e9v\u00e9nements de la vie, l\u2019enseigne s\u2019est plus particuli\u00e8rement sp\u00e9cialis\u00e9e dans le mariage. <em>\u00ab Nous nous occupons des fleurs de votre mariage en cr\u00e9ant votre bouquet de mari\u00e9e, les boutonni\u00e8res, la d\u00e9coration de votre salle de mariage, de l\u2019\u00e9glise ainsi que de la voiture des mari\u00e9s \u00bb, <\/em>annonce le site internet www.nathalie-fleurs45.com. <em>\u00ab J\u2019ai cr\u00e9\u00e9 un showroom pour les jeunes mari\u00e9s au premier \u00e9tage de mon magasin. C\u2019est l\u00e0 que nous organisons des mariages personnalis\u00e9s, qui ne ressemblent \u00e0 aucun autre \u00bb, explique Nathalie. \u00ab Cette initiative plait beaucoup et une fois par an, je retrouve tous mes mari\u00e9s de l\u2019ann\u00e9e autour d\u2019un verre de l\u2019amiti\u00e9 ! \u00bb<\/em><br \/>\n&nbsp;<br \/>\n<strong>Nathalie Fleurs<\/strong><br \/>\n11 Grande rue, 45110 Ch\u00e2teauneuf-sur-Loire<br \/>\nTel. 02 38 58 40 10 &#8211; <a href=\"http:\/\/www.nathalie-fleurs45.com\/\" target=\"_blank\" rel=\"noopener\">www.nathalie-fleurs45.com<\/a>\n<\/div>\n<\/div>\n","protected":false},"excerpt":{"rendered":"<p>Tr\u00e8s populaire \u00e0 Ch\u00e2teauneuf-sur-Loire et ses environs, Nathalie Fleurs nous ouvre aujourd\u2019hui ses portes. Histoire d\u2019un magasin qui repr\u00e9sente la [&hellip;]<\/p>\n","protected":false},"author":1,"featured_media":12522,"comment_status":"open","ping_status":"closed","sticky":false,"template":"","format":"standard","meta":{"_uag_custom_page_level_css":"","site-sidebar-layout":"default","site-content-layout":"","ast-site-content-layout":"default","site-content-style":"default","site-sidebar-style":"default","ast-global-header-display":"","ast-banner-title-visibility":"","ast-main-header-display":"","ast-hfb-above-header-display":"","ast-hfb-below-header-display":"","ast-hfb-mobile-header-display":"","site-post-title":"","ast-breadcrumbs-content":"","ast-featured-img":"","footer-sml-layout":"","ast-disable-related-posts":"","theme-transparent-header-meta":"","adv-header-id-meta":"","stick-header-meta":"","header-above-stick-meta":"","header-main-stick-meta":"","header-below-stick-meta":"","astra-migrate-meta-layouts":"default","ast-page-background-enabled":"default","ast-page-background-meta":{"desktop":{"background-color":"var(--ast-global-color-5)","background-image":"","background-repeat":"repeat","background-position":"center center","background-size":"auto","background-attachment":"scroll","background-type":"","background-media":"","overlay-type":"","overlay-color":"","overlay-opacity":"","overlay-gradient":""},"tablet":{"background-color":"","background-image":"","background-repeat":"repeat","background-position":"center center","background-size":"auto","background-attachment":"scroll","background-type":"","background-media":"","overlay-type":"","overlay-color":"","overlay-opacity":"","overlay-gradient":""},"mobile":{"background-color":"","background-image":"","background-repeat":"repeat","background-position":"center center","background-size":"auto","background-attachment":"scroll","background-type":"","background-media":"","overlay-type":"","overlay-color":"","overlay-opacity":"","overlay-gradient":""}},"ast-content-background-meta":{"desktop":{"background-color":"var(--ast-global-color-4)","background-image":"","background-repeat":"repeat","background-position":"center center","background-size":"auto","background-attachment":"scroll","background-type":"","background-media":"","overlay-type":"","overlay-color":"","overlay-opacity":"","overlay-gradient":""},"tablet":{"background-color":"var(--ast-global-color-4)","background-image":"","background-repeat":"repeat","background-position":"center center","background-size":"auto","background-attachment":"scroll","background-type":"","background-media":"","overlay-type":"","overlay-color":"","overlay-opacity":"","overlay-gradient":""},"mobile":{"background-color":"var(--ast-global-color-4)","background-image":"","background-repeat":"repeat","background-position":"center center","background-size":"auto","background-attachment":"scroll","background-type":"","background-media":"","overlay-type":"","overlay-color":"","overlay-opacity":"","overlay-gradient":""}},"footnotes":""},"categories":[164],"tags":[211],"class_list":["post-12519","post","type-post","status-publish","format-standard","has-post-thumbnail","hentry","category-actualites-interflora","tag-fleuriste"],"uagb_featured_image_src":{"full":false,"thumbnail":false,"medium":false,"medium_large":false,"large":false,"1536x1536":false,"2048x2048":false},"uagb_author_info":{"display_name":"admin","author_link":"https:\/\/www.interflora.fr\/blog\/author\/admin\/"},"uagb_comment_info":1,"uagb_excerpt":"Tr\u00e8s populaire \u00e0 Ch\u00e2teauneuf-sur-Loire et ses environs, Nathalie Fleurs nous ouvre aujourd\u2019hui ses portes. Histoire d\u2019un magasin qui repr\u00e9sente la [&hellip;]","yoast_meta":{"title":"","description":"A Ch\u00e2teauneuf-sur-Loire et ses environs, Nathalie Fleurs nous ouvre ses portes. Histoire d\u2019un magasin Interflora depuis son ouverture, il y a 30 ans."},"_links":{"self":[{"href":"https:\/\/www.interflora.fr\/blog\/wp-json\/wp\/v2\/posts\/12519","targetHints":{"allow":["GET"]}}],"collection":[{"href":"https:\/\/www.interflora.fr\/blog\/wp-json\/wp\/v2\/posts"}],"about":[{"href":"https:\/\/www.interflora.fr\/blog\/wp-json\/wp\/v2\/types\/post"}],"author":[{"embeddable":true,"href":"https:\/\/www.interflora.fr\/blog\/wp-json\/wp\/v2\/users\/1"}],"replies":[{"embeddable":true,"href":"https:\/\/www.interflora.fr\/blog\/wp-json\/wp\/v2\/comments?post=12519"}],"version-history":[{"count":0,"href":"https:\/\/www.interflora.fr\/blog\/wp-json\/wp\/v2\/posts\/12519\/revisions"}],"wp:featuredmedia":[{"embeddable":true,"href":"https:\/\/www.interflora.fr\/blog\/wp-json\/"}],"wp:attachment":[{"href":"https:\/\/www.interflora.fr\/blog\/wp-json\/wp\/v2\/media?parent=12519"}],"wp:term":[{"taxonomy":"category","embeddable":true,"href":"https:\/\/www.interflora.fr\/blog\/wp-json\/wp\/v2\/categories?post=12519"},{"taxonomy":"post_tag","embeddable":true,"href":"https:\/\/www.interflora.fr\/blog\/wp-json\/wp\/v2\/tags?post=12519"}],"curies":[{"name":"wp","href":"https:\/\/api.w.org\/{rel}","templated":true}]}}