{"id":12378,"date":"2016-06-06T11:19:12","date_gmt":"2016-06-06T09:19:12","guid":{"rendered":"http:\/\/www.interflora.fr\/blog\/?p=12378"},"modified":"2026-04-07T16:10:59","modified_gmt":"2026-04-07T14:10:59","slug":"sebastien-ravot-passionnement-fleuriste","status":"publish","type":"post","link":"https:\/\/www.interflora.fr\/blog\/sebastien-ravot-passionnement-fleuriste\/","title":{"rendered":"S\u00e9bastien Ravot : passion fleuriste"},"content":{"rendered":"<p><strong>Au mois de juin, les <a href=\"https:\/\/www.interflora.fr\/tendances-florales-juin\" target=\"_blank\" rel=\"noopener\">Tendances florales Interflora<\/a> se d\u00e9clinent sur le th\u00e8me de l\u2019amour avec un grand A. Un langage v\u00e9g\u00e9tal que le jeune S\u00e9bastien Ravot, membre du Coll\u00e8ge d\u2019Art Floral, manie d\u00e9j\u00e0 \u00e0 la perfection. Tout juste revenu des Floralies internationales de Nantes o\u00f9 il participait \u00e0 la Coupe Espoir Interflora, ce fleuriste de Saint-Genis-Pouilly, dans l\u2019Ain, nous pr\u00e9sente une collection unique emmen\u00e9e par la reine des fleurs. <em>\u00ab J\u2019aime particuli\u00e8rement la rose, que je recommande \u00e0 la fois pour les compositions et les bouquets, gr\u00e2ce \u00e0 son grand potentiel cr\u00e9atif \u00bb, <\/em>annonce-t-il. Portrait d\u2019un artisan \u00e0 l\u2019avenir prometteur !<\/strong><\/p>\n<p><img loading=\"lazy\" decoding=\"async\" class=\"alignright size-full wp-image-12380\" title=\"S\u00e9bastien Ravot\" src=\"\/\/www.interflora.fr\/blog\/wp-content\/uploads\/2014\/06\/S\u00e9bastien-Ravot-2.jpg\" alt=\"S\u00e9bastien Ravot\" width=\"200\" height=\"260\" \/><br \/>\nContrairement \u00e0 bon nombre de ses confr\u00e8res, S\u00e9bastien Ravot n\u2019a pas baign\u00e9 dans la cr\u00e9ation florale d\u00e8s son enfance. N\u00e9 dans une famille de commer\u00e7ants, il dirige seul son projet de devenir fleuriste. Du CAP au Brevet de ma\u00eetrise, c\u2019est une formation couronn\u00e9e de dipl\u00f4mes qui lui permet de faire ses preuves dans la vie active.<br \/>\nApr\u00e8s avoir d\u00e9croch\u00e9 la Coupe Espoir Interflora en 2008, S\u00e9bastien int\u00e8gre le Coll\u00e8ge d\u2019Art Floral. <em>\u00ab On y travaille avec des grands fleuristes comme Gilles Pavan, Gil Boyard ou Gilles Pothier \u00bb, <\/em>pr\u00e9cise-t-il. <em>\u00ab Nous venons tous de r\u00e9gions diff\u00e9rentes pour partager nos savoirs. Humainement, c\u2019est une belle exp\u00e9rience. \u00bb<\/em><\/p>\n<h2>De l&rsquo;apprentissage aux comp\u00e9titions<\/h2>\n<p>S\u00e9bastien dirige aujourd\u2019hui <a href=\"https:\/\/www.interflora.fr\/c\/plantes\/orchidees\" target=\"_blank\" rel=\"noopener\">L\u2019Orchid\u00e9e Fleurs<\/a> \u00e0 Saint-Genis-Pouilly. Une enseigne bien connue des habitants de cette commune de l\u2019Ain puisque la boutique vient de f\u00eater ses 40 ans. Il s\u2019agissait au d\u00e9part d\u2019une simple grange am\u00e9nag\u00e9e par la maman horticultrice de Jean-Christophe Chambaz, qui est aujourd\u2019hui l\u2019associ\u00e9 de S\u00e9bastien. Les deux artisans sont tous les deux laur\u00e9ats de nombreux concours.<br \/>\nDepuis la Coupe Espoir Interflora, S\u00e9bastien est en effet devenu un habitu\u00e9 des comp\u00e9titions florales, mais surtout des r\u00e9compenses. De l\u2019Oscar des jeunes <a title=\"Les plus grands fleuristes de France\" href=\"https:\/\/www.interflora.fr\/blog\/la-coupe-du-monde-des-fleuristes-interflora\/\">fleuristes<\/a> \u00e0 la Coupe de France, en passant par les Scala Verd\u2019Or des Metz Day\u2019s de Paris, chacune de ses prestations lui offre une place de premier choix sur les podiums des concours nationaux.<br \/>\nMais l\u2019art floral n\u2019est pas le seul terrain de pr\u00e9dilection du jeune <a title=\"Offrir des fleurs \u00e0 un homme\" href=\"https:\/\/www.interflora.fr\/c\/fleurs-collection-homme\">homme<\/a>. Quand il ne cr\u00e9e pas des compositions florales, il s\u2019adonne \u00e0 une autre passion : la peinture. Une autre discipline o\u00f9 son talent est reconnu ; plusieurs de ses toiles <em>\u00ab abstraites \u00bb<\/em> sont actuellement expos\u00e9es dans sa commune, \u00e0 Saint-Genis-Pouilly.<\/p>\n<div class=\"encadre\">\n<div><img loading=\"lazy\" decoding=\"async\" class=\"alignright size-full wp-image-12382\" title=\"S\u00e9bastien Ravot\" src=\"\/\/www.interflora.fr\/blog\/wp-content\/uploads\/2014\/06\/S\u00e9bastien-Ravot-3.jpg\" alt=\"\" width=\"202\" height=\"200\" \/><\/p>\n<h2>\u00ab\u00a0Il faut \u00eatre pr\u00eat \u00e0 tout !\u00a0\u00bb<\/h2>\n<p><strong>&#8211; Vous souvenez-vous de votre premier bouquet ?<\/strong><br \/>\nPas du tout premier&#8230; Mais l\u2019un des premiers m\u2019a particuli\u00e8rement marqu\u00e9. Pour les 30 ans de sa femme, un client m\u2019a command\u00e9 un bouquet de 1001 roses rouges ! J\u2019ai d\u00fb imaginer une composition piqu\u00e9e sur un support roulant pour pouvoir la livrer !<\/p>\n<p><strong>&#8211; Vous avez beaucoup de demandes de ce type ?<\/strong><br \/>\nIl y en a eu plusieurs, notamment \u00e0 l\u2019\u00e9poque o\u00f9 je travaillais sur Cannes. Mais r\u00e9aliser un bouquet pour la chanteuse Madonna a certainement \u00e9t\u00e9 le moment le plus Il faut \u00eatre pr\u00eat \u00e0 tout. Plus r\u00e9cemment, un client m\u2019a command\u00e9 plusieurs bouquets de fleurs \u00e0 livrer dans l\u2019heure dans des jets priv\u00e9s \u00e0 l\u2019a\u00e9roport de Gen\u00e8ve. J\u2019ai donc eu tr\u00e8s peu de temps pour r\u00e9aliser des bouquets assez stables et solides pour r\u00e9sister au voyage en avion, notamment en cas de turbulences !<\/p>\n<p><strong>&#8211; Il vous arrive de composer des bouquets pour des personnalit\u00e9s ?<\/strong><br \/>\nBien s\u00fbr ! Nous avons r\u00e9cemment collabor\u00e9 avec une organisatrice de spectacles et nous avons cr\u00e9\u00e9 des compositions florales pour le chanteur Christophe Mae ou des humoristes comme Muriel Robin ou Jean-Marie Bigard.<\/p>\n<p><strong>&#8211; Et si vous ne deviez retenir qu\u2019un moment dans votre carri\u00e8re ?<\/strong><br \/>\nMa rencontre avec le fleuriste Micka\u00ebl Rault* lors de la Coupe Espoir Interflora, qui a \u00e9t\u00e9 un moment tr\u00e8s fort en \u00e9motion. Bien qu\u2019il habite \u00e0 l\u2019autre bout de la France, en Bretagne, nous sommes depuis tr\u00e8s proches et je le consid\u00e8re comme mon fr\u00e8re. J\u2019ai d\u2019ailleurs \u00e9t\u00e9 t\u00e9moin \u00e0 son <a title=\"La d\u00e9coration florale de votre mariage\" href=\"https:\/\/www.interflora.fr\/c\/fleurs-mariage-invite\">mariage<\/a> et je l\u2019ai choisi comme parrain de ma fille.<\/p>\n<p><em>* Le champion de France des fleuristes Micka\u00ebl Rault dirige le magasin Art &amp; V\u00e9g\u00e9tal \u00e0 Pontivy, dans le Morbihan.<\/em><\/p>\n<p>\u00a9 Richard Baron (portrait) &amp; Matthieu Langrand (cr\u00e9ations)<\/p>\n<\/div>\n<\/div>\n<p><em>-&gt; D\u00e9couvrir les <a href=\"https:\/\/www.interflora.fr\/tendances-florales-juin\" target=\"_blank\" rel=\"noopener\">Tendances florales Interflora du mois de juin<\/a><\/em><\/p>\n<figure id=\"attachment_12383\" aria-describedby=\"caption-attachment-12383\" style=\"width: 800px\" class=\"wp-caption alignnone\"><img loading=\"lazy\" decoding=\"async\" class=\"size-full wp-image-12383\" title=\"Tendances florales Interflora\" src=\"\/\/www.interflora.fr\/blog\/wp-content\/uploads\/2014\/06\/Tendances-florales-Interflora.jpg\" alt=\"Tendances florales Interflora\" width=\"800\" height=\"212\" \/><figcaption id=\"caption-attachment-12383\" class=\"wp-caption-text\">Dans cette cr\u00e9ation en auto-calage de roses pastel, \u00ab j\u2019ai d\u00e9cid\u00e9 de ne pas m\u00e9langer les roses, superbes par elles-m\u00eames : seuls des baies, des grappes d\u00e9piaut\u00e9es et du raphia viennent agr\u00e9menter l\u2019ensemble. J\u2019ai jou\u00e9 les contrastes entre le haut et le bas, permettant ainsi la cr\u00e9ation de colonnes, soutenues par une structure en fil de fer \u00bb.<\/figcaption><\/figure>\n","protected":false},"excerpt":{"rendered":"<p>Au mois de juin, les Tendances florales Interflora se d\u00e9clinent sur le th\u00e8me de l\u2019amour avec un grand A. Un [&hellip;]<\/p>\n","protected":false},"author":1,"featured_media":12379,"comment_status":"open","ping_status":"closed","sticky":false,"template":"","format":"standard","meta":{"_uag_custom_page_level_css":"","site-sidebar-layout":"default","site-content-layout":"","ast-site-content-layout":"default","site-content-style":"default","site-sidebar-style":"default","ast-global-header-display":"","ast-banner-title-visibility":"","ast-main-header-display":"","ast-hfb-above-header-display":"","ast-hfb-below-header-display":"","ast-hfb-mobile-header-display":"","site-post-title":"","ast-breadcrumbs-content":"","ast-featured-img":"","footer-sml-layout":"","ast-disable-related-posts":"","theme-transparent-header-meta":"","adv-header-id-meta":"","stick-header-meta":"","header-above-stick-meta":"","header-main-stick-meta":"","header-below-stick-meta":"","astra-migrate-meta-layouts":"default","ast-page-background-enabled":"default","ast-page-background-meta":{"desktop":{"background-color":"var(--ast-global-color-5)","background-image":"","background-repeat":"repeat","background-position":"center center","background-size":"auto","background-attachment":"scroll","background-type":"","background-media":"","overlay-type":"","overlay-color":"","overlay-opacity":"","overlay-gradient":""},"tablet":{"background-color":"","background-image":"","background-repeat":"repeat","background-position":"center center","background-size":"auto","background-attachment":"scroll","background-type":"","background-media":"","overlay-type":"","overlay-color":"","overlay-opacity":"","overlay-gradient":""},"mobile":{"background-color":"","background-image":"","background-repeat":"repeat","background-position":"center center","background-size":"auto","background-attachment":"scroll","background-type":"","background-media":"","overlay-type":"","overlay-color":"","overlay-opacity":"","overlay-gradient":""}},"ast-content-background-meta":{"desktop":{"background-color":"var(--ast-global-color-4)","background-image":"","background-repeat":"repeat","background-position":"center center","background-size":"auto","background-attachment":"scroll","background-type":"","background-media":"","overlay-type":"","overlay-color":"","overlay-opacity":"","overlay-gradient":""},"tablet":{"background-color":"var(--ast-global-color-4)","background-image":"","background-repeat":"repeat","background-position":"center center","background-size":"auto","background-attachment":"scroll","background-type":"","background-media":"","overlay-type":"","overlay-color":"","overlay-opacity":"","overlay-gradient":""},"mobile":{"background-color":"var(--ast-global-color-4)","background-image":"","background-repeat":"repeat","background-position":"center center","background-size":"auto","background-attachment":"scroll","background-type":"","background-media":"","overlay-type":"","overlay-color":"","overlay-opacity":"","overlay-gradient":""}},"footnotes":""},"categories":[169],"tags":[211],"class_list":["post-12378","post","type-post","status-publish","format-standard","has-post-thumbnail","hentry","category-art-floral-diy","tag-fleuriste"],"uagb_featured_image_src":{"full":false,"thumbnail":false,"medium":false,"medium_large":false,"large":false,"1536x1536":false,"2048x2048":false},"uagb_author_info":{"display_name":"admin","author_link":"https:\/\/www.interflora.fr\/blog\/author\/admin\/"},"uagb_comment_info":0,"uagb_excerpt":"Au mois de juin, les Tendances florales Interflora se d\u00e9clinent sur le th\u00e8me de l\u2019amour avec un grand A. Un [&hellip;]","yoast_meta":{"title":"","description":"Les Tendances florales se d\u00e9clinent sur le th\u00e8me de l\u2019amour avec un grand A. Un langage v\u00e9g\u00e9tal que le fleuriste S\u00e9bastien Ravot manie d\u00e9j\u00e0 \u00e0 la perfection."},"_links":{"self":[{"href":"https:\/\/www.interflora.fr\/blog\/wp-json\/wp\/v2\/posts\/12378","targetHints":{"allow":["GET"]}}],"collection":[{"href":"https:\/\/www.interflora.fr\/blog\/wp-json\/wp\/v2\/posts"}],"about":[{"href":"https:\/\/www.interflora.fr\/blog\/wp-json\/wp\/v2\/types\/post"}],"author":[{"embeddable":true,"href":"https:\/\/www.interflora.fr\/blog\/wp-json\/wp\/v2\/users\/1"}],"replies":[{"embeddable":true,"href":"https:\/\/www.interflora.fr\/blog\/wp-json\/wp\/v2\/comments?post=12378"}],"version-history":[{"count":1,"href":"https:\/\/www.interflora.fr\/blog\/wp-json\/wp\/v2\/posts\/12378\/revisions"}],"predecessor-version":[{"id":58652,"href":"https:\/\/www.interflora.fr\/blog\/wp-json\/wp\/v2\/posts\/12378\/revisions\/58652"}],"wp:featuredmedia":[{"embeddable":true,"href":"https:\/\/www.interflora.fr\/blog\/wp-json\/"}],"wp:attachment":[{"href":"https:\/\/www.interflora.fr\/blog\/wp-json\/wp\/v2\/media?parent=12378"}],"wp:term":[{"taxonomy":"category","embeddable":true,"href":"https:\/\/www.interflora.fr\/blog\/wp-json\/wp\/v2\/categories?post=12378"},{"taxonomy":"post_tag","embeddable":true,"href":"https:\/\/www.interflora.fr\/blog\/wp-json\/wp\/v2\/tags?post=12378"}],"curies":[{"name":"wp","href":"https:\/\/api.w.org\/{rel}","templated":true}]}}