{"id":12249,"date":"2017-06-20T16:47:55","date_gmt":"2017-06-20T14:47:55","guid":{"rendered":"http:\/\/www.interflora.fr\/blog\/?p=12249"},"modified":"2026-04-03T16:32:44","modified_gmt":"2026-04-03T14:32:44","slug":"les-fleurs-de-la-tendresse","status":"publish","type":"post","link":"https:\/\/www.interflora.fr\/blog\/les-fleurs-de-la-tendresse\/","title":{"rendered":"Les fleurs de la tendresse"},"content":{"rendered":"<p><strong>Pour la <a href=\"https:\/\/www.interflora.fr\/c\/fleurs-fete-grand-meres\" target=\"_blank\" rel=\"noopener noreferrer\">f\u00eate des grands-m\u00e8res<\/a>, les <a href=\"https:\/\/www.interflora.fr\/tendances-florales-mai\" target=\"_blank\" rel=\"noopener noreferrer\">Tendances florales<\/a> consacrent la tendresse. Une collection pr\u00e9sent\u00e9e en exclusivit\u00e9 sur le site <a href=\"https:\/\/www.interflora.fr\/\" target=\"_blank\" rel=\"noopener noreferrer\">Interflora.fr<\/a>. Elle est sign\u00e9e par <a title=\"Les plus grands fleuristes de France\" href=\"https:\/\/www.interflora.fr\/blog\/les-plus-grands-fleuristes-de-france\/\">les plus grands fleuristes de France<\/a>, Meilleurs ouvriers de France ou membres du prestigieux Groupe d\u2019Art Floral Interflora. <em>\u00ab Ces tons rose et blanc \u00e9voquent un imaginaire un peu d\u00e9suet et romantique \u00bb,<\/em> pr\u00e9cise Jean-Louis Amice, artisan fleuriste \u00e0 Mont\u00e9limar, qui a d\u00e9cid\u00e9 de mettre en sc\u00e8ne la tr\u00e8s esth\u00e9tique et g\u00e9n\u00e9reuse pivoine. L\u2019occasion de revenir sur ces formes, ces fleurs et ces couleurs qui nous offrent l\u2019opportunit\u00e9 de le dire\u2026 avec tendresse !<\/strong><\/p>\n<p><iframe loading=\"lazy\" src=\"https:\/\/www.youtube.com\/embed\/OJNNbQM4k3o?rel=0\" width=\"560\" height=\"315\" frameborder=\"0\" allowfullscreen=\"allowfullscreen\"><\/iframe><br \/>\n<img loading=\"lazy\" decoding=\"async\" class=\"alignleft size-full wp-image-12254\" title=\"Tendances florales Interflora\" src=\"\/\/www.interflora.fr\/blog\/wp-content\/uploads\/2014\/05\/Tendances-florales-Interflora.jpg\" alt=\"Tendances florales Interflora\" width=\"200\" height=\"200\" \/><\/p>\n<h2>La pivoine, tendre et g\u00e9n\u00e9reuse<\/h2>\n<p>V\u00e9n\u00e9r\u00e9e en Chine, la pivoine ne laisse pas les Occidentaux indiff\u00e9rents. Ceux-ci la placent m\u00eame en deuxi\u00e8me position des fleurs les plus populaires apr\u00e8s la rose. G\u00e9n\u00e9reuse par sa floraison, la pivoine exprime l\u2019abondance et la s\u00e9r\u00e9nit\u00e9. C\u2019est un gage de protection qui s\u2019offre ais\u00e9ment pour la F\u00eate des m\u00e8res. La tradition veut que le jeune mari\u00e9 offre une pivoine \u00e0 sa fianc\u00e9e avant le mariage afin de la rassurer sur la sinc\u00e9rit\u00e9 de son amour.<br \/>\nDisponibilit\u00e9 en bouquet : de mars \u00e0 mai.<\/p>\n<p><em>-&gt; En savoir plus sur la <a href=\"https:\/\/www.interflora.fr\/c\/bouquet-pivoines\">pivoine<\/a><\/em><\/p>\n<p><img loading=\"lazy\" decoding=\"async\" class=\"alignleft size-full wp-image-12253\" title=\"Rose rose\" src=\"\/\/www.interflora.fr\/blog\/wp-content\/uploads\/2014\/05\/Rose-rose.jpg\" alt=\"Rose rose\" width=\"200\" height=\"200\" \/><\/p>\n<h2>La rose, d\u00e9licate et coquine<\/h2>\n<p>Dans sa robe \u00e9ponyme, la <a title=\"La rose, reine des fleurs\" href=\"https:\/\/www.interflora.fr\/blog\/la-rose\/\">rose<\/a> sublime l\u2019image de la beaut\u00e9 f\u00e9minine et de la s\u00e9duction. Offrir un bouquet de roses roses, c\u2019est vanter les charmes de votre destinataire avec d\u00e9licatesse. Dans sa teinte claire et pastel, elle exprime la tendresse et la joie d\u2019aimer. Des tons plus vifs ou soutenus permettent d\u2019accompagner votre bouquet d\u2019un message plus coquin. Au XIXe si\u00e8cle, la rose rose \u00e9tait d\u2019ailleurs associ\u00e9e \u00e0 des \u00ab vierges rougissantes \u00bb.<br \/>\nDisponibilit\u00e9 en bouquet : toute l\u2019ann\u00e9e.<\/p>\n<p><em>-&gt; En savoir plus sur la <a href=\"https:\/\/www.interflora.fr\/blog\/la-rose\/\">rose<\/a><\/em><\/p>\n<p><img loading=\"lazy\" decoding=\"async\" class=\"alignleft size-full wp-image-12256\" title=\"Tendances Interflora\" src=\"\/\/www.interflora.fr\/blog\/wp-content\/uploads\/2014\/05\/Tendances-Interflora.jpg\" alt=\"Tendances Interflora\" width=\"200\" height=\"200\" \/><\/p>\n<h2>Le rose et le blanc<\/h2>\n<p>Dans le <a title=\"Offrir des roses : couleur, nombre, symbole\" href=\"https:\/\/www.interflora.fr\/langage-des-fleurs-le-guide\">langage des fleurs<\/a>, la <a title=\"Fleurs et couleurs : quelle signification ?\" href=\"https:\/\/www.interflora.fr\/blog\/fleurs-et-couleurs-quelle-signification\/\">couleur<\/a> rose repr\u00e9sente la jeunesse et l\u2019innocence avec un a priori d\u00e9licatement f\u00e9minin. Le <a title=\"Fleurs de c\u00e9r\u00e9monies : le blanc est de rigueur\" href=\"https:\/\/www.interflora.fr\/blog\/fleurs-et-couleurs-de-ceremonie\/\">blanc<\/a>, en revanche, est l\u2019apparat des grandes c\u00e9r\u00e9monies. Plus solennel, il impose le respect et promet la fid\u00e9lit\u00e9. C\u2019est donc le savant m\u00e9lange du rose et du blanc que l\u2019on associe traditionnellement \u00e0 la tendresse, ce sentiment empreint de force tout en \u00e9tant d\u00e9pourvu de duret\u00e9. Un bouquet de fleurs roses et blanches s\u2019offre g\u00e9n\u00e9ralement \u00e0 une femme, quel que soit son \u00e2ge.<\/p>\n<p><em>-&gt; D\u00e9couvrir les <a href=\"https:\/\/www.interflora.fr\/tendances-florales-mai\" target=\"_blank\" rel=\"noopener noreferrer\">tendances florales en rose et blanc<\/a><\/em><\/p>\n<p><img loading=\"lazy\" decoding=\"async\" class=\"alignleft size-full wp-image-12251\" title=\"Lavande\" src=\"\/\/www.interflora.fr\/blog\/wp-content\/uploads\/2014\/05\/Lavande.jpg\" alt=\"Lavande\" width=\"200\" height=\"200\" \/><\/p>\n<h2>Le bleu lavande entre en jeu<\/h2>\n<p>Bien que les fleurs bleues soient habituellement associ\u00e9es \u00e0 la po\u00e9sie et aux voyages, c\u2019est bien une plante \u00e0 fleurs bleues qui symbolise traditionnellement la tendresse. La <a title=\"La lavande, un parfum d\u2019harmonie\" href=\"https:\/\/www.interflora.fr\/blog\/culture-lavande\/\">lavande<\/a>, dont l\u2019essence attire la joie, l\u2019harmonie et la paix, est la messag\u00e8re des aveux tendres, de la douceur et de l\u2019attachement. Jadis, les couples se l\u2019offraient d\u2019ailleurs en bouquet, car la lavande avait le pouvoir de r\u00e9tablir le bonheur et la sinc\u00e9rit\u00e9 au sein des rapports conjugaux.<br \/>\nDisponibilit\u00e9 au jardin : de juin \u00e0 ao\u00fbt.<\/p>\n<p><em>-&gt; D\u00e9couvrir les <a href=\"https:\/\/www.interflora.fr\/c\/plantes-vertes-fleuries\" target=\"_blank\" rel=\"noopener noreferrer\">plantes vertes et fleuries du moment<\/a><\/em><\/p>\n<p><img loading=\"lazy\" decoding=\"async\" class=\"alignleft size-full wp-image-12255\" title=\"Tendances florales\" src=\"\/\/www.interflora.fr\/blog\/wp-content\/uploads\/2014\/05\/Tendances-florales.jpg\" alt=\"Tendances florales\" width=\"200\" height=\"200\" \/><\/p>\n<h2>La tendresse d\u2019un homme<\/h2>\n<p>C\u2019est le titre d\u2019une <a href=\"https:\/\/www.interflora.fr\/blog\/les-femmes-chantent-lamour\/\">chanson<\/a> que la star fran\u00e7aise Sheila adressait en 1982 \u00e0 l\u2019attention de la gent masculine ! Car les <a title=\"Offrir des fleurs \u00e0 un homme\" href=\"https:\/\/www.interflora.fr\/c\/fleurs-collection-homme\">hommes<\/a>, eux aussi, aiment recevoir des fleurs et des <a title=\"A chaque bouquet son message !\" href=\"https:\/\/www.interflora.fr\/guide-cadeaux-messages\">messages<\/a> de tendresse. Evitez bien s\u00fbr les bouquets ronds et les fleurs roses, qui manquent assur\u00e9ment de virilit\u00e9. En g\u00e9n\u00e9ral, les hommes appr\u00e9cient les cr\u00e9ations florales en hauteur \u00e0 dominante blanche. Le style doit \u00eatre moderne et \u00e9pur\u00e9. Pr\u00e9f\u00e9rez des compositions de fleurs piqu\u00e9es ou des bouquets livr\u00e9s avec un vase.<\/p>\n<p><em>-&gt; D\u00e9couvrir le <a href=\"https:\/\/www.interflora.fr\/fleurs-saison\/bouquet-saison-piccola\/PRIX-UNIQUE\/FR\" target=\"_blank\" rel=\"noopener noreferrer\">bouquet en hauteur de fleurs blanches<\/a><\/em><\/p>\n<p>\u00a9 Matthieu Langrand<\/p>\n","protected":false},"excerpt":{"rendered":"<p>Pour la f\u00eate des grands-m\u00e8res, les Tendances florales consacrent la tendresse. Une collection pr\u00e9sent\u00e9e en exclusivit\u00e9 sur le site Interflora.fr. [&hellip;]<\/p>\n","protected":false},"author":1,"featured_media":12257,"comment_status":"open","ping_status":"closed","sticky":false,"template":"","format":"standard","meta":{"_uag_custom_page_level_css":"","site-sidebar-layout":"default","site-content-layout":"","ast-site-content-layout":"default","site-content-style":"default","site-sidebar-style":"default","ast-global-header-display":"","ast-banner-title-visibility":"","ast-main-header-display":"","ast-hfb-above-header-display":"","ast-hfb-below-header-display":"","ast-hfb-mobile-header-display":"","site-post-title":"","ast-breadcrumbs-content":"","ast-featured-img":"","footer-sml-layout":"","ast-disable-related-posts":"","theme-transparent-header-meta":"","adv-header-id-meta":"","stick-header-meta":"","header-above-stick-meta":"","header-main-stick-meta":"","header-below-stick-meta":"","astra-migrate-meta-layouts":"default","ast-page-background-enabled":"default","ast-page-background-meta":{"desktop":{"background-color":"var(--ast-global-color-5)","background-image":"","background-repeat":"repeat","background-position":"center center","background-size":"auto","background-attachment":"scroll","background-type":"","background-media":"","overlay-type":"","overlay-color":"","overlay-opacity":"","overlay-gradient":""},"tablet":{"background-color":"","background-image":"","background-repeat":"repeat","background-position":"center center","background-size":"auto","background-attachment":"scroll","background-type":"","background-media":"","overlay-type":"","overlay-color":"","overlay-opacity":"","overlay-gradient":""},"mobile":{"background-color":"","background-image":"","background-repeat":"repeat","background-position":"center center","background-size":"auto","background-attachment":"scroll","background-type":"","background-media":"","overlay-type":"","overlay-color":"","overlay-opacity":"","overlay-gradient":""}},"ast-content-background-meta":{"desktop":{"background-color":"var(--ast-global-color-4)","background-image":"","background-repeat":"repeat","background-position":"center center","background-size":"auto","background-attachment":"scroll","background-type":"","background-media":"","overlay-type":"","overlay-color":"","overlay-opacity":"","overlay-gradient":""},"tablet":{"background-color":"var(--ast-global-color-4)","background-image":"","background-repeat":"repeat","background-position":"center center","background-size":"auto","background-attachment":"scroll","background-type":"","background-media":"","overlay-type":"","overlay-color":"","overlay-opacity":"","overlay-gradient":""},"mobile":{"background-color":"var(--ast-global-color-4)","background-image":"","background-repeat":"repeat","background-position":"center center","background-size":"auto","background-attachment":"scroll","background-type":"","background-media":"","overlay-type":"","overlay-color":"","overlay-opacity":"","overlay-gradient":""}},"footnotes":""},"categories":[247],"tags":[246],"class_list":["post-12249","post","type-post","status-publish","format-standard","has-post-thumbnail","hentry","category-langage-des-fleurs","tag-langage-des-fleurs"],"uagb_featured_image_src":{"full":false,"thumbnail":false,"medium":false,"medium_large":false,"large":false,"1536x1536":false,"2048x2048":false},"uagb_author_info":{"display_name":"admin","author_link":"https:\/\/www.interflora.fr\/blog\/author\/admin\/"},"uagb_comment_info":3,"uagb_excerpt":"Pour la f\u00eate des grands-m\u00e8res, les Tendances florales consacrent la tendresse. Une collection pr\u00e9sent\u00e9e en exclusivit\u00e9 sur le site Interflora.fr. [&hellip;]","yoast_meta":{"title":"","description":"Les tendances florales consacrent la tendresse. Une collection pr\u00e9sent\u00e9e en exclusivit\u00e9 sur le site Interflora et r\u00e9alis\u00e9e par les plus grands fleuristes."},"_links":{"self":[{"href":"https:\/\/www.interflora.fr\/blog\/wp-json\/wp\/v2\/posts\/12249","targetHints":{"allow":["GET"]}}],"collection":[{"href":"https:\/\/www.interflora.fr\/blog\/wp-json\/wp\/v2\/posts"}],"about":[{"href":"https:\/\/www.interflora.fr\/blog\/wp-json\/wp\/v2\/types\/post"}],"author":[{"embeddable":true,"href":"https:\/\/www.interflora.fr\/blog\/wp-json\/wp\/v2\/users\/1"}],"replies":[{"embeddable":true,"href":"https:\/\/www.interflora.fr\/blog\/wp-json\/wp\/v2\/comments?post=12249"}],"version-history":[{"count":1,"href":"https:\/\/www.interflora.fr\/blog\/wp-json\/wp\/v2\/posts\/12249\/revisions"}],"predecessor-version":[{"id":58625,"href":"https:\/\/www.interflora.fr\/blog\/wp-json\/wp\/v2\/posts\/12249\/revisions\/58625"}],"wp:featuredmedia":[{"embeddable":true,"href":"https:\/\/www.interflora.fr\/blog\/wp-json\/"}],"wp:attachment":[{"href":"https:\/\/www.interflora.fr\/blog\/wp-json\/wp\/v2\/media?parent=12249"}],"wp:term":[{"taxonomy":"category","embeddable":true,"href":"https:\/\/www.interflora.fr\/blog\/wp-json\/wp\/v2\/categories?post=12249"},{"taxonomy":"post_tag","embeddable":true,"href":"https:\/\/www.interflora.fr\/blog\/wp-json\/wp\/v2\/tags?post=12249"}],"curies":[{"name":"wp","href":"https:\/\/api.w.org\/{rel}","templated":true}]}}