{"id":12065,"date":"2016-05-09T15:06:18","date_gmt":"2016-05-09T13:06:18","guid":{"rendered":"http:\/\/www.interflora.fr\/blog\/?p=12065"},"modified":"2025-06-17T15:21:19","modified_gmt":"2025-06-17T13:21:19","slug":"creez-votre-bouquet-de-photos","status":"publish","type":"post","link":"https:\/\/www.interflora.fr\/blog\/creez-votre-bouquet-de-photos\/","title":{"rendered":"Cr\u00e9ez votre bouquet de photos !"},"content":{"rendered":"<p><strong>Pour la F\u00eate des m\u00e8res, les bouquets de fleurs et les albums photos sont deux cadeaux tr\u00e8s appr\u00e9ci\u00e9s par les mamans. S\u2019il existe une tr\u00e8s grande vari\u00e9t\u00e9 des premiers comme des seconds chez les fleuristes et dans les magasins de d\u00e9coration, il est \u00e9galement possible de les confectionner soi-m\u00eame pour un petit budget. Et si vous ne savez lequel fera le plus sensation aupr\u00e8s de votre maman, le fameux bouquet de photos reste la meilleure solution !<\/strong><\/p>\n<h2>Comment r\u00e9aliser un bouquet de photos ?<\/h2>\n<p><img loading=\"lazy\" decoding=\"async\" class=\"alignright size-full wp-image-12070\" title=\"\" src=\"\/\/www.interflora.fr\/blog\/wp-content\/uploads\/2014\/05\/photo-4.jpg\" alt=\"\" width=\"200\" height=\"320\" \/><br \/>\nC\u2019est une id\u00e9e cadeau originale pour mettre en valeur des photos qui plaisent \u00e0 <a title=\"L\u2019hommage des artistes aux mamans\" href=\"https:\/\/www.interflora.fr\/tout-ce-qu-il-faut-savoir-sur-la-fete-des-meres\">maman<\/a>. Le bouquet de photos peut \u00eatre r\u00e9alis\u00e9 par les grands comme les plus petits, qui profitent ainsi des nombreux bienfaits du bricolage.<\/p>\n<p><strong>Le mat\u00e9riel n\u00e9cessaire :<\/strong><br \/>\n&#8211; Un petit pot en terre, en verre ou en c\u00e9ramique.<br \/>\n&#8211; Des petits cailloux, des billes ou des perles.<br \/>\n&#8211; Un morceau de mousse florale.<br \/>\n&#8211; Des mini-cadres photos sur des baguettes : du carton, des baguettes en bois, des \u00e9tiquettes blanches adh\u00e9sives, du papier cadeau, de la colle et des ciseaux.<\/p>\n<p><strong>La r\u00e9alisation des mini-cadres photos sur des baguettes :<\/strong><br \/>\n&#8211; D\u00e9couper le carton en petits carr\u00e9s ou rectangles d\u2019environ 5 cm.<br \/>\n&#8211; D\u00e9couper le papier cadeau de la m\u00eame fa\u00e7on sur environ 7 cm.<br \/>\n&#8211; Coller les cartons au centre et replier les bords du papier cadeau.<br \/>\n&#8211; D\u00e9couper l\u2019\u00e9tiquette adh\u00e9sive et la coller au dos des petits cartons en y ins\u00e9rant les baguettes en bois.<br \/>\n&#8211; D\u00e9couper les photos et les coller sur ce support.<\/p>\n<p><strong>La r\u00e9alisation du bouquet de photos :<\/strong><br \/>\n&#8211; Disposer la mousse floral au fond du pot.<br \/>\n&#8211; Planter les baguettes dans la mousse.<br \/>\n&#8211; Ajouter les cailloux, billes ou perles dans le pot pour caler les baguettes.<br \/>\n&#8211; Emballer le bouquet de photos dans un papier cadeau.<\/p>\n<p><em>Astuce : pour plus de rapidit\u00e9 ou \u00e0 d\u00e9faut de mousse florale, ins\u00e9rer les baguettes photos directement dans un pot \u00e9troit !<\/em><\/p>\n<div class=\"encadre\">\n<div><img loading=\"lazy\" decoding=\"async\" class=\"alignright size-full wp-image-12075\" title=\"\" src=\"\/\/www.interflora.fr\/blog\/wp-content\/uploads\/2014\/05\/encadre.jpg\" alt=\"\" width=\"200\" height=\"199\" \/><\/p>\n<h2>Le cadre photo en cinq \u00e9tapes<\/h2>\n<p>Voici un cadeau petit budget r\u00e9alisable par les enfants. Attention toutefois : les plus petits auront besoin de la pr\u00e9sence d\u2019un adulte pour manier certains ustensiles de bricolages, comme le cutter ou les ciseaux.<\/p>\n<p><strong>Le mat\u00e9riel n\u00e9cessaire<\/strong> : deux morceaux de carton vierge ou d\u00e9cor\u00e9 (m\u00eame taille), de la peinture, de la colle, une r\u00e8gle, des ciseaux, un cutter, une \u00e9ponge et du papier cadeau.<\/p>\n<p><strong>Fabrication<\/strong> :<br \/>\n1. A l\u2019aide du cutter, faire un trou carr\u00e9 ou rectangulaire (plus petit que la taille d\u2019une photo) au centre de l\u2019un des morceaux de carton.<br \/>\n2. R\u00e9cup\u00e9rer le morceau de carton obtenu et le d\u00e9couper en trois bandes. Coller les bandes ensemble en triangle ou en forme de U. Coller ce support sur le morceau de carton rest\u00e9 vierge.<br \/>\n3. Customiser les morceaux de carton avec la peinture et l\u2019\u00e9ponge humidifi\u00e9e, si le carton n\u2019est pas d\u00e9j\u00e0 d\u00e9cor\u00e9.<br \/>\n4. Coller trois bords des deux morceaux de carton ensemble en prenant soin de placer le bord non coll\u00e9 vers le haut ou sur un c\u00f4t\u00e9.<br \/>\n5. Ins\u00e9rer une photo dans le cadre et l\u2019envelopper dans du papier cadeau.<\/p>\n<\/div>\n<\/div>\n<figure id=\"attachment_14634\" aria-describedby=\"caption-attachment-14634\" style=\"width: 800px\" class=\"wp-caption alignnone\"><img loading=\"lazy\" decoding=\"async\" class=\"size-full wp-image-14634\" src=\"\/\/www.interflora.fr\/blog\/wp-content\/uploads\/2014\/05\/Cadeaux-F\u00eate-des-M\u00e8res.jpg\" alt=\"D\u00e9couvrez notre s\u00e9lection de fleurs et cadeaux pour la F\u00eate des m\u00e8res.\" width=\"800\" height=\"161\" \/><figcaption id=\"caption-attachment-14634\" class=\"wp-caption-text\">D\u00e9couvrez notre s\u00e9lection de fleurs et cadeaux pour la F\u00eate des m\u00e8res.<\/figcaption><\/figure>\n","protected":false},"excerpt":{"rendered":"<p>Pour la F\u00eate des m\u00e8res, les bouquets de fleurs et les albums photos sont deux cadeaux tr\u00e8s appr\u00e9ci\u00e9s par les [&hellip;]<\/p>\n","protected":false},"author":1,"featured_media":12066,"comment_status":"open","ping_status":"closed","sticky":false,"template":"","format":"standard","meta":{"_uag_custom_page_level_css":"","site-sidebar-layout":"default","site-content-layout":"","ast-site-content-layout":"default","site-content-style":"default","site-sidebar-style":"default","ast-global-header-display":"","ast-banner-title-visibility":"","ast-main-header-display":"","ast-hfb-above-header-display":"","ast-hfb-below-header-display":"","ast-hfb-mobile-header-display":"","site-post-title":"","ast-breadcrumbs-content":"","ast-featured-img":"","footer-sml-layout":"","ast-disable-related-posts":"","theme-transparent-header-meta":"","adv-header-id-meta":"","stick-header-meta":"","header-above-stick-meta":"","header-main-stick-meta":"","header-below-stick-meta":"","astra-migrate-meta-layouts":"default","ast-page-background-enabled":"default","ast-page-background-meta":{"desktop":{"background-color":"var(--ast-global-color-5)","background-image":"","background-repeat":"repeat","background-position":"center center","background-size":"auto","background-attachment":"scroll","background-type":"","background-media":"","overlay-type":"","overlay-color":"","overlay-opacity":"","overlay-gradient":""},"tablet":{"background-color":"","background-image":"","background-repeat":"repeat","background-position":"center center","background-size":"auto","background-attachment":"scroll","background-type":"","background-media":"","overlay-type":"","overlay-color":"","overlay-opacity":"","overlay-gradient":""},"mobile":{"background-color":"","background-image":"","background-repeat":"repeat","background-position":"center center","background-size":"auto","background-attachment":"scroll","background-type":"","background-media":"","overlay-type":"","overlay-color":"","overlay-opacity":"","overlay-gradient":""}},"ast-content-background-meta":{"desktop":{"background-color":"var(--ast-global-color-4)","background-image":"","background-repeat":"repeat","background-position":"center center","background-size":"auto","background-attachment":"scroll","background-type":"","background-media":"","overlay-type":"","overlay-color":"","overlay-opacity":"","overlay-gradient":""},"tablet":{"background-color":"var(--ast-global-color-4)","background-image":"","background-repeat":"repeat","background-position":"center center","background-size":"auto","background-attachment":"scroll","background-type":"","background-media":"","overlay-type":"","overlay-color":"","overlay-opacity":"","overlay-gradient":""},"mobile":{"background-color":"var(--ast-global-color-4)","background-image":"","background-repeat":"repeat","background-position":"center center","background-size":"auto","background-attachment":"scroll","background-type":"","background-media":"","overlay-type":"","overlay-color":"","overlay-opacity":"","overlay-gradient":""}},"footnotes":""},"categories":[169],"tags":[170],"class_list":["post-12065","post","type-post","status-publish","format-standard","has-post-thumbnail","hentry","category-art-floral-diy","tag-art-floral"],"uagb_featured_image_src":{"full":false,"thumbnail":false,"medium":false,"medium_large":false,"large":false,"1536x1536":false,"2048x2048":false},"uagb_author_info":{"display_name":"admin","author_link":"https:\/\/www.interflora.fr\/blog\/author\/admin\/"},"uagb_comment_info":0,"uagb_excerpt":"Pour la F\u00eate des m\u00e8res, les bouquets de fleurs et les albums photos sont deux cadeaux tr\u00e8s appr\u00e9ci\u00e9s par les [&hellip;]","yoast_meta":{"title":"","description":"Pour la F\u00eate des m\u00e8res, les bouquets de fleurs et les albums photos sont deux cadeaux tr\u00e8s appr\u00e9ci\u00e9s par les mamans."},"_links":{"self":[{"href":"https:\/\/www.interflora.fr\/blog\/wp-json\/wp\/v2\/posts\/12065","targetHints":{"allow":["GET"]}}],"collection":[{"href":"https:\/\/www.interflora.fr\/blog\/wp-json\/wp\/v2\/posts"}],"about":[{"href":"https:\/\/www.interflora.fr\/blog\/wp-json\/wp\/v2\/types\/post"}],"author":[{"embeddable":true,"href":"https:\/\/www.interflora.fr\/blog\/wp-json\/wp\/v2\/users\/1"}],"replies":[{"embeddable":true,"href":"https:\/\/www.interflora.fr\/blog\/wp-json\/wp\/v2\/comments?post=12065"}],"version-history":[{"count":0,"href":"https:\/\/www.interflora.fr\/blog\/wp-json\/wp\/v2\/posts\/12065\/revisions"}],"wp:featuredmedia":[{"embeddable":true,"href":"https:\/\/www.interflora.fr\/blog\/wp-json\/"}],"wp:attachment":[{"href":"https:\/\/www.interflora.fr\/blog\/wp-json\/wp\/v2\/media?parent=12065"}],"wp:term":[{"taxonomy":"category","embeddable":true,"href":"https:\/\/www.interflora.fr\/blog\/wp-json\/wp\/v2\/categories?post=12065"},{"taxonomy":"post_tag","embeddable":true,"href":"https:\/\/www.interflora.fr\/blog\/wp-json\/wp\/v2\/tags?post=12065"}],"curies":[{"name":"wp","href":"https:\/\/api.w.org\/{rel}","templated":true}]}}