{"id":11721,"date":"2023-07-04T16:44:18","date_gmt":"2023-07-04T14:44:18","guid":{"rendered":"http:\/\/www.interflora.fr\/blog\/?p=11721"},"modified":"2023-07-04T16:44:18","modified_gmt":"2023-07-04T14:44:18","slug":"le-tiare-tahiti-un-parfum-de-paradis","status":"publish","type":"post","link":"https:\/\/www.interflora.fr\/blog\/le-tiare-tahiti-un-parfum-de-paradis\/","title":{"rendered":"Tout savoir sur la fleur de Tiar\u00e9 ou Tiar\u00e9 Tahiti"},"content":{"rendered":"\n<p>La seule \u00e9vocation de son nom a le pouvoir de nous faire voyager vers les \u00eeles paradisiaques du Pacifique Sud. Entre lagon turquoise et plage de sable blanc, la <strong>fleur de Tiar\u00e9<\/strong> est embl\u00e9matique de Tahiti et des archipels de la Polyn\u00e9sie fran\u00e7aise. Utilis\u00e9e dans la composition du mono\u00ef, c\u2019est aussi un accessoire de beaut\u00e9 qui se porte en collier ou \u00e0 l\u2019oreille. Portrait d\u2019une fleur sacr\u00e9e qui nous invite au r\u00eave et \u00e0 la sensualit\u00e9. D\u00e9couvrez quelle est la signification de la <strong>fleur de Tiar\u00e9<\/strong> ainsi que nos conseils si vous souhaitez utiliser l\u2019huile de mono\u00ef qui est issue de sa culture.&nbsp;&nbsp;<\/p>\n\n\n<div class=\"lp-produits-grid\"><div class=\"lp-produit\"><div class=\"lp-thumbnail-wrapper\"><img loading=\"lazy\" decoding=\"async\" width=\"300\" height=\"300\" src=\"https:\/\/www.interflora.fr\/blog\/wp-content\/uploads\/2025\/05\/B2BDP-800Wx800H-0-1-300x300.jpg\" class=\"attachment-medium size-medium wp-post-image\" alt=\"\" srcset=\"https:\/\/www.interflora.fr\/blog\/wp-content\/uploads\/2025\/05\/B2BDP-800Wx800H-0-1-300x300.jpg 300w, https:\/\/www.interflora.fr\/blog\/wp-content\/uploads\/2025\/05\/B2BDP-800Wx800H-0-1-150x150.jpg 150w, https:\/\/www.interflora.fr\/blog\/wp-content\/uploads\/2025\/05\/B2BDP-800Wx800H-0-1-768x768.jpg 768w, https:\/\/www.interflora.fr\/blog\/wp-content\/uploads\/2025\/05\/B2BDP-800Wx800H-0-1.jpg 800w\" sizes=\"auto, (max-width: 300px) 100vw, 300px\" \/><img decoding=\"async\" class=\"lp-badge\" src=\"https:\/\/www.interflora.fr\/blog\/wp-content\/uploads\/2025\/06\/logo-circle.png\" alt=\"Livraison rapide Interflora\"><\/div><span>Brass\u00e9e de pivoines vari\u00e9es<\/span><p>39.95 \u20ac<\/p><span class=\"obf-link lp-cta\" role=\"link\" tabindex=\"0\" data-b64=\"aHR0cHM6Ly93d3cuaW50ZXJmbG9yYS5mci9wL2JyYXNzZWUtcGl2b2luZXMvMS9GUj91dG1fbWVkaXVtPW9yZ2FuaWMmdXRtX3NvdXJjZT1ibG9nX3Byb2R1Y3RzJnV0bV9jYW1wYWlnbj1CMkJEUA==\" data-target=\"_blank\"><svg xmlns=\"http:\/\/www.w3.org\/2000\/svg\" width=\"16\" height=\"16\" fill=\"currentColor\" class=\"bi bi-bag\" viewBox=\"0 0 16 16\"><path d=\"M8 1a2 2 0 0 1 2 2v1h2.5A1.5 1.5 0 0 1 14 5.5v8A1.5 1.5 0 0 1 12.5 15h-9A1.5 1.5 0 0 1 2 13.5v-8A1.5 1.5 0 0 1 3.5 3H6V2a2 2 0 0 1 2-1zm1 3V3a1 1 0 0 0-2 0v1h2z\"\/><\/svg>Voir le produit<\/span><p class=\"rapido\">Livraison rapide<\/p><\/div><div class=\"lp-produit\"><div class=\"lp-thumbnail-wrapper\"><img loading=\"lazy\" decoding=\"async\" width=\"300\" height=\"300\" src=\"https:\/\/www.interflora.fr\/blog\/wp-content\/uploads\/2025\/09\/1PEPLCMA-800Wx800H-0-1-25-300x300.jpg\" class=\"attachment-medium size-medium wp-post-image\" alt=\"\" srcset=\"https:\/\/www.interflora.fr\/blog\/wp-content\/uploads\/2025\/09\/1PEPLCMA-800Wx800H-0-1-25-300x300.jpg 300w, https:\/\/www.interflora.fr\/blog\/wp-content\/uploads\/2025\/09\/1PEPLCMA-800Wx800H-0-1-25-150x150.jpg 150w, https:\/\/www.interflora.fr\/blog\/wp-content\/uploads\/2025\/09\/1PEPLCMA-800Wx800H-0-1-25-768x768.jpg 768w, https:\/\/www.interflora.fr\/blog\/wp-content\/uploads\/2025\/09\/1PEPLCMA-800Wx800H-0-1-25.jpg 800w\" sizes=\"auto, (max-width: 300px) 100vw, 300px\" \/><img decoding=\"async\" class=\"lp-badge\" src=\"https:\/\/www.interflora.fr\/blog\/wp-content\/uploads\/2025\/06\/logo-circle.png\" alt=\"Livraison rapide Interflora\"><\/div><span>Coffret cadeau<\/span><p>57.95 \u20ac<\/p><span class=\"obf-link lp-cta\" role=\"link\" tabindex=\"0\" data-b64=\"aHR0cHM6Ly93d3cuaW50ZXJmbG9yYS5mci9wL3BldGl0LXBsYWlzaXItY2FydGUtbWVzc2FnZS1jaG9jb2xhdC8xL0ZSP3V0bV9tZWRpdW09b3JnYW5pYyZ1dG1fc291cmNlPWJsb2dfcHJvZHVjdHMmdXRtX2NhbXBhaWduPTFQRVBMQ01B\" data-target=\"_blank\"><svg xmlns=\"http:\/\/www.w3.org\/2000\/svg\" width=\"16\" height=\"16\" fill=\"currentColor\" class=\"bi bi-bag\" viewBox=\"0 0 16 16\"><path d=\"M8 1a2 2 0 0 1 2 2v1h2.5A1.5 1.5 0 0 1 14 5.5v8A1.5 1.5 0 0 1 12.5 15h-9A1.5 1.5 0 0 1 2 13.5v-8A1.5 1.5 0 0 1 3.5 3H6V2a2 2 0 0 1 2-1zm1 3V3a1 1 0 0 0-2 0v1h2z\"\/><\/svg>Voir le produit<\/span><p class=\"rapido\">Livraison rapide<\/p><\/div><div class=\"lp-produit\"><div class=\"lp-thumbnail-wrapper\"><img loading=\"lazy\" decoding=\"async\" width=\"300\" height=\"300\" src=\"https:\/\/www.interflora.fr\/blog\/wp-content\/uploads\/2025\/05\/2TUFR-800Wx800H-0-1-25-300x300.jpg\" class=\"attachment-medium size-medium wp-post-image\" alt=\"\" srcset=\"https:\/\/www.interflora.fr\/blog\/wp-content\/uploads\/2025\/05\/2TUFR-800Wx800H-0-1-25-300x300.jpg 300w, https:\/\/www.interflora.fr\/blog\/wp-content\/uploads\/2025\/05\/2TUFR-800Wx800H-0-1-25-150x150.jpg 150w, https:\/\/www.interflora.fr\/blog\/wp-content\/uploads\/2025\/05\/2TUFR-800Wx800H-0-1-25-768x768.jpg 768w, https:\/\/www.interflora.fr\/blog\/wp-content\/uploads\/2025\/05\/2TUFR-800Wx800H-0-1-25.jpg 800w\" sizes=\"auto, (max-width: 300px) 100vw, 300px\" \/><img decoding=\"async\" class=\"lp-badge\" src=\"https:\/\/www.interflora.fr\/blog\/wp-content\/uploads\/2025\/06\/logo-circle.png\" alt=\"Livraison rapide Interflora\"><\/div><span>Tutti frutti<\/span><p>44.95 \u20ac<\/p><span class=\"obf-link lp-cta\" role=\"link\" tabindex=\"0\" data-b64=\"aHR0cHM6Ly93d3cuaW50ZXJmbG9yYS5mci9wL2JvdXF1ZXQtZmxldXJzLXR1dHRpLWZydXR0aS8xL0ZSP3V0bV9tZWRpdW09b3JnYW5pYyZ1dG1fc291cmNlPWJsb2dfcHJvZHVjdHMmdXRtX2NhbXBhaWduPTJUVUZS\" data-target=\"_blank\"><svg xmlns=\"http:\/\/www.w3.org\/2000\/svg\" width=\"16\" height=\"16\" fill=\"currentColor\" class=\"bi bi-bag\" viewBox=\"0 0 16 16\"><path d=\"M8 1a2 2 0 0 1 2 2v1h2.5A1.5 1.5 0 0 1 14 5.5v8A1.5 1.5 0 0 1 12.5 15h-9A1.5 1.5 0 0 1 2 13.5v-8A1.5 1.5 0 0 1 3.5 3H6V2a2 2 0 0 1 2-1zm1 3V3a1 1 0 0 0-2 0v1h2z\"\/><\/svg>Voir le produit<\/span><p class=\"rapido\">Fleurs fra\u00eeches<\/p><\/div><div class=\"lp-produit\"><div class=\"lp-thumbnail-wrapper\"><img loading=\"lazy\" decoding=\"async\" width=\"300\" height=\"300\" src=\"https:\/\/www.interflora.fr\/blog\/wp-content\/uploads\/2026\/01\/1BIU-800Wx800H-0-1-300x300.jpg\" class=\"attachment-medium size-medium wp-post-image\" alt=\"\" srcset=\"https:\/\/www.interflora.fr\/blog\/wp-content\/uploads\/2026\/01\/1BIU-800Wx800H-0-1-300x300.jpg 300w, https:\/\/www.interflora.fr\/blog\/wp-content\/uploads\/2026\/01\/1BIU-800Wx800H-0-1-150x150.jpg 150w, https:\/\/www.interflora.fr\/blog\/wp-content\/uploads\/2026\/01\/1BIU-800Wx800H-0-1-768x768.jpg 768w, https:\/\/www.interflora.fr\/blog\/wp-content\/uploads\/2026\/01\/1BIU-800Wx800H-0-1.jpg 800w\" sizes=\"auto, (max-width: 300px) 100vw, 300px\" \/><img decoding=\"async\" class=\"lp-badge\" src=\"https:\/\/www.interflora.fr\/blog\/wp-content\/uploads\/2025\/06\/logo-circle.png\" alt=\"Livraison rapide Interflora\"><\/div><span>Bisous et sa bulle d&rsquo;eau<\/span><p>41.95 \u20ac<\/p><span class=\"obf-link lp-cta\" role=\"link\" tabindex=\"0\" data-b64=\"aHR0cHM6Ly93d3cuaW50ZXJmbG9yYS5mci9wL3NhaW50LXZhbGVudGluLWplLXQtYWltZS1idWxsZS1lYXUvMS9GUj91dG1fbWVkaXVtPW9yZ2FuaWMmdXRtX3NvdXJjZT1ibG9nX3Byb2R1Y3RzJnV0bV9jYW1wYWlnbj0xQklV\" data-target=\"_blank\"><svg xmlns=\"http:\/\/www.w3.org\/2000\/svg\" width=\"16\" height=\"16\" fill=\"currentColor\" class=\"bi bi-bag\" viewBox=\"0 0 16 16\"><path d=\"M8 1a2 2 0 0 1 2 2v1h2.5A1.5 1.5 0 0 1 14 5.5v8A1.5 1.5 0 0 1 12.5 15h-9A1.5 1.5 0 0 1 2 13.5v-8A1.5 1.5 0 0 1 3.5 3H6V2a2 2 0 0 1 2-1zm1 3V3a1 1 0 0 0-2 0v1h2z\"\/><\/svg>Voir le produit<\/span><p class=\"rapido\">Top produit<\/p><\/div><\/div>\n\n\n\n<h2 class=\"wp-block-heading\">Les caract\u00e9ristiques de la fleur de Tiar\u00e9 ou Tiar\u00e9 Tahiti<\/h2>\n\n\n\n<div class=\"wp-block-media-text alignwide is-stacked-on-mobile\" style=\"grid-template-columns:33% auto\"><figure class=\"wp-block-media-text__media\"><img decoding=\"async\" src=\"https:\/\/www.interflora.fr\/blog\/wp-content\/uploads\/tiare-tahiti.jpg\" alt=\"Tiar\u00e9 Tahiti\" class=\"wp-image-35150 size-full\"\/><\/figure><div class=\"wp-block-media-text__content\">\n<p>Le <strong>Tiar\u00e9<\/strong> ou <em>gardenia tahitensis<\/em> en latin est un arbre \u00e0 <a href=\"https:\/\/www.interflora.fr\/c\/special-fleurs-exotiques\" target=\"_blank\" rel=\"noreferrer noopener\">fleurs exotiques<\/a> pr\u00e9sent dans les \u00eeles du Pacifique Sud qui fleurit toute l\u2019ann\u00e9e. Cet arbre \u00e0 fleurs peut atteindre jusqu\u2019\u00e0 4&nbsp;m de hauteur. Il se caract\u00e9rise par un feuillage fonc\u00e9 et verniss\u00e9 et produit des petites fleurs blanches qui comptent g\u00e9n\u00e9ralement de 5 \u00e0 8 p\u00e9tales.&nbsp;<\/p>\n\n\n\n<p>La <strong>fleur de Tiar\u00e9<\/strong> d\u00e9gage un parfum enivrant, m\u00e9lange de vanille, de jasmin, de sucre et d\u2019\u00e9pices. Embl\u00e9matique de la Polyn\u00e9sie fran\u00e7aise, le <strong>Tiar\u00e9<\/strong> est une plante indig\u00e8ne originaire de Micron\u00e9sie qui a besoin de l\u2019intervention de l\u2019homme pour se reproduire.<\/p>\n<\/div><\/div>\n\n\n\n<p><\/p>\n\n\n\n<h3 class=\"wp-block-heading\">Diff\u00e9rence entre la fleur de Tiar\u00e9 et la fleur de Tipanier&nbsp;<\/h3>\n\n\n\n<p>La fleur de Tipanier est souvent confondue \u00e0 tort avec celle de <strong>Tiar\u00e9<\/strong>. La fleur de Tipanier est en r\u00e9alit\u00e9 produite par le frangipanier. Cet arbre au tronc noueux, qui peut atteindre jusqu\u2019\u00e0 6&nbsp;m de haut, a \u00e9t\u00e9 introduit dans le Pacifique Sud au milieu du 19<sup>e<\/sup>&nbsp;si\u00e8cle.&nbsp;<\/p>\n\n\n\n<p>Il se caract\u00e9rise par une floraison magnifique au parfum capiteux et enivrant. La fleur, compos\u00e9e de 5 p\u00e9tales, est utilis\u00e9e en cosm\u00e9tiques et en parfumerie. On l\u2019utilise \u00e9galement pour confectionner des couronnes de cou ou de t\u00eate.&nbsp;<\/p>\n\n\n\n<h2 class=\"wp-block-heading\">Origine et Histoire du Tiar\u00e9 Tahiti<\/h2>\n\n\n\n<p>L\u00e9gende, d\u00e9couverte du Nouveau Monde et traditions polyn\u00e9siennes accompagnent l&rsquo;origine et l\u2019histoire de ces <strong>jolies fleurs tropicales<\/strong>.<\/p>\n\n\n\n<h3 class=\"wp-block-heading\">L\u2019exp\u00e9dition de James Cook qui a d\u00e9couvert la fleur de Tiar\u00e9&nbsp;<\/h3>\n\n\n\n<p>Une l\u00e9gende raconte que le <strong>Tiar\u00e9<\/strong> serait n\u00e9 dans la main de la princesse Apetahi qui, perdant la vie dans les bras de son amant, lui aurait d\u00e9clar\u00e9 : \u00ab&nbsp;Chaque matin, lorsque tu monteras sur la montagne, je te donnerai ma main \u00e0 caresser&nbsp;\u00bb. Le mythe fait r\u00e9f\u00e9rence au mont Temehani, sur l\u2019\u00eele polyn\u00e9sienne de Raiatea.&nbsp;<\/p>\n\n\n\n<p>Les Occidentaux ne d\u00e9couvrent le <strong>Tiar\u00e9<\/strong> qu\u2019au d\u00e9but du 19<sup>e<\/sup>&nbsp;si\u00e8cle. C\u2019est Johann Georg Adam Forster, le naturaliste de la seconde circumnavigation de James Cook, qui en fait une premi\u00e8re description erron\u00e9e. Les premiers \u00e9chantillons seront ramen\u00e9s en Europe par l\u2019explorateur fran\u00e7ais Dumont d&rsquo;Urville.<\/p>\n\n\n\n<h3 class=\"wp-block-heading\">La fleur de Tiar\u00e9 : embl\u00e8me de Tahiti<\/h3>\n\n\n\n<p>La <strong>fleur de Tiar\u00e9<\/strong> est l\u2019embl\u00e8me de l\u2019\u00eele de Tahiti, en Polyn\u00e9sie fran\u00e7aise, et appara\u00eet d\u2019ailleurs sur le billet de 1000&nbsp;francs pacifiques. La tradition, d\u00e9crite par le capitaine James Cook d\u00e8s 1769, veut que les nouveaux arrivants \u00e0 Tahiti soient accueillis en recevant un <strong>collier de fleurs de Tahiti<\/strong>.&nbsp;<\/p>\n\n\n\n<p>Comme la fleur d\u2019hibiscus, la <strong>fleur de Tiar\u00e9<\/strong> est un bijou v\u00e9g\u00e9tal qui se porte \u00e9galement \u00e0 l\u2019oreille. Le porter \u00e0 l\u2019oreille droite signifie que vous \u00eates \u00e0 la recherche de compagnie. \u00c0 gauche&nbsp;: votre c\u0153ur est pris&nbsp;! Une <strong>fleur de Tiar\u00e9<\/strong> port\u00e9e \u00e0 chaque oreille traduit votre disponibilit\u00e9, m\u00eame si vous \u00eates d\u00e9j\u00e0 pris. Enfin, porter une <strong>fleur de Tiar\u00e9<\/strong> \u00e0 l\u2019envers pr\u00e9vient que vous \u00eates disponible imm\u00e9diatement&nbsp;!<\/p>\n\n\n\n<h3 class=\"wp-block-heading\">Les propri\u00e9t\u00e9s m\u00e9dicinales du Tiar\u00e9 Tahiti<\/h3>\n\n\n\n<p>La <strong>fleur de Tiar\u00e9<\/strong> est officieusement connue pour avoir des vertus m\u00e9dicinales. Les feuilles seraient ainsi utilis\u00e9es dans la composition de potions agissant contre les convulsions et les br\u00fblures. Les boutons auraient quant \u00e0 eux un pouvoir d\u2019action sur divers traumatismes, n\u00e9vralgies, asthme ou fatigue. Ses p\u00e9tales agiraient positivement sur les bronches et le foie.&nbsp;<\/p>\n\n\n\n<figure class=\"wp-block-image aligncenter size-full\"><img decoding=\"async\" src=\"https:\/\/www.interflora.fr\/blog\/wp-content\/uploads\/fille-tenant-fleur-de-tiare.jpg\" alt=\"Jeune fille tenant une fleur de Tiar\u00e9 dans ses mains\" class=\"wp-image-35152\"\/><\/figure>\n\n\n\n<p><\/p>\n\n\n\n<p>Mais la <strong>fleur de Tiar\u00e9<\/strong> est surtout l\u2019un des principaux ingr\u00e9dients du mono\u00ef. Cette c\u00e9l\u00e8bre huile de beaut\u00e9 sert principalement pour le soin du corps et des cheveux. Le mono\u00ef traditionnel est obtenu gr\u00e2ce \u00e0 la mac\u00e9ration, durant plusieurs jours, de la <strong>fleur de Tiar\u00e9<\/strong> dans l\u2019huile de coprah (coco ferment\u00e9). Le mono\u00ef est utilis\u00e9 pour ses vertus hydratantes et apaisantes. Il facilite notamment le bronzage et pr\u00e9vient les piq\u00fbres de moustiques.<\/p>\n\n\n\n<p>L\u2019huile de mono\u00ef est utilis\u00e9e en application sur la peau le matin ou le soir pour la pr\u00e9server de la s\u00e9cheresse. Le mono\u00ef fait \u00e9galement un excellent apr\u00e8s bronzage. Sur les cheveux, cette huile naturelle est utilis\u00e9e comme soin nourrissant afin de les r\u00e9parer, les fortifier et leur donner de la brillance.&nbsp;<\/p>\n\n\n<div class=\"lp-produits-grid\"><div class=\"lp-produit\"><div class=\"lp-thumbnail-wrapper\"><img loading=\"lazy\" decoding=\"async\" width=\"300\" height=\"300\" src=\"https:\/\/www.interflora.fr\/blog\/wp-content\/uploads\/2025\/05\/2TUFR-800Wx800H-0-1-25-300x300.jpg\" class=\"attachment-medium size-medium wp-post-image\" alt=\"\" srcset=\"https:\/\/www.interflora.fr\/blog\/wp-content\/uploads\/2025\/05\/2TUFR-800Wx800H-0-1-25-300x300.jpg 300w, https:\/\/www.interflora.fr\/blog\/wp-content\/uploads\/2025\/05\/2TUFR-800Wx800H-0-1-25-150x150.jpg 150w, https:\/\/www.interflora.fr\/blog\/wp-content\/uploads\/2025\/05\/2TUFR-800Wx800H-0-1-25-768x768.jpg 768w, https:\/\/www.interflora.fr\/blog\/wp-content\/uploads\/2025\/05\/2TUFR-800Wx800H-0-1-25.jpg 800w\" sizes=\"auto, (max-width: 300px) 100vw, 300px\" \/><img decoding=\"async\" class=\"lp-badge\" src=\"https:\/\/www.interflora.fr\/blog\/wp-content\/uploads\/2025\/06\/logo-circle.png\" alt=\"Livraison rapide Interflora\"><\/div><span>Tutti frutti<\/span><p>44.95 \u20ac<\/p><span class=\"obf-link lp-cta\" role=\"link\" tabindex=\"0\" data-b64=\"aHR0cHM6Ly93d3cuaW50ZXJmbG9yYS5mci9wL2JvdXF1ZXQtZmxldXJzLXR1dHRpLWZydXR0aS8xL0ZSP3V0bV9tZWRpdW09b3JnYW5pYyZ1dG1fc291cmNlPWJsb2dfcHJvZHVjdHMmdXRtX2NhbXBhaWduPTJUVUZS\" data-target=\"_blank\"><svg xmlns=\"http:\/\/www.w3.org\/2000\/svg\" width=\"16\" height=\"16\" fill=\"currentColor\" class=\"bi bi-bag\" viewBox=\"0 0 16 16\"><path d=\"M8 1a2 2 0 0 1 2 2v1h2.5A1.5 1.5 0 0 1 14 5.5v8A1.5 1.5 0 0 1 12.5 15h-9A1.5 1.5 0 0 1 2 13.5v-8A1.5 1.5 0 0 1 3.5 3H6V2a2 2 0 0 1 2-1zm1 3V3a1 1 0 0 0-2 0v1h2z\"\/><\/svg>Voir le produit<\/span><p class=\"rapido\">Top produit<\/p><\/div><div class=\"lp-produit\"><div class=\"lp-thumbnail-wrapper\"><img loading=\"lazy\" decoding=\"async\" width=\"300\" height=\"300\" src=\"https:\/\/www.interflora.fr\/blog\/wp-content\/uploads\/2025\/09\/2DR-800Wx800H-0-1-25-300x300.jpg\" class=\"attachment-medium size-medium wp-post-image\" alt=\"\" srcset=\"https:\/\/www.interflora.fr\/blog\/wp-content\/uploads\/2025\/09\/2DR-800Wx800H-0-1-25-300x300.jpg 300w, https:\/\/www.interflora.fr\/blog\/wp-content\/uploads\/2025\/09\/2DR-800Wx800H-0-1-25-150x150.jpg 150w, https:\/\/www.interflora.fr\/blog\/wp-content\/uploads\/2025\/09\/2DR-800Wx800H-0-1-25-768x768.jpg 768w, https:\/\/www.interflora.fr\/blog\/wp-content\/uploads\/2025\/09\/2DR-800Wx800H-0-1-25.jpg 800w\" sizes=\"auto, (max-width: 300px) 100vw, 300px\" \/><img decoding=\"async\" class=\"lp-badge\" src=\"https:\/\/www.interflora.fr\/blog\/wp-content\/uploads\/2025\/06\/logo-circle.png\" alt=\"Livraison rapide Interflora\"><\/div><span>Douce r\u00eaverie<\/span><p>39.95 \u20ac<\/p><span class=\"obf-link lp-cta\" role=\"link\" tabindex=\"0\" data-b64=\"aHR0cHM6Ly93d3cuaW50ZXJmbG9yYS5mci9wL2RvdWNlLXJldmVyaWUvMS9GUj91dG1fbWVkaXVtPW9yZ2FuaWMmdXRtX3NvdXJjZT1ibG9nX3Byb2R1Y3RzJnV0bV9jYW1wYWlnbj0yRFI=\" data-target=\"_blank\"><svg xmlns=\"http:\/\/www.w3.org\/2000\/svg\" width=\"16\" height=\"16\" fill=\"currentColor\" class=\"bi bi-bag\" viewBox=\"0 0 16 16\"><path d=\"M8 1a2 2 0 0 1 2 2v1h2.5A1.5 1.5 0 0 1 14 5.5v8A1.5 1.5 0 0 1 12.5 15h-9A1.5 1.5 0 0 1 2 13.5v-8A1.5 1.5 0 0 1 3.5 3H6V2a2 2 0 0 1 2-1zm1 3V3a1 1 0 0 0-2 0v1h2z\"\/><\/svg>Voir le produit<\/span><p class=\"rapido\">Livraison rapide<\/p><\/div><div class=\"lp-produit\"><div class=\"lp-thumbnail-wrapper\"><img loading=\"lazy\" decoding=\"async\" width=\"300\" height=\"300\" src=\"https:\/\/www.interflora.fr\/blog\/wp-content\/uploads\/2025\/05\/2RB-800Wx800H-0-1-25-300x300.jpg\" class=\"attachment-medium size-medium wp-post-image\" alt=\"\" srcset=\"https:\/\/www.interflora.fr\/blog\/wp-content\/uploads\/2025\/05\/2RB-800Wx800H-0-1-25-300x300.jpg 300w, https:\/\/www.interflora.fr\/blog\/wp-content\/uploads\/2025\/05\/2RB-800Wx800H-0-1-25-150x150.jpg 150w, https:\/\/www.interflora.fr\/blog\/wp-content\/uploads\/2025\/05\/2RB-800Wx800H-0-1-25-768x768.jpg 768w, https:\/\/www.interflora.fr\/blog\/wp-content\/uploads\/2025\/05\/2RB-800Wx800H-0-1-25.jpg 800w\" sizes=\"auto, (max-width: 300px) 100vw, 300px\" \/><img decoding=\"async\" class=\"lp-badge\" src=\"https:\/\/www.interflora.fr\/blog\/wp-content\/uploads\/2025\/06\/logo-circle.png\" alt=\"Livraison rapide Interflora\"><\/div><span>Rosa Bella<\/span><p>49.95 \u20ac<\/p><span class=\"obf-link lp-cta\" role=\"link\" tabindex=\"0\" data-b64=\"aHR0cHM6Ly93d3cuaW50ZXJmbG9yYS5mci9wL3Jvc2EtYmVsbGEvMS9GUj91dG1fbWVkaXVtPW9yZ2FuaWMmdXRtX3NvdXJjZT1ibG9nX3Byb2R1Y3RzJnV0bV9jYW1wYWlnbj0yUkI=\" data-target=\"_blank\"><svg xmlns=\"http:\/\/www.w3.org\/2000\/svg\" width=\"16\" height=\"16\" fill=\"currentColor\" class=\"bi bi-bag\" viewBox=\"0 0 16 16\"><path d=\"M8 1a2 2 0 0 1 2 2v1h2.5A1.5 1.5 0 0 1 14 5.5v8A1.5 1.5 0 0 1 12.5 15h-9A1.5 1.5 0 0 1 2 13.5v-8A1.5 1.5 0 0 1 3.5 3H6V2a2 2 0 0 1 2-1zm1 3V3a1 1 0 0 0-2 0v1h2z\"\/><\/svg>Voir le produit<\/span><p class=\"rapido\">Fleurs fra\u00eeches<\/p><\/div><div class=\"lp-produit\"><div class=\"lp-thumbnail-wrapper\"><img loading=\"lazy\" decoding=\"async\" width=\"300\" height=\"300\" src=\"https:\/\/www.interflora.fr\/blog\/wp-content\/uploads\/2025\/05\/1AFO-800Wx800H-0-1-25-300x300.jpg\" class=\"attachment-medium size-medium wp-post-image\" alt=\"\" srcset=\"https:\/\/www.interflora.fr\/blog\/wp-content\/uploads\/2025\/05\/1AFO-800Wx800H-0-1-25-300x300.jpg 300w, https:\/\/www.interflora.fr\/blog\/wp-content\/uploads\/2025\/05\/1AFO-800Wx800H-0-1-25-150x150.jpg 150w, https:\/\/www.interflora.fr\/blog\/wp-content\/uploads\/2025\/05\/1AFO-800Wx800H-0-1-25-768x768.jpg 768w, https:\/\/www.interflora.fr\/blog\/wp-content\/uploads\/2025\/05\/1AFO-800Wx800H-0-1-25.jpg 800w\" sizes=\"auto, (max-width: 300px) 100vw, 300px\" \/><img decoding=\"async\" class=\"lp-badge\" src=\"https:\/\/www.interflora.fr\/blog\/wp-content\/uploads\/2025\/06\/logo-circle.png\" alt=\"Livraison rapide Interflora\"><\/div><span>Grandes roses sur-mesure<\/span><p>59.95 \u20ac<\/p><span class=\"obf-link lp-cta\" role=\"link\" tabindex=\"0\" data-b64=\"aHR0cHM6Ly93d3cuaW50ZXJmbG9yYS5mci9wL3Jvc2VzLWEtbGEtZm9saWUvNi9GUj91dG1fbWVkaXVtPW9yZ2FuaWMmdXRtX3NvdXJjZT1ibG9nX3Byb2R1Y3RzJnV0bV9jYW1wYWlnbj0xQUZP\" data-target=\"_blank\"><svg xmlns=\"http:\/\/www.w3.org\/2000\/svg\" width=\"16\" height=\"16\" fill=\"currentColor\" class=\"bi bi-bag\" viewBox=\"0 0 16 16\"><path d=\"M8 1a2 2 0 0 1 2 2v1h2.5A1.5 1.5 0 0 1 14 5.5v8A1.5 1.5 0 0 1 12.5 15h-9A1.5 1.5 0 0 1 2 13.5v-8A1.5 1.5 0 0 1 3.5 3H6V2a2 2 0 0 1 2-1zm1 3V3a1 1 0 0 0-2 0v1h2z\"\/><\/svg>Voir le produit<\/span><p class=\"rapido\">Livraison rapide<\/p><\/div><\/div>\n\n\n\n<h2 class=\"wp-block-heading\">La fleur de Tiar\u00e9 ou Tiar\u00e9 Tahiti : Signification et langage des fleurs<\/h2>\n\n\n\n<p>Le parfum enivrant de la <strong>fleur de Tiar\u00e9<\/strong> en fait un symbole de d\u00e9sir amoureux et une invitation aux plaisirs charnels. Offrir un <strong>bouquet de fleurs de Tiar\u00e9 <\/strong>est une invitation explicite \u00e0 la sensualit\u00e9 et \u00e0 l\u2019exaltation des sens. Un message os\u00e9 qui n\u2019\u00f4te rien \u00e0 la finesse et \u00e0 l\u2019\u00e9l\u00e9gance de cette fleur. En effet, dans son \u00eele d\u2019origine, offrir un <strong>collier de fleurs de Tahiti<\/strong> \u00e0 une signification traduisant un sentiment d\u2019amiti\u00e9. Ce collier de fleurs est aussi associ\u00e9 \u00e0 l\u2019accueil et au respect des visiteurs.<\/p>\n\n\n\n<p>La <strong>fleur de Tiar\u00e9<\/strong> est embl\u00e9matique des \u00eeles du Pacifique&nbsp;Sud. C\u2019est un accessoire naturel de beaut\u00e9 que l\u2019on associe traditionnellement \u00e0 la vahin\u00e9. L\u2019une des repr\u00e9sentations les plus populaires est l\u2019\u00e9lection de Miss&nbsp;Tahiti. Ce concours annuel de beaut\u00e9 met en comp\u00e9tition de jeunes femmes venues de tous les archipels de la Polyn\u00e9sie.<\/p>\n\n\n\n<p>En France m\u00e9tropolitaine, la <strong>culture du Tiar\u00e9<\/strong> se fait id\u00e9alement sous serre chaude. En effet, cette plante a de forts besoins en eau, en soleil et en chaleur pour pouvoir fleurir. Il est \u00e9galement possible de cultiver un arbuste en pot tout en sachant qu\u2019il n\u00e9cessitera une attention particuli\u00e8re si vous souhaitez y voir s\u2019\u00e9panouir la<strong> fleur de Tiar\u00e9<\/strong>.&nbsp;<\/p>\n\n\n\n<p>D\u00e9couvrez d\u2019autres <a href=\"https:\/\/www.interflora.fr\/c\/plantes\/plante-fleurie\" target=\"_blank\" rel=\"noreferrer noopener\">plantes fleuries<\/a> qui poss\u00e8dent, elles aussi, le pouvoir de sublimer votre int\u00e9rieur et vos espaces ext\u00e9rieurs&nbsp;! Orchid\u00e9es, fleurs de curcuma, jasmin de Madagascar, le choix ne manque pas&nbsp;!<\/p>\n","protected":false},"excerpt":{"rendered":"<p>La seule \u00e9vocation de son nom a le pouvoir de nous faire voyager vers les \u00eeles paradisiaques du Pacifique Sud. Entre lagon turquoise et plage de sable blanc, la fleur de Tiar\u00e9 est embl\u00e9matique de Tahiti et des archipels de la Polyn\u00e9sie fran\u00e7aise. Utilis\u00e9e dans la composition du mono\u00ef, c\u2019est aussi un accessoire de beaut\u00e9 qui se porte en collier ou \u00e0 l\u2019oreille. Portrait d\u2019une fleur sacr\u00e9e qui nous invite au r\u00eave et \u00e0 la sensualit\u00e9. D\u00e9couvrez quelle est la signification de la fleur de Tiar\u00e9 ainsi que nos conseils si vous souhaitez utiliser l\u2019huile de mono\u00ef qui est issue de sa culture.<\/p>\n","protected":false},"author":1,"featured_media":35149,"comment_status":"open","ping_status":"closed","sticky":false,"template":"","format":"standard","meta":{"_uag_custom_page_level_css":"","site-sidebar-layout":"default","site-content-layout":"","ast-site-content-layout":"default","site-content-style":"default","site-sidebar-style":"default","ast-global-header-display":"","ast-banner-title-visibility":"","ast-main-header-display":"","ast-hfb-above-header-display":"","ast-hfb-below-header-display":"","ast-hfb-mobile-header-display":"","site-post-title":"","ast-breadcrumbs-content":"","ast-featured-img":"","footer-sml-layout":"","ast-disable-related-posts":"","theme-transparent-header-meta":"","adv-header-id-meta":"","stick-header-meta":"","header-above-stick-meta":"","header-main-stick-meta":"","header-below-stick-meta":"","astra-migrate-meta-layouts":"set","ast-page-background-enabled":"default","ast-page-background-meta":{"desktop":{"background-color":"var(--ast-global-color-5)","background-image":"","background-repeat":"repeat","background-position":"center center","background-size":"auto","background-attachment":"scroll","background-type":"","background-media":"","overlay-type":"","overlay-color":"","overlay-opacity":"","overlay-gradient":""},"tablet":{"background-color":"","background-image":"","background-repeat":"repeat","background-position":"center center","background-size":"auto","background-attachment":"scroll","background-type":"","background-media":"","overlay-type":"","overlay-color":"","overlay-opacity":"","overlay-gradient":""},"mobile":{"background-color":"","background-image":"","background-repeat":"repeat","background-position":"center center","background-size":"auto","background-attachment":"scroll","background-type":"","background-media":"","overlay-type":"","overlay-color":"","overlay-opacity":"","overlay-gradient":""}},"ast-content-background-meta":{"desktop":{"background-color":"var(--ast-global-color-4)","background-image":"","background-repeat":"repeat","background-position":"center center","background-size":"auto","background-attachment":"scroll","background-type":"","background-media":"","overlay-type":"","overlay-color":"","overlay-opacity":"","overlay-gradient":""},"tablet":{"background-color":"var(--ast-global-color-4)","background-image":"","background-repeat":"repeat","background-position":"center center","background-size":"auto","background-attachment":"scroll","background-type":"","background-media":"","overlay-type":"","overlay-color":"","overlay-opacity":"","overlay-gradient":""},"mobile":{"background-color":"var(--ast-global-color-4)","background-image":"","background-repeat":"repeat","background-position":"center center","background-size":"auto","background-attachment":"scroll","background-type":"","background-media":"","overlay-type":"","overlay-color":"","overlay-opacity":"","overlay-gradient":""}},"footnotes":""},"categories":[173,167],"tags":[298],"class_list":["post-11721","post","type-post","status-publish","format-standard","has-post-thumbnail","hentry","category-arbustes-fleuris","category-ete","tag-tiare"],"uagb_featured_image_src":{"full":false,"thumbnail":false,"medium":false,"medium_large":false,"large":false,"1536x1536":false,"2048x2048":false},"uagb_author_info":{"display_name":"admin","author_link":"https:\/\/www.interflora.fr\/blog\/author\/admin\/"},"uagb_comment_info":0,"uagb_excerpt":"La seule \u00e9vocation de son nom a le pouvoir de nous faire voyager vers les \u00eeles paradisiaques du Pacifique Sud. Entre lagon turquoise et plage de sable blanc, la fleur de Tiar\u00e9 est embl\u00e9matique de Tahiti et des archipels de la Polyn\u00e9sie fran\u00e7aise. Utilis\u00e9e dans la composition du mono\u00ef, c\u2019est aussi un accessoire de beaut\u00e9\u2026","yoast_meta":{"title":"Fleur de Tiar\u00e9 : origine, propri\u00e9t\u00e9s, signification | Interflora","description":"V\u00e9ritable embl\u00e8me de Tahiti, la fleur de Tiar\u00e9 (ou Tiar\u00e9 Tahiti) est utilis\u00e9e dans la fabrication du mono\u00ef. D\u00e9couvrez nos conseils et sa signification."},"_links":{"self":[{"href":"https:\/\/www.interflora.fr\/blog\/wp-json\/wp\/v2\/posts\/11721","targetHints":{"allow":["GET"]}}],"collection":[{"href":"https:\/\/www.interflora.fr\/blog\/wp-json\/wp\/v2\/posts"}],"about":[{"href":"https:\/\/www.interflora.fr\/blog\/wp-json\/wp\/v2\/types\/post"}],"author":[{"embeddable":true,"href":"https:\/\/www.interflora.fr\/blog\/wp-json\/wp\/v2\/users\/1"}],"replies":[{"embeddable":true,"href":"https:\/\/www.interflora.fr\/blog\/wp-json\/wp\/v2\/comments?post=11721"}],"version-history":[{"count":0,"href":"https:\/\/www.interflora.fr\/blog\/wp-json\/wp\/v2\/posts\/11721\/revisions"}],"wp:featuredmedia":[{"embeddable":true,"href":"https:\/\/www.interflora.fr\/blog\/wp-json\/"}],"wp:attachment":[{"href":"https:\/\/www.interflora.fr\/blog\/wp-json\/wp\/v2\/media?parent=11721"}],"wp:term":[{"taxonomy":"category","embeddable":true,"href":"https:\/\/www.interflora.fr\/blog\/wp-json\/wp\/v2\/categories?post=11721"},{"taxonomy":"post_tag","embeddable":true,"href":"https:\/\/www.interflora.fr\/blog\/wp-json\/wp\/v2\/tags?post=11721"}],"curies":[{"name":"wp","href":"https:\/\/api.w.org\/{rel}","templated":true}]}}