{"id":11511,"date":"2025-05-02T17:01:08","date_gmt":"2025-05-02T15:01:08","guid":{"rendered":"http:\/\/www.interflora.fr\/blog\/?p=11511"},"modified":"2025-05-02T17:01:08","modified_gmt":"2025-05-02T15:01:08","slug":"fete-des-meres-nos-idees-cadeaux","status":"publish","type":"post","link":"https:\/\/www.interflora.fr\/blog\/fete-des-meres-nos-idees-cadeaux\/","title":{"rendered":"Nos id\u00e9es cadeaux pour la F\u00eate des m\u00e8res"},"content":{"rendered":"\n<p>Vous demandez-vous quel cadeau ou <a href=\"https:\/\/www.interflora.fr\/blog\/fete-des-meres-quelles-fleurs-leur-offrir\/\" target=\"_blank\" rel=\"noreferrer noopener\">quelles fleurs offrir \u00e0 votre maman<\/a>&nbsp;? Les <strong>mamans<\/strong> sont toutes diff\u00e9rentes et elles m\u00e9ritent toutes un <strong>cadeau personnalis\u00e9 <\/strong>correspondant \u00e0 leurs go\u00fbts et leurs caract\u00e8res. C\u2019est bien parce que chaque maman est unique qu\u2019Interflora vous invite \u00e0 vous inspirer de ce <strong>guide d\u2019id\u00e9es cadeaux pour la F\u00eate des m\u00e8res<\/strong> <strong>2024<\/strong>. Que ce soit avec un bouquet de fleurs, une plante en pot ou un coffret de chocolat, il existe de nombreuses mani\u00e8res de dire aux mamans \u00e0 quel point elles sont importantes. Voici quelques suggestions qui vous permettront de trouver le <strong>cadeau qui fera vraiment plaisir \u00e0 votre maman<\/strong>&nbsp;!<\/p>\n\n\n<div class=\"lp-produits-grid\"><div class=\"lp-produit\"><div class=\"lp-thumbnail-wrapper\"><img loading=\"lazy\" decoding=\"async\" width=\"300\" height=\"300\" src=\"https:\/\/www.interflora.fr\/blog\/wp-content\/uploads\/2025\/12\/2BDT-800Wx800H-0-1-300x300.jpg\" class=\"attachment-medium size-medium wp-post-image\" alt=\"\" srcset=\"https:\/\/www.interflora.fr\/blog\/wp-content\/uploads\/2025\/12\/2BDT-800Wx800H-0-1-300x300.jpg 300w, https:\/\/www.interflora.fr\/blog\/wp-content\/uploads\/2025\/12\/2BDT-800Wx800H-0-1-150x150.jpg 150w, https:\/\/www.interflora.fr\/blog\/wp-content\/uploads\/2025\/12\/2BDT-800Wx800H-0-1-768x768.jpg 768w, https:\/\/www.interflora.fr\/blog\/wp-content\/uploads\/2025\/12\/2BDT-800Wx800H-0-1.jpg 800w\" sizes=\"auto, (max-width: 300px) 100vw, 300px\" \/><img decoding=\"async\" class=\"lp-badge\" src=\"https:\/\/www.interflora.fr\/blog\/wp-content\/uploads\/2025\/06\/logo-circle.png\" alt=\"Livraison rapide Interflora\"><\/div><span>Brass\u00e9e de tulipes multicolores<\/span><p>31.95 \u20ac<\/p><span class=\"obf-link lp-cta\" role=\"link\" tabindex=\"0\" data-b64=\"aHR0cHM6Ly93d3cuaW50ZXJmbG9yYS5mci9wL2JvdXF1ZXQtdHVsaXBlcy8xL0ZSP3V0bV9tZWRpdW09b3JnYW5pYyZ1dG1fc291cmNlPWJsb2dfcHJvZHVjdHMmdXRtX2NhbXBhaWduPTJCRFQ=\" data-target=\"_blank\"><svg xmlns=\"http:\/\/www.w3.org\/2000\/svg\" width=\"16\" height=\"16\" fill=\"currentColor\" class=\"bi bi-bag\" viewBox=\"0 0 16 16\"><path d=\"M8 1a2 2 0 0 1 2 2v1h2.5A1.5 1.5 0 0 1 14 5.5v8A1.5 1.5 0 0 1 12.5 15h-9A1.5 1.5 0 0 1 2 13.5v-8A1.5 1.5 0 0 1 3.5 3H6V2a2 2 0 0 1 2-1zm1 3V3a1 1 0 0 0-2 0v1h2z\"\/><\/svg>Voir le produit<\/span><p class=\"rapido\">Fleurs fra\u00eeches<\/p><\/div><div class=\"lp-produit\"><div class=\"lp-thumbnail-wrapper\"><img loading=\"lazy\" decoding=\"async\" width=\"300\" height=\"300\" src=\"https:\/\/www.interflora.fr\/blog\/wp-content\/uploads\/2025\/10\/2IC-800Wx800H-0-1-14-300x300.jpg\" class=\"attachment-medium size-medium wp-post-image\" alt=\"\" srcset=\"https:\/\/www.interflora.fr\/blog\/wp-content\/uploads\/2025\/10\/2IC-800Wx800H-0-1-14-300x300.jpg 300w, https:\/\/www.interflora.fr\/blog\/wp-content\/uploads\/2025\/10\/2IC-800Wx800H-0-1-14-150x150.jpg 150w, https:\/\/www.interflora.fr\/blog\/wp-content\/uploads\/2025\/10\/2IC-800Wx800H-0-1-14-768x768.jpg 768w, https:\/\/www.interflora.fr\/blog\/wp-content\/uploads\/2025\/10\/2IC-800Wx800H-0-1-14.jpg 800w\" sizes=\"auto, (max-width: 300px) 100vw, 300px\" \/><img decoding=\"async\" class=\"lp-badge\" src=\"https:\/\/www.interflora.fr\/blog\/wp-content\/uploads\/2025\/06\/logo-circle.png\" alt=\"Livraison rapide Interflora\"><\/div><span>Instant complice<\/span><p>54.95 \u20ac<\/p><span class=\"obf-link lp-cta\" role=\"link\" tabindex=\"0\" data-b64=\"aHR0cHM6Ly93d3cuaW50ZXJmbG9yYS5mci9wL2JvdXF1ZXQtaW5zdGFudC1jb21wbGljZS8xL0ZSP3V0bV9tZWRpdW09b3JnYW5pYyZ1dG1fc291cmNlPWJsb2dfcHJvZHVjdHMmdXRtX2NhbXBhaWduPTJJQw==\" data-target=\"_blank\"><svg xmlns=\"http:\/\/www.w3.org\/2000\/svg\" width=\"16\" height=\"16\" fill=\"currentColor\" class=\"bi bi-bag\" viewBox=\"0 0 16 16\"><path d=\"M8 1a2 2 0 0 1 2 2v1h2.5A1.5 1.5 0 0 1 14 5.5v8A1.5 1.5 0 0 1 12.5 15h-9A1.5 1.5 0 0 1 2 13.5v-8A1.5 1.5 0 0 1 3.5 3H6V2a2 2 0 0 1 2-1zm1 3V3a1 1 0 0 0-2 0v1h2z\"\/><\/svg>Voir le produit<\/span><p class=\"rapido\">Top produit<\/p><\/div><div class=\"lp-produit\"><div class=\"lp-thumbnail-wrapper\"><img loading=\"lazy\" decoding=\"async\" width=\"300\" height=\"300\" src=\"https:\/\/www.interflora.fr\/blog\/wp-content\/uploads\/2026\/01\/1BIFF-800Wx800H-0-1-300x300.jpg\" class=\"attachment-medium size-medium wp-post-image\" alt=\"\" srcset=\"https:\/\/www.interflora.fr\/blog\/wp-content\/uploads\/2026\/01\/1BIFF-800Wx800H-0-1-300x300.jpg 300w, https:\/\/www.interflora.fr\/blog\/wp-content\/uploads\/2026\/01\/1BIFF-800Wx800H-0-1-150x150.jpg 150w, https:\/\/www.interflora.fr\/blog\/wp-content\/uploads\/2026\/01\/1BIFF-800Wx800H-0-1-768x768.jpg 768w, https:\/\/www.interflora.fr\/blog\/wp-content\/uploads\/2026\/01\/1BIFF-800Wx800H-0-1.jpg 800w\" sizes=\"auto, (max-width: 300px) 100vw, 300px\" \/><img decoding=\"async\" class=\"lp-badge\" src=\"https:\/\/www.interflora.fr\/blog\/wp-content\/uploads\/2025\/06\/logo-circle.png\" alt=\"Livraison rapide Interflora\"><\/div><span>Mon coeur<\/span><p>39.95 \u20ac<\/p><span class=\"obf-link lp-cta\" role=\"link\" tabindex=\"0\" data-b64=\"aHR0cHM6Ly93d3cuaW50ZXJmbG9yYS5mci9wL2JvdXF1ZXQtbW9uLWNvZXVyLzEvRlI\/dXRtX21lZGl1bT1vcmdhbmljJnV0bV9zb3VyY2U9YmxvZ19wcm9kdWN0cyZ1dG1fY2FtcGFpZ249MUJJRkY=\" data-target=\"_blank\"><svg xmlns=\"http:\/\/www.w3.org\/2000\/svg\" width=\"16\" height=\"16\" fill=\"currentColor\" class=\"bi bi-bag\" viewBox=\"0 0 16 16\"><path d=\"M8 1a2 2 0 0 1 2 2v1h2.5A1.5 1.5 0 0 1 14 5.5v8A1.5 1.5 0 0 1 12.5 15h-9A1.5 1.5 0 0 1 2 13.5v-8A1.5 1.5 0 0 1 3.5 3H6V2a2 2 0 0 1 2-1zm1 3V3a1 1 0 0 0-2 0v1h2z\"\/><\/svg>Voir le produit<\/span><p class=\"rapido\">Fleurs fra\u00eeches<\/p><\/div><div class=\"lp-produit\"><div class=\"lp-thumbnail-wrapper\"><img loading=\"lazy\" decoding=\"async\" width=\"300\" height=\"300\" src=\"https:\/\/www.interflora.fr\/blog\/wp-content\/uploads\/2026\/01\/1BIU-800Wx800H-0-1-300x300.jpg\" class=\"attachment-medium size-medium wp-post-image\" alt=\"\" srcset=\"https:\/\/www.interflora.fr\/blog\/wp-content\/uploads\/2026\/01\/1BIU-800Wx800H-0-1-300x300.jpg 300w, https:\/\/www.interflora.fr\/blog\/wp-content\/uploads\/2026\/01\/1BIU-800Wx800H-0-1-150x150.jpg 150w, https:\/\/www.interflora.fr\/blog\/wp-content\/uploads\/2026\/01\/1BIU-800Wx800H-0-1-768x768.jpg 768w, https:\/\/www.interflora.fr\/blog\/wp-content\/uploads\/2026\/01\/1BIU-800Wx800H-0-1.jpg 800w\" sizes=\"auto, (max-width: 300px) 100vw, 300px\" \/><img decoding=\"async\" class=\"lp-badge\" src=\"https:\/\/www.interflora.fr\/blog\/wp-content\/uploads\/2025\/06\/logo-circle.png\" alt=\"Livraison rapide Interflora\"><\/div><span>Bisous et sa bulle d&rsquo;eau<\/span><p>41.95 \u20ac<\/p><span class=\"obf-link lp-cta\" role=\"link\" tabindex=\"0\" data-b64=\"aHR0cHM6Ly93d3cuaW50ZXJmbG9yYS5mci9wL3NhaW50LXZhbGVudGluLWplLXQtYWltZS1idWxsZS1lYXUvMS9GUj91dG1fbWVkaXVtPW9yZ2FuaWMmdXRtX3NvdXJjZT1ibG9nX3Byb2R1Y3RzJnV0bV9jYW1wYWlnbj0xQklV\" data-target=\"_blank\"><svg xmlns=\"http:\/\/www.w3.org\/2000\/svg\" width=\"16\" height=\"16\" fill=\"currentColor\" class=\"bi bi-bag\" viewBox=\"0 0 16 16\"><path d=\"M8 1a2 2 0 0 1 2 2v1h2.5A1.5 1.5 0 0 1 14 5.5v8A1.5 1.5 0 0 1 12.5 15h-9A1.5 1.5 0 0 1 2 13.5v-8A1.5 1.5 0 0 1 3.5 3H6V2a2 2 0 0 1 2-1zm1 3V3a1 1 0 0 0-2 0v1h2z\"\/><\/svg>Voir le produit<\/span><p class=\"rapido\">Fleurs fra\u00eeches<\/p><\/div><\/div>\n\n\n\n<div style=\"height:10px\" aria-hidden=\"true\" class=\"wp-block-spacer\"><\/div>\n\n\n\n<h2 class=\"wp-block-heading alignwide\">Bouquets de fleurs pour la F\u00eate des m\u00e8res : le grand classique&nbsp;<\/h2>\n\n\n\n<div class=\"wp-block-media-text alignwide is-stacked-on-mobile\" style=\"grid-template-columns:33% auto\"><figure class=\"wp-block-media-text__media\"><img loading=\"lazy\" decoding=\"async\" width=\"500\" height=\"500\" src=\"https:\/\/www.interflora.fr\/blog\/wp-content\/uploads\/offrir-un-bouquet-de-fleur-maman.jpg\" alt=\"\" class=\"wp-image-44488 size-full\"\/><\/figure><div class=\"wp-block-media-text__content\">\n<p>Si offrir un <a href=\"https:\/\/www.interflora.fr\/c\/fleurs-fete-des-meres\" target=\"_blank\" rel=\"noreferrer noopener\">bouquet de fleurs pour la F\u00eate des m\u00e8res<\/a> est un grand classique, ce n\u2019est pas par hasard&nbsp;! Les mamans p\u00e9tillantes et pleines d\u2019\u00e9nergie appr\u00e9cient souvent les <strong>bouquets<\/strong>.&nbsp;<\/p>\n\n\n\n<p>C\u2019est pourquoi les artisans fleuristes du r\u00e9seau Interflora r\u00e9inventent chaque ann\u00e9e une <strong>collection sp\u00e9ciale pour les mamans<\/strong>. Une gamme de bouquets et de compositions florales raffin\u00e9es qui s\u00e9duisent par leur sensibilit\u00e9 cr\u00e9ative et leurs couleurs chatoyantes&nbsp;!<\/p>\n\n\n\n<p>Les<strong> fleurs du printemps<\/strong> y sont le plus souvent mises \u00e0 l&rsquo;honneur&nbsp;: pivoine, rose, hortensia, gerbera, etc. Sans oublier les <strong>compositions de fleurs s\u00e9ch\u00e9es<\/strong> qui ne cessent de gagner en popularit\u00e9 chaque ann\u00e9e.&nbsp;<\/p>\n<\/div><\/div>\n\n\n\n<div style=\"height:18px\" aria-hidden=\"true\" class=\"wp-block-spacer\"><\/div>\n\n\n\n<h3 class=\"wp-block-heading alignwide\">Les fleurs fra\u00eeches pour des bouquets pleins de vitalit\u00e9<\/h3>\n\n\n\n<p>Pour la <strong>F\u00eate des m\u00e8res<\/strong>, <a href=\"https:\/\/www.interflora.fr\/c\/bouquet-pivoines\" target=\"_blank\" rel=\"noreferrer noopener\">d\u00e9couvrez nos bouquets de pivoines<\/a> emplis de po\u00e9sie et qui embaumeront la maison de votre maman. La <strong>pivoine<\/strong> est une fleur d\u2019une grande beaut\u00e9 et tr\u00e8s g\u00e9n\u00e9reuse en raison de sa taille. D\u2019ailleurs, le nom chinois de la pivoine signifie \u00ab&nbsp;la plus belle&nbsp;\u00bb des fleurs.&nbsp;<\/p>\n\n\n\n<p>Parmi les <strong>fleurs g\u00e9n\u00e9reuses<\/strong>, on compte \u00e9galement l\u2019<strong>hortensia<\/strong> dont la floraison ressemble \u00e0 une explosion de pompons. Nos <a href=\"https:\/\/www.interflora.fr\/c\/bouquet-hortensia\" target=\"_blank\" rel=\"noreferrer noopener\">bouquets d\u2019hortensias pour la F\u00eate des m\u00e8res<\/a> sauront <strong>charmer les mamans<\/strong> avec leur forme parfaitement sph\u00e9rique et leurs couleurs joyeuses.&nbsp;<\/p>\n\n\n\n<p>Les <a href=\"https:\/\/www.interflora.fr\/c\/roses\" target=\"_blank\" rel=\"noreferrer noopener\">bouquets de roses en l\u2019honneur des mamans<\/a> sont tout aussi sublimes. Monochrome ou multicolore, le choix ne manque pas pour souligner cette journ\u00e9e sp\u00e9ciale et dire \u00e0 votre <strong>maman<\/strong> combien vous pensez \u00e0 elle.&nbsp;<\/p>\n\n\n\n<p>La <strong>rose<\/strong> est une fleur que l\u2019on ne pr\u00e9sente plus, car elle est de toutes les grandes occasions&nbsp;! Cette fleur \u00e0 ce pouvoir incroyable de transmettre tous les <strong>messages venant du c\u0153ur<\/strong>. Et le jour o\u00f9 l\u2019on <strong>f\u00eate les mamans<\/strong>, elles sont parfaites pour les remercier de tout l\u2019amour et le soutien qu\u2019elles apportent \u00e0 leurs enfants.&nbsp;<\/p>\n\n\n\n<figure class=\"wp-block-gallery alignwide has-nested-images columns-default is-cropped wp-block-gallery-1 is-layout-flex wp-block-gallery-is-layout-flex\">\n<figure class=\"wp-block-image alignwide size-large\"><img loading=\"lazy\" decoding=\"async\" width=\"700\" height=\"467\" data-id=\"44490\" src=\"https:\/\/www.interflora.fr\/blog\/wp-content\/uploads\/cadeau-insolite-fete-des-meres-1.jpg\" alt=\"\" class=\"wp-image-44490\"\/><\/figure>\n\n\n\n<figure class=\"wp-block-image size-large\"><img loading=\"lazy\" decoding=\"async\" width=\"800\" height=\"450\" data-id=\"44489\" src=\"https:\/\/www.interflora.fr\/blog\/wp-content\/uploads\/floraison-pivoines.jpg\" alt=\"\" class=\"wp-image-44489\"\/><\/figure>\n<\/figure>\n\n\n\n<p><\/p>\n\n\n\n<h3 class=\"wp-block-heading alignwide\">Les fleurs s\u00e9ch\u00e9es pour des bouquets chics et champ\u00eatres&nbsp;<\/h3>\n\n\n\n<p>Les <strong>fleurs s\u00e9ch\u00e9es<\/strong> aussi peuvent \u00eatre flamboyantes et color\u00e9es. Avec le temps, nos techniques de fleuriste se sont perfectionn\u00e9es pour pr\u00e9server toute la <strong>beaut\u00e9 des plantes<\/strong> pendant leur processus de s\u00e9chage.&nbsp;<\/p>\n\n\n\n<p>Si votre maman aime collectionner les souvenirs alors un <a href=\"https:\/\/www.interflora.fr\/c\/fleurs-sechees\" target=\"_blank\" rel=\"noreferrer noopener\">bouquet de fleurs s\u00e9ch\u00e9es<\/a> pourrait lui plaire&nbsp;! Chaque <strong>bouquet <\/strong>poss\u00e8de sa propre gamme de couleurs et sa propre personnalit\u00e9&nbsp;: printanier, flamboyant, po\u00e9tique, etc. Ainsi, vous trouverez s\u00fbrement une couleur qui fera plaisir \u00e0 votre <strong>maman <\/strong>tout en s\u2019associant avec sa d\u00e9coration d\u2019int\u00e9rieur.&nbsp;<\/p>\n\n\n\n<figure class=\"wp-block-image aligncenter size-full\"><img decoding=\"async\" src=\"https:\/\/www.interflora.fr\/blog\/wp-content\/uploads\/vases-fleurs-sechees-interflora.jpg\" alt=\"\" class=\"wp-image-44201\"\/><\/figure>\n\n\n\n<p><\/p>\n\n\n\n<h2 class=\"wp-block-heading alignwide\">Rose \u00e9ternelle : une belle fa\u00e7on de dire je t\u2019aime \u00e0 sa maman<\/h2>\n\n\n\n<p>Les <a href=\"https:\/\/www.interflora.fr\/c\/roses-eternelles\" target=\"_blank\" rel=\"noreferrer noopener\">roses \u00e9ternelles<\/a> sont aussi sublimes qu\u2019\u00e9tonnantes&nbsp;! Contrairement \u00e0 ce que l\u2019on pourrait penser, ce ne sont pas des plantes artificielles, ce sont de vraies <strong>plantes naturelles<\/strong>. En effet, ce sont des <strong>roses fra\u00eeches<\/strong> qui subissent un processus de stabilisation&nbsp;: la lyophilisation.&nbsp;<\/p>\n\n\n\n<p>C\u2019est pourquoi m\u00eame si le nom de<strong> rose \u00e9ternelle<\/strong> est tr\u00e8s bien choisi, il faut savoir que ces fleurs ne durent pas pendant des d\u00e9cennies. Si vous offrez en <strong>cadeau de F\u00eate des m\u00e8res une rose \u00e9ternelle <\/strong>\u00e0 votre maman, elle pourra la garder entre 3 et 5&nbsp;ans.<\/p>\n\n\n\n<p><strong>Offrir une rose \u00e9ternelle pour la F\u00eate des m\u00e8res <\/strong>symbolise la douceur et l\u2019attachement ainsi que la tendresse et la sinc\u00e9rit\u00e9 des sentiments. Un beau message d\u2019amour qui ne laisse pas indiff\u00e9rentes les <strong>mamans&nbsp;<\/strong>!<\/p>\n\n\n<div class=\"lp-produits-grid\"><div class=\"lp-produit\"><div class=\"lp-thumbnail-wrapper\"><img loading=\"lazy\" decoding=\"async\" width=\"300\" height=\"300\" src=\"https:\/\/www.interflora.fr\/blog\/wp-content\/uploads\/2025\/05\/B2BDP-800Wx800H-0-1-300x300.jpg\" class=\"attachment-medium size-medium wp-post-image\" alt=\"\" srcset=\"https:\/\/www.interflora.fr\/blog\/wp-content\/uploads\/2025\/05\/B2BDP-800Wx800H-0-1-300x300.jpg 300w, https:\/\/www.interflora.fr\/blog\/wp-content\/uploads\/2025\/05\/B2BDP-800Wx800H-0-1-150x150.jpg 150w, https:\/\/www.interflora.fr\/blog\/wp-content\/uploads\/2025\/05\/B2BDP-800Wx800H-0-1-768x768.jpg 768w, https:\/\/www.interflora.fr\/blog\/wp-content\/uploads\/2025\/05\/B2BDP-800Wx800H-0-1.jpg 800w\" sizes=\"auto, (max-width: 300px) 100vw, 300px\" \/><img decoding=\"async\" class=\"lp-badge\" src=\"https:\/\/www.interflora.fr\/blog\/wp-content\/uploads\/2025\/06\/logo-circle.png\" alt=\"Livraison rapide Interflora\"><\/div><span>Brass\u00e9e de pivoines vari\u00e9es<\/span><p>39.95 \u20ac<\/p><span class=\"obf-link lp-cta\" role=\"link\" tabindex=\"0\" data-b64=\"aHR0cHM6Ly93d3cuaW50ZXJmbG9yYS5mci9wL2JyYXNzZWUtcGl2b2luZXMvMS9GUj91dG1fbWVkaXVtPW9yZ2FuaWMmdXRtX3NvdXJjZT1ibG9nX3Byb2R1Y3RzJnV0bV9jYW1wYWlnbj1CMkJEUA==\" data-target=\"_blank\"><svg xmlns=\"http:\/\/www.w3.org\/2000\/svg\" width=\"16\" height=\"16\" fill=\"currentColor\" class=\"bi bi-bag\" viewBox=\"0 0 16 16\"><path d=\"M8 1a2 2 0 0 1 2 2v1h2.5A1.5 1.5 0 0 1 14 5.5v8A1.5 1.5 0 0 1 12.5 15h-9A1.5 1.5 0 0 1 2 13.5v-8A1.5 1.5 0 0 1 3.5 3H6V2a2 2 0 0 1 2-1zm1 3V3a1 1 0 0 0-2 0v1h2z\"\/><\/svg>Voir le produit<\/span><p class=\"rapido\">Livraison rapide<\/p><\/div><div class=\"lp-produit\"><div class=\"lp-thumbnail-wrapper\"><img loading=\"lazy\" decoding=\"async\" width=\"300\" height=\"300\" src=\"https:\/\/www.interflora.fr\/blog\/wp-content\/uploads\/2025\/09\/2DR-800Wx800H-0-1-25-300x300.jpg\" class=\"attachment-medium size-medium wp-post-image\" alt=\"\" srcset=\"https:\/\/www.interflora.fr\/blog\/wp-content\/uploads\/2025\/09\/2DR-800Wx800H-0-1-25-300x300.jpg 300w, https:\/\/www.interflora.fr\/blog\/wp-content\/uploads\/2025\/09\/2DR-800Wx800H-0-1-25-150x150.jpg 150w, https:\/\/www.interflora.fr\/blog\/wp-content\/uploads\/2025\/09\/2DR-800Wx800H-0-1-25-768x768.jpg 768w, https:\/\/www.interflora.fr\/blog\/wp-content\/uploads\/2025\/09\/2DR-800Wx800H-0-1-25.jpg 800w\" sizes=\"auto, (max-width: 300px) 100vw, 300px\" \/><img decoding=\"async\" class=\"lp-badge\" src=\"https:\/\/www.interflora.fr\/blog\/wp-content\/uploads\/2025\/06\/logo-circle.png\" alt=\"Livraison rapide Interflora\"><\/div><span>Douce r\u00eaverie<\/span><p>39.95 \u20ac<\/p><span class=\"obf-link lp-cta\" role=\"link\" tabindex=\"0\" data-b64=\"aHR0cHM6Ly93d3cuaW50ZXJmbG9yYS5mci9wL2RvdWNlLXJldmVyaWUvMS9GUj91dG1fbWVkaXVtPW9yZ2FuaWMmdXRtX3NvdXJjZT1ibG9nX3Byb2R1Y3RzJnV0bV9jYW1wYWlnbj0yRFI=\" data-target=\"_blank\"><svg xmlns=\"http:\/\/www.w3.org\/2000\/svg\" width=\"16\" height=\"16\" fill=\"currentColor\" class=\"bi bi-bag\" viewBox=\"0 0 16 16\"><path d=\"M8 1a2 2 0 0 1 2 2v1h2.5A1.5 1.5 0 0 1 14 5.5v8A1.5 1.5 0 0 1 12.5 15h-9A1.5 1.5 0 0 1 2 13.5v-8A1.5 1.5 0 0 1 3.5 3H6V2a2 2 0 0 1 2-1zm1 3V3a1 1 0 0 0-2 0v1h2z\"\/><\/svg>Voir le produit<\/span><p class=\"rapido\">Top produit<\/p><\/div><div class=\"lp-produit\"><div class=\"lp-thumbnail-wrapper\"><img loading=\"lazy\" decoding=\"async\" width=\"300\" height=\"300\" src=\"https:\/\/www.interflora.fr\/blog\/wp-content\/uploads\/2026\/04\/3RER-800Wx800H-0-1-300x300.jpg\" class=\"attachment-medium size-medium wp-post-image\" alt=\"\" srcset=\"https:\/\/www.interflora.fr\/blog\/wp-content\/uploads\/2026\/04\/3RER-800Wx800H-0-1-300x300.jpg 300w, https:\/\/www.interflora.fr\/blog\/wp-content\/uploads\/2026\/04\/3RER-800Wx800H-0-1-150x150.jpg 150w, https:\/\/www.interflora.fr\/blog\/wp-content\/uploads\/2026\/04\/3RER-800Wx800H-0-1-768x768.jpg 768w, https:\/\/www.interflora.fr\/blog\/wp-content\/uploads\/2026\/04\/3RER-800Wx800H-0-1.jpg 800w\" sizes=\"auto, (max-width: 300px) 100vw, 300px\" \/><img decoding=\"async\" class=\"lp-badge\" src=\"https:\/\/www.interflora.fr\/blog\/wp-content\/uploads\/2025\/06\/logo-circle.png\" alt=\"Livraison rapide Interflora\"><\/div><span>Composition rose \u00e9ternelle rouge<\/span><p>36.95 \u20ac<\/p><span class=\"obf-link lp-cta\" role=\"link\" tabindex=\"0\" data-b64=\"aHR0cHM6Ly93d3cuaW50ZXJmbG9yYS5mci9wL2NvbXBvc2l0aW9uLXJvc2UtZXRlcm5lbGxlLXJvdWdlLzAvRlI\/dXRtX21lZGl1bT1vcmdhbmljJnV0bV9zb3VyY2U9YmxvZ19wcm9kdWN0cyZ1dG1fY2FtcGFpZ249M1JFUg==\" data-target=\"_blank\"><svg xmlns=\"http:\/\/www.w3.org\/2000\/svg\" width=\"16\" height=\"16\" fill=\"currentColor\" class=\"bi bi-bag\" viewBox=\"0 0 16 16\"><path d=\"M8 1a2 2 0 0 1 2 2v1h2.5A1.5 1.5 0 0 1 14 5.5v8A1.5 1.5 0 0 1 12.5 15h-9A1.5 1.5 0 0 1 2 13.5v-8A1.5 1.5 0 0 1 3.5 3H6V2a2 2 0 0 1 2-1zm1 3V3a1 1 0 0 0-2 0v1h2z\"\/><\/svg>Voir le produit<\/span><p class=\"rapido\">Livraison rapide<\/p><\/div><div class=\"lp-produit\"><div class=\"lp-thumbnail-wrapper\"><img loading=\"lazy\" decoding=\"async\" width=\"300\" height=\"300\" src=\"https:\/\/www.interflora.fr\/blog\/wp-content\/uploads\/2025\/10\/2IC-800Wx800H-0-1-14-300x300.jpg\" class=\"attachment-medium size-medium wp-post-image\" alt=\"\" srcset=\"https:\/\/www.interflora.fr\/blog\/wp-content\/uploads\/2025\/10\/2IC-800Wx800H-0-1-14-300x300.jpg 300w, https:\/\/www.interflora.fr\/blog\/wp-content\/uploads\/2025\/10\/2IC-800Wx800H-0-1-14-150x150.jpg 150w, https:\/\/www.interflora.fr\/blog\/wp-content\/uploads\/2025\/10\/2IC-800Wx800H-0-1-14-768x768.jpg 768w, https:\/\/www.interflora.fr\/blog\/wp-content\/uploads\/2025\/10\/2IC-800Wx800H-0-1-14.jpg 800w\" sizes=\"auto, (max-width: 300px) 100vw, 300px\" \/><img decoding=\"async\" class=\"lp-badge\" src=\"https:\/\/www.interflora.fr\/blog\/wp-content\/uploads\/2025\/06\/logo-circle.png\" alt=\"Livraison rapide Interflora\"><\/div><span>Instant complice<\/span><p>54.95 \u20ac<\/p><span class=\"obf-link lp-cta\" role=\"link\" tabindex=\"0\" data-b64=\"aHR0cHM6Ly93d3cuaW50ZXJmbG9yYS5mci9wL2JvdXF1ZXQtaW5zdGFudC1jb21wbGljZS8xL0ZSP3V0bV9tZWRpdW09b3JnYW5pYyZ1dG1fc291cmNlPWJsb2dfcHJvZHVjdHMmdXRtX2NhbXBhaWduPTJJQw==\" data-target=\"_blank\"><svg xmlns=\"http:\/\/www.w3.org\/2000\/svg\" width=\"16\" height=\"16\" fill=\"currentColor\" class=\"bi bi-bag\" viewBox=\"0 0 16 16\"><path d=\"M8 1a2 2 0 0 1 2 2v1h2.5A1.5 1.5 0 0 1 14 5.5v8A1.5 1.5 0 0 1 12.5 15h-9A1.5 1.5 0 0 1 2 13.5v-8A1.5 1.5 0 0 1 3.5 3H6V2a2 2 0 0 1 2-1zm1 3V3a1 1 0 0 0-2 0v1h2z\"\/><\/svg>Voir le produit<\/span><p class=\"rapido\">Fleurs fra\u00eeches<\/p><\/div><\/div>\n\n\n\n<div style=\"height:18px\" aria-hidden=\"true\" class=\"wp-block-spacer\"><\/div>\n\n\n\n<h2 class=\"wp-block-heading alignwide\">Plantes fleuries&nbsp;: des cadeaux de F\u00eate des m\u00e8res qui durent longtemps<\/h2>\n\n\n\n<p>Une <strong>plante est un cadeau de F\u00eate des m\u00e8res<\/strong> id\u00e9al pour les mamans qui aiment la nature. Selon l&rsquo;esp\u00e8ce de plantes que vous choisirez, votre <strong>maman<\/strong> pourra d\u00e9corer son int\u00e9rieur ou la replanter au jardin. Les arbustes fleuris comme les <strong>rosiers<\/strong> et les <strong>azal\u00e9es<\/strong> sont particuli\u00e8rement pris\u00e9s lors de la <strong>F\u00eate des m\u00e8res<\/strong>.&nbsp;<\/p>\n\n\n\n<p>L\u2019<strong>azal\u00e9e<\/strong> en pot se pla\u00eet parfaitement en int\u00e9rieur comme en ext\u00e9rieur. Une <strong>azal\u00e9e<\/strong> peut fleurir entre 3 et 4 mois. Elle offrant ainsi un spectacle de toute beaut\u00e9 avec ses fleurs d\u00e9licates souvent de couleurs chaudes&nbsp;: jaune, rouge, rose, orange, etc.&nbsp;<\/p>\n\n\n\n<p>Si la plupart des <strong>rosiers<\/strong> se cultivent \u00e0 l\u2019ext\u00e9rieur, certaines vari\u00e9t\u00e9s sont parfaitement adapt\u00e9es \u00e0 l&rsquo;int\u00e9rieur. Et un <strong>rosier<\/strong> en pot est une excellente<strong> id\u00e9e cadeau pour la F\u00eates des m\u00e8res<\/strong> puisque la rose est la fleur id\u00e9ale pour transmettre des sentiments profonds.&nbsp;<\/p>\n\n\n\n<p>L&rsquo;<strong>orchid\u00e9e<\/strong> et le <strong>diplad\u00e9nia<\/strong> sont deux autres plantes qui ont le chic pour ravir les mamans qui aiment les fleurs spectaculaires.&nbsp;&nbsp;<\/p>\n\n\n\n<p>L\u2019<a href=\"https:\/\/www.interflora.fr\/c\/plantes\/orchidees\" target=\"_blank\" rel=\"noreferrer noopener\">orchid\u00e9e est une plante exotique<\/a> qui est parfaitement adapt\u00e9e \u00e0 la culture en pot dans nos int\u00e9rieurs. Des vari\u00e9t\u00e9s comme l\u2019<strong>orchid\u00e9e phalaenopsis<\/strong> et l\u2019<strong>orchid\u00e9e bambou<\/strong> sont faciles d\u2019entretien et elles ne demanderont pas trop de soins.<\/p>\n\n\n\n<p>Le <strong>diplad\u00e9nia<\/strong> est une plante grimpante qui appr\u00e9cie la chaleur et le soleil. Il est particuli\u00e8rement bien adapt\u00e9 aux r\u00e9gions ensoleill\u00e9es ou aux habitations qui disposent d\u2019une v\u00e9randa.&nbsp;<\/p>\n\n\n\n<figure class=\"wp-block-gallery has-nested-images columns-default is-cropped wp-block-gallery-2 is-layout-flex wp-block-gallery-is-layout-flex\">\n<figure class=\"wp-block-image size-large\"><img decoding=\"async\" data-id=\"44209\" src=\"https:\/\/www.interflora.fr\/blog\/wp-content\/uploads\/composition-fete-des-meres.jpg\" alt=\"Composition f\u00eate des m\u00e8res\" class=\"wp-image-44209\"\/><\/figure>\n\n\n\n<figure class=\"wp-block-image size-large\"><img decoding=\"async\" data-id=\"44166\" src=\"https:\/\/www.interflora.fr\/blog\/wp-content\/uploads\/pivoine-en-pot-1024x1024.jpg\" alt=\"Pivoine en pot sur une table\" class=\"wp-image-44166\"\/><\/figure>\n<\/figure>\n\n\n\n<div style=\"height:18px\" aria-hidden=\"true\" class=\"wp-block-spacer\"><\/div>\n\n\n\n<h2 class=\"wp-block-heading alignwide\">Cadeaux de F\u00eate des m\u00e8res gourmands&nbsp;: les chocolats et macarons&nbsp;<\/h2>\n\n\n\n<p>Le <strong>chocolat est un cadeau pour la F\u00eate des m\u00e8res<\/strong> aussi pr\u00e9cieux qu\u2019une jolie bo\u00eete de macarons. En effet, ces deux gourmandises ont l\u2019art de r\u00e9veiller les plus gourmandes des <strong>mamans<\/strong>. \u00c0 chaque bouch\u00e9e s&rsquo;ensuit une explosion de saveurs. De quoi mettre en \u00e9veil les papilles et les palais les plus exigeants.<\/p>\n\n\n\n<p>S\u2019il est facile \u00e0 notre \u00e9poque de trouver du <strong>chocolat<\/strong> en tablette, il n\u2019en a pas toujours \u00e9t\u00e9 ainsi. Lorsqu&rsquo;il a \u00e9t\u00e9 d\u00e9couvert en Am\u00e9rique du Sud, c&rsquo;\u00e9tait une denr\u00e9e particuli\u00e8rement pr\u00e9cieuse. Malgr\u00e9 sa d\u00e9mocratisation, le <strong>chocolat<\/strong> a su garder ce caract\u00e8re pr\u00e9cieux gr\u00e2ce \u00e0 la confection artisanale de <strong>coffrets de chocolats<\/strong>.&nbsp;<\/p>\n\n\n\n<p><strong>Offrir un coffret de chocolats ou de macarons <\/strong>est une superbe id\u00e9e pour toute personne tenant une place sp\u00e9ciale dans votre vie et en toute occasion&nbsp;!&nbsp;<\/p>\n\n\n\n<p>Et pour parfaire votre cadeau pourquoi ne pas le personnaliser avec une jolie carte ou un <a href=\"https:\/\/www.interflora.fr\/blog\/poemes-fete-des-meres\/\" target=\"_blank\" rel=\"noreferrer noopener\">po\u00e8me pour la F\u00eate des m\u00e8res<\/a>&nbsp;?&nbsp;<\/p>\n\n\n\n<p>Profitez \u00e9galement de la<strong> livraison rapide<\/strong>, m\u00eame le dimanche de la F\u00eate des m\u00e8res. Votre cadeau sera ainsi livr\u00e9 directement au domicile de votre maman. La livraison \u00e0 l\u2019avantage de vous faire gagner du temps. De plus, elle ne manquera pas de <strong>surprendre votre maman<\/strong> de la plus belle des fa\u00e7ons !&nbsp;<\/p>\n\n\n<div class=\"lp-produits-grid\"><div class=\"lp-produit\"><div class=\"lp-thumbnail-wrapper\"><img loading=\"lazy\" decoding=\"async\" width=\"300\" height=\"300\" src=\"https:\/\/www.interflora.fr\/blog\/wp-content\/uploads\/2026\/01\/1BIU-800Wx800H-0-1-300x300.jpg\" class=\"attachment-medium size-medium wp-post-image\" alt=\"\" srcset=\"https:\/\/www.interflora.fr\/blog\/wp-content\/uploads\/2026\/01\/1BIU-800Wx800H-0-1-300x300.jpg 300w, https:\/\/www.interflora.fr\/blog\/wp-content\/uploads\/2026\/01\/1BIU-800Wx800H-0-1-150x150.jpg 150w, https:\/\/www.interflora.fr\/blog\/wp-content\/uploads\/2026\/01\/1BIU-800Wx800H-0-1-768x768.jpg 768w, https:\/\/www.interflora.fr\/blog\/wp-content\/uploads\/2026\/01\/1BIU-800Wx800H-0-1.jpg 800w\" sizes=\"auto, (max-width: 300px) 100vw, 300px\" \/><img decoding=\"async\" class=\"lp-badge\" src=\"https:\/\/www.interflora.fr\/blog\/wp-content\/uploads\/2025\/06\/logo-circle.png\" alt=\"Livraison rapide Interflora\"><\/div><span>Bisous et sa bulle d&rsquo;eau<\/span><p>41.95 \u20ac<\/p><span class=\"obf-link lp-cta\" role=\"link\" tabindex=\"0\" data-b64=\"aHR0cHM6Ly93d3cuaW50ZXJmbG9yYS5mci9wL3NhaW50LXZhbGVudGluLWplLXQtYWltZS1idWxsZS1lYXUvMS9GUj91dG1fbWVkaXVtPW9yZ2FuaWMmdXRtX3NvdXJjZT1ibG9nX3Byb2R1Y3RzJnV0bV9jYW1wYWlnbj0xQklV\" data-target=\"_blank\"><svg xmlns=\"http:\/\/www.w3.org\/2000\/svg\" width=\"16\" height=\"16\" fill=\"currentColor\" class=\"bi bi-bag\" viewBox=\"0 0 16 16\"><path d=\"M8 1a2 2 0 0 1 2 2v1h2.5A1.5 1.5 0 0 1 14 5.5v8A1.5 1.5 0 0 1 12.5 15h-9A1.5 1.5 0 0 1 2 13.5v-8A1.5 1.5 0 0 1 3.5 3H6V2a2 2 0 0 1 2-1zm1 3V3a1 1 0 0 0-2 0v1h2z\"\/><\/svg>Voir le produit<\/span><p class=\"rapido\">Fleurs fra\u00eeches<\/p><\/div><div class=\"lp-produit\"><div class=\"lp-thumbnail-wrapper\"><img loading=\"lazy\" decoding=\"async\" width=\"300\" height=\"300\" src=\"https:\/\/www.interflora.fr\/blog\/wp-content\/uploads\/2025\/05\/1AFO-800Wx800H-0-1-25-300x300.jpg\" class=\"attachment-medium size-medium wp-post-image\" alt=\"\" srcset=\"https:\/\/www.interflora.fr\/blog\/wp-content\/uploads\/2025\/05\/1AFO-800Wx800H-0-1-25-300x300.jpg 300w, https:\/\/www.interflora.fr\/blog\/wp-content\/uploads\/2025\/05\/1AFO-800Wx800H-0-1-25-150x150.jpg 150w, https:\/\/www.interflora.fr\/blog\/wp-content\/uploads\/2025\/05\/1AFO-800Wx800H-0-1-25-768x768.jpg 768w, https:\/\/www.interflora.fr\/blog\/wp-content\/uploads\/2025\/05\/1AFO-800Wx800H-0-1-25.jpg 800w\" sizes=\"auto, (max-width: 300px) 100vw, 300px\" \/><img decoding=\"async\" class=\"lp-badge\" src=\"https:\/\/www.interflora.fr\/blog\/wp-content\/uploads\/2025\/06\/logo-circle.png\" alt=\"Livraison rapide Interflora\"><\/div><span>Grandes roses sur-mesure<\/span><p>59.95 \u20ac<\/p><span class=\"obf-link lp-cta\" role=\"link\" tabindex=\"0\" data-b64=\"aHR0cHM6Ly93d3cuaW50ZXJmbG9yYS5mci9wL3Jvc2VzLWEtbGEtZm9saWUvNi9GUj91dG1fbWVkaXVtPW9yZ2FuaWMmdXRtX3NvdXJjZT1ibG9nX3Byb2R1Y3RzJnV0bV9jYW1wYWlnbj0xQUZP\" data-target=\"_blank\"><svg xmlns=\"http:\/\/www.w3.org\/2000\/svg\" width=\"16\" height=\"16\" fill=\"currentColor\" class=\"bi bi-bag\" viewBox=\"0 0 16 16\"><path d=\"M8 1a2 2 0 0 1 2 2v1h2.5A1.5 1.5 0 0 1 14 5.5v8A1.5 1.5 0 0 1 12.5 15h-9A1.5 1.5 0 0 1 2 13.5v-8A1.5 1.5 0 0 1 3.5 3H6V2a2 2 0 0 1 2-1zm1 3V3a1 1 0 0 0-2 0v1h2z\"\/><\/svg>Voir le produit<\/span><p class=\"rapido\">Fleurs fra\u00eeches<\/p><\/div><div class=\"lp-produit\"><div class=\"lp-thumbnail-wrapper\"><img loading=\"lazy\" decoding=\"async\" width=\"300\" height=\"300\" src=\"https:\/\/www.interflora.fr\/blog\/wp-content\/uploads\/2025\/09\/2DP-800Wx800H-0-1-25-300x300.jpg\" class=\"attachment-medium size-medium wp-post-image\" alt=\"\" srcset=\"https:\/\/www.interflora.fr\/blog\/wp-content\/uploads\/2025\/09\/2DP-800Wx800H-0-1-25-300x300.jpg 300w, https:\/\/www.interflora.fr\/blog\/wp-content\/uploads\/2025\/09\/2DP-800Wx800H-0-1-25-150x150.jpg 150w, https:\/\/www.interflora.fr\/blog\/wp-content\/uploads\/2025\/09\/2DP-800Wx800H-0-1-25-768x768.jpg 768w, https:\/\/www.interflora.fr\/blog\/wp-content\/uploads\/2025\/09\/2DP-800Wx800H-0-1-25.jpg 800w\" sizes=\"auto, (max-width: 300px) 100vw, 300px\" \/><img decoding=\"async\" class=\"lp-badge\" src=\"https:\/\/www.interflora.fr\/blog\/wp-content\/uploads\/2025\/06\/logo-circle.png\" alt=\"Livraison rapide Interflora\"><\/div><span>Douceur poudr\u00e9e<\/span><p>31.95 \u20ac<\/p><span class=\"obf-link lp-cta\" role=\"link\" tabindex=\"0\" data-b64=\"aHR0cHM6Ly93d3cuaW50ZXJmbG9yYS5mci9wL2RvdWNldXItcG91ZHJlZS8xL0ZSP3V0bV9tZWRpdW09b3JnYW5pYyZ1dG1fc291cmNlPWJsb2dfcHJvZHVjdHMmdXRtX2NhbXBhaWduPTJEUA==\" data-target=\"_blank\"><svg xmlns=\"http:\/\/www.w3.org\/2000\/svg\" width=\"16\" height=\"16\" fill=\"currentColor\" class=\"bi bi-bag\" viewBox=\"0 0 16 16\"><path d=\"M8 1a2 2 0 0 1 2 2v1h2.5A1.5 1.5 0 0 1 14 5.5v8A1.5 1.5 0 0 1 12.5 15h-9A1.5 1.5 0 0 1 2 13.5v-8A1.5 1.5 0 0 1 3.5 3H6V2a2 2 0 0 1 2-1zm1 3V3a1 1 0 0 0-2 0v1h2z\"\/><\/svg>Voir le produit<\/span><p class=\"rapido\">Top produit<\/p><\/div><div class=\"lp-produit\"><div class=\"lp-thumbnail-wrapper\"><img loading=\"lazy\" decoding=\"async\" width=\"300\" height=\"300\" src=\"https:\/\/www.interflora.fr\/blog\/wp-content\/uploads\/2025\/05\/2TUFR-800Wx800H-0-1-25-300x300.jpg\" class=\"attachment-medium size-medium wp-post-image\" alt=\"\" srcset=\"https:\/\/www.interflora.fr\/blog\/wp-content\/uploads\/2025\/05\/2TUFR-800Wx800H-0-1-25-300x300.jpg 300w, https:\/\/www.interflora.fr\/blog\/wp-content\/uploads\/2025\/05\/2TUFR-800Wx800H-0-1-25-150x150.jpg 150w, https:\/\/www.interflora.fr\/blog\/wp-content\/uploads\/2025\/05\/2TUFR-800Wx800H-0-1-25-768x768.jpg 768w, https:\/\/www.interflora.fr\/blog\/wp-content\/uploads\/2025\/05\/2TUFR-800Wx800H-0-1-25.jpg 800w\" sizes=\"auto, (max-width: 300px) 100vw, 300px\" \/><img decoding=\"async\" class=\"lp-badge\" src=\"https:\/\/www.interflora.fr\/blog\/wp-content\/uploads\/2025\/06\/logo-circle.png\" alt=\"Livraison rapide Interflora\"><\/div><span>Tutti frutti<\/span><p>44.95 \u20ac<\/p><span class=\"obf-link lp-cta\" role=\"link\" tabindex=\"0\" data-b64=\"aHR0cHM6Ly93d3cuaW50ZXJmbG9yYS5mci9wL2JvdXF1ZXQtZmxldXJzLXR1dHRpLWZydXR0aS8xL0ZSP3V0bV9tZWRpdW09b3JnYW5pYyZ1dG1fc291cmNlPWJsb2dfcHJvZHVjdHMmdXRtX2NhbXBhaWduPTJUVUZS\" data-target=\"_blank\"><svg xmlns=\"http:\/\/www.w3.org\/2000\/svg\" width=\"16\" height=\"16\" fill=\"currentColor\" class=\"bi bi-bag\" viewBox=\"0 0 16 16\"><path d=\"M8 1a2 2 0 0 1 2 2v1h2.5A1.5 1.5 0 0 1 14 5.5v8A1.5 1.5 0 0 1 12.5 15h-9A1.5 1.5 0 0 1 2 13.5v-8A1.5 1.5 0 0 1 3.5 3H6V2a2 2 0 0 1 2-1zm1 3V3a1 1 0 0 0-2 0v1h2z\"\/><\/svg>Voir le produit<\/span><p class=\"rapido\">Livraison rapide<\/p><\/div><\/div>\n","protected":false},"excerpt":{"rendered":"<p>Vous demandez-vous quel cadeau ou quelles fleurs offrir \u00e0 votre maman&nbsp;? Les mamans sont toutes diff\u00e9rentes et elles m\u00e9ritent toutes [&hellip;]<\/p>\n","protected":false},"author":1,"featured_media":44486,"comment_status":"open","ping_status":"closed","sticky":false,"template":"","format":"standard","meta":{"_uag_custom_page_level_css":"","site-sidebar-layout":"default","site-content-layout":"","ast-site-content-layout":"default","site-content-style":"default","site-sidebar-style":"default","ast-global-header-display":"","ast-banner-title-visibility":"","ast-main-header-display":"","ast-hfb-above-header-display":"","ast-hfb-below-header-display":"","ast-hfb-mobile-header-display":"","site-post-title":"","ast-breadcrumbs-content":"","ast-featured-img":"","footer-sml-layout":"","ast-disable-related-posts":"","theme-transparent-header-meta":"","adv-header-id-meta":"","stick-header-meta":"","header-above-stick-meta":"","header-main-stick-meta":"","header-below-stick-meta":"","astra-migrate-meta-layouts":"set","ast-page-background-enabled":"default","ast-page-background-meta":{"desktop":{"background-color":"var(--ast-global-color-5)","background-image":"","background-repeat":"repeat","background-position":"center center","background-size":"auto","background-attachment":"scroll","background-type":"","background-media":"","overlay-type":"","overlay-color":"","overlay-opacity":"","overlay-gradient":""},"tablet":{"background-color":"","background-image":"","background-repeat":"repeat","background-position":"center center","background-size":"auto","background-attachment":"scroll","background-type":"","background-media":"","overlay-type":"","overlay-color":"","overlay-opacity":"","overlay-gradient":""},"mobile":{"background-color":"","background-image":"","background-repeat":"repeat","background-position":"center center","background-size":"auto","background-attachment":"scroll","background-type":"","background-media":"","overlay-type":"","overlay-color":"","overlay-opacity":"","overlay-gradient":""}},"ast-content-background-meta":{"desktop":{"background-color":"var(--ast-global-color-4)","background-image":"","background-repeat":"repeat","background-position":"center center","background-size":"auto","background-attachment":"scroll","background-type":"","background-media":"","overlay-type":"","overlay-color":"","overlay-opacity":"","overlay-gradient":""},"tablet":{"background-color":"var(--ast-global-color-4)","background-image":"","background-repeat":"repeat","background-position":"center center","background-size":"auto","background-attachment":"scroll","background-type":"","background-media":"","overlay-type":"","overlay-color":"","overlay-opacity":"","overlay-gradient":""},"mobile":{"background-color":"var(--ast-global-color-4)","background-image":"","background-repeat":"repeat","background-position":"center center","background-size":"auto","background-attachment":"scroll","background-type":"","background-media":"","overlay-type":"","overlay-color":"","overlay-opacity":"","overlay-gradient":""}},"footnotes":""},"categories":[176,177],"tags":[178],"class_list":["post-11511","post","type-post","status-publish","format-standard","has-post-thumbnail","hentry","category-evenements","category-fete-des-meres","tag-fete-des-meres"],"uagb_featured_image_src":{"full":["https:\/\/www.interflora.fr\/blog\/wp-content\/uploads\/2024\/05\/idees-cadeaux-fete-des-meres.jpg",1000,666,false],"thumbnail":["https:\/\/www.interflora.fr\/blog\/wp-content\/uploads\/2024\/05\/idees-cadeaux-fete-des-meres-150x150.jpg",150,150,true],"medium":["https:\/\/www.interflora.fr\/blog\/wp-content\/uploads\/2024\/05\/idees-cadeaux-fete-des-meres-300x200.jpg",300,200,true],"medium_large":["https:\/\/www.interflora.fr\/blog\/wp-content\/uploads\/2024\/05\/idees-cadeaux-fete-des-meres-768x511.jpg",768,511,true],"large":["https:\/\/www.interflora.fr\/blog\/wp-content\/uploads\/2024\/05\/idees-cadeaux-fete-des-meres.jpg",1000,666,false],"1536x1536":["https:\/\/www.interflora.fr\/blog\/wp-content\/uploads\/2024\/05\/idees-cadeaux-fete-des-meres.jpg",1000,666,false],"2048x2048":["https:\/\/www.interflora.fr\/blog\/wp-content\/uploads\/2024\/05\/idees-cadeaux-fete-des-meres.jpg",1000,666,false]},"uagb_author_info":{"display_name":"admin","author_link":"https:\/\/www.interflora.fr\/blog\/author\/admin\/"},"uagb_comment_info":11,"uagb_excerpt":"Vous demandez-vous quel cadeau ou quelles fleurs offrir \u00e0 votre maman&nbsp;? Les mamans sont toutes diff\u00e9rentes et elles m\u00e9ritent toutes [&hellip;]","yoast_meta":{"title":"Notre guide cadeau pour la F\u00eate des m\u00e8res | Interflora","description":"De la livraison d\u2019un bouquet de fleurs \u00e0 un coffret cadeau, voici nos id\u00e9es cadeaux pour cr\u00e9er la surprise lors de la F\u00eate des m\u00e8res."},"_links":{"self":[{"href":"https:\/\/www.interflora.fr\/blog\/wp-json\/wp\/v2\/posts\/11511","targetHints":{"allow":["GET"]}}],"collection":[{"href":"https:\/\/www.interflora.fr\/blog\/wp-json\/wp\/v2\/posts"}],"about":[{"href":"https:\/\/www.interflora.fr\/blog\/wp-json\/wp\/v2\/types\/post"}],"author":[{"embeddable":true,"href":"https:\/\/www.interflora.fr\/blog\/wp-json\/wp\/v2\/users\/1"}],"replies":[{"embeddable":true,"href":"https:\/\/www.interflora.fr\/blog\/wp-json\/wp\/v2\/comments?post=11511"}],"version-history":[{"count":0,"href":"https:\/\/www.interflora.fr\/blog\/wp-json\/wp\/v2\/posts\/11511\/revisions"}],"wp:featuredmedia":[{"embeddable":true,"href":"https:\/\/www.interflora.fr\/blog\/wp-json\/wp\/v2\/media\/44486"}],"wp:attachment":[{"href":"https:\/\/www.interflora.fr\/blog\/wp-json\/wp\/v2\/media?parent=11511"}],"wp:term":[{"taxonomy":"category","embeddable":true,"href":"https:\/\/www.interflora.fr\/blog\/wp-json\/wp\/v2\/categories?post=11511"},{"taxonomy":"post_tag","embeddable":true,"href":"https:\/\/www.interflora.fr\/blog\/wp-json\/wp\/v2\/tags?post=11511"}],"curies":[{"name":"wp","href":"https:\/\/api.w.org\/{rel}","templated":true}]}}