{"id":11466,"date":"2017-07-15T16:33:10","date_gmt":"2017-07-15T14:33:10","guid":{"rendered":"http:\/\/www.interflora.fr\/blog\/?p=11466"},"modified":"2025-06-26T12:17:30","modified_gmt":"2025-06-26T10:17:30","slug":"roxane-maffre-un-talent-prometteur","status":"publish","type":"post","link":"https:\/\/www.interflora.fr\/blog\/roxane-maffre-un-talent-prometteur\/","title":{"rendered":"Roxane Maffre : un talent prometteur"},"content":{"rendered":"<p><strong>Lorsqu\u2019elle \u00e9tait enfant, Roxane Maffre jouait dans la boutique de fleurs de sa maman. Un magasin qu\u2019elle dirige aujourd\u2019hui \u00e0 Mazamet, dans le d\u00e9partement du Tarn : Capucine Fleurs. C\u2019est le parcours d\u2019une jeune fleuriste au talent prometteur qui, apr\u00e8s avoir remport\u00e9 des concours floraux au niveau national, a int\u00e9gr\u00e9 le Coll\u00e8ge d\u2019Art Floral Interflora.<\/strong><\/p>\n<figure id=\"attachment_11469\" aria-describedby=\"caption-attachment-11469\" style=\"width: 250px\" class=\"wp-caption alignright\"><img loading=\"lazy\" decoding=\"async\" class=\"size-full wp-image-11469\" title=\"Roxane Maffre\" src=\"\/\/www.interflora.fr\/blog\/wp-content\/uploads\/2014\/04\/Roxane-Maffre-2.jpg\" alt=\"Roxane Maffre\" width=\"250\" height=\"250\" \/><figcaption id=\"caption-attachment-11469\" class=\"wp-caption-text\">\u00ab\u00a0J\u2019esp\u00e8re participer au concours<br \/>du Meilleur Ouvrier de France\u2026<br \/>Et je compte bien le remporter !\u00a0\u00bb<\/figcaption><\/figure>\n<p><strong>&#8211; Comment \u00eates-vous devenue fleuriste ?<\/strong><br \/>\n<strong>Roxane Maffre<\/strong> : J\u2019ai \u00e9t\u00e9 influenc\u00e9e par mon milieu familial, avec une maman fleuriste et un papa grossiste en fleurs. J\u2019ai tout de suite \u00e9t\u00e9 attir\u00e9e par cet environnement. Apr\u00e8s le coll\u00e8ge, j\u2019ai suivi des \u00e9tudes d\u2019apprentissage dans la fleur et me suis form\u00e9e dans plusieurs \u00e9tablissements avant de revenir \u00e0 la maison familiale et participer \u00e0 des concours nationaux.<\/p>\n<p><strong>&#8211; Votre vocation est donc n\u00e9e tr\u00e8s t\u00f4t ?<\/strong><br \/>\nToute petite, d\u00e9j\u00e0, j\u2019aimais les bouquets. J\u2019aidais ma m\u00e8re au magasin et elle me donnait des petits blocs o\u00f9 je m\u2019amusais \u00e0 piquer des fleurs. J\u2019adorais voir mon p\u00e8re d\u00e9charger le camion de livraison et voir toutes ces fleurs et ces couleurs. C\u2019est le terreau dans lequel j\u2019ai pouss\u00e9\u2026 Je n\u2019avais que 5 ans et je m\u2019essayais d\u00e9j\u00e0 au m\u00e9tier de fleuriste.<\/p>\n<p><strong>&#8211; Si vous deviez choisir un moment important de votre carri\u00e8re ?<\/strong><br \/>\nLa m\u00e9daille d\u2019or que j\u2019ai re\u00e7ue lors de la Coupe de France des fleuristes 2012-2013 ! Un moment tr\u00e8s intense, plein d\u2019\u00e9motions, avec un sentiment de satisfaction d\u2019\u00eatre arriv\u00e9e jusque-l\u00e0 gr\u00e2ce \u00e0 mon travail et ma t\u00e9nacit\u00e9.<\/p>\n<p><strong>&#8211; Vous dirigez aujourd\u2019hui le magasin Capucine Fleurs, \u00e0 Mazamet\u2026<\/strong><br \/>\nCapucine Fleurs existe depuis 1978. Ce magasin appartenait \u00e0 ma m\u00e8re. J\u2019en suis aujourd\u2019hui la patronne et je g\u00e8re le magasin avec mes deux employ\u00e9s et mes deux apprentis.<\/p>\n<p><strong>&#8211; Vous \u0153uvrez \u00e9galement au sein du Coll\u00e8ge d\u2019Art Floral Interflora ?<\/strong><br \/>\nJ\u2019ai int\u00e9gr\u00e9 le coll\u00e8ge apr\u00e8s avoir remport\u00e9 plusieurs concours, comme l\u2019Oscar des jeunes fleuristes, la Coupe Espoir Interflora ou la Coupe de France. Je participe aujourd\u2019hui aux s\u00e9minaires organis\u00e9s par le coll\u00e8ge et je travaille la cr\u00e9ation et les nouvelles tendances florales.<\/p>\n<p><strong>&#8211; Vous pouvez donc d\u00e9sormais tout r\u00e9aliser en mati\u00e8re de cr\u00e9ation florale ?<\/strong><br \/>\nUn jour, un client m\u2019a demand\u00e9 de r\u00e9aliser une structure florale plut\u00f4t insolite pour une dame qui aimait la musique. Il a mis \u00e0 ma disposition un saxophone, un violon, un accord\u00e9on, une trompette de troubadour, de vieux \u00e9tuis, des partitions et des cahiers de chansons d\u2019op\u00e9ra\u2026 Il m\u2019a fallu cr\u00e9er une composition esth\u00e9tique en y associant des plantes et des fleurs !<\/p>\n<figure id=\"attachment_11468\" aria-describedby=\"caption-attachment-11468\" style=\"width: 250px\" class=\"wp-caption alignleft\"><img loading=\"lazy\" decoding=\"async\" class=\"size-full wp-image-11468\" title=\"Roxane Maffre\" src=\"\/\/www.interflora.fr\/blog\/wp-content\/uploads\/2014\/04\/Roxane-Maffre-4.jpg\" alt=\"Roxane Maffre\" width=\"250\" height=\"173\" \/><figcaption id=\"caption-attachment-11468\" class=\"wp-caption-text\">Portrait d\u2019une jeune femme<br \/>pour qui la technique de la fleur<br \/>est un art.<\/figcaption><\/figure>\n<p><strong>&#8211; Quels sont vos projets pour l\u2019avenir ?<\/strong><br \/>\nAu niveau professionnel, j\u2019esp\u00e8re participer au concours du Meilleur Ouvrier de France\u2026 Et je compte bien le remporter ! Il est \u00e9galement important pour moi de profiter de ma famille, mon mari et mes deux enfants, et de r\u00e9server du temps \u00e0 des activit\u00e9s qui me permettent d\u2019exprimer ma cr\u00e9ativit\u00e9, mes id\u00e9es, mes \u00e9motions. J\u2019aime beaucoup la d\u00e9coration, la cuisine, le jardinage et les balades dans la nature.<\/p>\n<p><em>\u00a9 Richard Baron<\/em><\/p>\n","protected":false},"excerpt":{"rendered":"<p>Lorsqu\u2019elle \u00e9tait enfant, Roxane Maffre jouait dans la boutique de fleurs de sa maman. Un magasin qu\u2019elle dirige aujourd\u2019hui \u00e0 [&hellip;]<\/p>\n","protected":false},"author":1,"featured_media":11467,"comment_status":"open","ping_status":"closed","sticky":false,"template":"","format":"standard","meta":{"_uag_custom_page_level_css":"","site-sidebar-layout":"default","site-content-layout":"","ast-site-content-layout":"default","site-content-style":"default","site-sidebar-style":"default","ast-global-header-display":"","ast-banner-title-visibility":"","ast-main-header-display":"","ast-hfb-above-header-display":"","ast-hfb-below-header-display":"","ast-hfb-mobile-header-display":"","site-post-title":"","ast-breadcrumbs-content":"","ast-featured-img":"","footer-sml-layout":"","ast-disable-related-posts":"","theme-transparent-header-meta":"","adv-header-id-meta":"","stick-header-meta":"","header-above-stick-meta":"","header-main-stick-meta":"","header-below-stick-meta":"","astra-migrate-meta-layouts":"default","ast-page-background-enabled":"default","ast-page-background-meta":{"desktop":{"background-color":"var(--ast-global-color-5)","background-image":"","background-repeat":"repeat","background-position":"center center","background-size":"auto","background-attachment":"scroll","background-type":"","background-media":"","overlay-type":"","overlay-color":"","overlay-opacity":"","overlay-gradient":""},"tablet":{"background-color":"","background-image":"","background-repeat":"repeat","background-position":"center center","background-size":"auto","background-attachment":"scroll","background-type":"","background-media":"","overlay-type":"","overlay-color":"","overlay-opacity":"","overlay-gradient":""},"mobile":{"background-color":"","background-image":"","background-repeat":"repeat","background-position":"center center","background-size":"auto","background-attachment":"scroll","background-type":"","background-media":"","overlay-type":"","overlay-color":"","overlay-opacity":"","overlay-gradient":""}},"ast-content-background-meta":{"desktop":{"background-color":"var(--ast-global-color-4)","background-image":"","background-repeat":"repeat","background-position":"center center","background-size":"auto","background-attachment":"scroll","background-type":"","background-media":"","overlay-type":"","overlay-color":"","overlay-opacity":"","overlay-gradient":""},"tablet":{"background-color":"var(--ast-global-color-4)","background-image":"","background-repeat":"repeat","background-position":"center center","background-size":"auto","background-attachment":"scroll","background-type":"","background-media":"","overlay-type":"","overlay-color":"","overlay-opacity":"","overlay-gradient":""},"mobile":{"background-color":"var(--ast-global-color-4)","background-image":"","background-repeat":"repeat","background-position":"center center","background-size":"auto","background-attachment":"scroll","background-type":"","background-media":"","overlay-type":"","overlay-color":"","overlay-opacity":"","overlay-gradient":""}},"footnotes":""},"categories":[169],"tags":[211],"class_list":["post-11466","post","type-post","status-publish","format-standard","has-post-thumbnail","hentry","category-art-floral-diy","tag-fleuriste"],"uagb_featured_image_src":{"full":false,"thumbnail":false,"medium":false,"medium_large":false,"large":false,"1536x1536":false,"2048x2048":false},"uagb_author_info":{"display_name":"admin","author_link":"https:\/\/www.interflora.fr\/blog\/author\/admin\/"},"uagb_comment_info":1,"uagb_excerpt":"Lorsqu\u2019elle \u00e9tait enfant, Roxane Maffre jouait dans la boutique de fleurs de sa maman. Un magasin qu\u2019elle dirige aujourd\u2019hui \u00e0 [&hellip;]","yoast_meta":{"title":"","description":"C\u2019est le parcours d\u2019une jeune fleuriste au talent prometteur qui, apr\u00e8s avoir remport\u00e9 des concours au niveau national, a int\u00e9gr\u00e9 le Coll\u00e8ge d\u2019Art Floral."},"_links":{"self":[{"href":"https:\/\/www.interflora.fr\/blog\/wp-json\/wp\/v2\/posts\/11466","targetHints":{"allow":["GET"]}}],"collection":[{"href":"https:\/\/www.interflora.fr\/blog\/wp-json\/wp\/v2\/posts"}],"about":[{"href":"https:\/\/www.interflora.fr\/blog\/wp-json\/wp\/v2\/types\/post"}],"author":[{"embeddable":true,"href":"https:\/\/www.interflora.fr\/blog\/wp-json\/wp\/v2\/users\/1"}],"replies":[{"embeddable":true,"href":"https:\/\/www.interflora.fr\/blog\/wp-json\/wp\/v2\/comments?post=11466"}],"version-history":[{"count":0,"href":"https:\/\/www.interflora.fr\/blog\/wp-json\/wp\/v2\/posts\/11466\/revisions"}],"wp:featuredmedia":[{"embeddable":true,"href":"https:\/\/www.interflora.fr\/blog\/wp-json\/"}],"wp:attachment":[{"href":"https:\/\/www.interflora.fr\/blog\/wp-json\/wp\/v2\/media?parent=11466"}],"wp:term":[{"taxonomy":"category","embeddable":true,"href":"https:\/\/www.interflora.fr\/blog\/wp-json\/wp\/v2\/categories?post=11466"},{"taxonomy":"post_tag","embeddable":true,"href":"https:\/\/www.interflora.fr\/blog\/wp-json\/wp\/v2\/tags?post=11466"}],"curies":[{"name":"wp","href":"https:\/\/api.w.org\/{rel}","templated":true}]}}