{"id":11012,"date":"2015-03-03T18:41:53","date_gmt":"2015-03-03T17:41:53","guid":{"rendered":"http:\/\/www.interflora.fr\/blog\/?p=11012"},"modified":"2025-06-17T14:07:42","modified_gmt":"2025-06-17T12:07:42","slug":"ces-stars-qui-le-disent-avec-des-fleurs","status":"publish","type":"post","link":"https:\/\/www.interflora.fr\/blog\/ces-stars-qui-le-disent-avec-des-fleurs\/","title":{"rendered":"Ces stars qui aiment les fleurs"},"content":{"rendered":"<p><strong>Les stars aussi aiment les fleurs ! Ils les chantent, les \u00e9crivent, les composent et transforment le v\u00e9g\u00e9tal en v\u00e9ritables \u0153uvres d\u2019art. Du <em>Temps des fleurs <\/em>chant\u00e9 par Dalida au bouquet de la mari\u00e9e revisit\u00e9 par Lady Gaga, sans oublier les jardins potagers de la Maison blanche aux enjeux de sant\u00e9 publique, les plantes et les fleurs n\u2019ont de cesse d\u2019inspirer nos personnalit\u00e9s !<\/strong><\/p>\n<p><img loading=\"lazy\" decoding=\"async\" class=\"alignleft size-full wp-image-11016\" title=\"Michelle Obama\" src=\"\/\/www.interflora.fr\/blog\/wp-content\/uploads\/2014\/03\/Obama.jpg\" alt=\"Michelle Obama\" width=\"200\" height=\"201\" \/><\/p>\n<h2>Michelle Obama<\/h2>\n<p>Cr\u00e9er un potager bio de 100 m2 dans les jardins de la Maison-Blanche pour lutter contre l\u2019ob\u00e9sit\u00e9 infantile aux Etats-Unis ! Voici le th\u00e8me du livre de l\u2019\u00e9pouse du pr\u00e9sident des Etats-Unis, Cultiv\u00e9 en Am\u00e9rique : <em>L\u2019histoire du potager de la Maison-Blanche et d\u2019autres jardins am\u00e9ricains. \u00ab Ce livre parle de notre exp\u00e9rience, mais aussi des d\u00e9fis concernant la sant\u00e9 auxquels notre pays a \u00e0 faire face \u00bb, <\/em>a notamment d\u00e9clar\u00e9 Michelle Obama. Enjeu de sant\u00e9 publique majeur, l\u2019ob\u00e9sit\u00e9 touche un adulte sur trois et un enfant sur cinq aux Etats-Unis.<\/p>\n<p><img loading=\"lazy\" decoding=\"async\" class=\"alignleft size-full wp-image-11025\" title=\"Zazie\" src=\"\/\/www.interflora.fr\/blog\/wp-content\/uploads\/2014\/03\/Zazie.jpg\" alt=\"Zazie\" width=\"200\" height=\"200\" \/><\/p>\n<h2>Zazie<\/h2>\n<p>En 2007, apr\u00e8s le ph\u00e9nom\u00e8ne <em>Rod\u00e9o<\/em>, Zazie sort l\u2019album <em>Totem<\/em> et la chanson tr\u00e8s remarqu\u00e9e <em>Flower Power. \u00ab L\u00e0 j\u2019ai compl\u00e8tement laiss\u00e9 tomber l\u2019aspect volontariste. Totem est plus contemplatif, plus dans l\u2019inaction que dans l\u2019action \u00bb, <\/em>d\u00e9clare alors la chanteuse. Ce sixi\u00e8me album s\u2019\u00e9coule \u00e0 plus de 350 000 exemplaires et est nomin\u00e9 aux Victoires de la musique en 2008, dans la cat\u00e9gorie \u00ab albums de chansons \u00bb. Au total, Zazie a remport\u00e9 six victoires de la musique. Elle est la deuxi\u00e8me chanteuse la plus prim\u00e9e apr\u00e8s Vanessa Paradis.<\/p>\n<p><img loading=\"lazy\" decoding=\"async\" class=\"alignleft size-full wp-image-11017\" title=\"Dalida\" src=\"\/\/www.interflora.fr\/blog\/wp-content\/uploads\/2014\/03\/Dalida.jpg\" alt=\"Dalida\" width=\"200\" height=\"200\" \/><\/p>\n<h2>Dalida<\/h2>\n<p>Cette chanson est originaire du folklore tzigane russe et son premier enregistrement connu est celui d\u2019Alexandre Vertinski dans les ann\u00e9es 20. En France, il faut attendre 1968 pour la d\u00e9couvrir. Et c\u2019est l\u2019une des plus grandes artistes de l\u2019\u00e9poque qui en est l\u2019interpr\u00e8te : la c\u00e9l\u00e8bre chanteuse Dalida. <em>Le temps des fleurs <\/em>est depuis devenu un standard de la chanson fran\u00e7aise. Dans les ann\u00e9es 90, le boys band russe Nana a m\u00eame repris la chanson, ne faisant aucunement r\u00e9f\u00e9rence \u00e0 leur propre folklore, mais en hommage \u00e0 Dalida.<\/p>\n<p><img loading=\"lazy\" decoding=\"async\" class=\"alignleft size-full wp-image-11019\" title=\"Fran\u00e7oise Hardy\" src=\"\/\/www.interflora.fr\/blog\/wp-content\/uploads\/2014\/03\/Hardy.jpg\" alt=\"Fran\u00e7oise Hardy\" width=\"200\" height=\"200\" \/><\/p>\n<h2>Fran\u00e7oise Hardy<\/h2>\n<p>C\u2019est le titre du troisi\u00e8me album de la chanteuse Fran\u00e7oise Hardy, paru en <a href=\"https:\/\/www.vinyle-actu.fr\" target=\"_blank\" rel=\"noopener\">disque vinyle<\/a> en 1964. La chanson a depuis fait le tour du monde et a \u00e9t\u00e9 reprise \u00e0 tous les rythmes et dans toutes les langues.<br \/>\n<em>Mon amie la rose<\/em> est une chanson \u00e9crite par C\u00e9cile Caulier en 1962 et qui a bien failli ne jamais conna\u00eetre le succ\u00e8s, aucun artiste de l\u2019\u00e9poque ne souhaitant l\u2019interpr\u00e9ter. <em>\u00ab Il existe une rencontre entre une chanson et l\u2019interpr\u00e8te \u00bb, <\/em>dit son auteur. Fran\u00e7oise Hardy a avou\u00e9 avoir d\u00fb batailler dur contre ses producteurs avant de pouvoir l\u2019enregistrer.<\/p>\n<p><img loading=\"lazy\" decoding=\"async\" class=\"alignleft size-full wp-image-11018\" title=\"Jason Derulo\" src=\"\/\/www.interflora.fr\/blog\/wp-content\/uploads\/2014\/03\/Derulo.jpg\" alt=\"Jason Derulo\" width=\"201\" height=\"200\" \/><\/p>\n<h2>Jason Derulo<\/h2>\n<p>Le record \u00e9tait jusqu\u2019alors d\u00e9tenu par le rappeur Kanye West. Mais en mati\u00e8re de fleurs, le chanteur am\u00e9ricain Jordin Sparks a finalement eu le dernier mot en offrant 10 000 roses \u00e0 son amoureuse, la chanteuse Jordin Sparks, pour la Saint-Valentin. <em>\u00ab Je sais que \u00e7a peut para\u00eetre incroyable mais c\u2019\u00e9tait important de la rendre heureuse. Jordan adore les <a title=\"Offrir des roses : couleur, nombre, symbole\" href=\"https:\/\/www.interflora.fr\/c\/roses\">roses<\/a> et le orange, donc 10 000 roses de cette couleur, c\u2019\u00e9tait symbolique \u00bb, <\/em>a-t-il simplement comment\u00e9 \u00e0 <em>US Magazine<\/em>. Inutile de pr\u00e9ciser que la valentine a d\u00fb \u00eatre combl\u00e9e !<\/p>\n<p><img loading=\"lazy\" decoding=\"async\" class=\"alignleft size-full wp-image-11022\" title=\"Annabelle Mouloudji\" src=\"\/\/www.interflora.fr\/blog\/wp-content\/uploads\/2014\/03\/Mouloudji.jpg\" alt=\"Annabelle Mouloudji\" width=\"200\" height=\"200\" \/><\/p>\n<h2>Annabelle Mouloudji<\/h2>\n<p><em>\u00ab J\u2019aimais regarder mon p\u00e8re chanter car, dans ces moments-l\u00e0, il avait l\u2019air heureux. Son visage s\u2019illuminait, anim\u00e9 par ce besoin de plaire et d\u2019\u00eatre aim\u00e9. Sur sc\u00e8ne, papa prenait du plaisir, et ce plaisir in\u00e9puisable enchantait mon \u00eatre tout entier. \u00bb<\/em> Apr\u00e8s quelques tubes rock arabisants \u00e0 la fin des ann\u00e9es 80 suivis de plusieurs r\u00f4les sur grand \u00e9cran, la fille du c\u00e9l\u00e8bre chanteur Mouloudji, Annabelle, revient sur le devant de la sc\u00e8ne avec un livre \u00e0 la gloire de son illustre p\u00e8re. <em>La p\u2019tite coquelicot<\/em>, un r\u00e9cit de 176 pages, est \u00e9dit\u00e9 chez Calmann-L\u00e9vy.<\/p>\n<p><img loading=\"lazy\" decoding=\"async\" class=\"alignleft size-full wp-image-11020\" title=\"Lady Gaga\" src=\"\/\/www.interflora.fr\/blog\/wp-content\/uploads\/2014\/03\/Lady-Gaga.jpg\" alt=\"Lady Gaga\" width=\"201\" height=\"200\" \/><\/p>\n<h2>Lady Gaga<\/h2>\n<p>Lady Gaga aime offrir des fleurs\u2026 \u00e0 sa fa\u00e7on ! Il y a quelques jours, devant son studio de New York, la chanteuse am\u00e9ricaine s\u2019est exerc\u00e9e au lancer du bouquet avec des fans par avance acquis \u00e0 sa cause. Bien loin du style meringue, cette mari\u00e9e d\u2019un genre nouveau \u00e9tait v\u00eatue d\u2019une perruque blanche, de lunettes mouches et d\u2019une combinaison blanche pour le moins excentrique. En couple depuis 2011 avec l\u2019acteur et mannequin Taylor Kinney, Lady Gaga est r\u00e9guli\u00e8rement class\u00e9e parmi les personnalit\u00e9s les plus influentes du monde par les m\u00e9dias.<\/p>\n<p><img loading=\"lazy\" decoding=\"async\" class=\"alignleft size-full wp-image-11021\" title=\"Maurane\" src=\"\/\/www.interflora.fr\/blog\/wp-content\/uploads\/2014\/03\/Maurane.jpg\" alt=\"Maurane\" width=\"200\" height=\"200\" \/><\/p>\n<h2>Maurane<\/h2>\n<p><em>\u00ab Bonjour \u00e0 tous ! C\u2019est Maurane. Pour f\u00eater la sortie de mon nouvel album<\/em> Fais-moi une fleur,<em> \u00e0 d\u00e9couvrir sur le site Maurane.be, quoi de mieux qu\u2019un jeu avec Interflora ? Je vous invite \u00e0 venir assister \u00e0 mon concert le 5 novembre prochain \u00e0 l\u2019Alhambra de Paris. On se verra pendant&#8230; et on se rencontrera m\u00eame apr\u00e8s ! Interflora vous offre en prime la nuit d\u2019h\u00f4tel. \u00bb<\/em><br \/>\nDu 22 ao\u00fbt au 19 septembre 2011, Interflora profitait d\u2019une partenaire de premier choix, la chanteuse \u00e0 voix belge et d\u00e9sormais jury de la Nouvelle Star, Maurane.<\/p>\n<p><img loading=\"lazy\" decoding=\"async\" class=\"alignleft size-full wp-image-11024\" title=\"Laurent Voulzy\" src=\"\/\/www.interflora.fr\/blog\/wp-content\/uploads\/2014\/03\/Voulzy.jpg\" alt=\"Laurent Voulzy\" width=\"200\" height=\"200\" \/><\/p>\n<h2>Laurent Voulzy<\/h2>\n<p>La carri\u00e8re de Laurent Voulzy, qui a d\u00e9but\u00e9 \u00e0 la fin des ann\u00e9es 60, d\u00e9note autant pas sa discr\u00e9tion que sa long\u00e9vit\u00e9. Malgr\u00e9 un rythme de production assez lent, avec un album tous les cinq \u00e0 dix ans, Laurent Voulzy a \u00e9t\u00e9 r\u00e9compens\u00e9 plusieurs fois par les professionnels de la musique. Sa chanson <em>Le Pouvoir des fleurs<\/em> para\u00eet en 1992, extrait de l\u2019album <em>Cach\u00e9 derri\u00e8re<\/em>. Elle sera reprise en 2001 par les Enfoir\u00e9s dans leur <em>Odyss\u00e9e<\/em> enregistr\u00e9e \u00e0 Lyon, avec notamment Julien Clerc, Maxime Leforestier et Jean-Jacques Goldman.<\/p>\n<p><img loading=\"lazy\" decoding=\"async\" class=\"alignleft size-full wp-image-11023\" title=\"Vitaa\" src=\"\/\/www.interflora.fr\/blog\/wp-content\/uploads\/2014\/03\/Vitaa.jpg\" alt=\"Vitaa\" width=\"200\" height=\"200\" \/><\/p>\n<h2>Vitaa<\/h2>\n<p><em>A fleur de toi<\/em> est le titre du premier album de Vitaa, paru d\u00e9but 2007. Une entr\u00e9e en mati\u00e8re plut\u00f4t fracassante pour cette jeune chanteuse fran\u00e7aise de RnB puisque l\u2019opus s\u2019est \u00e9coul\u00e9 \u00e0 plus de 450 000 exemplaires, se pla\u00e7ant en t\u00eate des vente et remportant le disque de platine. Charlotte Gonin (de son vrai nom) vit pr\u00e8s de Lyon et est <a title=\"L\u2019hommage des artistes aux mamans\" href=\"https:\/\/www.interflora.fr\/tout-ce-qu-il-faut-savoir-sur-la-fete-des-meres\">maman<\/a> depuis 2011 d\u2019un petit Liham. Apr\u00e8s avoir chant\u00e9 en premi\u00e8re partie des concerts de Rihanna en 2010, Vitaa a sorti un troisi\u00e8me album fin 2013, <em>Ici et Maintenant<\/em>, dont le premier extrait s&rsquo;intitule <em>Game over<\/em>.<\/p>\n","protected":false},"excerpt":{"rendered":"<p>Les stars aussi aiment les fleurs ! Ils les chantent, les \u00e9crivent, les composent et transforment le v\u00e9g\u00e9tal en v\u00e9ritables [&hellip;]<\/p>\n","protected":false},"author":1,"featured_media":11013,"comment_status":"open","ping_status":"closed","sticky":false,"template":"","format":"standard","meta":{"_uag_custom_page_level_css":"","site-sidebar-layout":"default","site-content-layout":"","ast-site-content-layout":"default","site-content-style":"default","site-sidebar-style":"default","ast-global-header-display":"","ast-banner-title-visibility":"","ast-main-header-display":"","ast-hfb-above-header-display":"","ast-hfb-below-header-display":"","ast-hfb-mobile-header-display":"","site-post-title":"","ast-breadcrumbs-content":"","ast-featured-img":"","footer-sml-layout":"","ast-disable-related-posts":"","theme-transparent-header-meta":"","adv-header-id-meta":"","stick-header-meta":"","header-above-stick-meta":"","header-main-stick-meta":"","header-below-stick-meta":"","astra-migrate-meta-layouts":"default","ast-page-background-enabled":"default","ast-page-background-meta":{"desktop":{"background-color":"var(--ast-global-color-5)","background-image":"","background-repeat":"repeat","background-position":"center center","background-size":"auto","background-attachment":"scroll","background-type":"","background-media":"","overlay-type":"","overlay-color":"","overlay-opacity":"","overlay-gradient":""},"tablet":{"background-color":"","background-image":"","background-repeat":"repeat","background-position":"center center","background-size":"auto","background-attachment":"scroll","background-type":"","background-media":"","overlay-type":"","overlay-color":"","overlay-opacity":"","overlay-gradient":""},"mobile":{"background-color":"","background-image":"","background-repeat":"repeat","background-position":"center center","background-size":"auto","background-attachment":"scroll","background-type":"","background-media":"","overlay-type":"","overlay-color":"","overlay-opacity":"","overlay-gradient":""}},"ast-content-background-meta":{"desktop":{"background-color":"var(--ast-global-color-4)","background-image":"","background-repeat":"repeat","background-position":"center center","background-size":"auto","background-attachment":"scroll","background-type":"","background-media":"","overlay-type":"","overlay-color":"","overlay-opacity":"","overlay-gradient":""},"tablet":{"background-color":"var(--ast-global-color-4)","background-image":"","background-repeat":"repeat","background-position":"center center","background-size":"auto","background-attachment":"scroll","background-type":"","background-media":"","overlay-type":"","overlay-color":"","overlay-opacity":"","overlay-gradient":""},"mobile":{"background-color":"var(--ast-global-color-4)","background-image":"","background-repeat":"repeat","background-position":"center center","background-size":"auto","background-attachment":"scroll","background-type":"","background-media":"","overlay-type":"","overlay-color":"","overlay-opacity":"","overlay-gradient":""}},"footnotes":""},"categories":[194],"tags":[201],"class_list":["post-11012","post","type-post","status-publish","format-standard","has-post-thumbnail","hentry","category-fleurs-et-culture","tag-celebrite"],"uagb_featured_image_src":{"full":false,"thumbnail":false,"medium":false,"medium_large":false,"large":false,"1536x1536":false,"2048x2048":false},"uagb_author_info":{"display_name":"admin","author_link":"https:\/\/www.interflora.fr\/blog\/author\/admin\/"},"uagb_comment_info":0,"uagb_excerpt":"Les stars aussi aiment les fleurs ! Ils les chantent, les \u00e9crivent, les composent et transforment le v\u00e9g\u00e9tal en v\u00e9ritables [&hellip;]","yoast_meta":{"title":"","description":"Les stars aussi aiment les fleurs ! Ils les chantent, les \u00e9crivent, les composent et transforment le v\u00e9g\u00e9tal en v\u00e9ritables \u0153uvres d\u2019art."},"_links":{"self":[{"href":"https:\/\/www.interflora.fr\/blog\/wp-json\/wp\/v2\/posts\/11012","targetHints":{"allow":["GET"]}}],"collection":[{"href":"https:\/\/www.interflora.fr\/blog\/wp-json\/wp\/v2\/posts"}],"about":[{"href":"https:\/\/www.interflora.fr\/blog\/wp-json\/wp\/v2\/types\/post"}],"author":[{"embeddable":true,"href":"https:\/\/www.interflora.fr\/blog\/wp-json\/wp\/v2\/users\/1"}],"replies":[{"embeddable":true,"href":"https:\/\/www.interflora.fr\/blog\/wp-json\/wp\/v2\/comments?post=11012"}],"version-history":[{"count":0,"href":"https:\/\/www.interflora.fr\/blog\/wp-json\/wp\/v2\/posts\/11012\/revisions"}],"wp:featuredmedia":[{"embeddable":true,"href":"https:\/\/www.interflora.fr\/blog\/wp-json\/"}],"wp:attachment":[{"href":"https:\/\/www.interflora.fr\/blog\/wp-json\/wp\/v2\/media?parent=11012"}],"wp:term":[{"taxonomy":"category","embeddable":true,"href":"https:\/\/www.interflora.fr\/blog\/wp-json\/wp\/v2\/categories?post=11012"},{"taxonomy":"post_tag","embeddable":true,"href":"https:\/\/www.interflora.fr\/blog\/wp-json\/wp\/v2\/tags?post=11012"}],"curies":[{"name":"wp","href":"https:\/\/api.w.org\/{rel}","templated":true}]}}