{"id":10771,"date":"2015-02-28T15:14:41","date_gmt":"2015-02-28T14:14:41","guid":{"rendered":"http:\/\/www.interflora.fr\/blog\/?p=10771"},"modified":"2015-02-28T15:14:41","modified_gmt":"2015-02-28T14:14:41","slug":"creez-votre-jardin-de-plantes-medicinales","status":"publish","type":"post","link":"https:\/\/www.interflora.fr\/blog\/creez-votre-jardin-de-plantes-medicinales\/","title":{"rendered":"Cr\u00e9ez votre jardin de plantes m\u00e9dicinales"},"content":{"rendered":"<p><strong>Cr\u00e9er son propre jardin de plantes m\u00e9dicinales o\u00f9 l\u2019int\u00e9grer \u00e0 un jardin existant ? Voici le th\u00e8me original abord\u00e9 par le nouvel ouvrage de Serge Schall, <em>Mon Jardin  de plantes m\u00e9dicinales<\/em>, qui vient de para\u00eetre chez Larousse. Passiflore, menthe poivr\u00e9e, lavande ou m\u00e9lisse officinale, ce sont quelque 60 fiches-plantes qui offrent de pr\u00e9cieux conseils de culture et de pr\u00e9paration aux jardiniers amateurs. Entretien avec son auteur, un chercheur en agronomie f\u00e9ru de jardinage, <em>\u00ab qui a ses petits bobos comme tout le monde et qui les soigne par les plantes \u00bb<\/em>.<\/strong><\/p>\n<p><img loading=\"lazy\" decoding=\"async\" src=\"\/\/www.interflora.fr\/blog\/wp-content\/uploads\/2014\/02\/livre.jpg\" alt=\"Mon jardin de plantes m\u00e9dicinales\" title=\"Mon jardin de plantes m\u00e9dicinales\" width=\"200\" height=\"292\" class=\"alignright size-full wp-image-10781\" \/><br \/>\n<strong>Comment est n\u00e9e l\u2019id\u00e9e de ce livre ?<\/strong><br \/>\n<strong>Serge Schall<\/strong> : Du constat qu&rsquo;il existe de nombreux ouvrages sur la phytoth\u00e9rapie mais peu &#8211; ou pas &#8211; de livre qui associe le jardinage avec la possibilit\u00e9 de faire pousser chez soi ses propres plantes m\u00e9dicinales.<br \/>\n&nbsp;<br \/>\n<strong>Comment l\u2019organisez-vous ?<\/strong><br \/>\nLe c\u0153ur de l&rsquo;ouvrage est son d\u00e9coupage en fiche-plantes : comment les faire pousser dans son jardin, leurs bienfaits prouv\u00e9s par des si\u00e8cles de m\u00e9decine des campagnes (et souvent la confirmation de la science actuelle) ainsi que la mani\u00e8re de les utiliser \u00e0 la maison dans des recettes simples (infusions, applications).<br \/>\n&nbsp;<br \/>\n<strong>A qui est-il destin\u00e9 ?<\/strong><br \/>\nAu grand public qui a tr\u00e8s peu de connaissance en mati\u00e8re de jardinage mais qui est \u00e0 m\u00eame d&rsquo;entretenir les plantes les plus faciles \u00e0 cultiver. A ceux qui sont persuad\u00e9s que les recettes et les pratiques simples utilisant les plantes sont souvent suffisantes pour les petits maux de tous les jours (mauvaise digestion, insomnie, nervosit\u00e9 et anxi\u00e9t\u00e9).<br \/>\n&nbsp;<br \/>\n<strong>Vous avez test\u00e9 les bienfaits de toutes ses plantes ?<\/strong><br \/>\nPas toutes, car heureusement, je n\u2019ai pas toutes les affections et les maladies cit\u00e9es dans ce livre. Mais j&rsquo;en utilise certaines r\u00e9guli\u00e8rement.<br \/>\n&nbsp;<br \/>\n<strong>Quelles plantes ont alors votre pr\u00e9f\u00e9rence ?<\/strong><br \/>\nLa passiflore incarnata, car elle calme vraiment les \u00e9tats de nervosit\u00e9 et nous fait retrouver le sommeil. Il y a \u00e9galement toutes les plantes aromatiques que nous utilisons d\u00e9j\u00e0 en cuisine, elles sont d\u00e9licieuses et faciles \u00e0 cultiver.<br \/>\n&nbsp;<br \/>\n<strong>Quelle conception devons-nous avoir du jardin aujourd\u2019hui ?<\/strong><br \/>\nIl est bio, forc\u00e9ment bio ! Il est relaxant, source de calme et de s\u00e9r\u00e9nit\u00e9. Il nous oblige \u00e0 ralentir le rythme, \u00e0 \u00ab\u00a0respirer\u00a0\u00bb !<\/p>\n<div class=\"encadre\">\n<div>\n<img loading=\"lazy\" decoding=\"async\" src=\"\/\/www.interflora.fr\/blog\/wp-content\/uploads\/2014\/02\/serge1.jpg\" alt=\"Serge Schall\" title=\"Serge Schall\" width=\"150\" height=\"202\" class=\"alignright size-full wp-image-10776\" style=\"margin-top:-1px\" \/><\/p>\n<h2>Entre Provence et C\u00f4te-d\u2019Azur<\/h2>\n<p>&nbsp;<br \/>\nSerge Schall est n\u00e9 \u00e0 Marseille. De la Provence \u00e0 la C\u00f4te-d\u2019Azur, il pratique le jardinage depuis une trentaine d\u2019ann\u00e9es. Apr\u00e8s des \u00e9tudes \u00e0 l\u2019\u00c9cole nationale sup\u00e9rieure d\u2019agronomie de Montpellier et \u00e0 l\u2019Universit\u00e9 des sciences et techniques du Languedoc, il d\u00e9croche un dipl\u00f4me de Docteur-ing\u00e9nieur en Agronomie. Il occupe des fonctions de directeur d\u2019un laboratoire de culture in vitro et de directeur commercial dans une p\u00e9pini\u00e8re avant de mettre ses connaissances \u00e0 la disposition du grand public. Outre de nombreuses collaborations avec la presse sp\u00e9cialis\u00e9e, il a d\u00e9j\u00e0 r\u00e9dig\u00e9 une vingtaine d\u2019ouvrages consacr\u00e9s aux plantes et au jardinage.\n<\/p><\/div>\n<\/div>\n<p><img loading=\"lazy\" decoding=\"async\" src=\"\/\/www.interflora.fr\/blog\/wp-content\/uploads\/2014\/02\/plantes.jpg\" alt=\"Jardin m\u00e9dicinal\" title=\"Jardin m\u00e9dicinal\" width=\"800\" height=\"481\" class=\"alignnone size-full wp-image-10782\" \/><\/p>\n","protected":false},"excerpt":{"rendered":"<p>Cr\u00e9er son propre jardin de plantes m\u00e9dicinales o\u00f9 l\u2019int\u00e9grer \u00e0 un jardin existant ? Voici le th\u00e8me original abord\u00e9 par [&hellip;]<\/p>\n","protected":false},"author":1,"featured_media":10780,"comment_status":"open","ping_status":"closed","sticky":false,"template":"","format":"standard","meta":{"_uag_custom_page_level_css":"","site-sidebar-layout":"default","site-content-layout":"","ast-site-content-layout":"default","site-content-style":"default","site-sidebar-style":"default","ast-global-header-display":"","ast-banner-title-visibility":"","ast-main-header-display":"","ast-hfb-above-header-display":"","ast-hfb-below-header-display":"","ast-hfb-mobile-header-display":"","site-post-title":"","ast-breadcrumbs-content":"","ast-featured-img":"","footer-sml-layout":"","ast-disable-related-posts":"","theme-transparent-header-meta":"","adv-header-id-meta":"","stick-header-meta":"","header-above-stick-meta":"","header-main-stick-meta":"","header-below-stick-meta":"","astra-migrate-meta-layouts":"default","ast-page-background-enabled":"default","ast-page-background-meta":{"desktop":{"background-color":"var(--ast-global-color-5)","background-image":"","background-repeat":"repeat","background-position":"center center","background-size":"auto","background-attachment":"scroll","background-type":"","background-media":"","overlay-type":"","overlay-color":"","overlay-opacity":"","overlay-gradient":""},"tablet":{"background-color":"","background-image":"","background-repeat":"repeat","background-position":"center center","background-size":"auto","background-attachment":"scroll","background-type":"","background-media":"","overlay-type":"","overlay-color":"","overlay-opacity":"","overlay-gradient":""},"mobile":{"background-color":"","background-image":"","background-repeat":"repeat","background-position":"center center","background-size":"auto","background-attachment":"scroll","background-type":"","background-media":"","overlay-type":"","overlay-color":"","overlay-opacity":"","overlay-gradient":""}},"ast-content-background-meta":{"desktop":{"background-color":"var(--ast-global-color-4)","background-image":"","background-repeat":"repeat","background-position":"center center","background-size":"auto","background-attachment":"scroll","background-type":"","background-media":"","overlay-type":"","overlay-color":"","overlay-opacity":"","overlay-gradient":""},"tablet":{"background-color":"var(--ast-global-color-4)","background-image":"","background-repeat":"repeat","background-position":"center center","background-size":"auto","background-attachment":"scroll","background-type":"","background-media":"","overlay-type":"","overlay-color":"","overlay-opacity":"","overlay-gradient":""},"mobile":{"background-color":"var(--ast-global-color-4)","background-image":"","background-repeat":"repeat","background-position":"center center","background-size":"auto","background-attachment":"scroll","background-type":"","background-media":"","overlay-type":"","overlay-color":"","overlay-opacity":"","overlay-gradient":""}},"footnotes":""},"categories":[193],"tags":[219],"class_list":["post-10771","post","type-post","status-publish","format-standard","has-post-thumbnail","hentry","category-plantes-medecinales","tag-plante-medicinale"],"uagb_featured_image_src":{"full":false,"thumbnail":false,"medium":false,"medium_large":false,"large":false,"1536x1536":false,"2048x2048":false},"uagb_author_info":{"display_name":"admin","author_link":"https:\/\/www.interflora.fr\/blog\/author\/admin\/"},"uagb_comment_info":0,"uagb_excerpt":"Cr\u00e9er son propre jardin de plantes m\u00e9dicinales o\u00f9 l\u2019int\u00e9grer \u00e0 un jardin existant ? Voici le th\u00e8me original abord\u00e9 par [&hellip;]","yoast_meta":{"title":"","description":"Passiflore, menthe poivr\u00e9e, lavande ou m\u00e9lisse officinale, ce sont quelque 60 fiches-plantes qui offrent de pr\u00e9cieux conseils de culture et de pr\u00e9paration."},"_links":{"self":[{"href":"https:\/\/www.interflora.fr\/blog\/wp-json\/wp\/v2\/posts\/10771","targetHints":{"allow":["GET"]}}],"collection":[{"href":"https:\/\/www.interflora.fr\/blog\/wp-json\/wp\/v2\/posts"}],"about":[{"href":"https:\/\/www.interflora.fr\/blog\/wp-json\/wp\/v2\/types\/post"}],"author":[{"embeddable":true,"href":"https:\/\/www.interflora.fr\/blog\/wp-json\/wp\/v2\/users\/1"}],"replies":[{"embeddable":true,"href":"https:\/\/www.interflora.fr\/blog\/wp-json\/wp\/v2\/comments?post=10771"}],"version-history":[{"count":0,"href":"https:\/\/www.interflora.fr\/blog\/wp-json\/wp\/v2\/posts\/10771\/revisions"}],"wp:featuredmedia":[{"embeddable":true,"href":"https:\/\/www.interflora.fr\/blog\/wp-json\/"}],"wp:attachment":[{"href":"https:\/\/www.interflora.fr\/blog\/wp-json\/wp\/v2\/media?parent=10771"}],"wp:term":[{"taxonomy":"category","embeddable":true,"href":"https:\/\/www.interflora.fr\/blog\/wp-json\/wp\/v2\/categories?post=10771"},{"taxonomy":"post_tag","embeddable":true,"href":"https:\/\/www.interflora.fr\/blog\/wp-json\/wp\/v2\/tags?post=10771"}],"curies":[{"name":"wp","href":"https:\/\/api.w.org\/{rel}","templated":true}]}}