{"id":1043,"date":"2023-08-04T09:30:00","date_gmt":"2023-08-04T07:30:00","guid":{"rendered":"https:\/\/blog.bebloom.com\/?p=1043"},"modified":"2023-08-04T09:30:00","modified_gmt":"2023-08-04T07:30:00","slug":"culture-hortensia-vanille-fraise","status":"publish","type":"post","link":"https:\/\/www.interflora.fr\/blog\/culture-hortensia-vanille-fraise\/","title":{"rendered":"Fiche vari\u00e9t\u00e9 : Les caract\u00e9ristiques de l\u2019Hortensia Vanille Fraise"},"content":{"rendered":"\n<p class=\"has-drop-cap has-text-align-left\">L\u2019hortensia Vanille Fraise \u00e9voque les d\u00e9licieuses glaces estivales : ses fleurs panicul\u00e9es sont de <strong>superbes c\u00f4nes d\u2019abord blanc immacul\u00e9 puis tirant vers le rose<\/strong>. Autant dire qu\u2019avec son look bicolore et sa forme amusante, l\u2019hortensia Vanille Fraise a tout pour plaire aux petits comme aux plus grands. Ses fleurs apportent leur pep\u2019s au jardin ou sur une terrasse, et il offre <strong>un concentr\u00e9 d\u2019\u00e9nergie acidul\u00e9e et de bonne humeur<\/strong>. C\u2019est un hortensia peu exigeant, que vous cultiverez facilement en suivant ces quelques conseils. <strong>Effet \u201cwhaou\u201d garanti<\/strong> !<\/p>\n\n\n\n<figure class=\"wp-block-image aligncenter size-full\"><img decoding=\"async\" src=\"https:\/\/blog.bebloom.com\/wp-content\/uploads\/2022\/01\/hortensia-vanille-fraise-jardin.jpg\" alt=\"Hortensias vanille fraise dans un jardin\" class=\"wp-image-1092\"\/><figcaption class=\"wp-element-caption\"><em>Hortensia Vanille Fraise fleurissant dans un jardin d&rsquo;\u00e9t\u00e9 ensoleill\u00e9<\/em><\/figcaption><\/figure>\n\n\n\n<hr class=\"wp-block-separator has-css-opacity\"\/>\n\n\n\n<div class=\"wp-block-columns is-layout-flex wp-container-core-columns-is-layout-28f84493 wp-block-columns-is-layout-flex\">\n<div class=\"wp-block-column is-layout-flow wp-block-column-is-layout-flow\" style=\"flex-basis:66.66%\">\n<h2 class=\"wp-block-heading\" id=\"identite-hortensia-vanille-fraise\"><strong>Fiche d\u2019identit\u00e9 de&nbsp;l\u2019Hortensia Vanille-Fraise<\/strong><\/h2>\n\n\n\n<p><strong>Rappel&nbsp;<\/strong>: les mots suivis de \ud83c\udf3b sont d\u00e9finis dans la colonne de droite (sur ordinateur) ou en fin d\u2019article (sur mobile)<\/p>\n\n\n\n<ul class=\"has-background wp-block-list\" style=\"background-color:#bb8e5f\">\n<li><strong>Nom :<\/strong> Hortensia Vanille-Fraise<\/li>\n\n\n\n<li><strong>Nom latin : <\/strong>Hydrangea Paniculata Vanille-fraise<\/li>\n\n\n\n<li><strong>Famille : <\/strong>Hydrangeac\u00e9es<\/li>\n\n\n\n<li><strong>Terre : <\/strong>Terre de Bruy\u00e8re<\/li>\n\n\n\n<li><strong>Exposition :<\/strong>&nbsp;Mi-ombre, ensoleill\u00e9e<\/li>\n\n\n\n<li><strong>Multiplication : <\/strong>Par bouturage<\/li>\n\n\n\n<li><strong style=\"color: initial;\">Mode de v\u00e9g\u00e9tation : <\/strong>Massifs ou pots<\/li>\n\n\n\n<li><strong>Hauteur : <\/strong>2 m\u00e8tres environ<\/li>\n\n\n\n<li><strong>Etalement et distance de plantation :<\/strong> 1,5 \u00e0 2 m\u00e8tres id\u00e9alement<\/li>\n<\/ul>\n\n\n\n<div class=\"wp-block-columns is-layout-flex wp-container-core-columns-is-layout-28f84493 wp-block-columns-is-layout-flex\">\n<div class=\"wp-block-column is-layout-flow wp-block-column-is-layout-flow\">\n<h3 class=\"wp-block-heading has-text-align-center\" id=\"bouture\">Bouture<\/h3>\n\n\n\n<figure class=\"wp-block-table calendar\"><table><tbody><tr><td class=\"has-text-align-center\" data-align=\"center\">J<\/td><td class=\"has-text-align-center\" data-align=\"center\">F<\/td><td class=\"has-text-align-center\" data-align=\"center\">M<\/td><td class=\"has-text-align-center\" data-align=\"center\">A<\/td><td class=\"has-text-align-center\" data-align=\"center\">M<\/td><td class=\"has-text-align-center\" data-align=\"center\">J<\/td><\/tr><tr><td class=\"has-text-align-center\" data-align=\"center\">J<\/td><td class=\"has-text-align-center\" data-align=\"center\"><mark style=\"background-color:rgba(0, 0, 0, 0)\" class=\"has-inline-color has-luminous-vivid-amber-color\">A<\/mark><\/td><td class=\"has-text-align-center\" data-align=\"center\">S<\/td><td class=\"has-text-align-center\" data-align=\"center\">O<\/td><td class=\"has-text-align-center\" data-align=\"center\">N<\/td><td class=\"has-text-align-center\" data-align=\"center\">D<\/td><\/tr><\/tbody><\/table><\/figure>\n<\/div>\n\n\n\n<div class=\"wp-block-column is-layout-flow wp-block-column-is-layout-flow\">\n<h3 class=\"wp-block-heading has-text-align-center\" id=\"floraison\">Floraison<\/h3>\n\n\n\n<figure class=\"wp-block-table calendar\"><table><tbody><tr><td class=\"has-text-align-center\" data-align=\"center\">J<\/td><td class=\"has-text-align-center\" data-align=\"center\">F<\/td><td class=\"has-text-align-center\" data-align=\"center\">M<\/td><td class=\"has-text-align-center\" data-align=\"center\">A<\/td><td class=\"has-text-align-center\" data-align=\"center\">M<\/td><td class=\"has-text-align-center\" data-align=\"center\">J<\/td><\/tr><tr><td class=\"has-text-align-center\" data-align=\"center\"><mark style=\"background-color:rgba(0, 0, 0, 0)\" class=\"has-inline-color has-luminous-vivid-amber-color\">J<\/mark><\/td><td class=\"has-text-align-center\" data-align=\"center\"><mark style=\"background-color:rgba(0, 0, 0, 0)\" class=\"has-inline-color has-luminous-vivid-amber-color\">A<\/mark><\/td><td class=\"has-text-align-center\" data-align=\"center\"><mark style=\"background-color:rgba(0, 0, 0, 0)\" class=\"has-inline-color has-luminous-vivid-amber-color\">S<\/mark><\/td><td class=\"has-text-align-center\" data-align=\"center\"><mark style=\"background-color:rgba(0, 0, 0, 0)\" class=\"has-inline-color has-luminous-vivid-amber-color\">O<\/mark><\/td><td class=\"has-text-align-center\" data-align=\"center\">N<\/td><td class=\"has-text-align-center\" data-align=\"center\">D<\/td><\/tr><\/tbody><\/table><\/figure>\n<\/div>\n<\/div>\n\n\n\n<h2 class=\"wp-block-heading\" id=\"culture-hortensia-vanille-fraise\"><strong>Tout savoir sur l\u2019Hortensia <strong>Vanille Fraise<\/strong><\/strong><\/h2>\n\n\n\n<p>Avec ses panicules (\ud83c\udf3b) surprenants, voici une des plantes qui \u00e9gayent le plus le jardin. M\u00eame si son feuillage est caduc (\ud83c\udf3b), cet hortensia paniculata <strong>offre ses fleurs au jardin pendant tout l\u2019\u00e9t\u00e9 et au d\u00e9but de l\u2019automne<\/strong>.&nbsp;<\/p>\n\n\n\n<p>Son point fort ? Il se pla\u00eet partout.<strong> Vous pouvez cultiver ces plantes sur tous types de terre<\/strong>, notamment des terres calcaires. \u00c9videmment, il appr\u00e9ciera des sols nutritifs pour se d\u00e9velopper, mais <strong>il s\u2019adapte \u00e0 tous les terrains<\/strong>. De plus, ces plantes pr\u00e9sentent le grand avantage de se cultiver <strong>autant en pot <\/strong>pour embellir une terrasse<strong> qu\u2019en pleine terre <\/strong>pour former de superbes massifs de fleurs au jardin.&nbsp;<\/p>\n\n\n\n<p>De plus, cet hortensia paniculata n\u2019a pas besoin d\u2019\u00eatre cultiv\u00e9 de mani\u00e8re isol\u00e9e, au contraire <strong>il est parfaitement compatible avec d\u2019autres plantes et fleurs<\/strong>. On peut le cultiver en massifs aux c\u00f4t\u00e9s de plantes comme l<strong>\u2019<a href=\"https:\/\/www.interflora.fr\/blog\/culture-hortensia-annabelle\/\" target=\"_blank\" rel=\"noreferrer noopener\">hortensia Annabelle<\/a><\/strong><a href=\"\/culture-hortensia-annabelle\"> <\/a>ou encore \u00e0 c\u00f4t\u00e9 de foug\u00e8res.&nbsp;<\/p>\n\n\n\n<p>Pour en savoir plus sur la plantation et l&rsquo;entretien de l\u2019Hortensia Vanille Fraise, retrouvez notre Fiche Culture :<strong> <a href=\"https:\/\/www.interflora.fr\/blog\/culture-hortensia\/\" target=\"_blank\" rel=\"noreferrer noopener\">Tout savoir sur l\u2019Hortensia<\/a> !<\/strong><\/p>\n\n\n\n<h2 class=\"wp-block-heading\" id=\"mise-en-place-jardin-hortensia-vanille-fraise\"><strong>Mise en place au jardin de <strong>l\u2019Hortensia <strong>Vanille Fraise<\/strong><\/strong><\/strong><\/h2>\n\n\n\n<p>Mettre en place votre hortensia vanille fraise au jardin est un jeu d\u2019enfant\u2026 \u00e0 condition de respecter quelques \u00e9tapes incontournables. Vos plantes peuvent \u00eatre dispos\u00e9es en massifs, ou en pots, mais attention : <strong>l\u2019hortensia vanille fraise fait partie des plantes \u00e0 syst\u00e8me racinaire d\u00e9velopp\u00e9<\/strong>. Ce sont donc des plantes qui ont besoin d\u2019espace, <strong><mark style=\"background-color:rgba(0, 0, 0, 0)\" class=\"has-inline-color has-black-color\">pensez \u00e0 pr\u00e9voir<\/mark> un pot suffisamment grand<\/strong>.<\/p>\n\n\n\n<p>Avant de planter l\u2019hortensia vanille fraise, amendez la terre avec du compost ou du terreau. <strong>Tout ce qui l\u2019enrichit en carbone et en azote est bienvenu<\/strong>, pourvu que les mati\u00e8res compost\u00e9es soient bien d\u00e9compos\u00e9es et absorbables par les plantes. Disposez des billes d\u2019argile, du gravier ou des pots cass\u00e9s au fond du pot pour<strong> assurer un bon drainage de vos plantes<\/strong>.&nbsp;<\/p>\n\n\n\n<p>Enfin, n\u2019oubliez pas un<strong> premier arrosage abondant<\/strong>, puis un arrosage r\u00e9gulier, et un paillage s\u2019av\u00e8re toujours utile. Retirez les panicules ab\u00eem\u00e9es au fur et \u00e0 mesure et <strong>surveillez les maladies et champignons<\/strong> comme le botrytis ou l\u2019o\u00efdium, qu\u2019on rep\u00e8re parfois trop tard pour agir.<\/p>\n\n\n\n<p>Pour obtenir de superbes plantes l\u2019ann\u00e9e suivante, il est possible de <strong>bouturer l\u2019hortensia paniculata vanille fraise<\/strong>. C\u2019est la promesse de superbes fleurs pendant plusieurs \u00e9t\u00e9s !<\/p>\n\n\n\n<figure class=\"wp-block-image size-full\"><img decoding=\"async\" src=\"https:\/\/blog.bebloom.com\/wp-content\/uploads\/2022\/01\/hortensia-vanille-fraise-detail.jpg\" alt=\"p\u00e9tales de l'hortensia vanille fraise\" class=\"wp-image-1093\"\/><\/figure>\n<\/div>\n\n\n\n<div class=\"wp-block-column is-layout-flow wp-block-column-is-layout-flow\" style=\"flex-basis:33.33%\">\n<hr class=\"wp-block-separator has-css-opacity is-style-default\"\/>\n\n\n\n<figure class=\"wp-block-gallery aligncenter has-nested-images columns-1 is-cropped wp-block-gallery-1 is-layout-flex wp-block-gallery-is-layout-flex\">\n<figure class=\"wp-block-image aligncenter size-large\"><img decoding=\"async\" data-id=\"1094\" src=\"https:\/\/blog.bebloom.com\/wp-content\/uploads\/2022\/01\/hortensia-vanille-fraise-fleurissant.jpg\" alt=\"hortensia vanille fraise \" class=\"wp-image-1094\"\/><\/figure>\n<\/figure>\n\n\n\n<hr class=\"wp-block-separator has-css-opacity\"\/>\n\n\n\n<h2 class=\"wp-block-heading\" id=\"definitions\">D\u00e9finitions (\ud83c\udf3b)<\/h2>\n\n\n\n<div class=\"wp-block-columns vocabulaire is-layout-flex wp-container-core-columns-is-layout-28f84493 wp-block-columns-is-layout-flex\">\n<div class=\"wp-block-column vocabulaire is-layout-flow wp-block-column-is-layout-flow\">\n<h5 class=\"wp-block-heading\" id=\"qu-est-ce-que-le-panicule\"><strong><strong>Qu&rsquo;est-ce que le <strong><strong>PANICULE<\/strong><\/strong> ?<\/strong><\/strong><\/h5>\n\n\n\n<p>Un panicule est un type d\u2019inflorescence tr\u00e8s particulier : <strong>la fleur se d\u00e9veloppe en grappe<\/strong>, selon une ramification comportant un axe principal et des axes secondaires.<\/p>\n<\/div>\n<\/div>\n\n\n\n<div class=\"wp-block-columns vocabulaire is-layout-flex wp-container-core-columns-is-layout-28f84493 wp-block-columns-is-layout-flex\">\n<div class=\"wp-block-column vocabulaire is-layout-flow wp-block-column-is-layout-flow\">\n<h5 class=\"wp-block-heading\" id=\"qu-est-ce-qu-une-feuillage-caduc\"><strong>Qu&rsquo;est-ce qu\u2019une <strong><strong>FEUILLAGE CADUC<\/strong><\/strong><\/strong> <strong>?<\/strong><\/h5>\n\n\n\n<p>Un feuillage caduc est un feuillage <strong>qui ne r\u00e9siste pas aux temp\u00e9ratures de la p\u00e9riode hivernale<\/strong>. Un feuillage est au contraire dit rustique ou persistant lorsqu\u2019il traverse la saison froide.&nbsp;<\/p>\n<\/div>\n<\/div>\n\n\n\n<hr class=\"wp-block-separator has-css-opacity is-style-default\"\/>\n\n\n\n<h2 class=\"wp-block-heading\" id=\"le-saviez-vous\">Le saviez-vous ?<\/h2>\n\n\n\n<p>Cocorico ! <strong>L\u2019hortensia vanille-fraise est une cr\u00e9ation fran\u00e7aise <\/strong>puisque c\u2019est le jardinier-cr\u00e9ateur Jean Renault qui l\u2019a invent\u00e9e au milieu des ann\u00e9es 2000. Son incroyable hortensia paniculata vanille-fraise a imm\u00e9diatement s\u00e9duit les jardiniers du monde entier, notamment au Japon et aux Etats-Unis.&nbsp;&nbsp;<\/p>\n\n\n\n<hr class=\"wp-block-separator has-css-opacity is-style-default\"\/>\n<\/div>\n<\/div>\n\n\n\n<h2 class=\"wp-block-heading\" id=\"les-petits-de-celestin\">Les petits + :<\/h2>\n\n\n\n<div class=\"wp-block-columns is-layout-flex wp-container-core-columns-is-layout-28f84493 wp-block-columns-is-layout-flex\">\n<div class=\"wp-block-column is-layout-flow wp-block-column-is-layout-flow\" style=\"flex-basis:100%\">\n<p class=\"has-background\" style=\"background-color:#5fbb5f\">Voici quelques astuces pour obtenir le meilleur de votre <strong>Hortensia&nbsp;Paniculata Vanille-Fraise !<\/strong><\/p>\n\n\n\n<ul class=\"wp-block-list\" id=\"block-0d1e5a95-ec16-4e06-988f-18669a9fe28c\">\n<li>Rien ne vaut un bon paillage pour toujours <strong>maintenir votre hortensia vanille fraise dans une terre fra\u00eeche et humide, mais \u00e9galement pour prot\u00e9ger son syst\u00e8me racinaire<\/strong>. Un petit geste, pour de grandes \u00e9conomies d\u2019eau !<\/li>\n<\/ul>\n\n\n\n<ul class=\"wp-block-list\" id=\"block-0d1e5a95-ec16-4e06-988f-18669a9fe28c\">\n<li>Vous vous demandez comment tailler votre hortensia vanille fraise ?<strong> S\u2019il est en massifs, pratiquez une taille basse<\/strong>, pr\u00e8s de la souche, plus simple et moins risqu\u00e9e pour l\u2019esth\u00e9tique de votre plante.&nbsp;<\/li>\n<\/ul>\n<\/div>\n<\/div>\n","protected":false},"excerpt":{"rendered":"<p>L\u2019hortensia Vanille Fraise \u00e9voque les d\u00e9licieuses glaces estivales : ses fleurs panicul\u00e9es sont de superbes c\u00f4nes d\u2019abord blanc immacul\u00e9 puis tirant vers le rose. Autant dire qu\u2019avec son look bicolore et sa forme amusante, l\u2019hortensia Vanille Fraise a tout pour plaire aux petits comme aux plus grands. <\/p>\n","protected":false},"author":1,"featured_media":36310,"comment_status":"open","ping_status":"open","sticky":false,"template":"","format":"standard","meta":{"_uag_custom_page_level_css":"","site-sidebar-layout":"default","site-content-layout":"","ast-site-content-layout":"default","site-content-style":"default","site-sidebar-style":"default","ast-global-header-display":"","ast-banner-title-visibility":"","ast-main-header-display":"","ast-hfb-above-header-display":"","ast-hfb-below-header-display":"","ast-hfb-mobile-header-display":"","site-post-title":"","ast-breadcrumbs-content":"","ast-featured-img":"","footer-sml-layout":"","ast-disable-related-posts":"","theme-transparent-header-meta":"","adv-header-id-meta":"","stick-header-meta":"","header-above-stick-meta":"","header-main-stick-meta":"","header-below-stick-meta":"","astra-migrate-meta-layouts":"set","ast-page-background-enabled":"default","ast-page-background-meta":{"desktop":{"background-color":"var(--ast-global-color-5)","background-image":"","background-repeat":"repeat","background-position":"center center","background-size":"auto","background-attachment":"scroll","background-type":"","background-media":"","overlay-type":"","overlay-color":"","overlay-opacity":"","overlay-gradient":""},"tablet":{"background-color":"","background-image":"","background-repeat":"repeat","background-position":"center center","background-size":"auto","background-attachment":"scroll","background-type":"","background-media":"","overlay-type":"","overlay-color":"","overlay-opacity":"","overlay-gradient":""},"mobile":{"background-color":"","background-image":"","background-repeat":"repeat","background-position":"center center","background-size":"auto","background-attachment":"scroll","background-type":"","background-media":"","overlay-type":"","overlay-color":"","overlay-opacity":"","overlay-gradient":""}},"ast-content-background-meta":{"desktop":{"background-color":"var(--ast-global-color-4)","background-image":"","background-repeat":"repeat","background-position":"center center","background-size":"auto","background-attachment":"scroll","background-type":"","background-media":"","overlay-type":"","overlay-color":"","overlay-opacity":"","overlay-gradient":""},"tablet":{"background-color":"var(--ast-global-color-4)","background-image":"","background-repeat":"repeat","background-position":"center center","background-size":"auto","background-attachment":"scroll","background-type":"","background-media":"","overlay-type":"","overlay-color":"","overlay-opacity":"","overlay-gradient":""},"mobile":{"background-color":"var(--ast-global-color-4)","background-image":"","background-repeat":"repeat","background-position":"center center","background-size":"auto","background-attachment":"scroll","background-type":"","background-media":"","overlay-type":"","overlay-color":"","overlay-opacity":"","overlay-gradient":""}},"footnotes":""},"categories":[173,167],"tags":[179],"class_list":["post-1043","post","type-post","status-publish","format-standard","has-post-thumbnail","hentry","category-arbustes-fleuris","category-ete","tag-hortensia"],"uagb_featured_image_src":{"full":false,"thumbnail":false,"medium":false,"medium_large":false,"large":false,"1536x1536":false,"2048x2048":false},"uagb_author_info":{"display_name":"admin","author_link":"https:\/\/www.interflora.fr\/blog\/author\/admin\/"},"uagb_comment_info":0,"uagb_excerpt":"L\u2019hortensia Vanille Fraise \u00e9voque les d\u00e9licieuses glaces estivales : ses fleurs panicul\u00e9es sont de superbes c\u00f4nes d\u2019abord blanc immacul\u00e9 puis tirant vers le rose. Autant dire qu\u2019avec son look bicolore et sa forme amusante, l\u2019hortensia Vanille Fraise a tout pour plaire aux petits comme aux plus grands.","yoast_meta":{"title":"Hortensia Vanille Fraise : Conseils culture et entretien | Interflora","description":"D\u00e9couvrez tout ce qu'il y a \u00e0 savoir sur les Hortensias Vanille-Fraise, ces magnifiques fleurs panicul\u00e9es blanches tirant vers le rose."},"_links":{"self":[{"href":"https:\/\/www.interflora.fr\/blog\/wp-json\/wp\/v2\/posts\/1043","targetHints":{"allow":["GET"]}}],"collection":[{"href":"https:\/\/www.interflora.fr\/blog\/wp-json\/wp\/v2\/posts"}],"about":[{"href":"https:\/\/www.interflora.fr\/blog\/wp-json\/wp\/v2\/types\/post"}],"author":[{"embeddable":true,"href":"https:\/\/www.interflora.fr\/blog\/wp-json\/wp\/v2\/users\/1"}],"replies":[{"embeddable":true,"href":"https:\/\/www.interflora.fr\/blog\/wp-json\/wp\/v2\/comments?post=1043"}],"version-history":[{"count":0,"href":"https:\/\/www.interflora.fr\/blog\/wp-json\/wp\/v2\/posts\/1043\/revisions"}],"wp:featuredmedia":[{"embeddable":true,"href":"https:\/\/www.interflora.fr\/blog\/wp-json\/"}],"wp:attachment":[{"href":"https:\/\/www.interflora.fr\/blog\/wp-json\/wp\/v2\/media?parent=1043"}],"wp:term":[{"taxonomy":"category","embeddable":true,"href":"https:\/\/www.interflora.fr\/blog\/wp-json\/wp\/v2\/categories?post=1043"},{"taxonomy":"post_tag","embeddable":true,"href":"https:\/\/www.interflora.fr\/blog\/wp-json\/wp\/v2\/tags?post=1043"}],"curies":[{"name":"wp","href":"https:\/\/api.w.org\/{rel}","templated":true}]}}